{"id":79865,"date":"2023-09-22T14:20:36","date_gmt":"2023-09-22T12:20:36","guid":{"rendered":"https:\/\/fanzone.oddset.de\/?p=79865"},"modified":"2023-09-22T15:19:04","modified_gmt":"2023-09-22T13:19:04","slug":"bremen-koeln-duell-der-krisenklubs","status":"publish","type":"post","link":"https:\/\/www.oddset.de\/blog\/fussball\/bundesliga\/bremen-koeln-duell-der-krisenklubs\/","title":{"rendered":"Bremen \u2013 K\u00f6ln: Duell der Krisenklubs"},"content":{"rendered":"\t\t<div data-elementor-type=\"wp-post\" data-elementor-id=\"79865\" class=\"elementor elementor-79865\">\n\t\t\t\t\t\t<section class=\"elementor-section elementor-top-section elementor-element elementor-element-896524e elementor-section-boxed elementor-section-height-default elementor-section-height-default\" data-id=\"896524e\" data-element_type=\"section\">\n\t\t\t\t\t\t<div class=\"elementor-container elementor-column-gap-default\">\n\t\t\t\t\t<div class=\"elementor-column elementor-col-100 elementor-top-column elementor-element elementor-element-d0ae2bf\" data-id=\"d0ae2bf\" data-element_type=\"column\">\n\t\t\t<div class=\"elementor-widget-wrap elementor-element-populated\">\n\t\t\t\t\t\t<div class=\"elementor-element elementor-element-0e9502c elementor-widget elementor-widget-text-editor\" data-id=\"0e9502c\" data-element_type=\"widget\" data-widget_type=\"text-editor.default\">\n\t\t\t\t<div class=\"elementor-widget-container\">\n\t\t\t\t\t\t\t\t\t<p>Die Bundesliga geht an diesem Wochenende in die f\u00fcnfte Spielrunde. Der neue Bundestrainer ist gefunden. Jetzt kann man sich wieder voll und ganz auf das Tagesgesch\u00e4ft konzentrieren. Das hei\u00dft f\u00fcr Werder Bremen am Samstag 1. FC K\u00f6ln. Die Gei\u00dfb\u00f6cke vom Rhein reisen noch ohne Sieg als Vorletzter an die Weser. F\u00fcr die Bremer ist die Saison noch nicht viel besser verlaufen. Bis auf den Erfolg gegen Tabellenschlusslicht Mainz konnte der SV Werder noch nichts Z\u00e4hlbares mitnehmen. F\u00fcr den Verlierer dieser Partie wird es langsam ungem\u00fctlich. Ansto\u00df ist um <strong>18:30 Uhr<\/strong> im Weserstadion.<\/p>\t\t\t\t\t\t\t\t<\/div>\n\t\t\t\t<\/div>\n\t\t\t\t\t<\/div>\n\t\t<\/div>\n\t\t\t\t\t<\/div>\n\t\t<\/section>\n\t\t\t\t<section class=\"elementor-section elementor-top-section elementor-element elementor-element-5cd73830 elementor-section-boxed elementor-section-height-default elementor-section-height-default\" data-id=\"5cd73830\" data-element_type=\"section\">\n\t\t\t\t\t\t<div class=\"elementor-container elementor-column-gap-default\">\n\t\t\t\t\t<div class=\"elementor-column elementor-col-100 elementor-top-column elementor-element elementor-element-57223dc3\" data-id=\"57223dc3\" data-element_type=\"column\">\n\t\t\t<div class=\"elementor-widget-wrap elementor-element-populated\">\n\t\t\t\t\t\t<div class=\"elementor-element elementor-element-7e3ba830 elementor-position-left elementor-view-default elementor-mobile-position-top elementor-widget elementor-widget-icon-box\" data-id=\"7e3ba830\" data-element_type=\"widget\" data-widget_type=\"icon-box.default\">\n\t\t\t\t<div class=\"elementor-widget-container\">\n\t\t\t\t\t\t\t<div class=\"elementor-icon-box-wrapper\">\n\n\t\t\t\t\t\t<div class=\"elementor-icon-box-icon\">\n\t\t\t\t<span  class=\"elementor-icon\">\n\t\t\t\t<i aria-hidden=\"true\" class=\"fas fa-tv\"><\/i>\t\t\t\t<\/span>\n\t\t\t<\/div>\n\t\t\t\n\t\t\t\t\t\t<div class=\"elementor-icon-box-content\">\n\n\t\t\t\t\t\t\t\t\t<h3 class=\"elementor-icon-box-title\">\n\t\t\t\t\t\t<span  >\n\t\t\t\t\t\t\tBremen - K\u00f6ln im TV oder Livestream\t\t\t\t\t\t<\/span>\n\t\t\t\t\t<\/h3>\n\t\t\t\t\n\t\t\t\t\t\t\t\t\t<p class=\"elementor-icon-box-description\">\n\t\t\t\t\t\tZu sehen gibt es das Spiel live ab 18:30 Uhr bei <b>Sky<\/b>.\t\t\t\t\t<\/p>\n\t\t\t\t\n\t\t\t<\/div>\n\t\t\t\n\t\t<\/div>\n\t\t\t\t\t\t<\/div>\n\t\t\t\t<\/div>\n\t\t\t\t\t<\/div>\n\t\t<\/div>\n\t\t\t\t\t<\/div>\n\t\t<\/section>\n\t\t\t\t<section class=\"elementor-section elementor-top-section elementor-element elementor-element-8a5b17e elementor-section-boxed elementor-section-height-default elementor-section-height-default\" data-id=\"8a5b17e\" data-element_type=\"section\">\n\t\t\t\t\t\t<div class=\"elementor-container elementor-column-gap-default\">\n\t\t\t\t\t<div class=\"elementor-column elementor-col-100 elementor-top-column elementor-element elementor-element-edef92e\" data-id=\"edef92e\" data-element_type=\"column\">\n\t\t\t<div class=\"elementor-widget-wrap elementor-element-populated\">\n\t\t\t\t\t\t<div class=\"elementor-element elementor-element-ba1d1bc elementor-widget elementor-widget-text-editor\" data-id=\"ba1d1bc\" data-element_type=\"widget\" data-widget_type=\"text-editor.default\">\n\t\t\t\t<div class=\"elementor-widget-container\">\n\t\t\t\t\t\t\t\t\t<h2>Bremen mit dem Ausgleich? <\/h2><p>Der SV Werder spielt jetzt seine zweite Saison in Folge in der Bundesliga. So schwach wie diesmal ist man aber auch im Vorjahr nicht gestartet. Da hatte man nach vier Spieltagen immerhin schon f\u00fcnf Punkte auf dem Konto und erst eine Niederlage kassiert. Selbst in der Abstiegssaison 2020\/21 kam man besser aus den Startl\u00f6chern. Da waren es sogar sieben Z\u00e4hler. Somit kann man zum jetzigen Stand auch nicht zufrieden sein. Vor allem nicht, nach der Hype-Verpflichtung von Naby Keita vom FC Liverpool. Der neue Superstar hat verletzungsbedingt allerdings noch kein Spiel absolviert. Interessant, weil der Neuzugang gegen den FC erstmals im Kader stehen wird. Als Ausrede sollte sein bisheriger Ausfall trotzdem nicht gelten. \u00a0<\/p><p>Der Saisonstart wurde einfach vergeigt und langsam sollten die Bremer wieder in die Spur kommen. Gegen die Bayern (0:4) und in Freiburg (0:1) kann man schon mal verlieren. Dass man es besser kann, hat man ja am 3. Spieltag mit dem starken 4:0 \u00fcber den FSV Manz gezeigt. Dann aber folgte sogleich der n\u00e4chste R\u00fcckschlag mit dem 2:4 beim Aufsteiger in Heidenheim. Jetzt geht es um den zweiten Heimsieg in Folge. Das ist den Bremern in diesem Kalenderjahr noch \u00fcberhaupt nicht gelungen. Der Effzeh k\u00f6nnte jedoch genau der richtige Gegner daf\u00fcr sein.<\/p><p>Das liegt nicht nur an der Ergebniskrise der Rheinl\u00e4nder. Nirgendwo sonst haben die Gei\u00dfb\u00f6cke so oft verloren, wie in Bremen. Insgesamt schon 29 Mal in der Bundesliga. Dem stehen gerade mal sieben Siege in 49 Gastspielen gegen\u00fcber. Da \u00fcberrascht es dann doch, dass die Bremer im direkten Bundesliga-Vergleich sogar mit 35 Siegen, 27 Unentschieden und 36 Niederlagen knapp hinten liegen. Jetzt k\u00f6nnten sie die Statistik ausgleichen und das Gesetz der Serie best\u00e4tigen. Einen Ausw\u00e4rtssieg hat es zwischen diesen beiden Klubs n\u00e4mlich seit 13 Spielen nicht mehr gegeben. Werder ist im eigenen Stadion seit sieben Pflichtspielen gegen den Effzeh ungeschlagen, allerdings endeten vier dieser Begegnungen mit einer Punkteteilung. Im Grunde also recht ausgeglichen. Damit rechnet Werder-Coach Ole Werner auch am Samstag:<\/p><blockquote><p>K\u00f6ln ist sehr aggressiv im Anlaufen, sehr gradlinig im Ballbesitz und konterstark. Beide Mannschaften werden an der Art und Weise, wie sie Fu\u00dfball spielen festhalten. Ich erwarte ein offenes Duell auf Augenh\u00f6he.<\/p><\/blockquote>\t\t\t\t\t\t\t\t<\/div>\n\t\t\t\t<\/div>\n\t\t\t\t\t<\/div>\n\t\t<\/div>\n\t\t\t\t\t<\/div>\n\t\t<\/section>\n\t\t\t\t<section class=\"elementor-section elementor-top-section elementor-element elementor-element-c781d32 elementor-section-boxed elementor-section-height-default elementor-section-height-default\" data-id=\"c781d32\" data-element_type=\"section\">\n\t\t\t\t\t\t<div class=\"elementor-container elementor-column-gap-default\">\n\t\t\t\t\t<div class=\"elementor-column elementor-col-100 elementor-top-column elementor-element elementor-element-803af2b\" data-id=\"803af2b\" data-element_type=\"column\">\n\t\t\t<div class=\"elementor-widget-wrap elementor-element-populated\">\n\t\t\t\t\t\t<div class=\"elementor-element elementor-element-b8db667 elementor-widget elementor-widget-text-editor\" data-id=\"b8db667\" data-element_type=\"widget\" data-widget_type=\"text-editor.default\">\n\t\t\t\t<div class=\"elementor-widget-container\">\n\t\t\t\t\t\t\t\t\t<h2>Fakten zum Spiel<\/h2><ul><li>Bremen ist daheim seit 7 Pflichtspielen gegen K\u00f6ln ungeschlagen (3S, 4U).<\/li><li>Bremen hat nur 7 der 49 Heimspiele in der Bundesliga gegen K\u00f6ln verloren (29S).<\/li><li>Bremen konnte in diesem Kalenderjahr noch keine 2 Heimspiele in Folge gewinnen.<\/li><li>K\u00f6ln ist saison\u00fcbergreifend seit 6 Ligaspielen sieglos. Das gab es unter Steffen Baumgart noch nie.<\/li><li>K\u00f6ln holte nur 1 Punkt aus 4 Spielen =&gt; Erstmals Abstiegsplatz unter Baumgart<\/li><\/ul>\t\t\t\t\t\t\t\t<\/div>\n\t\t\t\t<\/div>\n\t\t\t\t\t<\/div>\n\t\t<\/div>\n\t\t\t\t\t<\/div>\n\t\t<\/section>\n\t\t\t\t<section class=\"elementor-section elementor-top-section elementor-element elementor-element-297f5f3 elementor-section-boxed elementor-section-height-default elementor-section-height-default\" data-id=\"297f5f3\" data-element_type=\"section\">\n\t\t\t\t\t\t<div class=\"elementor-container elementor-column-gap-default\">\n\t\t\t\t\t<div class=\"elementor-column elementor-col-100 elementor-top-column elementor-element elementor-element-1a921c7\" data-id=\"1a921c7\" data-element_type=\"column\">\n\t\t\t<div class=\"elementor-widget-wrap elementor-element-populated\">\n\t\t\t\t\t\t<div class=\"elementor-element elementor-element-a7b6d7d elementor-widget elementor-widget-ucaddon_sportradar2020\" data-id=\"a7b6d7d\" data-element_type=\"widget\" data-widget_type=\"ucaddon_sportradar2020.default\">\n\t\t\t\t<div class=\"elementor-widget-container\">\n\t\t\t\t\t\n\n\n<div class=\"widgets\">\n\t<div class=\"sr-widget sr-widget-1\" id=\"sr-widget-42023021\" data-sr-widget=\"headToHead.standalone\" data-sr-match-id=\"42023021\"><\/div>\n<\/div>\n\t\t\t\t<\/div>\n\t\t\t\t<\/div>\n\t\t\t\t\t<\/div>\n\t\t<\/div>\n\t\t\t\t\t<\/div>\n\t\t<\/section>\n\t\t\t\t<section class=\"elementor-section elementor-top-section elementor-element elementor-element-6483a89 elementor-section-boxed elementor-section-height-default elementor-section-height-default\" data-id=\"6483a89\" data-element_type=\"section\">\n\t\t\t\t\t\t<div class=\"elementor-container elementor-column-gap-default\">\n\t\t\t\t\t<div class=\"elementor-column elementor-col-100 elementor-top-column elementor-element elementor-element-7291b73\" data-id=\"7291b73\" data-element_type=\"column\">\n\t\t\t<div class=\"elementor-widget-wrap elementor-element-populated\">\n\t\t\t\t\t\t<div class=\"elementor-element elementor-element-e5f03fe elementor-widget elementor-widget-text-editor\" data-id=\"e5f03fe\" data-element_type=\"widget\" data-widget_type=\"text-editor.default\">\n\t\t\t\t<div class=\"elementor-widget-container\">\n\t\t\t\t\t\t\t\t\t<h2>K\u00f6ln schwach wie nie unter Baumgart <\/h2><p>Die Saison ist immer noch jung und Steffen Baumgart hat seit seinem Amtsantritt in K\u00f6ln hervorragende Arbeit geleistet. Daher ist es vielleicht nicht einmal eine gro\u00dfe \u00dcberraschung, dass er jetzt die schwerste Zeit beim Effzeh durchmacht. Wer weit oben ist kann tief fallen. Seit sechs Spielen warten die Domst\u00e4dter in der Bundesliga auf den n\u00e4chsten Sieg. Mit nur einem Punkt aus vier Spielen belegen sie erstmals unter Baumgart einen Abstiegsplatz. Daher spricht der Fu\u00dfballlehrer auch offen \u00fcber Abstiegskampf. Freilich nur f\u00fcr den Moment, aber da braucht man als Mann der klaren Worte auch nichts sch\u00f6nreden. Mit einem Sieg in Bremen w\u00fcrde es schnell wieder anders aussehen. Dann w\u00fcrde man sogar an Werder vorbeiziehen und die Abstiegszone verlassen. Obwohl man seit 2014 nicht mehr in Bremen gewinnen konnte, darf man auch bei den G\u00e4sten zuversichtlich sein. K\u00f6ln hat n\u00e4mlich nur zwei der letzten 13 Ligaspiele gegen Bremen verloren und ist mittlerweile sogar seit f\u00fcnf Spielen ungeschlagen. Zweimal in Folge nahm man aus dem Weserstadion einen Punkt mit und letzte Saison konnte man die Gr\u00fcn-Wei\u00dfen daheim sogar mit 7:1! besiegen.<\/p><p>Ein derartiges Sch\u00fctzenfest sollte man diesmal vielleicht nicht erwarten, denn offensiv ist bei den K\u00f6lnern noch viel Luft nach oben. Drei Tore nach vier Spielen bedeutet derzeit den schlechtesten Angriff der Liga. Immerhin stellt man mit sieben Gegentoren die beste Defensive der unteren Tabellenh\u00e4lfte. Ansonsten w\u00e4re man wohl sogar Letzter. Daran m\u00fcssen Baumgart und der Effzeh unbedingt noch arbeiten. Auch wenn die K\u00f6lner immer wieder gef\u00e4hrlich in der gegnerischen H\u00e4lfte auftauchen, machen sie zu wenig aus ihren M\u00f6glichkeiten. Und dann braucht man sich auch nicht wundern, wenn man nach vier Spielen nur einen Punkt auf dem Konto hat. Den gabs \u00fcbrigens beim 1:1 in Frankfurt. Vielleicht ein weiterer Mutmacher f\u00fcr das Gastspiel in Bremen. Baumgart ist nach wie vor von den F\u00e4higkeiten seiner Mannschaft \u00fcberzeugt:<\/p><blockquote><p>Wir haben zu wenig Punkte aus den Spielen mitgenommen, die wir bisher gemacht haben. Bremen ist unser n\u00e4chster Anlauf. Den Bremern geht es genauso. Wir werden schauen, was passiert. Wir wollen punkten und werden bei uns bleiben.<\/p><\/blockquote>\t\t\t\t\t\t\t\t<\/div>\n\t\t\t\t<\/div>\n\t\t\t\t\t<\/div>\n\t\t<\/div>\n\t\t\t\t\t<\/div>\n\t\t<\/section>\n\t\t\t\t<section class=\"elementor-section elementor-top-section elementor-element elementor-element-6c4715ee elementor-section-boxed elementor-section-height-default elementor-section-height-default\" data-id=\"6c4715ee\" data-element_type=\"section\">\n\t\t\t\t\t\t<div class=\"elementor-container elementor-column-gap-default\">\n\t\t\t\t\t<div class=\"elementor-column elementor-col-100 elementor-top-column elementor-element elementor-element-53955fb8\" data-id=\"53955fb8\" data-element_type=\"column\">\n\t\t\t<div class=\"elementor-widget-wrap elementor-element-populated\">\n\t\t\t\t\t\t<div class=\"elementor-element elementor-element-b0207d2 elementor-widget elementor-widget-heading\" data-id=\"b0207d2\" data-element_type=\"widget\" data-widget_type=\"heading.default\">\n\t\t\t\t<div class=\"elementor-widget-container\">\n\t\t\t\t\t<h2 class=\"elementor-heading-title elementor-size-default\">Voraussichtliche Aufstellungen<\/h2>\t\t\t\t<\/div>\n\t\t\t\t<\/div>\n\t\t\t\t<section class=\"elementor-section elementor-inner-section elementor-element elementor-element-62a95418 elementor-section-boxed elementor-section-height-default elementor-section-height-default\" data-id=\"62a95418\" data-element_type=\"section\">\n\t\t\t\t\t\t<div class=\"elementor-container elementor-column-gap-default\">\n\t\t\t\t\t<div class=\"elementor-column elementor-col-50 elementor-inner-column elementor-element elementor-element-6e6bb68b\" data-id=\"6e6bb68b\" data-element_type=\"column\">\n\t\t\t<div class=\"elementor-widget-wrap elementor-element-populated\">\n\t\t\t\t\t\t<div class=\"elementor-element elementor-element-26639085 elementor-widget elementor-widget-text-editor\" data-id=\"26639085\" data-element_type=\"widget\" data-widget_type=\"text-editor.default\">\n\t\t\t\t<div class=\"elementor-widget-container\">\n\t\t\t\t\t\t\t\t\t<h3 style=\"text-align: center\">Bremen<\/h3><p style=\"text-align: center\">Pavlenka<\/p><p style=\"text-align: center\">Pieper, Stark, Friedl<\/p><p style=\"text-align: center\">Weiser, Lynen, Jung<\/p><p style=\"text-align: center\">Schmid, Stage<\/p><p style=\"text-align: center\">Ducksch, Kownacki<\/p>\t\t\t\t\t\t\t\t<\/div>\n\t\t\t\t<\/div>\n\t\t\t\t\t<\/div>\n\t\t<\/div>\n\t\t\t\t<div class=\"elementor-column elementor-col-50 elementor-inner-column elementor-element elementor-element-786636ba\" data-id=\"786636ba\" data-element_type=\"column\">\n\t\t\t<div class=\"elementor-widget-wrap elementor-element-populated\">\n\t\t\t\t\t\t<div class=\"elementor-element elementor-element-55ef17bf elementor-widget elementor-widget-text-editor\" data-id=\"55ef17bf\" data-element_type=\"widget\" data-widget_type=\"text-editor.default\">\n\t\t\t\t<div class=\"elementor-widget-container\">\n\t\t\t\t\t\t\t\t\t<h3 style=\"text-align: center\">K\u00f6ln<\/h3><p style=\"text-align: center\">Schw\u00e4be<\/p><p style=\"text-align: center\">Schmitz, H\u00fcbers, Chabot, Paqarada<\/p><p style=\"text-align: center\">Ljubicic, Huseinbasic<\/p><p style=\"text-align: center\">Maina, Kainz<\/p><p style=\"text-align: center\">Selke, Waldschmidt<\/p>\t\t\t\t\t\t\t\t<\/div>\n\t\t\t\t<\/div>\n\t\t\t\t\t<\/div>\n\t\t<\/div>\n\t\t\t\t\t<\/div>\n\t\t<\/section>\n\t\t\t\t\t<\/div>\n\t\t<\/div>\n\t\t\t\t\t<\/div>\n\t\t<\/section>\n\t\t\t\t<section class=\"elementor-section elementor-top-section elementor-element elementor-element-7f185bde elementor-section-boxed elementor-section-height-default elementor-section-height-default\" data-id=\"7f185bde\" data-element_type=\"section\">\n\t\t\t\t\t\t<div class=\"elementor-container elementor-column-gap-default\">\n\t\t\t\t\t<div class=\"elementor-column elementor-col-100 elementor-top-column elementor-element elementor-element-32416fa5\" data-id=\"32416fa5\" data-element_type=\"column\">\n\t\t\t<div class=\"elementor-widget-wrap elementor-element-populated\">\n\t\t\t\t\t\t<div class=\"elementor-element elementor-element-7ecf6d46 elementor-widget elementor-widget-text-editor\" data-id=\"7ecf6d46\" data-element_type=\"widget\" data-widget_type=\"text-editor.default\">\n\t\t\t\t<div class=\"elementor-widget-container\">\n\t\t\t\t\t\t\t\t\t<h2 style=\"text-align: center\">Mein Tipp<\/h2>\t\t\t\t\t\t\t\t<\/div>\n\t\t\t\t<\/div>\n\t\t\t\t<div class=\"elementor-element elementor-element-f26a2ee elementor-widget elementor-widget-testimonial\" data-id=\"f26a2ee\" data-element_type=\"widget\" data-widget_type=\"testimonial.default\">\n\t\t\t\t<div class=\"elementor-widget-container\">\n\t\t\t\t\t\t\t<div class=\"elementor-testimonial-wrapper\">\n\t\t\t\t\t\t\t<div class=\"elementor-testimonial-content\">Werder erst ein Sieg, K\u00f6ln erst ein Punkt. Beide versp\u00fcren daher schon einen gewissen Druck. F\u00fcr die Bremer spricht der Heimvorteil und sieben ungeschlagene Spiele in Folge daheim gegen den Effzeh. Dagegen aber die Tatsache, dass man in diesem Jahr noch keine zwei Heimspiele in Folge gewinnen konnte. K\u00f6ln wird Werder nichts schenken und es wird um den letzten Zentimeter gek\u00e4mpft. Am Ende wird wom\u00f6glich einfach die viel zitierte Tagesform entscheiden. Da ich mich aber auf keinen Sieger festlegen will, tippe ich wie in der Vorsaison auf ein <b>1:1<\/b>  und <b>2-3 Tore<\/b>  im Spiel. Im Grunde f\u00fcr beide zu wenig.<\/div>\n\t\t\t\n\t\t\t\t\t\t<div class=\"elementor-testimonial-meta\">\n\t\t\t\t<div class=\"elementor-testimonial-meta-inner\">\n\t\t\t\t\t\n\t\t\t\t\t\t\t\t\t\t<div class=\"elementor-testimonial-details\">\n\t\t\t\t\t\t\t\t\t\t\t\t\t\t<a class=\"elementor-testimonial-name\" href=\"https:\/\/oddset.de\/blog\/blogger\/christian-zander\/\">Christian Zander<\/a>\n\t\t\t\t\t\t\t\t\t\t\t\t\t\t\t\t\t\t\t<\/div>\n\t\t\t\t\t\t\t\t\t<\/div>\n\t\t\t<\/div>\n\t\t\t\t\t<\/div>\n\t\t\t\t\t\t<\/div>\n\t\t\t\t<\/div>\n\t\t\t\t\t<\/div>\n\t\t<\/div>\n\t\t\t\t\t<\/div>\n\t\t<\/section>\n\t\t\t\t<section class=\"elementor-section elementor-top-section elementor-element elementor-element-a184a87 elementor-section-boxed elementor-section-height-default elementor-section-height-default\" data-id=\"a184a87\" data-element_type=\"section\">\n\t\t\t\t\t\t<div class=\"elementor-container elementor-column-gap-default\">\n\t\t\t\t\t<div class=\"elementor-column elementor-col-100 elementor-top-column elementor-element elementor-element-d695773\" data-id=\"d695773\" data-element_type=\"column\">\n\t\t\t<div class=\"elementor-widget-wrap elementor-element-populated\">\n\t\t\t\t\t\t\t<\/div>\n\t\t<\/div>\n\t\t\t\t\t<\/div>\n\t\t<\/section>\n\t\t\t\t<\/div>\n\t\t","protected":false},"excerpt":{"rendered":"<p>Die Bundesliga geht an diesem Wochenende in die f\u00fcnfte Spielrunde. Der neue Bundestrainer ist gefunden. Jetzt kann man sich wieder voll und ganz auf das Tagesgesch\u00e4ft konzentrieren. Das hei\u00dft f\u00fcr Werder Bremen am Samstag 1. FC K\u00f6ln. Die Gei\u00dfb\u00f6cke vom Rhein reisen noch ohne Sieg als Vorletzter an die Weser. F\u00fcr die Bremer ist die [&hellip;]<\/p>\n","protected":false},"author":5,"featured_media":66090,"comment_status":"closed","ping_status":"closed","sticky":false,"template":"","format":"standard","meta":{"_acf_changed":false,"footnotes":""},"categories":[10],"tags":[168,40,711],"class_list":["post-79865","post","type-post","status-publish","format-standard","has-post-thumbnail","hentry","category-bundesliga","tag-1-fc-koeln","tag-bundesliga","tag-werder-bremen"],"acf":[],"yoast_head":"<!-- This site is optimized with the Yoast SEO plugin v26.0 - https:\/\/yoast.com\/wordpress\/plugins\/seo\/ -->\n<title>Bremen \u2013 K\u00f6ln: Duell der Krisenklubs - ODDSET<\/title>\n<meta name=\"description\" content=\"\u2730 Werder Bremen - \u2730 1. FC K\u00f6ln (1,5 | 3,1 | 2,5) Bundesliga ODDSET Wetten \u2705 Quoten \u2705 Tipps \u2705 H2H \u2705 Vorschau \u2705 JETZT ODDSET wetten bei LOTTO \u27a4\" \/>\n<meta name=\"robots\" content=\"index, follow, max-snippet:-1, max-image-preview:large, max-video-preview:-1\" \/>\n<link rel=\"canonical\" href=\"https:\/\/www.oddset.de\/blog\/fussball\/bundesliga\/bremen-koeln-duell-der-krisenklubs\/\" \/>\n<meta property=\"og:locale\" content=\"de_DE\" \/>\n<meta property=\"og:type\" content=\"article\" \/>\n<meta property=\"og:title\" content=\"Bremen \u2013 K\u00f6ln: Duell der Krisenklubs - ODDSET\" \/>\n<meta property=\"og:description\" content=\"\u2730 Werder Bremen - \u2730 1. FC K\u00f6ln (1,5 | 3,1 | 2,5) Bundesliga ODDSET Wetten \u2705 Quoten \u2705 Tipps \u2705 H2H \u2705 Vorschau \u2705 JETZT ODDSET wetten bei LOTTO \u27a4\" \/>\n<meta property=\"og:url\" content=\"https:\/\/www.oddset.de\/blog\/fussball\/bundesliga\/bremen-koeln-duell-der-krisenklubs\/\" \/>\n<meta property=\"og:site_name\" content=\"ODDSET FANZONE\" \/>\n<meta property=\"article:publisher\" content=\"https:\/\/www.facebook.com\/ODDSETwetten\/\" \/>\n<meta property=\"article:published_time\" content=\"2023-09-22T12:20:36+00:00\" \/>\n<meta property=\"article:modified_time\" content=\"2023-09-22T13:19:04+00:00\" \/>\n<meta property=\"og:image\" content=\"https:\/\/www.oddset.de\/blog\/wp-content\/uploads\/2022\/11\/werder-fans.jpg\" \/>\n\t<meta property=\"og:image:width\" content=\"1024\" \/>\n\t<meta property=\"og:image:height\" content=\"640\" \/>\n\t<meta property=\"og:image:type\" content=\"image\/jpeg\" \/>\n<meta name=\"author\" content=\"Christian Zander\" \/>\n<meta name=\"twitter:card\" content=\"summary_large_image\" \/>\n<meta name=\"twitter:creator\" content=\"@ODDSETsport\" \/>\n<meta name=\"twitter:site\" content=\"@ODDSETsport\" \/>\n<meta name=\"twitter:label1\" content=\"Verfasst von\" \/>\n\t<meta name=\"twitter:data1\" content=\"Christian Zander\" \/>\n\t<meta name=\"twitter:label2\" content=\"Gesch\u00e4tzte Lesezeit\" \/>\n\t<meta name=\"twitter:data2\" content=\"20\u00a0Minuten\" \/>\n<!-- \/ Yoast SEO plugin. -->","yoast_head_json":{"title":"Bremen \u2013 K\u00f6ln: Duell der Krisenklubs - ODDSET","description":"\u2730 Werder Bremen - \u2730 1. FC K\u00f6ln (1,5 | 3,1 | 2,5) Bundesliga ODDSET Wetten \u2705 Quoten \u2705 Tipps \u2705 H2H \u2705 Vorschau \u2705 JETZT ODDSET wetten bei LOTTO \u27a4","robots":{"index":"index","follow":"follow","max-snippet":"max-snippet:-1","max-image-preview":"max-image-preview:large","max-video-preview":"max-video-preview:-1"},"canonical":"https:\/\/www.oddset.de\/blog\/fussball\/bundesliga\/bremen-koeln-duell-der-krisenklubs\/","og_locale":"de_DE","og_type":"article","og_title":"Bremen \u2013 K\u00f6ln: Duell der Krisenklubs - ODDSET","og_description":"\u2730 Werder Bremen - \u2730 1. FC K\u00f6ln (1,5 | 3,1 | 2,5) Bundesliga ODDSET Wetten \u2705 Quoten \u2705 Tipps \u2705 H2H \u2705 Vorschau \u2705 JETZT ODDSET wetten bei LOTTO \u27a4","og_url":"https:\/\/www.oddset.de\/blog\/fussball\/bundesliga\/bremen-koeln-duell-der-krisenklubs\/","og_site_name":"ODDSET FANZONE","article_publisher":"https:\/\/www.facebook.com\/ODDSETwetten\/","article_published_time":"2023-09-22T12:20:36+00:00","article_modified_time":"2023-09-22T13:19:04+00:00","og_image":[{"width":1024,"height":640,"url":"https:\/\/www.oddset.de\/blog\/wp-content\/uploads\/2022\/11\/werder-fans.jpg","type":"image\/jpeg"}],"author":"Christian Zander","twitter_card":"summary_large_image","twitter_creator":"@ODDSETsport","twitter_site":"@ODDSETsport","twitter_misc":{"Verfasst von":"Christian Zander","Gesch\u00e4tzte Lesezeit":"20\u00a0Minuten"},"schema":{"@context":"https:\/\/schema.org","@graph":[{"@type":"Article","@id":"https:\/\/www.oddset.de\/blog\/fussball\/bundesliga\/bremen-koeln-duell-der-krisenklubs\/#article","isPartOf":{"@id":"https:\/\/www.oddset.de\/blog\/fussball\/bundesliga\/bremen-koeln-duell-der-krisenklubs\/"},"author":{"name":"Christian Zander","@id":"https:\/\/www.oddset.de\/blog\/#\/schema\/person\/b1f779b5cddaac8358041829fcf053a2"},"headline":"Bremen \u2013 K\u00f6ln: Duell der Krisenklubs","datePublished":"2023-09-22T12:20:36+00:00","dateModified":"2023-09-22T13:19:04+00:00","mainEntityOfPage":{"@id":"https:\/\/www.oddset.de\/blog\/fussball\/bundesliga\/bremen-koeln-duell-der-krisenklubs\/"},"wordCount":3942,"publisher":{"@id":"https:\/\/www.oddset.de\/blog\/#organization"},"image":{"@id":"https:\/\/www.oddset.de\/blog\/fussball\/bundesliga\/bremen-koeln-duell-der-krisenklubs\/#primaryimage"},"thumbnailUrl":"https:\/\/www.oddset.de\/blog\/wp-content\/uploads\/2022\/11\/werder-fans.jpg","keywords":["1. FC K\u00f6ln","Bundesliga","Werder Bremen"],"articleSection":["Bundesliga"],"inLanguage":"de"},{"@type":"WebPage","@id":"https:\/\/www.oddset.de\/blog\/fussball\/bundesliga\/bremen-koeln-duell-der-krisenklubs\/","url":"https:\/\/www.oddset.de\/blog\/fussball\/bundesliga\/bremen-koeln-duell-der-krisenklubs\/","name":"Bremen \u2013 K\u00f6ln: Duell der Krisenklubs - ODDSET","isPartOf":{"@id":"https:\/\/www.oddset.de\/blog\/#website"},"primaryImageOfPage":{"@id":"https:\/\/www.oddset.de\/blog\/fussball\/bundesliga\/bremen-koeln-duell-der-krisenklubs\/#primaryimage"},"image":{"@id":"https:\/\/www.oddset.de\/blog\/fussball\/bundesliga\/bremen-koeln-duell-der-krisenklubs\/#primaryimage"},"thumbnailUrl":"https:\/\/www.oddset.de\/blog\/wp-content\/uploads\/2022\/11\/werder-fans.jpg","datePublished":"2023-09-22T12:20:36+00:00","dateModified":"2023-09-22T13:19:04+00:00","description":"\u2730 Werder Bremen - \u2730 1. FC K\u00f6ln (1,5 | 3,1 | 2,5) Bundesliga ODDSET Wetten \u2705 Quoten \u2705 Tipps \u2705 H2H \u2705 Vorschau \u2705 JETZT ODDSET wetten bei LOTTO \u27a4","breadcrumb":{"@id":"https:\/\/www.oddset.de\/blog\/fussball\/bundesliga\/bremen-koeln-duell-der-krisenklubs\/#breadcrumb"},"inLanguage":"de","potentialAction":[{"@type":"ReadAction","target":["https:\/\/www.oddset.de\/blog\/fussball\/bundesliga\/bremen-koeln-duell-der-krisenklubs\/"]}]},{"@type":"ImageObject","inLanguage":"de","@id":"https:\/\/www.oddset.de\/blog\/fussball\/bundesliga\/bremen-koeln-duell-der-krisenklubs\/#primaryimage","url":"https:\/\/www.oddset.de\/blog\/wp-content\/uploads\/2022\/11\/werder-fans.jpg","contentUrl":"https:\/\/www.oddset.de\/blog\/wp-content\/uploads\/2022\/11\/werder-fans.jpg","width":1024,"height":640,"caption":"Bremen hat 3 der letzten 5 Duelle nicht verloren"},{"@type":"BreadcrumbList","@id":"https:\/\/www.oddset.de\/blog\/fussball\/bundesliga\/bremen-koeln-duell-der-krisenklubs\/#breadcrumb","itemListElement":[{"@type":"ListItem","position":1,"name":"Startseite","item":"https:\/\/www.oddset.de\/blog\/"},{"@type":"ListItem","position":2,"name":"Bremen \u2013 K\u00f6ln: Duell der Krisenklubs"}]},{"@type":"WebSite","@id":"https:\/\/www.oddset.de\/blog\/#website","url":"https:\/\/www.oddset.de\/blog\/","name":"ODDSET FANZONE","description":"Der Fu\u00dfball &amp; Sportwetten Blog","publisher":{"@id":"https:\/\/www.oddset.de\/blog\/#organization"},"potentialAction":[{"@type":"SearchAction","target":{"@type":"EntryPoint","urlTemplate":"https:\/\/www.oddset.de\/blog\/?s={search_term_string}"},"query-input":{"@type":"PropertyValueSpecification","valueRequired":true,"valueName":"search_term_string"}}],"inLanguage":"de"},{"@type":"Organization","@id":"https:\/\/www.oddset.de\/blog\/#organization","name":"ODDSET FANZONE","url":"https:\/\/www.oddset.de\/blog\/","logo":{"@type":"ImageObject","inLanguage":"de","@id":"https:\/\/www.oddset.de\/blog\/#\/schema\/logo\/image\/","url":"https:\/\/www.oddset.de\/blog\/wp-content\/uploads\/2020\/05\/tb_logo.png","contentUrl":"https:\/\/www.oddset.de\/blog\/wp-content\/uploads\/2020\/05\/tb_logo.png","width":1171,"height":400,"caption":"ODDSET FANZONE"},"image":{"@id":"https:\/\/www.oddset.de\/blog\/#\/schema\/logo\/image\/"},"sameAs":["https:\/\/www.facebook.com\/ODDSETwetten\/","https:\/\/x.com\/ODDSETsport","https:\/\/www.youtube.com\/channel\/UC_vWGAocu28RqdyhzCPf9ZQ"]},{"@type":"Person","@id":"https:\/\/www.oddset.de\/blog\/#\/schema\/person\/b1f779b5cddaac8358041829fcf053a2","name":"Christian Zander","image":{"@type":"ImageObject","inLanguage":"de","@id":"https:\/\/www.oddset.de\/blog\/#\/schema\/person\/image\/","url":"https:\/\/www.oddset.de\/blog\/wp-content\/uploads\/2021\/06\/imago0047482952h-150x150.jpg","contentUrl":"https:\/\/www.oddset.de\/blog\/wp-content\/uploads\/2021\/06\/imago0047482952h-150x150.jpg","caption":"Christian Zander"},"description":"Fr\u00fcher selbst aktiv am Ball, doch vor dem Sprung zu den Profis durch diverse Aktivit\u00e4ten, die sich nicht mit einem Fu\u00dfballlerleben vereinbaren lassen, die Schuhe vorzeitig an den Nagel geh\u00e4ngt. Seitdem begeisterter Fan der Bundesliga und des FC Bayern. Der erste Kontakt mit dem runden Leder geht bei mir auf die WM 1990 in Italien zur\u00fcck. Das Tor von Andy Brehme im Finale gegen Argentinien ist nach wie vor in bester Erinnerung. Ebenso wie der bittere Abstieg unseres WM-Helden mit Kaiserslautern. Gerne in Nostalgie schwelgend und dennoch voll im Tagesgesch\u00e4ft dabei. Alles f\u00fcr den Fu\u00dfball!","url":"https:\/\/www.oddset.de\/blog\/blogger\/christian-zander\/"}]}},"amp_enabled":true,"_links":{"self":[{"href":"https:\/\/www.oddset.de\/blog\/wp-json\/wp\/v2\/posts\/79865","targetHints":{"allow":["GET"]}}],"collection":[{"href":"https:\/\/www.oddset.de\/blog\/wp-json\/wp\/v2\/posts"}],"about":[{"href":"https:\/\/www.oddset.de\/blog\/wp-json\/wp\/v2\/types\/post"}],"author":[{"embeddable":true,"href":"https:\/\/www.oddset.de\/blog\/wp-json\/wp\/v2\/users\/5"}],"replies":[{"embeddable":true,"href":"https:\/\/www.oddset.de\/blog\/wp-json\/wp\/v2\/comments?post=79865"}],"version-history":[{"count":11,"href":"https:\/\/www.oddset.de\/blog\/wp-json\/wp\/v2\/posts\/79865\/revisions"}],"predecessor-version":[{"id":79899,"href":"https:\/\/www.oddset.de\/blog\/wp-json\/wp\/v2\/posts\/79865\/revisions\/79899"}],"wp:featuredmedia":[{"embeddable":true,"href":"https:\/\/www.oddset.de\/blog\/wp-json\/wp\/v2\/media\/66090"}],"wp:attachment":[{"href":"https:\/\/www.oddset.de\/blog\/wp-json\/wp\/v2\/media?parent=79865"}],"wp:term":[{"taxonomy":"category","embeddable":true,"href":"https:\/\/www.oddset.de\/blog\/wp-json\/wp\/v2\/categories?post=79865"},{"taxonomy":"post_tag","embeddable":true,"href":"https:\/\/www.oddset.de\/blog\/wp-json\/wp\/v2\/tags?post=79865"}],"curies":[{"name":"wp","href":"https:\/\/api.w.org\/{rel}","templated":true}]}}