{"id":78765,"date":"2023-08-22T14:26:10","date_gmt":"2023-08-22T12:26:10","guid":{"rendered":"https:\/\/fanzone.oddset.de\/?p=78765"},"modified":"2023-08-22T14:42:36","modified_gmt":"2023-08-22T12:42:36","slug":"saarbruecken-droht-fehlstart-gegen-verl","status":"publish","type":"post","link":"https:\/\/www.oddset.de\/blog\/fussball\/3-liga\/saarbruecken-droht-fehlstart-gegen-verl\/","title":{"rendered":"Saarbr\u00fccken droht Fehlstart gegen Verl"},"content":{"rendered":"\t\t<div data-elementor-type=\"wp-post\" data-elementor-id=\"78765\" class=\"elementor elementor-78765\">\n\t\t\t\t\t\t<section class=\"elementor-section elementor-top-section elementor-element elementor-element-a4d4256 elementor-section-boxed elementor-section-height-default elementor-section-height-default\" data-id=\"a4d4256\" data-element_type=\"section\">\n\t\t\t\t\t\t<div class=\"elementor-container elementor-column-gap-default\">\n\t\t\t\t\t<div class=\"elementor-column elementor-col-100 elementor-top-column elementor-element elementor-element-12f773f\" data-id=\"12f773f\" data-element_type=\"column\">\n\t\t\t<div class=\"elementor-widget-wrap elementor-element-populated\">\n\t\t\t\t\t\t<div class=\"elementor-element elementor-element-fc5db9c elementor-widget elementor-widget-text-editor\" data-id=\"fc5db9c\" data-element_type=\"widget\" data-widget_type=\"text-editor.default\">\n\t\t\t\t<div class=\"elementor-widget-container\">\n\t\t\t\t\t\t\t\t\t<p>Auf Rang f\u00fcnf fehlte dem 1. FC Saarbr\u00fccken in der vergangenen Saison nur ein Z\u00e4hler zum direkten Aufstieg in die 2. Bundesliga. Im Grunde hatte man den Relegationsplatz schon sicher, doch Osnabr\u00fcck machte in der Nachspielzeit gegen die Zweite von Borussia Dortmund aus einem 0:1 noch ein 2:1 und schob sich doch noch an den Saarl\u00e4ndern und Wehen Wiesbaden vorbei. Die Hessen mussten in die Relegation, Saarbr\u00fccken stand mit leeren H\u00e4nden da und der Schock sitzt offenbar immer noch tief. Nun droht dem FCS ein Fehlstart in die neue Saison. Nach nur einem Punkt aus den ersten zwei Spielen steigt der Druck. Am Mittwoch geht das Heimspiel gegen Tabellenschlusslicht Verl \u00fcber die B\u00fchne. Die Ostwestfalen sind sogar noch schlechter gestartet und warten nach wie vor auf den ersten Punktgewinn. Wem gelingt der Befreiungsschlag? Ansto\u00df ist um <strong>19:00 Uhr<\/strong> im Ludwigspark.<\/p>\t\t\t\t\t\t\t\t<\/div>\n\t\t\t\t<\/div>\n\t\t\t\t\t<\/div>\n\t\t<\/div>\n\t\t\t\t\t<\/div>\n\t\t<\/section>\n\t\t\t\t<section class=\"elementor-section elementor-top-section elementor-element elementor-element-4a21a190 elementor-section-boxed elementor-section-height-default elementor-section-height-default\" data-id=\"4a21a190\" data-element_type=\"section\">\n\t\t\t\t\t\t<div class=\"elementor-container elementor-column-gap-default\">\n\t\t\t\t\t<div class=\"elementor-column elementor-col-100 elementor-top-column elementor-element elementor-element-51754c1d\" data-id=\"51754c1d\" data-element_type=\"column\">\n\t\t\t<div class=\"elementor-widget-wrap elementor-element-populated\">\n\t\t\t\t\t\t<div class=\"elementor-element elementor-element-2ea67f2b elementor-position-left elementor-view-default elementor-mobile-position-top elementor-widget elementor-widget-icon-box\" data-id=\"2ea67f2b\" data-element_type=\"widget\" data-widget_type=\"icon-box.default\">\n\t\t\t\t<div class=\"elementor-widget-container\">\n\t\t\t\t\t\t\t<div class=\"elementor-icon-box-wrapper\">\n\n\t\t\t\t\t\t<div class=\"elementor-icon-box-icon\">\n\t\t\t\t<span  class=\"elementor-icon\">\n\t\t\t\t<i aria-hidden=\"true\" class=\"fas fa-tv\"><\/i>\t\t\t\t<\/span>\n\t\t\t<\/div>\n\t\t\t\n\t\t\t\t\t\t<div class=\"elementor-icon-box-content\">\n\n\t\t\t\t\t\t\t\t\t<h3 class=\"elementor-icon-box-title\">\n\t\t\t\t\t\t<span  >\n\t\t\t\t\t\t\tSaarbr\u00fccken - Verl im TV oder Livestream\t\t\t\t\t\t<\/span>\n\t\t\t\t\t<\/h3>\n\t\t\t\t\n\t\t\t\t\t\t\t\t\t<p class=\"elementor-icon-box-description\">\n\t\t\t\t\t\tZu sehen gibt es das Spiel live ab 19:00 Uhr bei <b>Magenta Sport<\/b>.\t\t\t\t\t<\/p>\n\t\t\t\t\n\t\t\t<\/div>\n\t\t\t\n\t\t<\/div>\n\t\t\t\t\t\t<\/div>\n\t\t\t\t<\/div>\n\t\t\t\t\t<\/div>\n\t\t<\/div>\n\t\t\t\t\t<\/div>\n\t\t<\/section>\n\t\t\t\t<section class=\"elementor-section elementor-top-section elementor-element elementor-element-b8b0718 elementor-section-boxed elementor-section-height-default elementor-section-height-default\" data-id=\"b8b0718\" data-element_type=\"section\">\n\t\t\t\t\t\t<div class=\"elementor-container elementor-column-gap-default\">\n\t\t\t\t\t<div class=\"elementor-column elementor-col-100 elementor-top-column elementor-element elementor-element-d09e3bd\" data-id=\"d09e3bd\" data-element_type=\"column\">\n\t\t\t<div class=\"elementor-widget-wrap elementor-element-populated\">\n\t\t\t\t\t\t<div class=\"elementor-element elementor-element-a69b669 elementor-widget elementor-widget-text-editor\" data-id=\"a69b669\" data-element_type=\"widget\" data-widget_type=\"text-editor.default\">\n\t\t\t\t<div class=\"elementor-widget-container\">\n\t\t\t\t\t\t\t\t\t<h2>Saarbr\u00fccken mit Problemen gegen Verl <\/h2><p>Die Saarbr\u00fccker haben die Saison mit einem 1:1-Unentschieden beim Aufsteiger aus Ulm begonnen. Schon das war zu wenig und man wollte daheim gegen Viktoria K\u00f6ln unbedingt eine Reaktion zeigen. Stattdessen folgte mit dem 1:2 die erste Pleite der Saison. Dabei hat man sich nach dem 2:1-Pokalsieg gegen den Karlsruher SC viel vorgenommen. Auf einmal hat man schon fr\u00fch in der Saison Druck. Vergeigt man auch das zweite Heimspiel, rennt man den Aufstiegspl\u00e4tzen schon weit hinterher. Letzte Saison kam man mit drei Siegen in Folge deutlich besser aus den Startl\u00f6chern. Erst am 9. Spieltag setzte es die erste Niederlage. Angefangen hat alles mit einem 1:0 gegen Verl im eigenen Stadion. Vielleicht ja ein gutes Omen f\u00fcr Mittwoch. Es war der zw\u00f6lfte Sieg im 18. Vergleich mit den Ostwestfalen. Dem stehen nur f\u00fcnf Niederlagen gegen\u00fcber. Klingt eigentlich ganz gut, doch auf dem zweiten Blick ist ein recht ausgeglichenes Spiel zu erwarten. Seit 2020 kickt man zusammen in der 3. Liga und seitdem hat Saarb\u00fccken nur eines von drei Heimspielen gewinnen k\u00f6nnen. Die Bilanz in dieser Spielklasse ist mit je drei Siegen v\u00f6llig ausgeglichen.<\/p><p>Entsprechend zur\u00fcckhaltend sollte man auch in die Partie gehen. Saarbr\u00fccken hat offensiv noch Probleme, den Abgang von Torj\u00e4ger Adriano Grimaldi zu kompensieren. Hinten setzte es bereits drei Gegentore. Letzte Saison dauerte es bis zum 6. Spieltag, ehe das Leder zum ersten Mal im eigenen Netz zappelte. Am Ende stellte Saarbr\u00fccken mit 39 Gegentoren die zweitbeste Defensive hinter Freiburg II mit 34. Kann man diese St\u00e4rke bald wieder aufs Feld bringen, wird es auch wieder aufw\u00e4rts gehen. Fraglich nur, ob das am Mittwoch gegen Verl bereits gelingen wird. Mit Bjarne Thoelke f\u00e4llt ein wichtiger Innenverteidiger nach wie vor verletzungsbedingt aus. Au\u00dferdem fehlt Mittelfeldspieler Luca Kerber gesperrt. Als Ausrede sollte dies jedoch nicht gelten. In Saarbr\u00fccken wei\u00df man, dass die Fans langsam den ersten Sieg erwarten. Vor allem daheim im eigenen Stadion. Da kassierte der FCS letzte Saison nur vier Niederlagen. Elf von 19 Spielen wurden gewonnen.<\/p>\t\t\t\t\t\t\t\t<\/div>\n\t\t\t\t<\/div>\n\t\t\t\t\t<\/div>\n\t\t<\/div>\n\t\t\t\t\t<\/div>\n\t\t<\/section>\n\t\t\t\t<section class=\"elementor-section elementor-top-section elementor-element elementor-element-3c68d1b elementor-section-boxed elementor-section-height-default elementor-section-height-default\" data-id=\"3c68d1b\" data-element_type=\"section\">\n\t\t\t\t\t\t<div class=\"elementor-container elementor-column-gap-default\">\n\t\t\t\t\t<div class=\"elementor-column elementor-col-100 elementor-top-column elementor-element elementor-element-0e29e4e\" data-id=\"0e29e4e\" data-element_type=\"column\">\n\t\t\t<div class=\"elementor-widget-wrap elementor-element-populated\">\n\t\t\t\t\t\t<div class=\"elementor-element elementor-element-1eef272 elementor-widget elementor-widget-text-editor\" data-id=\"1eef272\" data-element_type=\"widget\" data-widget_type=\"text-editor.default\">\n\t\t\t\t<div class=\"elementor-widget-container\">\n\t\t\t\t\t\t\t\t\t<h2>Fakten zum Spiel<\/h2><ul><li>Saarbr\u00fccken konnte in der 3. Liga nur 1 von 3 Heimspielen gegen Verl gewinnen (2N).<\/li><li>Saarbr\u00fccken hat letzte Saison nur 4 Heimspiele verloren (11S, 4U).<\/li><li>Saarbr\u00fccken stellte mit 39 Gegentoren die zweitbeste Defensive der Liga. In dieser Saison sind es schon 3 Gegentore nach 2 Spielen.<\/li><li>Verl ist das letzte noch punktlose Team der Liga.<\/li><li>Verl stellt mit 5 Gegentoren die anf\u00e4lligste Defensive der Liga zusammen mit Halle.<\/li><\/ul>\t\t\t\t\t\t\t\t<\/div>\n\t\t\t\t<\/div>\n\t\t\t\t\t<\/div>\n\t\t<\/div>\n\t\t\t\t\t<\/div>\n\t\t<\/section>\n\t\t\t\t<section class=\"elementor-section elementor-top-section elementor-element elementor-element-ac8fbf0 elementor-section-boxed elementor-section-height-default elementor-section-height-default\" data-id=\"ac8fbf0\" data-element_type=\"section\">\n\t\t\t\t\t\t<div class=\"elementor-container elementor-column-gap-default\">\n\t\t\t\t\t<div class=\"elementor-column elementor-col-100 elementor-top-column elementor-element elementor-element-6ccf5be\" data-id=\"6ccf5be\" data-element_type=\"column\">\n\t\t\t<div class=\"elementor-widget-wrap elementor-element-populated\">\n\t\t\t\t\t\t<div class=\"elementor-element elementor-element-72d9ea0 elementor-widget elementor-widget-ucaddon_sportradar2020\" data-id=\"72d9ea0\" data-element_type=\"widget\" data-widget_type=\"ucaddon_sportradar2020.default\">\n\t\t\t\t<div class=\"elementor-widget-container\">\n\t\t\t\t\t\n\n\n<div class=\"widgets\">\n\t<div class=\"sr-widget sr-widget-1\" id=\"sr-widget-42187261\" data-sr-widget=\"headToHead.standalone\" data-sr-match-id=\"42187261\"><\/div>\n<\/div>\n\t\t\t\t<\/div>\n\t\t\t\t<\/div>\n\t\t\t\t\t<\/div>\n\t\t<\/div>\n\t\t\t\t\t<\/div>\n\t\t<\/section>\n\t\t\t\t<section class=\"elementor-section elementor-top-section elementor-element elementor-element-7c1eb0b elementor-section-boxed elementor-section-height-default elementor-section-height-default\" data-id=\"7c1eb0b\" data-element_type=\"section\">\n\t\t\t\t\t\t<div class=\"elementor-container elementor-column-gap-default\">\n\t\t\t\t\t<div class=\"elementor-column elementor-col-100 elementor-top-column elementor-element elementor-element-b9215fa\" data-id=\"b9215fa\" data-element_type=\"column\">\n\t\t\t<div class=\"elementor-widget-wrap elementor-element-populated\">\n\t\t\t\t\t\t<div class=\"elementor-element elementor-element-e819e3d elementor-widget elementor-widget-text-editor\" data-id=\"e819e3d\" data-element_type=\"widget\" data-widget_type=\"text-editor.default\">\n\t\t\t\t<div class=\"elementor-widget-container\">\n\t\t\t\t\t\t\t\t\t<h2>Verl noch zu anf\u00e4llig <\/h2><p>Der SC Verl kann mit seinem Saisonstart ebenfalls nicht zufrieden sein. Wie auch, wenn man nach zwei Spielen noch auf den ersten Punktgewinn wartet. Los ging\u2019s mit dem 1:3 bei Viktoria K\u00f6ln. Es folgte das 1:2 daheim gegen Jahn Regensburg. Nat\u00fcrlich hatte man starke Gegner vor der Brust, dennoch sind f\u00fcnf Gegentore jetzt nicht zu vernachl\u00e4ssigen. Das ist zusammen mit Halle der bislang schw\u00e4chste Wert der Liga. Die Defensive war schon letzte Saison eine Schwachstelle. 58 Gegentore wurden nur von den vier Absteigern sowie Halle (60), Aue (62) und Mannheim (65) \u00fcberboten. Daher hat Verl auch viele Punkte unn\u00f6tig liegengelassen. Jetzt scheint sich die Geschichte zu wiederholen.<\/p><p>Da macht es sich eben doch bemerkbar, wenn man im Sommer gef\u00fchlt die halbe Mannschaft austauschen muss. Dass man mit mannschaftlicher Geschlossenheit und Leidenschaft trotzdem was erreichen kann, zeigte Platz zehn im Vorjahr. Auch in Saarbr\u00fccken ist Verl ein Sieg zuzutrauen. Das hat in der 3. Liga ja schon mehrmals geklappt. Trotzdem muss dazu alles passen, die Abwehr sicher stehen und vorne muss man die n\u00f6tige Effektivit\u00e4t an den Tag legen. Ausw\u00e4rts wird das gleich doppelt schwierig. Daher k\u00f6nnte Verl im Gegensatz zu Saarbr\u00fccken mit einem Unentschieden wohl ganz gut leben.<\/p>\t\t\t\t\t\t\t\t<\/div>\n\t\t\t\t<\/div>\n\t\t\t\t\t<\/div>\n\t\t<\/div>\n\t\t\t\t\t<\/div>\n\t\t<\/section>\n\t\t\t\t<section class=\"elementor-section elementor-top-section elementor-element elementor-element-4d170db3 elementor-section-boxed elementor-section-height-default elementor-section-height-default\" data-id=\"4d170db3\" data-element_type=\"section\">\n\t\t\t\t\t\t<div class=\"elementor-container elementor-column-gap-default\">\n\t\t\t\t\t<div class=\"elementor-column elementor-col-100 elementor-top-column elementor-element elementor-element-286864c5\" data-id=\"286864c5\" data-element_type=\"column\">\n\t\t\t<div class=\"elementor-widget-wrap elementor-element-populated\">\n\t\t\t\t\t\t<div class=\"elementor-element elementor-element-7fd7c040 elementor-widget elementor-widget-heading\" data-id=\"7fd7c040\" data-element_type=\"widget\" data-widget_type=\"heading.default\">\n\t\t\t\t<div class=\"elementor-widget-container\">\n\t\t\t\t\t<h2 class=\"elementor-heading-title elementor-size-default\">Voraussichtliche Aufstellungen<\/h2>\t\t\t\t<\/div>\n\t\t\t\t<\/div>\n\t\t\t\t<section class=\"elementor-section elementor-inner-section elementor-element elementor-element-269a0d79 elementor-section-boxed elementor-section-height-default elementor-section-height-default\" data-id=\"269a0d79\" data-element_type=\"section\">\n\t\t\t\t\t\t<div class=\"elementor-container elementor-column-gap-default\">\n\t\t\t\t\t<div class=\"elementor-column elementor-col-50 elementor-inner-column elementor-element elementor-element-3a1fd49f\" data-id=\"3a1fd49f\" data-element_type=\"column\">\n\t\t\t<div class=\"elementor-widget-wrap elementor-element-populated\">\n\t\t\t\t\t\t<div class=\"elementor-element elementor-element-269ef373 elementor-widget elementor-widget-text-editor\" data-id=\"269ef373\" data-element_type=\"widget\" data-widget_type=\"text-editor.default\">\n\t\t\t\t<div class=\"elementor-widget-container\">\n\t\t\t\t\t\t\t\t\t<h3 style=\"text-align: center\">Saarbr\u00fccken<\/h3><p style=\"text-align: center\">Paterok<\/p><p style=\"text-align: center\">Becker, Zeitz, Uaferro<\/p><p style=\"text-align: center\">Boeder, Sontheimer, Gaus<\/p><p style=\"text-align: center\">Civeja, Neudecker<\/p><p style=\"text-align: center\">Br\u00fcnker, Rabihic<\/p>\t\t\t\t\t\t\t\t<\/div>\n\t\t\t\t<\/div>\n\t\t\t\t\t<\/div>\n\t\t<\/div>\n\t\t\t\t<div class=\"elementor-column elementor-col-50 elementor-inner-column elementor-element elementor-element-b9df4f\" data-id=\"b9df4f\" data-element_type=\"column\">\n\t\t\t<div class=\"elementor-widget-wrap elementor-element-populated\">\n\t\t\t\t\t\t<div class=\"elementor-element elementor-element-75901cdf elementor-widget elementor-widget-text-editor\" data-id=\"75901cdf\" data-element_type=\"widget\" data-widget_type=\"text-editor.default\">\n\t\t\t\t<div class=\"elementor-widget-container\">\n\t\t\t\t\t\t\t\t\t<h3 style=\"text-align: center\">Verl<\/h3><p style=\"text-align: center\">Unbehaun<\/p><p style=\"text-align: center\">Ochojski, Paetow, Mikic, St\u00f6cker<\/p><p style=\"text-align: center\">Benger, Corboz<\/p><p style=\"text-align: center\">Wolfram, Sessa, Batista Meier<\/p><p style=\"text-align: center\">Lokotsch<\/p>\t\t\t\t\t\t\t\t<\/div>\n\t\t\t\t<\/div>\n\t\t\t\t\t<\/div>\n\t\t<\/div>\n\t\t\t\t\t<\/div>\n\t\t<\/section>\n\t\t\t\t\t<\/div>\n\t\t<\/div>\n\t\t\t\t\t<\/div>\n\t\t<\/section>\n\t\t\t\t<section class=\"elementor-section elementor-top-section elementor-element elementor-element-7d2a4339 elementor-section-boxed elementor-section-height-default elementor-section-height-default\" data-id=\"7d2a4339\" data-element_type=\"section\">\n\t\t\t\t\t\t<div class=\"elementor-container elementor-column-gap-default\">\n\t\t\t\t\t<div class=\"elementor-column elementor-col-100 elementor-top-column elementor-element elementor-element-8b4cb39\" data-id=\"8b4cb39\" data-element_type=\"column\">\n\t\t\t<div class=\"elementor-widget-wrap elementor-element-populated\">\n\t\t\t\t\t\t<div class=\"elementor-element elementor-element-6173eaf2 elementor-widget elementor-widget-text-editor\" data-id=\"6173eaf2\" data-element_type=\"widget\" data-widget_type=\"text-editor.default\">\n\t\t\t\t<div class=\"elementor-widget-container\">\n\t\t\t\t\t\t\t\t\t<h2 style=\"text-align: center\">Mein Tipp<\/h2>\t\t\t\t\t\t\t\t<\/div>\n\t\t\t\t<\/div>\n\t\t\t\t<div class=\"elementor-element elementor-element-3d75c03e elementor-widget elementor-widget-testimonial\" data-id=\"3d75c03e\" data-element_type=\"widget\" data-widget_type=\"testimonial.default\">\n\t\t\t\t<div class=\"elementor-widget-container\">\n\t\t\t\t\t\t\t<div class=\"elementor-testimonial-wrapper\">\n\t\t\t\t\t\t\t<div class=\"elementor-testimonial-content\">Verl steht nicht weniger unter Druck als Saarbr\u00fccken, doch im Gegensatz zu den Hausherren haben die G\u00e4ste ganz andere Saisonziele. F\u00fcr Verl wird der Klassenerhalt oberste Priorit\u00e4t haben, Saarbr\u00fccken will um den Aufstieg mitspielen. Im direkten Vergleich sehe ich den FCS mit dem Heimvorteil als klaren Favoriten. Daher glaube ich auch, dass es f\u00fcr Saarbr\u00fccken diesmal zum ersten Saisonsieg reichen wird. Ohne Gegentor wird man aber auch diesmal nicht bleiben. Ich tippe auf ein <b>3:1<\/b>  und <b>4 oder mehr Tore<\/b>  im Spiel.<\/div>\n\t\t\t\n\t\t\t\t\t\t<div class=\"elementor-testimonial-meta\">\n\t\t\t\t<div class=\"elementor-testimonial-meta-inner\">\n\t\t\t\t\t\n\t\t\t\t\t\t\t\t\t\t<div class=\"elementor-testimonial-details\">\n\t\t\t\t\t\t\t\t\t\t\t\t\t\t<a class=\"elementor-testimonial-name\" href=\"https:\/\/oddset.de\/blog\/blogger\/christian-zander\/\">Christian Zander<\/a>\n\t\t\t\t\t\t\t\t\t\t\t\t\t\t\t\t\t\t\t<\/div>\n\t\t\t\t\t\t\t\t\t<\/div>\n\t\t\t<\/div>\n\t\t\t\t\t<\/div>\n\t\t\t\t\t\t<\/div>\n\t\t\t\t<\/div>\n\t\t\t\t\t<\/div>\n\t\t<\/div>\n\t\t\t\t\t<\/div>\n\t\t<\/section>\n\t\t\t\t<section class=\"elementor-section elementor-top-section elementor-element elementor-element-a2388cb elementor-section-boxed elementor-section-height-default elementor-section-height-default\" data-id=\"a2388cb\" data-element_type=\"section\">\n\t\t\t\t\t\t<div class=\"elementor-container elementor-column-gap-default\">\n\t\t\t\t\t<div class=\"elementor-column elementor-col-100 elementor-top-column elementor-element elementor-element-e1d7a11\" data-id=\"e1d7a11\" data-element_type=\"column\">\n\t\t\t<div class=\"elementor-widget-wrap elementor-element-populated\">\n\t\t\t\t\t\t\t<\/div>\n\t\t<\/div>\n\t\t\t\t\t<\/div>\n\t\t<\/section>\n\t\t\t\t<\/div>\n\t\t","protected":false},"excerpt":{"rendered":"<p>Auf Rang f\u00fcnf fehlte dem 1. FC Saarbr\u00fccken in der vergangenen Saison nur ein Z\u00e4hler zum direkten Aufstieg in die 2. Bundesliga. Im Grunde hatte man den Relegationsplatz schon sicher, doch Osnabr\u00fcck machte in der Nachspielzeit gegen die Zweite von Borussia Dortmund aus einem 0:1 noch ein 2:1 und schob sich doch noch an den [&hellip;]<\/p>\n","protected":false},"author":5,"featured_media":72113,"comment_status":"closed","ping_status":"closed","sticky":false,"template":"","format":"standard","meta":{"_acf_changed":false,"footnotes":""},"categories":[31],"tags":[1345,80,1476],"class_list":["post-78765","post","type-post","status-publish","format-standard","has-post-thumbnail","hentry","category-3-liga","tag-1-fc-saarbruecken","tag-3-liga","tag-sc-verl"],"acf":[],"yoast_head":"<!-- This site is optimized with the Yoast SEO plugin v26.0 - https:\/\/yoast.com\/wordpress\/plugins\/seo\/ -->\n<title>Saarbr\u00fccken droht Fehlstart gegen Verl - ODDSET<\/title>\n<meta name=\"description\" content=\"\u2730 1. FC Saarbr\u00fccken - \u2730 SC Verl (1,65 | 3,6 | 3,75) 3. Liga ODDSET Wetten \u2705 Quoten \u2705 Tipps \u2705 H2H \u2705 Vorschau \u2705 JETZT ODDSET wetten bei LOTTO \u27a4\" \/>\n<meta name=\"robots\" content=\"index, follow, max-snippet:-1, max-image-preview:large, max-video-preview:-1\" \/>\n<link rel=\"canonical\" href=\"https:\/\/www.oddset.de\/blog\/fussball\/3-liga\/saarbruecken-droht-fehlstart-gegen-verl\/\" \/>\n<meta property=\"og:locale\" content=\"de_DE\" \/>\n<meta property=\"og:type\" content=\"article\" \/>\n<meta property=\"og:title\" content=\"Saarbr\u00fccken droht Fehlstart gegen Verl - ODDSET\" \/>\n<meta property=\"og:description\" content=\"\u2730 1. FC Saarbr\u00fccken - \u2730 SC Verl (1,65 | 3,6 | 3,75) 3. Liga ODDSET Wetten \u2705 Quoten \u2705 Tipps \u2705 H2H \u2705 Vorschau \u2705 JETZT ODDSET wetten bei LOTTO \u27a4\" \/>\n<meta property=\"og:url\" content=\"https:\/\/www.oddset.de\/blog\/fussball\/3-liga\/saarbruecken-droht-fehlstart-gegen-verl\/\" \/>\n<meta property=\"og:site_name\" content=\"ODDSET FANZONE\" \/>\n<meta property=\"article:publisher\" content=\"https:\/\/www.facebook.com\/ODDSETwetten\/\" \/>\n<meta property=\"article:published_time\" content=\"2023-08-22T12:26:10+00:00\" \/>\n<meta property=\"article:modified_time\" content=\"2023-08-22T12:42:36+00:00\" \/>\n<meta property=\"og:image\" content=\"https:\/\/www.oddset.de\/blog\/wp-content\/uploads\/2023\/03\/3li-saabruecken-osnabrueckfz.jpg\" \/>\n\t<meta property=\"og:image:width\" content=\"1024\" \/>\n\t<meta property=\"og:image:height\" content=\"640\" \/>\n\t<meta property=\"og:image:type\" content=\"image\/jpeg\" \/>\n<meta name=\"author\" content=\"Christian Zander\" \/>\n<meta name=\"twitter:card\" content=\"summary_large_image\" \/>\n<meta name=\"twitter:creator\" content=\"@ODDSETsport\" \/>\n<meta name=\"twitter:site\" content=\"@ODDSETsport\" \/>\n<meta name=\"twitter:label1\" content=\"Verfasst von\" \/>\n\t<meta name=\"twitter:data1\" content=\"Christian Zander\" \/>\n\t<meta name=\"twitter:label2\" content=\"Gesch\u00e4tzte Lesezeit\" \/>\n\t<meta name=\"twitter:data2\" content=\"23\u00a0Minuten\" \/>\n<!-- \/ Yoast SEO plugin. -->","yoast_head_json":{"title":"Saarbr\u00fccken droht Fehlstart gegen Verl - ODDSET","description":"\u2730 1. FC Saarbr\u00fccken - \u2730 SC Verl (1,65 | 3,6 | 3,75) 3. Liga ODDSET Wetten \u2705 Quoten \u2705 Tipps \u2705 H2H \u2705 Vorschau \u2705 JETZT ODDSET wetten bei LOTTO \u27a4","robots":{"index":"index","follow":"follow","max-snippet":"max-snippet:-1","max-image-preview":"max-image-preview:large","max-video-preview":"max-video-preview:-1"},"canonical":"https:\/\/www.oddset.de\/blog\/fussball\/3-liga\/saarbruecken-droht-fehlstart-gegen-verl\/","og_locale":"de_DE","og_type":"article","og_title":"Saarbr\u00fccken droht Fehlstart gegen Verl - ODDSET","og_description":"\u2730 1. FC Saarbr\u00fccken - \u2730 SC Verl (1,65 | 3,6 | 3,75) 3. Liga ODDSET Wetten \u2705 Quoten \u2705 Tipps \u2705 H2H \u2705 Vorschau \u2705 JETZT ODDSET wetten bei LOTTO \u27a4","og_url":"https:\/\/www.oddset.de\/blog\/fussball\/3-liga\/saarbruecken-droht-fehlstart-gegen-verl\/","og_site_name":"ODDSET FANZONE","article_publisher":"https:\/\/www.facebook.com\/ODDSETwetten\/","article_published_time":"2023-08-22T12:26:10+00:00","article_modified_time":"2023-08-22T12:42:36+00:00","og_image":[{"width":1024,"height":640,"url":"https:\/\/www.oddset.de\/blog\/wp-content\/uploads\/2023\/03\/3li-saabruecken-osnabrueckfz.jpg","type":"image\/jpeg"}],"author":"Christian Zander","twitter_card":"summary_large_image","twitter_creator":"@ODDSETsport","twitter_site":"@ODDSETsport","twitter_misc":{"Verfasst von":"Christian Zander","Gesch\u00e4tzte Lesezeit":"23\u00a0Minuten"},"schema":{"@context":"https:\/\/schema.org","@graph":[{"@type":"Article","@id":"https:\/\/www.oddset.de\/blog\/fussball\/3-liga\/saarbruecken-droht-fehlstart-gegen-verl\/#article","isPartOf":{"@id":"https:\/\/www.oddset.de\/blog\/fussball\/3-liga\/saarbruecken-droht-fehlstart-gegen-verl\/"},"author":{"name":"Christian Zander","@id":"https:\/\/www.oddset.de\/blog\/#\/schema\/person\/b1f779b5cddaac8358041829fcf053a2"},"headline":"Saarbr\u00fccken droht Fehlstart gegen Verl","datePublished":"2023-08-22T12:26:10+00:00","dateModified":"2023-08-22T12:42:36+00:00","mainEntityOfPage":{"@id":"https:\/\/www.oddset.de\/blog\/fussball\/3-liga\/saarbruecken-droht-fehlstart-gegen-verl\/"},"wordCount":3787,"publisher":{"@id":"https:\/\/www.oddset.de\/blog\/#organization"},"image":{"@id":"https:\/\/www.oddset.de\/blog\/fussball\/3-liga\/saarbruecken-droht-fehlstart-gegen-verl\/#primaryimage"},"thumbnailUrl":"https:\/\/www.oddset.de\/blog\/wp-content\/uploads\/2023\/03\/3li-saabruecken-osnabrueckfz.jpg","keywords":["1. FC Saarbr\u00fccken","3. Liga","SC Verl"],"articleSection":["3. Liga"],"inLanguage":"de"},{"@type":"WebPage","@id":"https:\/\/www.oddset.de\/blog\/fussball\/3-liga\/saarbruecken-droht-fehlstart-gegen-verl\/","url":"https:\/\/www.oddset.de\/blog\/fussball\/3-liga\/saarbruecken-droht-fehlstart-gegen-verl\/","name":"Saarbr\u00fccken droht Fehlstart gegen Verl - ODDSET","isPartOf":{"@id":"https:\/\/www.oddset.de\/blog\/#website"},"primaryImageOfPage":{"@id":"https:\/\/www.oddset.de\/blog\/fussball\/3-liga\/saarbruecken-droht-fehlstart-gegen-verl\/#primaryimage"},"image":{"@id":"https:\/\/www.oddset.de\/blog\/fussball\/3-liga\/saarbruecken-droht-fehlstart-gegen-verl\/#primaryimage"},"thumbnailUrl":"https:\/\/www.oddset.de\/blog\/wp-content\/uploads\/2023\/03\/3li-saabruecken-osnabrueckfz.jpg","datePublished":"2023-08-22T12:26:10+00:00","dateModified":"2023-08-22T12:42:36+00:00","description":"\u2730 1. FC Saarbr\u00fccken - \u2730 SC Verl (1,65 | 3,6 | 3,75) 3. Liga ODDSET Wetten \u2705 Quoten \u2705 Tipps \u2705 H2H \u2705 Vorschau \u2705 JETZT ODDSET wetten bei LOTTO \u27a4","breadcrumb":{"@id":"https:\/\/www.oddset.de\/blog\/fussball\/3-liga\/saarbruecken-droht-fehlstart-gegen-verl\/#breadcrumb"},"inLanguage":"de","potentialAction":[{"@type":"ReadAction","target":["https:\/\/www.oddset.de\/blog\/fussball\/3-liga\/saarbruecken-droht-fehlstart-gegen-verl\/"]}]},{"@type":"ImageObject","inLanguage":"de","@id":"https:\/\/www.oddset.de\/blog\/fussball\/3-liga\/saarbruecken-droht-fehlstart-gegen-verl\/#primaryimage","url":"https:\/\/www.oddset.de\/blog\/wp-content\/uploads\/2023\/03\/3li-saabruecken-osnabrueckfz.jpg","contentUrl":"https:\/\/www.oddset.de\/blog\/wp-content\/uploads\/2023\/03\/3li-saabruecken-osnabrueckfz.jpg","width":1024,"height":640,"caption":"imago images \/ BeckerBredel | Fans des 1. FC Saarbr\u00fccken"},{"@type":"BreadcrumbList","@id":"https:\/\/www.oddset.de\/blog\/fussball\/3-liga\/saarbruecken-droht-fehlstart-gegen-verl\/#breadcrumb","itemListElement":[{"@type":"ListItem","position":1,"name":"Startseite","item":"https:\/\/www.oddset.de\/blog\/"},{"@type":"ListItem","position":2,"name":"Saarbr\u00fccken droht Fehlstart gegen Verl"}]},{"@type":"WebSite","@id":"https:\/\/www.oddset.de\/blog\/#website","url":"https:\/\/www.oddset.de\/blog\/","name":"ODDSET FANZONE","description":"Der Fu\u00dfball &amp; Sportwetten Blog","publisher":{"@id":"https:\/\/www.oddset.de\/blog\/#organization"},"potentialAction":[{"@type":"SearchAction","target":{"@type":"EntryPoint","urlTemplate":"https:\/\/www.oddset.de\/blog\/?s={search_term_string}"},"query-input":{"@type":"PropertyValueSpecification","valueRequired":true,"valueName":"search_term_string"}}],"inLanguage":"de"},{"@type":"Organization","@id":"https:\/\/www.oddset.de\/blog\/#organization","name":"ODDSET FANZONE","url":"https:\/\/www.oddset.de\/blog\/","logo":{"@type":"ImageObject","inLanguage":"de","@id":"https:\/\/www.oddset.de\/blog\/#\/schema\/logo\/image\/","url":"https:\/\/www.oddset.de\/blog\/wp-content\/uploads\/2020\/05\/tb_logo.png","contentUrl":"https:\/\/www.oddset.de\/blog\/wp-content\/uploads\/2020\/05\/tb_logo.png","width":1171,"height":400,"caption":"ODDSET FANZONE"},"image":{"@id":"https:\/\/www.oddset.de\/blog\/#\/schema\/logo\/image\/"},"sameAs":["https:\/\/www.facebook.com\/ODDSETwetten\/","https:\/\/x.com\/ODDSETsport","https:\/\/www.youtube.com\/channel\/UC_vWGAocu28RqdyhzCPf9ZQ"]},{"@type":"Person","@id":"https:\/\/www.oddset.de\/blog\/#\/schema\/person\/b1f779b5cddaac8358041829fcf053a2","name":"Christian Zander","image":{"@type":"ImageObject","inLanguage":"de","@id":"https:\/\/www.oddset.de\/blog\/#\/schema\/person\/image\/","url":"https:\/\/www.oddset.de\/blog\/wp-content\/uploads\/2021\/06\/imago0047482952h-150x150.jpg","contentUrl":"https:\/\/www.oddset.de\/blog\/wp-content\/uploads\/2021\/06\/imago0047482952h-150x150.jpg","caption":"Christian Zander"},"description":"Fr\u00fcher selbst aktiv am Ball, doch vor dem Sprung zu den Profis durch diverse Aktivit\u00e4ten, die sich nicht mit einem Fu\u00dfballlerleben vereinbaren lassen, die Schuhe vorzeitig an den Nagel geh\u00e4ngt. Seitdem begeisterter Fan der Bundesliga und des FC Bayern. Der erste Kontakt mit dem runden Leder geht bei mir auf die WM 1990 in Italien zur\u00fcck. Das Tor von Andy Brehme im Finale gegen Argentinien ist nach wie vor in bester Erinnerung. Ebenso wie der bittere Abstieg unseres WM-Helden mit Kaiserslautern. Gerne in Nostalgie schwelgend und dennoch voll im Tagesgesch\u00e4ft dabei. Alles f\u00fcr den Fu\u00dfball!","url":"https:\/\/www.oddset.de\/blog\/blogger\/christian-zander\/"}]}},"amp_enabled":true,"_links":{"self":[{"href":"https:\/\/www.oddset.de\/blog\/wp-json\/wp\/v2\/posts\/78765","targetHints":{"allow":["GET"]}}],"collection":[{"href":"https:\/\/www.oddset.de\/blog\/wp-json\/wp\/v2\/posts"}],"about":[{"href":"https:\/\/www.oddset.de\/blog\/wp-json\/wp\/v2\/types\/post"}],"author":[{"embeddable":true,"href":"https:\/\/www.oddset.de\/blog\/wp-json\/wp\/v2\/users\/5"}],"replies":[{"embeddable":true,"href":"https:\/\/www.oddset.de\/blog\/wp-json\/wp\/v2\/comments?post=78765"}],"version-history":[{"count":18,"href":"https:\/\/www.oddset.de\/blog\/wp-json\/wp\/v2\/posts\/78765\/revisions"}],"predecessor-version":[{"id":78789,"href":"https:\/\/www.oddset.de\/blog\/wp-json\/wp\/v2\/posts\/78765\/revisions\/78789"}],"wp:featuredmedia":[{"embeddable":true,"href":"https:\/\/www.oddset.de\/blog\/wp-json\/wp\/v2\/media\/72113"}],"wp:attachment":[{"href":"https:\/\/www.oddset.de\/blog\/wp-json\/wp\/v2\/media?parent=78765"}],"wp:term":[{"taxonomy":"category","embeddable":true,"href":"https:\/\/www.oddset.de\/blog\/wp-json\/wp\/v2\/categories?post=78765"},{"taxonomy":"post_tag","embeddable":true,"href":"https:\/\/www.oddset.de\/blog\/wp-json\/wp\/v2\/tags?post=78765"}],"curies":[{"name":"wp","href":"https:\/\/api.w.org\/{rel}","templated":true}]}}