{"id":78372,"date":"2023-08-16T14:30:10","date_gmt":"2023-08-16T12:30:10","guid":{"rendered":"https:\/\/fanzone.oddset.de\/?p=78372"},"modified":"2023-08-18T10:05:38","modified_gmt":"2023-08-18T08:05:38","slug":"die-bayern-zum-auftakt-in-bremen","status":"publish","type":"post","link":"https:\/\/www.oddset.de\/blog\/fussball\/bundesliga\/die-bayern-zum-auftakt-in-bremen\/","title":{"rendered":"Die Bayern zum Auftakt in Bremen"},"content":{"rendered":"\t\t<div data-elementor-type=\"wp-post\" data-elementor-id=\"78372\" class=\"elementor elementor-78372\">\n\t\t\t\t\t\t<section class=\"elementor-section elementor-top-section elementor-element elementor-element-5498389 elementor-section-boxed elementor-section-height-default elementor-section-height-default\" data-id=\"5498389\" data-element_type=\"section\">\n\t\t\t\t\t\t<div class=\"elementor-container elementor-column-gap-default\">\n\t\t\t\t\t<div class=\"elementor-column elementor-col-100 elementor-top-column elementor-element elementor-element-413e1df\" data-id=\"413e1df\" data-element_type=\"column\">\n\t\t\t<div class=\"elementor-widget-wrap elementor-element-populated\">\n\t\t\t\t\t\t<div class=\"elementor-element elementor-element-4cbc5c3 elementor-widget elementor-widget-text-editor\" data-id=\"4cbc5c3\" data-element_type=\"widget\" data-widget_type=\"text-editor.default\">\n\t\t\t\t<div class=\"elementor-widget-container\">\n\t\t\t\t\t\t\t\t\t<p>Nach der 2. Bundesliga und der 3. Liga geht es endlich auch ganz oben wieder zur Sache. Die Bayern er\u00f6ffnen die 61. Saison der Bundesliga traditionell als Titelverteidiger. F\u00fcr die M\u00fcnchner geht es nach Bremen. Es wird das 113. Duell im deutschen Oberhaus zwischen diesen beiden Klubs. Die Statistik spricht mit 60 Siegen, 26 Unentschieden und 26 Niederlagen klar f\u00fcr die Bayern. Noch deutlicher wird es, wenn man sich nur mal die letzten Spiele so anschaut. Die Bremer konnten den Rekordmeister zuletzt im September 2008 besiegen. Seitdem gab es allein in der Bundesliga 23 Pleiten und nur noch vier Unentschieden. Hinzu kommen vier Niederlagen im Pokal. Kann Werder den Negativlauf beenden? Die Bayern sind, zumindest wenn man sich die Leistung im Supercup vor Augen f\u00fchrt, noch nicht ganz auf der H\u00f6he. Ansto\u00df ist um <strong>20:30 Uhr<\/strong> im Weserstadion.<\/p>\t\t\t\t\t\t\t\t<\/div>\n\t\t\t\t<\/div>\n\t\t\t\t\t<\/div>\n\t\t<\/div>\n\t\t\t\t\t<\/div>\n\t\t<\/section>\n\t\t\t\t<section class=\"elementor-section elementor-top-section elementor-element elementor-element-67c56168 elementor-section-boxed elementor-section-height-default elementor-section-height-default\" data-id=\"67c56168\" data-element_type=\"section\">\n\t\t\t\t\t\t<div class=\"elementor-container elementor-column-gap-default\">\n\t\t\t\t\t<div class=\"elementor-column elementor-col-100 elementor-top-column elementor-element elementor-element-5e28c654\" data-id=\"5e28c654\" data-element_type=\"column\">\n\t\t\t<div class=\"elementor-widget-wrap elementor-element-populated\">\n\t\t\t\t\t\t<div class=\"elementor-element elementor-element-7c2c2c96 elementor-position-left elementor-view-default elementor-mobile-position-top elementor-widget elementor-widget-icon-box\" data-id=\"7c2c2c96\" data-element_type=\"widget\" data-widget_type=\"icon-box.default\">\n\t\t\t\t<div class=\"elementor-widget-container\">\n\t\t\t\t\t\t\t<div class=\"elementor-icon-box-wrapper\">\n\n\t\t\t\t\t\t<div class=\"elementor-icon-box-icon\">\n\t\t\t\t<span  class=\"elementor-icon\">\n\t\t\t\t<i aria-hidden=\"true\" class=\"fas fa-tv\"><\/i>\t\t\t\t<\/span>\n\t\t\t<\/div>\n\t\t\t\n\t\t\t\t\t\t<div class=\"elementor-icon-box-content\">\n\n\t\t\t\t\t\t\t\t\t<h3 class=\"elementor-icon-box-title\">\n\t\t\t\t\t\t<span  >\n\t\t\t\t\t\t\tWerder - Bayern im TV oder Livestream\t\t\t\t\t\t<\/span>\n\t\t\t\t\t<\/h3>\n\t\t\t\t\n\t\t\t\t\t\t\t\t\t<p class=\"elementor-icon-box-description\">\n\t\t\t\t\t\tZu sehen gibt es das Spiel live ab 20:30 Uhr in <b>Sat.1<\/b> und bei <b>DAZN<\/b>.\t\t\t\t\t<\/p>\n\t\t\t\t\n\t\t\t<\/div>\n\t\t\t\n\t\t<\/div>\n\t\t\t\t\t\t<\/div>\n\t\t\t\t<\/div>\n\t\t\t\t\t<\/div>\n\t\t<\/div>\n\t\t\t\t\t<\/div>\n\t\t<\/section>\n\t\t\t\t<section class=\"elementor-section elementor-top-section elementor-element elementor-element-5038c8e elementor-section-boxed elementor-section-height-default elementor-section-height-default\" data-id=\"5038c8e\" data-element_type=\"section\">\n\t\t\t\t\t\t<div class=\"elementor-container elementor-column-gap-default\">\n\t\t\t\t\t<div class=\"elementor-column elementor-col-100 elementor-top-column elementor-element elementor-element-9d4dd05\" data-id=\"9d4dd05\" data-element_type=\"column\">\n\t\t\t<div class=\"elementor-widget-wrap elementor-element-populated\">\n\t\t\t\t\t\t<div class=\"elementor-element elementor-element-2fdc95c elementor-widget elementor-widget-text-editor\" data-id=\"2fdc95c\" data-element_type=\"widget\" data-widget_type=\"text-editor.default\">\n\t\t\t\t<div class=\"elementor-widget-container\">\n\t\t\t\t\t\t\t\t\t<h2>Werder darf sich nicht verstecken \u00a0<\/h2><p>Die Bremer sind erst in der vergangenen Saison aus der 2. Bundesliga ins deutsche Oberhaus zur\u00fcckgekehrt. Auf Platz 13 konnte man die Klasse souver\u00e4n halten, wenngleich man nur noch eines der letzten zw\u00f6lf Ligaspiele gewinnen konnte. Gegen die Bayern gab es zweimal nichts zu holen. Im Hinspiel wurde man in der Allianz Arena mit 1:6 abgefertigt. Daheim hielt Werder schon etwas besser dagegen und unterlag nur mit 1:2. Darauf sollte man aufbauen und mit Mut und den eigenen Fans im R\u00fccken selbstbewusst auf den Platz gehen. Wer wei\u00df, was dann gegen die Bayern m\u00f6glich ist. Irgendwie kommt es einem ja fast so vor, als w\u00fcrden die M\u00fcnchner schon jetzt wieder in einer Krise stecken. Diesen Umstand sollten die Bremer nutzen. Vielleicht kann man dann tats\u00e4chlich f\u00fcr eine \u00dcberraschung sorgen und den 20. Heimsieg im 57. Bundesliga-Heimspiel gegen den Rekordmeister landen. Es w\u00e4re sogleich die sp\u00e4te Revanche f\u00fcr das letzte Auftaktspiel zwischen den beiden Klubs. 2016 stand man sich am 1. Spieltag in der Allianz Arena gegen\u00fcber. Bremen ging mit 0:6 unter.<\/p><p>Aber warum sollte es diesmal anders laufen? Freilich, diesmal ist Werder der Gastgeber und wird im Weserstadion ganz anders auftreten. Dar\u00fcber hinaus konnten die Bremer auch schon 26 Mal gegen die Bayern gewinnen. \u00d6fter ist das in der Bundesliga nur den Gladbachern (28 Mal) gelungen. Der Kader ist im Vergleich zum Vorjahr definitiv st\u00e4rker geworden. Die meisten Leistungstr\u00e4ger konnten gehalten werden und mit Spielern wie Naby Keita oder Angreifer Dawid Kownacki hat man sich ganz ordentlich verst\u00e4rkt. Vor allem vom Keita wird in dieser Saison einiges erwartet. Gegen die Bayern wird der Neuzugang aus Liverpool jedoch ausfallen. Fraglich ist auch, wie die Bremer auf das unn\u00f6tige Aus im Pokal gegen Viktoria K\u00f6ln reagieren. Das 2:3 gegen den Drittligisten trotz 2:1-F\u00fchrung war nicht unbedingt f\u00f6rderlich f\u00fcr das Selbstvertrauen. Da liegt noch einiges an Arbeit vor Trainer Ole Werner. Trotzdem, so fr\u00fch in der Saison darf man sich vor den Bayern einfach nicht verstecken. Erwartet wird ohnehin kein Sieg. Genau darin liegt die Chance.<\/p>\t\t\t\t\t\t\t\t<\/div>\n\t\t\t\t<\/div>\n\t\t\t\t\t<\/div>\n\t\t<\/div>\n\t\t\t\t\t<\/div>\n\t\t<\/section>\n\t\t\t\t<section class=\"elementor-section elementor-top-section elementor-element elementor-element-c58ef86 elementor-section-boxed elementor-section-height-default elementor-section-height-default\" data-id=\"c58ef86\" data-element_type=\"section\">\n\t\t\t\t\t\t<div class=\"elementor-container elementor-column-gap-default\">\n\t\t\t\t\t<div class=\"elementor-column elementor-col-100 elementor-top-column elementor-element elementor-element-9457a8a\" data-id=\"9457a8a\" data-element_type=\"column\">\n\t\t\t<div class=\"elementor-widget-wrap elementor-element-populated\">\n\t\t\t\t\t\t<div class=\"elementor-element elementor-element-200bc7d elementor-widget elementor-widget-text-editor\" data-id=\"200bc7d\" data-element_type=\"widget\" data-widget_type=\"text-editor.default\">\n\t\t\t\t<div class=\"elementor-widget-container\">\n\t\t\t\t\t\t\t\t\t<h2>Fakten zum Spiel<\/h2><ul><li>Werder ist in der Liga seit 27 Spielen und seit 31 Pflichtspielen gegen die Bayern sieglos (4U, 27N).<\/li><li>Werder holte 20 seiner 27 Bundesligasiege gegen den FCB im eigenen Stadion.<\/li><li>Bremen hat in den letzten 4 Spielen gegen die Bayern immer getroffen.<\/li><li>Die Bayern waren letzte Saison mit 33 Punkten (10S, 4N) das beste Ausw\u00e4rtsteam der Liga<\/li><li>Ein 0:0 gab es zwischen den beiden Klubs seit 23 Spielen nicht mehr.<\/li><\/ul>\t\t\t\t\t\t\t\t<\/div>\n\t\t\t\t<\/div>\n\t\t\t\t\t<\/div>\n\t\t<\/div>\n\t\t\t\t\t<\/div>\n\t\t<\/section>\n\t\t\t\t<section class=\"elementor-section elementor-top-section elementor-element elementor-element-27a15bc elementor-section-boxed elementor-section-height-default elementor-section-height-default\" data-id=\"27a15bc\" data-element_type=\"section\">\n\t\t\t\t\t\t<div class=\"elementor-container elementor-column-gap-default\">\n\t\t\t\t\t<div class=\"elementor-column elementor-col-100 elementor-top-column elementor-element elementor-element-cb04841\" data-id=\"cb04841\" data-element_type=\"column\">\n\t\t\t<div class=\"elementor-widget-wrap elementor-element-populated\">\n\t\t\t\t\t\t<div class=\"elementor-element elementor-element-bfe4d5a elementor-widget elementor-widget-ucaddon_sportradar2020\" data-id=\"bfe4d5a\" data-element_type=\"widget\" data-widget_type=\"ucaddon_sportradar2020.default\">\n\t\t\t\t<div class=\"elementor-widget-container\">\n\t\t\t\t\t\n\n\n<div class=\"widgets\">\n\t<div class=\"sr-widget sr-widget-1\" id=\"sr-widget-42022933\" data-sr-widget=\"headToHead.standalone\" data-sr-match-id=\"42022933\"><\/div>\n<\/div>\n\t\t\t\t<\/div>\n\t\t\t\t<\/div>\n\t\t\t\t\t<\/div>\n\t\t<\/div>\n\t\t\t\t\t<\/div>\n\t\t<\/section>\n\t\t\t\t<section class=\"elementor-section elementor-top-section elementor-element elementor-element-b8eaebe elementor-section-boxed elementor-section-height-default elementor-section-height-default\" data-id=\"b8eaebe\" data-element_type=\"section\">\n\t\t\t\t\t\t<div class=\"elementor-container elementor-column-gap-default\">\n\t\t\t\t\t<div class=\"elementor-column elementor-col-100 elementor-top-column elementor-element elementor-element-5a73373\" data-id=\"5a73373\" data-element_type=\"column\">\n\t\t\t<div class=\"elementor-widget-wrap elementor-element-populated\">\n\t\t\t\t\t\t<div class=\"elementor-element elementor-element-cf88ff0 elementor-widget elementor-widget-text-editor\" data-id=\"cf88ff0\" data-element_type=\"widget\" data-widget_type=\"text-editor.default\">\n\t\t\t\t<div class=\"elementor-widget-container\">\n\t\t\t\t\t\t\t\t\t<h2>Bayern mit Wut im Bauch nach Supercup-Debakel <\/h2>\n<p>Die Stimmung beim FC Bayern war vor dem Saisonauftakt in Bremen schon mal besser. Nach dem Gewurschtel der vergangenen Spielzeit hat auch das neue Fu\u00dfballjahr mit einer Entt\u00e4uschung begonnen. Im Supercup haben sich die M\u00fcnchner von RB Leipzig vorf\u00fchren lassen und verdient mit 0:3 verloren. Im eigenen Stadion wohlgemerkt. Von der vermeintlich besten Abwehr Europas hat man nicht viel gesehen. Vorne blieb das alte Problem mit der mangelnden Chancenauswertung. Da konnte auch ein Harry Kane nichts mehr dran \u00e4ndern. Die Stimmung ist mies, der Trainer wirkte ratlos. So kann man kaum mit einem guten Gef\u00fchl in die neue Saison gehen. Statistisch gesehen sollte die Partie in Bremen jedoch als Mutmacher herhalten k\u00f6nnen.<\/p>\n<p>Das liegt nicht nur an der starken Serie gegen Bremen. 27 der letzten 31 Pflichtspielduelle wurden gewonnen und keines verloren. Auch der Auftakt als Meister spricht f\u00fcr den FCB. Seit 2002 tr\u00e4gt der Titelverteidiger traditionell das Saisoner\u00f6ffnungsspiel aus. Verloren hat er dabei noch nie. Es gab 16 Siege und nur f\u00fcnf Unentschieden. Das liest sich schon mal ganz gut. Kann man diesen Trend fortsetzen und sich endlich mal wieder ein bisschen Selbstvertrauen holen, werden sich die Bayern gleich zu Beginn oben festsetzen. Voraussetzung: Man hat die n\u00f6tigen Lehren aus der Pleite gegen RB gezogen. Die Gegentore fielen viel zu einfach. Vorne fehlte die Zielstrebigkeit. Aber daf\u00fcr hat man jetzt ja den Harry von der Insel. Der wird gegen Werder sein Startelfdeb\u00fct feiern. Hoffentlich muss ich Tuchel nach dem Spiel nicht wieder bei seinem neuen Star entschuldigen. Ansonsten muss sich langsam auch der Trainer hinterfragen.<\/p>\t\t\t\t\t\t\t\t<\/div>\n\t\t\t\t<\/div>\n\t\t\t\t\t<\/div>\n\t\t<\/div>\n\t\t\t\t\t<\/div>\n\t\t<\/section>\n\t\t\t\t<section class=\"elementor-section elementor-top-section elementor-element elementor-element-2b7768b4 elementor-section-boxed elementor-section-height-default elementor-section-height-default\" data-id=\"2b7768b4\" data-element_type=\"section\">\n\t\t\t\t\t\t<div class=\"elementor-container elementor-column-gap-default\">\n\t\t\t\t\t<div class=\"elementor-column elementor-col-100 elementor-top-column elementor-element elementor-element-1fd71b4a\" data-id=\"1fd71b4a\" data-element_type=\"column\">\n\t\t\t<div class=\"elementor-widget-wrap elementor-element-populated\">\n\t\t\t\t\t\t<div class=\"elementor-element elementor-element-7357dfea elementor-widget elementor-widget-heading\" data-id=\"7357dfea\" data-element_type=\"widget\" data-widget_type=\"heading.default\">\n\t\t\t\t<div class=\"elementor-widget-container\">\n\t\t\t\t\t<h2 class=\"elementor-heading-title elementor-size-default\">Voraussichtliche Aufstellungen<\/h2>\t\t\t\t<\/div>\n\t\t\t\t<\/div>\n\t\t\t\t<section class=\"elementor-section elementor-inner-section elementor-element elementor-element-431d2d20 elementor-section-boxed elementor-section-height-default elementor-section-height-default\" data-id=\"431d2d20\" data-element_type=\"section\">\n\t\t\t\t\t\t<div class=\"elementor-container elementor-column-gap-default\">\n\t\t\t\t\t<div class=\"elementor-column elementor-col-50 elementor-inner-column elementor-element elementor-element-2541790f\" data-id=\"2541790f\" data-element_type=\"column\">\n\t\t\t<div class=\"elementor-widget-wrap elementor-element-populated\">\n\t\t\t\t\t\t<div class=\"elementor-element elementor-element-58e076f0 elementor-widget elementor-widget-text-editor\" data-id=\"58e076f0\" data-element_type=\"widget\" data-widget_type=\"text-editor.default\">\n\t\t\t\t<div class=\"elementor-widget-container\">\n\t\t\t\t\t\t\t\t\t<h3 style=\"text-align: center\">Bremen<\/h3><p style=\"text-align: center\">Pavlenka<\/p><p style=\"text-align: center\">Vejkovic, Stark, Pieper<\/p><p style=\"text-align: center\">Jung, Stage, Bittencourt, Burke<\/p><p style=\"text-align: center\">Duksch, F\u00fcllkrug, Schmid<\/p>\t\t\t\t\t\t\t\t<\/div>\n\t\t\t\t<\/div>\n\t\t\t\t\t<\/div>\n\t\t<\/div>\n\t\t\t\t<div class=\"elementor-column elementor-col-50 elementor-inner-column elementor-element elementor-element-3a112bff\" data-id=\"3a112bff\" data-element_type=\"column\">\n\t\t\t<div class=\"elementor-widget-wrap elementor-element-populated\">\n\t\t\t\t\t\t<div class=\"elementor-element elementor-element-5bdbd4f6 elementor-widget elementor-widget-text-editor\" data-id=\"5bdbd4f6\" data-element_type=\"widget\" data-widget_type=\"text-editor.default\">\n\t\t\t\t<div class=\"elementor-widget-container\">\n\t\t\t\t\t\t\t\t\t<h3 style=\"text-align: center\">Bayern<\/h3><p style=\"text-align: center\">Ulreich<\/p><p style=\"text-align: center\">Mazraoui, Kim, de Ligt, Davies<\/p><p style=\"text-align: center\">Kimmich, Laimer<\/p><p style=\"text-align: center\">Coman, Musiala, Gnabry<\/p><p style=\"text-align: center\">Kane<\/p>\t\t\t\t\t\t\t\t<\/div>\n\t\t\t\t<\/div>\n\t\t\t\t\t<\/div>\n\t\t<\/div>\n\t\t\t\t\t<\/div>\n\t\t<\/section>\n\t\t\t\t\t<\/div>\n\t\t<\/div>\n\t\t\t\t\t<\/div>\n\t\t<\/section>\n\t\t\t\t<section class=\"elementor-section elementor-top-section elementor-element elementor-element-14cdc778 elementor-section-boxed elementor-section-height-default elementor-section-height-default\" data-id=\"14cdc778\" data-element_type=\"section\">\n\t\t\t\t\t\t<div class=\"elementor-container elementor-column-gap-default\">\n\t\t\t\t\t<div class=\"elementor-column elementor-col-100 elementor-top-column elementor-element elementor-element-69c07e52\" data-id=\"69c07e52\" data-element_type=\"column\">\n\t\t\t<div class=\"elementor-widget-wrap elementor-element-populated\">\n\t\t\t\t\t\t<div class=\"elementor-element elementor-element-9c168fa elementor-widget elementor-widget-text-editor\" data-id=\"9c168fa\" data-element_type=\"widget\" data-widget_type=\"text-editor.default\">\n\t\t\t\t<div class=\"elementor-widget-container\">\n\t\t\t\t\t\t\t\t\t<h2 style=\"text-align: center\">Mein Tipp<\/h2>\t\t\t\t\t\t\t\t<\/div>\n\t\t\t\t<\/div>\n\t\t\t\t<div class=\"elementor-element elementor-element-4cb62f8a elementor-widget elementor-widget-testimonial\" data-id=\"4cb62f8a\" data-element_type=\"widget\" data-widget_type=\"testimonial.default\">\n\t\t\t\t<div class=\"elementor-widget-container\">\n\t\t\t\t\t\t\t<div class=\"elementor-testimonial-wrapper\">\n\t\t\t\t\t\t\t<div class=\"elementor-testimonial-content\">F\u00fcr Werder wird es nicht leicht. Ich denke, dass die Bayern noch der Supercup-Pleite noch bissiger und vor allem in der Offensive noch gef\u00e4hrlicher sind. Die Statistik des Meisters am Saisonauftakt sowie der starke Lauf gegen Werder spielt den M\u00fcnchnern ebenfalls in die Karten. Ich denke, wir werden am Freitag im Weserstadion eine Reaktion und einen klaren Sieg der Bayern sehen. Ich tippe auf ein <b>4:1<\/b>  f\u00fcr den FCB und <b>4 oder mehr Tore<\/b>  im Spiel.<\/div>\n\t\t\t\n\t\t\t\t\t\t<div class=\"elementor-testimonial-meta\">\n\t\t\t\t<div class=\"elementor-testimonial-meta-inner\">\n\t\t\t\t\t\n\t\t\t\t\t\t\t\t\t\t<div class=\"elementor-testimonial-details\">\n\t\t\t\t\t\t\t\t\t\t\t\t\t\t<a class=\"elementor-testimonial-name\" href=\"https:\/\/oddset.de\/blog\/blogger\/christian-zander\/\">Christian Zander<\/a>\n\t\t\t\t\t\t\t\t\t\t\t\t\t\t\t\t\t\t\t<\/div>\n\t\t\t\t\t\t\t\t\t<\/div>\n\t\t\t<\/div>\n\t\t\t\t\t<\/div>\n\t\t\t\t\t\t<\/div>\n\t\t\t\t<\/div>\n\t\t\t\t\t<\/div>\n\t\t<\/div>\n\t\t\t\t\t<\/div>\n\t\t<\/section>\n\t\t\t\t<section class=\"elementor-section elementor-top-section elementor-element elementor-element-459f142a elementor-section-boxed elementor-section-height-default elementor-section-height-default\" data-id=\"459f142a\" data-element_type=\"section\">\n\t\t\t\t\t\t<div class=\"elementor-container elementor-column-gap-default\">\n\t\t\t\t\t<div class=\"elementor-column elementor-col-100 elementor-top-column elementor-element elementor-element-47c1f54a\" data-id=\"47c1f54a\" data-element_type=\"column\">\n\t\t\t<div class=\"elementor-widget-wrap elementor-element-populated\">\n\t\t\t\t\t\t<div class=\"elementor-element elementor-element-794dd508 elementor-align-center elementor-widget elementor-widget-button\" data-id=\"794dd508\" data-element_type=\"widget\" data-widget_type=\"button.default\">\n\t\t\t\t<div class=\"elementor-widget-container\">\n\t\t\t\t\t\t\t\t\t<div class=\"elementor-button-wrapper\">\n\t\t\t\t\t<a class=\"elementor-button elementor-button-link elementor-size-lg\" href=\"https:\/\/oddset.de\/blog\/bundesliga-wetten\/\">\n\t\t\t\t\t\t<span class=\"elementor-button-content-wrapper\">\n\t\t\t\t\t\t<span class=\"elementor-button-icon\">\n\t\t\t\t<i aria-hidden=\"true\" class=\"far fa-futbol\"><\/i>\t\t\t<\/span>\n\t\t\t\t\t\t\t\t\t<span class=\"elementor-button-text\">Alle Bundesliga Wetten<\/span>\n\t\t\t\t\t<\/span>\n\t\t\t\t\t<\/a>\n\t\t\t\t<\/div>\n\t\t\t\t\t\t\t\t<\/div>\n\t\t\t\t<\/div>\n\t\t\t\t\t<\/div>\n\t\t<\/div>\n\t\t\t\t\t<\/div>\n\t\t<\/section>\n\t\t\t\t<\/div>\n\t\t","protected":false},"excerpt":{"rendered":"<p>Nach der 2. Bundesliga und der 3. Liga geht es endlich auch ganz oben wieder zur Sache. Die Bayern er\u00f6ffnen die 61. Saison der Bundesliga traditionell als Titelverteidiger. F\u00fcr die M\u00fcnchner geht es nach Bremen. Es wird das 113. Duell im deutschen Oberhaus zwischen diesen beiden Klubs. Die Statistik spricht mit 60 Siegen, 26 Unentschieden [&hellip;]<\/p>\n","protected":false},"author":5,"featured_media":66090,"comment_status":"closed","ping_status":"closed","sticky":false,"template":"","format":"standard","meta":{"_acf_changed":false,"footnotes":""},"categories":[10],"tags":[40,39,711],"class_list":["post-78372","post","type-post","status-publish","format-standard","has-post-thumbnail","hentry","category-bundesliga","tag-bundesliga","tag-fc-bayern-muenchen","tag-werder-bremen"],"acf":[],"yoast_head":"<!-- This site is optimized with the Yoast SEO plugin v26.0 - https:\/\/yoast.com\/wordpress\/plugins\/seo\/ -->\n<title>Die Bayern zum Auftakt in Bremen - ODDSET<\/title>\n<meta name=\"description\" content=\"\u2730 Werder Bremen - \u2730 FC Bayern M\u00fcnchen (8,5 | 6,25 | 1,25) Bundesliga ODDSET Wetten \u2705 Quoten \u2705 Tipps \u2705 H2H \u2705 Vorschau \u2705 JETZT ODDSET wetten bei LOTTO \u27a4\" \/>\n<meta name=\"robots\" content=\"index, follow, max-snippet:-1, max-image-preview:large, max-video-preview:-1\" \/>\n<link rel=\"canonical\" href=\"https:\/\/www.oddset.de\/blog\/fussball\/bundesliga\/die-bayern-zum-auftakt-in-bremen\/\" \/>\n<meta property=\"og:locale\" content=\"de_DE\" \/>\n<meta property=\"og:type\" content=\"article\" \/>\n<meta property=\"og:title\" content=\"Die Bayern zum Auftakt in Bremen - ODDSET\" \/>\n<meta property=\"og:description\" content=\"\u2730 Werder Bremen - \u2730 FC Bayern M\u00fcnchen (8,5 | 6,25 | 1,25) Bundesliga ODDSET Wetten \u2705 Quoten \u2705 Tipps \u2705 H2H \u2705 Vorschau \u2705 JETZT ODDSET wetten bei LOTTO \u27a4\" \/>\n<meta property=\"og:url\" content=\"https:\/\/www.oddset.de\/blog\/fussball\/bundesliga\/die-bayern-zum-auftakt-in-bremen\/\" \/>\n<meta property=\"og:site_name\" content=\"ODDSET FANZONE\" \/>\n<meta property=\"article:publisher\" content=\"https:\/\/www.facebook.com\/ODDSETwetten\/\" \/>\n<meta property=\"article:published_time\" content=\"2023-08-16T12:30:10+00:00\" \/>\n<meta property=\"article:modified_time\" content=\"2023-08-18T08:05:38+00:00\" \/>\n<meta property=\"og:image\" content=\"https:\/\/www.oddset.de\/blog\/wp-content\/uploads\/2022\/11\/werder-fans.jpg\" \/>\n\t<meta property=\"og:image:width\" content=\"1024\" \/>\n\t<meta property=\"og:image:height\" content=\"640\" \/>\n\t<meta property=\"og:image:type\" content=\"image\/jpeg\" \/>\n<meta name=\"author\" content=\"Christian Zander\" \/>\n<meta name=\"twitter:card\" content=\"summary_large_image\" \/>\n<meta name=\"twitter:creator\" content=\"@ODDSETsport\" \/>\n<meta name=\"twitter:site\" content=\"@ODDSETsport\" \/>\n<meta name=\"twitter:label1\" content=\"Verfasst von\" \/>\n\t<meta name=\"twitter:data1\" content=\"Christian Zander\" \/>\n\t<meta name=\"twitter:label2\" content=\"Gesch\u00e4tzte Lesezeit\" \/>\n\t<meta name=\"twitter:data2\" content=\"22\u00a0Minuten\" \/>\n<!-- \/ Yoast SEO plugin. -->","yoast_head_json":{"title":"Die Bayern zum Auftakt in Bremen - ODDSET","description":"\u2730 Werder Bremen - \u2730 FC Bayern M\u00fcnchen (8,5 | 6,25 | 1,25) Bundesliga ODDSET Wetten \u2705 Quoten \u2705 Tipps \u2705 H2H \u2705 Vorschau \u2705 JETZT ODDSET wetten bei LOTTO \u27a4","robots":{"index":"index","follow":"follow","max-snippet":"max-snippet:-1","max-image-preview":"max-image-preview:large","max-video-preview":"max-video-preview:-1"},"canonical":"https:\/\/www.oddset.de\/blog\/fussball\/bundesliga\/die-bayern-zum-auftakt-in-bremen\/","og_locale":"de_DE","og_type":"article","og_title":"Die Bayern zum Auftakt in Bremen - ODDSET","og_description":"\u2730 Werder Bremen - \u2730 FC Bayern M\u00fcnchen (8,5 | 6,25 | 1,25) Bundesliga ODDSET Wetten \u2705 Quoten \u2705 Tipps \u2705 H2H \u2705 Vorschau \u2705 JETZT ODDSET wetten bei LOTTO \u27a4","og_url":"https:\/\/www.oddset.de\/blog\/fussball\/bundesliga\/die-bayern-zum-auftakt-in-bremen\/","og_site_name":"ODDSET FANZONE","article_publisher":"https:\/\/www.facebook.com\/ODDSETwetten\/","article_published_time":"2023-08-16T12:30:10+00:00","article_modified_time":"2023-08-18T08:05:38+00:00","og_image":[{"width":1024,"height":640,"url":"https:\/\/www.oddset.de\/blog\/wp-content\/uploads\/2022\/11\/werder-fans.jpg","type":"image\/jpeg"}],"author":"Christian Zander","twitter_card":"summary_large_image","twitter_creator":"@ODDSETsport","twitter_site":"@ODDSETsport","twitter_misc":{"Verfasst von":"Christian Zander","Gesch\u00e4tzte Lesezeit":"22\u00a0Minuten"},"schema":{"@context":"https:\/\/schema.org","@graph":[{"@type":"Article","@id":"https:\/\/www.oddset.de\/blog\/fussball\/bundesliga\/die-bayern-zum-auftakt-in-bremen\/#article","isPartOf":{"@id":"https:\/\/www.oddset.de\/blog\/fussball\/bundesliga\/die-bayern-zum-auftakt-in-bremen\/"},"author":{"name":"Christian Zander","@id":"https:\/\/www.oddset.de\/blog\/#\/schema\/person\/b1f779b5cddaac8358041829fcf053a2"},"headline":"Die Bayern zum Auftakt in Bremen","datePublished":"2023-08-16T12:30:10+00:00","dateModified":"2023-08-18T08:05:38+00:00","mainEntityOfPage":{"@id":"https:\/\/www.oddset.de\/blog\/fussball\/bundesliga\/die-bayern-zum-auftakt-in-bremen\/"},"wordCount":984,"publisher":{"@id":"https:\/\/www.oddset.de\/blog\/#organization"},"image":{"@id":"https:\/\/www.oddset.de\/blog\/fussball\/bundesliga\/die-bayern-zum-auftakt-in-bremen\/#primaryimage"},"thumbnailUrl":"https:\/\/www.oddset.de\/blog\/wp-content\/uploads\/2022\/11\/werder-fans.jpg","keywords":["Bundesliga","FC Bayern M\u00fcnchen","Werder Bremen"],"articleSection":["Bundesliga"],"inLanguage":"de"},{"@type":"WebPage","@id":"https:\/\/www.oddset.de\/blog\/fussball\/bundesliga\/die-bayern-zum-auftakt-in-bremen\/","url":"https:\/\/www.oddset.de\/blog\/fussball\/bundesliga\/die-bayern-zum-auftakt-in-bremen\/","name":"Die Bayern zum Auftakt in Bremen - ODDSET","isPartOf":{"@id":"https:\/\/www.oddset.de\/blog\/#website"},"primaryImageOfPage":{"@id":"https:\/\/www.oddset.de\/blog\/fussball\/bundesliga\/die-bayern-zum-auftakt-in-bremen\/#primaryimage"},"image":{"@id":"https:\/\/www.oddset.de\/blog\/fussball\/bundesliga\/die-bayern-zum-auftakt-in-bremen\/#primaryimage"},"thumbnailUrl":"https:\/\/www.oddset.de\/blog\/wp-content\/uploads\/2022\/11\/werder-fans.jpg","datePublished":"2023-08-16T12:30:10+00:00","dateModified":"2023-08-18T08:05:38+00:00","description":"\u2730 Werder Bremen - \u2730 FC Bayern M\u00fcnchen (8,5 | 6,25 | 1,25) Bundesliga ODDSET Wetten \u2705 Quoten \u2705 Tipps \u2705 H2H \u2705 Vorschau \u2705 JETZT ODDSET wetten bei LOTTO \u27a4","breadcrumb":{"@id":"https:\/\/www.oddset.de\/blog\/fussball\/bundesliga\/die-bayern-zum-auftakt-in-bremen\/#breadcrumb"},"inLanguage":"de","potentialAction":[{"@type":"ReadAction","target":["https:\/\/www.oddset.de\/blog\/fussball\/bundesliga\/die-bayern-zum-auftakt-in-bremen\/"]}]},{"@type":"ImageObject","inLanguage":"de","@id":"https:\/\/www.oddset.de\/blog\/fussball\/bundesliga\/die-bayern-zum-auftakt-in-bremen\/#primaryimage","url":"https:\/\/www.oddset.de\/blog\/wp-content\/uploads\/2022\/11\/werder-fans.jpg","contentUrl":"https:\/\/www.oddset.de\/blog\/wp-content\/uploads\/2022\/11\/werder-fans.jpg","width":1024,"height":640,"caption":"Bremen hat 3 der letzten 5 Duelle nicht verloren"},{"@type":"BreadcrumbList","@id":"https:\/\/www.oddset.de\/blog\/fussball\/bundesliga\/die-bayern-zum-auftakt-in-bremen\/#breadcrumb","itemListElement":[{"@type":"ListItem","position":1,"name":"Startseite","item":"https:\/\/www.oddset.de\/blog\/"},{"@type":"ListItem","position":2,"name":"Die Bayern zum Auftakt in Bremen"}]},{"@type":"WebSite","@id":"https:\/\/www.oddset.de\/blog\/#website","url":"https:\/\/www.oddset.de\/blog\/","name":"ODDSET FANZONE","description":"Der Fu\u00dfball &amp; Sportwetten Blog","publisher":{"@id":"https:\/\/www.oddset.de\/blog\/#organization"},"potentialAction":[{"@type":"SearchAction","target":{"@type":"EntryPoint","urlTemplate":"https:\/\/www.oddset.de\/blog\/?s={search_term_string}"},"query-input":{"@type":"PropertyValueSpecification","valueRequired":true,"valueName":"search_term_string"}}],"inLanguage":"de"},{"@type":"Organization","@id":"https:\/\/www.oddset.de\/blog\/#organization","name":"ODDSET FANZONE","url":"https:\/\/www.oddset.de\/blog\/","logo":{"@type":"ImageObject","inLanguage":"de","@id":"https:\/\/www.oddset.de\/blog\/#\/schema\/logo\/image\/","url":"https:\/\/www.oddset.de\/blog\/wp-content\/uploads\/2020\/05\/tb_logo.png","contentUrl":"https:\/\/www.oddset.de\/blog\/wp-content\/uploads\/2020\/05\/tb_logo.png","width":1171,"height":400,"caption":"ODDSET FANZONE"},"image":{"@id":"https:\/\/www.oddset.de\/blog\/#\/schema\/logo\/image\/"},"sameAs":["https:\/\/www.facebook.com\/ODDSETwetten\/","https:\/\/x.com\/ODDSETsport","https:\/\/www.youtube.com\/channel\/UC_vWGAocu28RqdyhzCPf9ZQ"]},{"@type":"Person","@id":"https:\/\/www.oddset.de\/blog\/#\/schema\/person\/b1f779b5cddaac8358041829fcf053a2","name":"Christian Zander","image":{"@type":"ImageObject","inLanguage":"de","@id":"https:\/\/www.oddset.de\/blog\/#\/schema\/person\/image\/","url":"https:\/\/www.oddset.de\/blog\/wp-content\/uploads\/2021\/06\/imago0047482952h-150x150.jpg","contentUrl":"https:\/\/www.oddset.de\/blog\/wp-content\/uploads\/2021\/06\/imago0047482952h-150x150.jpg","caption":"Christian Zander"},"description":"Fr\u00fcher selbst aktiv am Ball, doch vor dem Sprung zu den Profis durch diverse Aktivit\u00e4ten, die sich nicht mit einem Fu\u00dfballlerleben vereinbaren lassen, die Schuhe vorzeitig an den Nagel geh\u00e4ngt. Seitdem begeisterter Fan der Bundesliga und des FC Bayern. Der erste Kontakt mit dem runden Leder geht bei mir auf die WM 1990 in Italien zur\u00fcck. Das Tor von Andy Brehme im Finale gegen Argentinien ist nach wie vor in bester Erinnerung. Ebenso wie der bittere Abstieg unseres WM-Helden mit Kaiserslautern. Gerne in Nostalgie schwelgend und dennoch voll im Tagesgesch\u00e4ft dabei. Alles f\u00fcr den Fu\u00dfball!","url":"https:\/\/www.oddset.de\/blog\/blogger\/christian-zander\/"}]}},"amp_enabled":true,"_links":{"self":[{"href":"https:\/\/www.oddset.de\/blog\/wp-json\/wp\/v2\/posts\/78372","targetHints":{"allow":["GET"]}}],"collection":[{"href":"https:\/\/www.oddset.de\/blog\/wp-json\/wp\/v2\/posts"}],"about":[{"href":"https:\/\/www.oddset.de\/blog\/wp-json\/wp\/v2\/types\/post"}],"author":[{"embeddable":true,"href":"https:\/\/www.oddset.de\/blog\/wp-json\/wp\/v2\/users\/5"}],"replies":[{"embeddable":true,"href":"https:\/\/www.oddset.de\/blog\/wp-json\/wp\/v2\/comments?post=78372"}],"version-history":[{"count":24,"href":"https:\/\/www.oddset.de\/blog\/wp-json\/wp\/v2\/posts\/78372\/revisions"}],"predecessor-version":[{"id":78480,"href":"https:\/\/www.oddset.de\/blog\/wp-json\/wp\/v2\/posts\/78372\/revisions\/78480"}],"wp:featuredmedia":[{"embeddable":true,"href":"https:\/\/www.oddset.de\/blog\/wp-json\/wp\/v2\/media\/66090"}],"wp:attachment":[{"href":"https:\/\/www.oddset.de\/blog\/wp-json\/wp\/v2\/media?parent=78372"}],"wp:term":[{"taxonomy":"category","embeddable":true,"href":"https:\/\/www.oddset.de\/blog\/wp-json\/wp\/v2\/categories?post=78372"},{"taxonomy":"post_tag","embeddable":true,"href":"https:\/\/www.oddset.de\/blog\/wp-json\/wp\/v2\/tags?post=78372"}],"curies":[{"name":"wp","href":"https:\/\/api.w.org\/{rel}","templated":true}]}}