{"id":78078,"date":"2023-08-08T14:34:57","date_gmt":"2023-08-08T12:34:57","guid":{"rendered":"https:\/\/fanzone.oddset.de\/?p=78078"},"modified":"2023-08-08T14:53:02","modified_gmt":"2023-08-08T12:53:02","slug":"benfica-porto-traditionsduell-um-den-supercup","status":"publish","type":"post","link":"https:\/\/www.oddset.de\/blog\/fussball\/supercup\/benfica-porto-traditionsduell-um-den-supercup\/","title":{"rendered":"Benfica \u2013 Porto: Traditionsduell um den Supercup"},"content":{"rendered":"\t\t<div data-elementor-type=\"wp-post\" data-elementor-id=\"78078\" class=\"elementor elementor-78078\">\n\t\t\t\t\t\t<section class=\"elementor-section elementor-top-section elementor-element elementor-element-55b9542 elementor-section-boxed elementor-section-height-default elementor-section-height-default\" data-id=\"55b9542\" data-element_type=\"section\">\n\t\t\t\t\t\t<div class=\"elementor-container elementor-column-gap-default\">\n\t\t\t\t\t<div class=\"elementor-column elementor-col-100 elementor-top-column elementor-element elementor-element-27544b1\" data-id=\"27544b1\" data-element_type=\"column\">\n\t\t\t<div class=\"elementor-widget-wrap elementor-element-populated\">\n\t\t\t\t\t\t<div class=\"elementor-element elementor-element-89ea1b5 elementor-widget elementor-widget-text-editor\" data-id=\"89ea1b5\" data-element_type=\"widget\" data-widget_type=\"text-editor.default\">\n\t\t\t\t<div class=\"elementor-widget-container\">\n\t\t\t\t\t\t\t\t\t<p>Ein besseres Spiel zum Saisonauftakt in Portugal k\u00f6nnte es im Rahmen des Supercups nicht geben. Der Rekordmeister und amtierende Champion Benfica mit dem deutschen Trainer Roger Schmidt trifft auf den Pokalsieger FC Porto. Porto hat in Sachen Meisterschaften und Pokalsiegen gegen\u00fcber Benfica das Nachsehen, doch um Supercup sind die Dragoes das Nonplusultra in Portugal. Satte 23 Mal haben sie die Troph\u00e4e schon gewonnen. Benfica kommt lediglich auf acht Titel. Vor allem im Supercup zieht Benfica gegen Porto regelm\u00e4\u00dfig den K\u00fcrzeren. Zuletzt war das im Jahr 2020 der Fall. In elf Supercup-Vergleichen triumphierte Benfica lediglich einmal. Das war im Jahr 1985. Ansto\u00df zum portugiesischen Gigantenduell ist um <strong>21:45 Uhr<\/strong> auf neutralem Platz im Estadio Municipal de Aveiro.<\/p>\t\t\t\t\t\t\t\t<\/div>\n\t\t\t\t<\/div>\n\t\t\t\t\t<\/div>\n\t\t<\/div>\n\t\t\t\t\t<\/div>\n\t\t<\/section>\n\t\t\t\t<section class=\"elementor-section elementor-top-section elementor-element elementor-element-7b35a823 elementor-section-boxed elementor-section-height-default elementor-section-height-default\" data-id=\"7b35a823\" data-element_type=\"section\">\n\t\t\t\t\t\t<div class=\"elementor-container elementor-column-gap-default\">\n\t\t\t\t\t<div class=\"elementor-column elementor-col-100 elementor-top-column elementor-element elementor-element-7b9fca8c\" data-id=\"7b9fca8c\" data-element_type=\"column\">\n\t\t\t<div class=\"elementor-widget-wrap elementor-element-populated\">\n\t\t\t\t\t\t<div class=\"elementor-element elementor-element-7a47d65b elementor-position-left elementor-view-default elementor-mobile-position-top elementor-widget elementor-widget-icon-box\" data-id=\"7a47d65b\" data-element_type=\"widget\" data-widget_type=\"icon-box.default\">\n\t\t\t\t<div class=\"elementor-widget-container\">\n\t\t\t\t\t\t\t<div class=\"elementor-icon-box-wrapper\">\n\n\t\t\t\t\t\t<div class=\"elementor-icon-box-icon\">\n\t\t\t\t<span  class=\"elementor-icon\">\n\t\t\t\t<i aria-hidden=\"true\" class=\"fas fa-tv\"><\/i>\t\t\t\t<\/span>\n\t\t\t<\/div>\n\t\t\t\n\t\t\t\t\t\t<div class=\"elementor-icon-box-content\">\n\n\t\t\t\t\t\t\t\t\t<h3 class=\"elementor-icon-box-title\">\n\t\t\t\t\t\t<span  >\n\t\t\t\t\t\t\tBenfica - Porto im TV oder Livestream\t\t\t\t\t\t<\/span>\n\t\t\t\t\t<\/h3>\n\t\t\t\t\n\t\t\t\t\t\t\t\t\t<p class=\"elementor-icon-box-description\">\n\t\t\t\t\t\tDas Spiel wird auf keinem deutschsprachigen Sender oder Stream \u00fcbertragen.\t\t\t\t\t<\/p>\n\t\t\t\t\n\t\t\t<\/div>\n\t\t\t\n\t\t<\/div>\n\t\t\t\t\t\t<\/div>\n\t\t\t\t<\/div>\n\t\t\t\t\t<\/div>\n\t\t<\/div>\n\t\t\t\t\t<\/div>\n\t\t<\/section>\n\t\t\t\t<section class=\"elementor-section elementor-top-section elementor-element elementor-element-4083d65 elementor-section-boxed elementor-section-height-default elementor-section-height-default\" data-id=\"4083d65\" data-element_type=\"section\">\n\t\t\t\t\t\t<div class=\"elementor-container elementor-column-gap-default\">\n\t\t\t\t\t<div class=\"elementor-column elementor-col-100 elementor-top-column elementor-element elementor-element-8013138\" data-id=\"8013138\" data-element_type=\"column\">\n\t\t\t<div class=\"elementor-widget-wrap elementor-element-populated\">\n\t\t\t\t\t\t<div class=\"elementor-element elementor-element-57d8653 elementor-widget elementor-widget-text-editor\" data-id=\"57d8653\" data-element_type=\"widget\" data-widget_type=\"text-editor.default\">\n\t\t\t\t<div class=\"elementor-widget-container\">\n\t\t\t\t\t\t\t\t\t<h2>Benfica und das Porto-Problem <\/h2>\n<p>Benfica ist die erfolgreichste Klubmannschaft Portugals. Mit 38 Titeln sind sie Rekordmeister und mit 26 Titeln Rekordpokalsieger. In der abgelaufenen Saison holte der Klub die meisten Siege (28), kassierte die wenigsten Niederlagen (3), erzielte die meisten Tore (82) und stellte mit 20 Gegentoren die beste Abwehr des Landes. Die Meisterschaft war mehr als verdient. Trotzdem kann man nicht behaupten, dass Benfica in einer eigenen Liga spielt. Da gibt es n\u00e4mlich noch den FC Porto und der wird f\u00fcr den Klub aus Lissabon immer mehr zum Angstgegner. Letzte Saison konnte man die Dragoes ausw\u00e4rts zwar mit 1:0 besiegen, das war allerdings der einzige Sieg aus den letzten elf Vergleichen. In diesem Zeitraum gingen acht Begegnungen verloren. Unter anderem das R\u00fcckspiel in Lissabon mit 1:2. Porto ist f\u00fcr Benfica ein rotes Tuch. Allein auf diese Statistik bezogen kann man Benfica im Supercup nicht die Favoritenrolle zusprechen.<\/p>\n<p>Erschwerend kommt noch hinzu, dass der Kader nicht unbedingt besser geworden ist. Mit Goncalo Ramos hat man gerade erst den Toptorj\u00e4ger an Paris St. Germain abgegeben. Der 22-J\u00e4hrige war der Mann f\u00fcr die wichtigen Tore. Au\u00dferdem hat sich der gesetzte Linksverteidiger Alejandro Grimaldo in Richtung Leverkusen verabschiedet. Ob Neuzugang Angel di Maria mit seinen 35 Jahren die erhoffte Offensivverst\u00e4rkung ist, muss man erst abwarten. F\u00fcr Grimaldo kam David Jurasek von Slavia Prag. Ganz interessant ist die Verpflichtung von Orkun K\u00f6kc\u00fc. Der T\u00fcrke kam f\u00fcr 25 Millionen Euro von Feyenoord Rotterdam. Gegen die Niederl\u00e4nder hat man gerade erst ein Testspiel mit 1:2 verloren. Zuvor gab\u2019s ein 0:2 gegen Burnley. Noch ist etwas Sand im Getriebe beim Rekordmeister. Gegen Porto wird es am Mittwochabend sicherlich nicht einfacher.<\/p>\t\t\t\t\t\t\t\t<\/div>\n\t\t\t\t<\/div>\n\t\t\t\t\t<\/div>\n\t\t<\/div>\n\t\t\t\t\t<\/div>\n\t\t<\/section>\n\t\t\t\t<section class=\"elementor-section elementor-top-section elementor-element elementor-element-33fb23d elementor-section-boxed elementor-section-height-default elementor-section-height-default\" data-id=\"33fb23d\" data-element_type=\"section\">\n\t\t\t\t\t\t<div class=\"elementor-container elementor-column-gap-default\">\n\t\t\t\t\t<div class=\"elementor-column elementor-col-100 elementor-top-column elementor-element elementor-element-afe82a8\" data-id=\"afe82a8\" data-element_type=\"column\">\n\t\t\t<div class=\"elementor-widget-wrap elementor-element-populated\">\n\t\t\t\t\t\t<div class=\"elementor-element elementor-element-6831d28 elementor-widget elementor-widget-text-editor\" data-id=\"6831d28\" data-element_type=\"widget\" data-widget_type=\"text-editor.default\">\n\t\t\t\t<div class=\"elementor-widget-container\">\n\t\t\t\t\t\t\t\t\t<h2>Fakten zum Spiel<\/h2><ul><li>Benfica hat im Supercup nur 1 von 11 Endspielen gegen Porto gewonnen.<\/li><li>Benfica hat nur 1 der letzten 11 Spiele gegen Porto gewonnen (8N).<\/li><li>Benfica holte letzte Saison in der Liga die meisten Siege, die wenigsten Niederlagen, die meisten Tore und die wenigsten Gegentore.<\/li><li>Porto hat die letzten 8 Supercup-Endspiele gewonnen. Die letzte Niederlage gab es 2008 gegen Sporting.<\/li><li>Porto ist seit 16 Pflichtspielen ungeschlagen, Benfica seit 7.<\/li><\/ul>\t\t\t\t\t\t\t\t<\/div>\n\t\t\t\t<\/div>\n\t\t\t\t\t<\/div>\n\t\t<\/div>\n\t\t\t\t\t<\/div>\n\t\t<\/section>\n\t\t\t\t<section class=\"elementor-section elementor-top-section elementor-element elementor-element-7b79d16 elementor-section-boxed elementor-section-height-default elementor-section-height-default\" data-id=\"7b79d16\" data-element_type=\"section\">\n\t\t\t\t\t\t<div class=\"elementor-container elementor-column-gap-default\">\n\t\t\t\t\t<div class=\"elementor-column elementor-col-100 elementor-top-column elementor-element elementor-element-507d771\" data-id=\"507d771\" data-element_type=\"column\">\n\t\t\t<div class=\"elementor-widget-wrap elementor-element-populated\">\n\t\t\t\t\t\t<div class=\"elementor-element elementor-element-110f506 elementor-widget elementor-widget-ucaddon_sportradar2020\" data-id=\"110f506\" data-element_type=\"widget\" data-widget_type=\"ucaddon_sportradar2020.default\">\n\t\t\t\t<div class=\"elementor-widget-container\">\n\t\t\t\t\t\n\n\n<div class=\"widgets\">\n\t<div class=\"sr-widget sr-widget-1\" id=\"sr-widget-41681457\" data-sr-widget=\"headToHead.standalone\" data-sr-match-id=\"41681457\"><\/div>\n<\/div>\n\t\t\t\t<\/div>\n\t\t\t\t<\/div>\n\t\t\t\t\t<\/div>\n\t\t<\/div>\n\t\t\t\t\t<\/div>\n\t\t<\/section>\n\t\t\t\t<section class=\"elementor-section elementor-top-section elementor-element elementor-element-2d35bb7 elementor-section-boxed elementor-section-height-default elementor-section-height-default\" data-id=\"2d35bb7\" data-element_type=\"section\">\n\t\t\t\t\t\t<div class=\"elementor-container elementor-column-gap-default\">\n\t\t\t\t\t<div class=\"elementor-column elementor-col-100 elementor-top-column elementor-element elementor-element-ff8453d\" data-id=\"ff8453d\" data-element_type=\"column\">\n\t\t\t<div class=\"elementor-widget-wrap elementor-element-populated\">\n\t\t\t\t\t\t<div class=\"elementor-element elementor-element-0264117 elementor-widget elementor-widget-text-editor\" data-id=\"0264117\" data-element_type=\"widget\" data-widget_type=\"text-editor.default\">\n\t\t\t\t<div class=\"elementor-widget-container\">\n\t\t\t\t\t\t\t\t\t<h2>Porto mit starkem Endspurt <\/h2><p>Der FC Porto konnte mit seiner Saison ebenfalls recht zufrieden sein. Fast h\u00e4tte man die vergangene Spielzeit noch mit dem nationalen Double gekr\u00f6nt. Den Pokal konnte man erfolgreich verteidigen. In der Liga lag man zwischenzeitlich zehn Z\u00e4hler hinter Benfica, kam aber nach einem starken Endspurt noch bis auf zwei Punkte heran. Am Ende hatte man nur einen Sieg weniger und ein Unentschieden mehr auf dem Konto. Auch in Sachen Tore (73) und Gegentore (22) war man Benfica auf den Fersen. Das schreit f\u00f6rmlich nach Revanche. Der Supercup w\u00e4re dazu die ideale Gelegenheit.<\/p><p>Schlie\u00dflich ist es der Wettbewerb schlechthin f\u00fcr die Dragoes. Porto war 32 Mal dabei und holte die Troph\u00e4e 23 Mal. Zum Vergleich: Benfica nahm 21 Mal teil und kommt lediglich auf acht Siege. Allein die letzten zehn Supercups hat Porto gewonnen. Die letzte Niederlage gab es 2008 mit 0:2 gegen Sporting. Viel spricht daf\u00fcr, dass man den Titel ein weiteres Mal in die Hafenstadt holen kann. Unter anderem die starken Leistungen im Saisonendspurt sowie die Ergebnisse in der Vorbereitung. Porto hat nur eines der letzten 20 Spiele inklusive der Tests in der Vorbereitung verloren. 16 Mal ging man als Sieger vom Feld. Der Kader hat sich im Vergleich zum Vorjahr wenig ver\u00e4ndert und ist durch die Verpflichtungen von Fran Navarro und Nico Gonzalez sogar noch st\u00e4rker geworden. Vor allem Gonzalez, der aus der Barca-Schmiede kam, k\u00f6nnte in dieser Saison den Unterschied ausmachen. Vielleicht ja schon gegen Benfica.<\/p>\t\t\t\t\t\t\t\t<\/div>\n\t\t\t\t<\/div>\n\t\t\t\t\t<\/div>\n\t\t<\/div>\n\t\t\t\t\t<\/div>\n\t\t<\/section>\n\t\t\t\t<section class=\"elementor-section elementor-top-section elementor-element elementor-element-623e5a63 elementor-section-boxed elementor-section-height-default elementor-section-height-default\" data-id=\"623e5a63\" data-element_type=\"section\">\n\t\t\t\t\t\t<div class=\"elementor-container elementor-column-gap-default\">\n\t\t\t\t\t<div class=\"elementor-column elementor-col-100 elementor-top-column elementor-element elementor-element-2e4c4ae1\" data-id=\"2e4c4ae1\" data-element_type=\"column\">\n\t\t\t<div class=\"elementor-widget-wrap elementor-element-populated\">\n\t\t\t\t\t\t<div class=\"elementor-element elementor-element-3f88bfe8 elementor-widget elementor-widget-heading\" data-id=\"3f88bfe8\" data-element_type=\"widget\" data-widget_type=\"heading.default\">\n\t\t\t\t<div class=\"elementor-widget-container\">\n\t\t\t\t\t<h2 class=\"elementor-heading-title elementor-size-default\">Voraussichtliche Aufstellungen<\/h2>\t\t\t\t<\/div>\n\t\t\t\t<\/div>\n\t\t\t\t<section class=\"elementor-section elementor-inner-section elementor-element elementor-element-59b708 elementor-section-boxed elementor-section-height-default elementor-section-height-default\" data-id=\"59b708\" data-element_type=\"section\">\n\t\t\t\t\t\t<div class=\"elementor-container elementor-column-gap-default\">\n\t\t\t\t\t<div class=\"elementor-column elementor-col-50 elementor-inner-column elementor-element elementor-element-5f128137\" data-id=\"5f128137\" data-element_type=\"column\">\n\t\t\t<div class=\"elementor-widget-wrap elementor-element-populated\">\n\t\t\t\t\t\t<div class=\"elementor-element elementor-element-406e78f3 elementor-widget elementor-widget-text-editor\" data-id=\"406e78f3\" data-element_type=\"widget\" data-widget_type=\"text-editor.default\">\n\t\t\t\t<div class=\"elementor-widget-container\">\n\t\t\t\t\t\t\t\t\t<h3 style=\"text-align: center\">Benfica<\/h3><p style=\"text-align: center\">Vlachodimos<\/p><p style=\"text-align: center\">Jurasek, Otamendi, Silva, Bah<\/p><p style=\"text-align: center\">Joao Mario, K\u00f6kc\u00fc , Aursnes, Rafa Silva, Di Maria<\/p><p style=\"text-align: center\">Neres<\/p>\t\t\t\t\t\t\t\t<\/div>\n\t\t\t\t<\/div>\n\t\t\t\t\t<\/div>\n\t\t<\/div>\n\t\t\t\t<div class=\"elementor-column elementor-col-50 elementor-inner-column elementor-element elementor-element-7ead558f\" data-id=\"7ead558f\" data-element_type=\"column\">\n\t\t\t<div class=\"elementor-widget-wrap elementor-element-populated\">\n\t\t\t\t\t\t<div class=\"elementor-element elementor-element-775d101e elementor-widget elementor-widget-text-editor\" data-id=\"775d101e\" data-element_type=\"widget\" data-widget_type=\"text-editor.default\">\n\t\t\t\t<div class=\"elementor-widget-container\">\n\t\t\t\t\t\t\t\t\t<h3 style=\"text-align: center\">Porto<\/h3><p style=\"text-align: center\">Costa<\/p><p style=\"text-align: center\">Wendell, Marcano, Pepe, Pepe<\/p><p style=\"text-align: center\">Otavio, Eustaquio, Gonzalez, Galeno<\/p><p style=\"text-align: center\">Evanilsom Taremi<\/p>\t\t\t\t\t\t\t\t<\/div>\n\t\t\t\t<\/div>\n\t\t\t\t\t<\/div>\n\t\t<\/div>\n\t\t\t\t\t<\/div>\n\t\t<\/section>\n\t\t\t\t\t<\/div>\n\t\t<\/div>\n\t\t\t\t\t<\/div>\n\t\t<\/section>\n\t\t\t\t<section class=\"elementor-section elementor-top-section elementor-element elementor-element-48a7df87 elementor-section-boxed elementor-section-height-default elementor-section-height-default\" data-id=\"48a7df87\" data-element_type=\"section\">\n\t\t\t\t\t\t<div class=\"elementor-container elementor-column-gap-default\">\n\t\t\t\t\t<div class=\"elementor-column elementor-col-100 elementor-top-column elementor-element elementor-element-494a44ef\" data-id=\"494a44ef\" data-element_type=\"column\">\n\t\t\t<div class=\"elementor-widget-wrap elementor-element-populated\">\n\t\t\t\t\t\t<div class=\"elementor-element elementor-element-4363a251 elementor-widget elementor-widget-text-editor\" data-id=\"4363a251\" data-element_type=\"widget\" data-widget_type=\"text-editor.default\">\n\t\t\t\t<div class=\"elementor-widget-container\">\n\t\t\t\t\t\t\t\t\t<h2 style=\"text-align: center\">Mein Tipp<\/h2>\t\t\t\t\t\t\t\t<\/div>\n\t\t\t\t<\/div>\n\t\t\t\t<div class=\"elementor-element elementor-element-5f5189e9 elementor-widget elementor-widget-testimonial\" data-id=\"5f5189e9\" data-element_type=\"widget\" data-widget_type=\"testimonial.default\">\n\t\t\t\t<div class=\"elementor-widget-container\">\n\t\t\t\t\t\t\t<div class=\"elementor-testimonial-wrapper\">\n\t\t\t\t\t\t\t<div class=\"elementor-testimonial-content\">Benfica ist zwar Meister, doch Porto ist Meister des Supercups und noch dazu einer der Angstgegner der Hauptst\u00e4dter. Im Grunde stehen die Chancen bei 50:50, doch den Abgang von Goncalo Ramos muss Benfica erst einmal verdauen. Porto ist meiner Meinung nach noch st\u00e4rker als im Vorjahr und wird die Partie daher knapp gewinnen. Ich tippe auf ein <b>2:1<\/b>  f\u00fcr die Dragoes und <b>2-3 Tore<\/b>  im Spiel.<\/div>\n\t\t\t\n\t\t\t\t\t\t<div class=\"elementor-testimonial-meta\">\n\t\t\t\t<div class=\"elementor-testimonial-meta-inner\">\n\t\t\t\t\t\n\t\t\t\t\t\t\t\t\t\t<div class=\"elementor-testimonial-details\">\n\t\t\t\t\t\t\t\t\t\t\t\t\t\t<a class=\"elementor-testimonial-name\" href=\"https:\/\/oddset.de\/blog\/blogger\/christian-zander\/\">Christian Zander<\/a>\n\t\t\t\t\t\t\t\t\t\t\t\t\t\t\t\t\t\t\t<\/div>\n\t\t\t\t\t\t\t\t\t<\/div>\n\t\t\t<\/div>\n\t\t\t\t\t<\/div>\n\t\t\t\t\t\t<\/div>\n\t\t\t\t<\/div>\n\t\t\t\t\t<\/div>\n\t\t<\/div>\n\t\t\t\t\t<\/div>\n\t\t<\/section>\n\t\t\t\t<section class=\"elementor-section elementor-top-section elementor-element elementor-element-51e2e51 elementor-section-boxed elementor-section-height-default elementor-section-height-default\" data-id=\"51e2e51\" data-element_type=\"section\">\n\t\t\t\t\t\t<div class=\"elementor-container elementor-column-gap-default\">\n\t\t\t\t\t<div class=\"elementor-column elementor-col-100 elementor-top-column elementor-element elementor-element-b7227e7\" data-id=\"b7227e7\" data-element_type=\"column\">\n\t\t\t<div class=\"elementor-widget-wrap elementor-element-populated\">\n\t\t\t\t\t\t\t<\/div>\n\t\t<\/div>\n\t\t\t\t\t<\/div>\n\t\t<\/section>\n\t\t\t\t<\/div>\n\t\t","protected":false},"excerpt":{"rendered":"<p>Ein besseres Spiel zum Saisonauftakt in Portugal k\u00f6nnte es im Rahmen des Supercups nicht geben. Der Rekordmeister und amtierende Champion Benfica mit dem deutschen Trainer Roger Schmidt trifft auf den Pokalsieger FC Porto. Porto hat in Sachen Meisterschaften und Pokalsiegen gegen\u00fcber Benfica das Nachsehen, doch um Supercup sind die Dragoes das Nonplusultra in Portugal. Satte [&hellip;]<\/p>\n","protected":false},"author":5,"featured_media":73749,"comment_status":"closed","ping_status":"closed","sticky":false,"template":"","format":"standard","meta":{"_acf_changed":false,"footnotes":""},"categories":[34],"tags":[445,452],"class_list":["post-78078","post","type-post","status-publish","format-standard","has-post-thumbnail","hentry","category-supercup","tag-benfica","tag-fc-porto"],"acf":[],"yoast_head":"<!-- This site is optimized with the Yoast SEO plugin v26.0 - https:\/\/yoast.com\/wordpress\/plugins\/seo\/ -->\n<title>Benfica \u2013 Porto: Traditionsduell um den Supercup - ODDSET<\/title>\n<meta name=\"description\" content=\"\u2730 Benfica - \u2730 FC Porto (1,5 | 3,1 | 2,5) Supercup ODDSET Wetten \u2705 Quoten \u2705 Tipps \u2705 H2H \u2705 Vorschau \u2705 JETZT ODDSET wetten bei LOTTO \u27a4\" \/>\n<meta name=\"robots\" content=\"index, follow, max-snippet:-1, max-image-preview:large, max-video-preview:-1\" \/>\n<link rel=\"canonical\" href=\"https:\/\/www.oddset.de\/blog\/fussball\/supercup\/benfica-porto-traditionsduell-um-den-supercup\/\" \/>\n<meta property=\"og:locale\" content=\"de_DE\" \/>\n<meta property=\"og:type\" content=\"article\" \/>\n<meta property=\"og:title\" content=\"Benfica \u2013 Porto: Traditionsduell um den Supercup - ODDSET\" \/>\n<meta property=\"og:description\" content=\"\u2730 Benfica - \u2730 FC Porto (1,5 | 3,1 | 2,5) Supercup ODDSET Wetten \u2705 Quoten \u2705 Tipps \u2705 H2H \u2705 Vorschau \u2705 JETZT ODDSET wetten bei LOTTO \u27a4\" \/>\n<meta property=\"og:url\" content=\"https:\/\/www.oddset.de\/blog\/fussball\/supercup\/benfica-porto-traditionsduell-um-den-supercup\/\" \/>\n<meta property=\"og:site_name\" content=\"ODDSET FANZONE\" \/>\n<meta property=\"article:publisher\" content=\"https:\/\/www.facebook.com\/ODDSETwetten\/\" \/>\n<meta property=\"article:published_time\" content=\"2023-08-08T12:34:57+00:00\" \/>\n<meta property=\"article:modified_time\" content=\"2023-08-08T12:53:02+00:00\" \/>\n<meta property=\"og:image\" content=\"https:\/\/www.oddset.de\/blog\/wp-content\/uploads\/2023\/04\/imago1022490531hfz.jpg\" \/>\n\t<meta property=\"og:image:width\" content=\"1024\" \/>\n\t<meta property=\"og:image:height\" content=\"640\" \/>\n\t<meta property=\"og:image:type\" content=\"image\/jpeg\" \/>\n<meta name=\"author\" content=\"Christian Zander\" \/>\n<meta name=\"twitter:card\" content=\"summary_large_image\" \/>\n<meta name=\"twitter:creator\" content=\"@ODDSETsport\" \/>\n<meta name=\"twitter:site\" content=\"@ODDSETsport\" \/>\n<meta name=\"twitter:label1\" content=\"Verfasst von\" \/>\n\t<meta name=\"twitter:data1\" content=\"Christian Zander\" \/>\n\t<meta name=\"twitter:label2\" content=\"Gesch\u00e4tzte Lesezeit\" \/>\n\t<meta name=\"twitter:data2\" content=\"19\u00a0Minuten\" \/>\n<!-- \/ Yoast SEO plugin. -->","yoast_head_json":{"title":"Benfica \u2013 Porto: Traditionsduell um den Supercup - ODDSET","description":"\u2730 Benfica - \u2730 FC Porto (1,5 | 3,1 | 2,5) Supercup ODDSET Wetten \u2705 Quoten \u2705 Tipps \u2705 H2H \u2705 Vorschau \u2705 JETZT ODDSET wetten bei LOTTO \u27a4","robots":{"index":"index","follow":"follow","max-snippet":"max-snippet:-1","max-image-preview":"max-image-preview:large","max-video-preview":"max-video-preview:-1"},"canonical":"https:\/\/www.oddset.de\/blog\/fussball\/supercup\/benfica-porto-traditionsduell-um-den-supercup\/","og_locale":"de_DE","og_type":"article","og_title":"Benfica \u2013 Porto: Traditionsduell um den Supercup - ODDSET","og_description":"\u2730 Benfica - \u2730 FC Porto (1,5 | 3,1 | 2,5) Supercup ODDSET Wetten \u2705 Quoten \u2705 Tipps \u2705 H2H \u2705 Vorschau \u2705 JETZT ODDSET wetten bei LOTTO \u27a4","og_url":"https:\/\/www.oddset.de\/blog\/fussball\/supercup\/benfica-porto-traditionsduell-um-den-supercup\/","og_site_name":"ODDSET FANZONE","article_publisher":"https:\/\/www.facebook.com\/ODDSETwetten\/","article_published_time":"2023-08-08T12:34:57+00:00","article_modified_time":"2023-08-08T12:53:02+00:00","og_image":[{"width":1024,"height":640,"url":"https:\/\/www.oddset.de\/blog\/wp-content\/uploads\/2023\/04\/imago1022490531hfz.jpg","type":"image\/jpeg"}],"author":"Christian Zander","twitter_card":"summary_large_image","twitter_creator":"@ODDSETsport","twitter_site":"@ODDSETsport","twitter_misc":{"Verfasst von":"Christian Zander","Gesch\u00e4tzte Lesezeit":"19\u00a0Minuten"},"schema":{"@context":"https:\/\/schema.org","@graph":[{"@type":"Article","@id":"https:\/\/www.oddset.de\/blog\/fussball\/supercup\/benfica-porto-traditionsduell-um-den-supercup\/#article","isPartOf":{"@id":"https:\/\/www.oddset.de\/blog\/fussball\/supercup\/benfica-porto-traditionsduell-um-den-supercup\/"},"author":{"name":"Christian Zander","@id":"https:\/\/www.oddset.de\/blog\/#\/schema\/person\/b1f779b5cddaac8358041829fcf053a2"},"headline":"Benfica \u2013 Porto: Traditionsduell um den Supercup","datePublished":"2023-08-08T12:34:57+00:00","dateModified":"2023-08-08T12:53:02+00:00","mainEntityOfPage":{"@id":"https:\/\/www.oddset.de\/blog\/fussball\/supercup\/benfica-porto-traditionsduell-um-den-supercup\/"},"wordCount":3704,"publisher":{"@id":"https:\/\/www.oddset.de\/blog\/#organization"},"image":{"@id":"https:\/\/www.oddset.de\/blog\/fussball\/supercup\/benfica-porto-traditionsduell-um-den-supercup\/#primaryimage"},"thumbnailUrl":"https:\/\/www.oddset.de\/blog\/wp-content\/uploads\/2023\/04\/imago1022490531hfz.jpg","keywords":["Benfica","FC Porto"],"articleSection":["Supercup"],"inLanguage":"de"},{"@type":"WebPage","@id":"https:\/\/www.oddset.de\/blog\/fussball\/supercup\/benfica-porto-traditionsduell-um-den-supercup\/","url":"https:\/\/www.oddset.de\/blog\/fussball\/supercup\/benfica-porto-traditionsduell-um-den-supercup\/","name":"Benfica \u2013 Porto: Traditionsduell um den Supercup - ODDSET","isPartOf":{"@id":"https:\/\/www.oddset.de\/blog\/#website"},"primaryImageOfPage":{"@id":"https:\/\/www.oddset.de\/blog\/fussball\/supercup\/benfica-porto-traditionsduell-um-den-supercup\/#primaryimage"},"image":{"@id":"https:\/\/www.oddset.de\/blog\/fussball\/supercup\/benfica-porto-traditionsduell-um-den-supercup\/#primaryimage"},"thumbnailUrl":"https:\/\/www.oddset.de\/blog\/wp-content\/uploads\/2023\/04\/imago1022490531hfz.jpg","datePublished":"2023-08-08T12:34:57+00:00","dateModified":"2023-08-08T12:53:02+00:00","description":"\u2730 Benfica - \u2730 FC Porto (1,5 | 3,1 | 2,5) Supercup ODDSET Wetten \u2705 Quoten \u2705 Tipps \u2705 H2H \u2705 Vorschau \u2705 JETZT ODDSET wetten bei LOTTO \u27a4","breadcrumb":{"@id":"https:\/\/www.oddset.de\/blog\/fussball\/supercup\/benfica-porto-traditionsduell-um-den-supercup\/#breadcrumb"},"inLanguage":"de","potentialAction":[{"@type":"ReadAction","target":["https:\/\/www.oddset.de\/blog\/fussball\/supercup\/benfica-porto-traditionsduell-um-den-supercup\/"]}]},{"@type":"ImageObject","inLanguage":"de","@id":"https:\/\/www.oddset.de\/blog\/fussball\/supercup\/benfica-porto-traditionsduell-um-den-supercup\/#primaryimage","url":"https:\/\/www.oddset.de\/blog\/wp-content\/uploads\/2023\/04\/imago1022490531hfz.jpg","contentUrl":"https:\/\/www.oddset.de\/blog\/wp-content\/uploads\/2023\/04\/imago1022490531hfz.jpg","width":1024,"height":640,"caption":"Benfica ist in der Champions League ohne Punkt"},{"@type":"BreadcrumbList","@id":"https:\/\/www.oddset.de\/blog\/fussball\/supercup\/benfica-porto-traditionsduell-um-den-supercup\/#breadcrumb","itemListElement":[{"@type":"ListItem","position":1,"name":"Startseite","item":"https:\/\/www.oddset.de\/blog\/"},{"@type":"ListItem","position":2,"name":"Benfica \u2013 Porto: Traditionsduell um den Supercup"}]},{"@type":"WebSite","@id":"https:\/\/www.oddset.de\/blog\/#website","url":"https:\/\/www.oddset.de\/blog\/","name":"ODDSET FANZONE","description":"Der Fu\u00dfball &amp; Sportwetten Blog","publisher":{"@id":"https:\/\/www.oddset.de\/blog\/#organization"},"potentialAction":[{"@type":"SearchAction","target":{"@type":"EntryPoint","urlTemplate":"https:\/\/www.oddset.de\/blog\/?s={search_term_string}"},"query-input":{"@type":"PropertyValueSpecification","valueRequired":true,"valueName":"search_term_string"}}],"inLanguage":"de"},{"@type":"Organization","@id":"https:\/\/www.oddset.de\/blog\/#organization","name":"ODDSET FANZONE","url":"https:\/\/www.oddset.de\/blog\/","logo":{"@type":"ImageObject","inLanguage":"de","@id":"https:\/\/www.oddset.de\/blog\/#\/schema\/logo\/image\/","url":"https:\/\/www.oddset.de\/blog\/wp-content\/uploads\/2020\/05\/tb_logo.png","contentUrl":"https:\/\/www.oddset.de\/blog\/wp-content\/uploads\/2020\/05\/tb_logo.png","width":1171,"height":400,"caption":"ODDSET FANZONE"},"image":{"@id":"https:\/\/www.oddset.de\/blog\/#\/schema\/logo\/image\/"},"sameAs":["https:\/\/www.facebook.com\/ODDSETwetten\/","https:\/\/x.com\/ODDSETsport","https:\/\/www.youtube.com\/channel\/UC_vWGAocu28RqdyhzCPf9ZQ"]},{"@type":"Person","@id":"https:\/\/www.oddset.de\/blog\/#\/schema\/person\/b1f779b5cddaac8358041829fcf053a2","name":"Christian Zander","image":{"@type":"ImageObject","inLanguage":"de","@id":"https:\/\/www.oddset.de\/blog\/#\/schema\/person\/image\/","url":"https:\/\/www.oddset.de\/blog\/wp-content\/uploads\/2021\/06\/imago0047482952h-150x150.jpg","contentUrl":"https:\/\/www.oddset.de\/blog\/wp-content\/uploads\/2021\/06\/imago0047482952h-150x150.jpg","caption":"Christian Zander"},"description":"Fr\u00fcher selbst aktiv am Ball, doch vor dem Sprung zu den Profis durch diverse Aktivit\u00e4ten, die sich nicht mit einem Fu\u00dfballlerleben vereinbaren lassen, die Schuhe vorzeitig an den Nagel geh\u00e4ngt. Seitdem begeisterter Fan der Bundesliga und des FC Bayern. Der erste Kontakt mit dem runden Leder geht bei mir auf die WM 1990 in Italien zur\u00fcck. Das Tor von Andy Brehme im Finale gegen Argentinien ist nach wie vor in bester Erinnerung. Ebenso wie der bittere Abstieg unseres WM-Helden mit Kaiserslautern. Gerne in Nostalgie schwelgend und dennoch voll im Tagesgesch\u00e4ft dabei. Alles f\u00fcr den Fu\u00dfball!","url":"https:\/\/www.oddset.de\/blog\/blogger\/christian-zander\/"}]}},"amp_enabled":true,"_links":{"self":[{"href":"https:\/\/www.oddset.de\/blog\/wp-json\/wp\/v2\/posts\/78078","targetHints":{"allow":["GET"]}}],"collection":[{"href":"https:\/\/www.oddset.de\/blog\/wp-json\/wp\/v2\/posts"}],"about":[{"href":"https:\/\/www.oddset.de\/blog\/wp-json\/wp\/v2\/types\/post"}],"author":[{"embeddable":true,"href":"https:\/\/www.oddset.de\/blog\/wp-json\/wp\/v2\/users\/5"}],"replies":[{"embeddable":true,"href":"https:\/\/www.oddset.de\/blog\/wp-json\/wp\/v2\/comments?post=78078"}],"version-history":[{"count":14,"href":"https:\/\/www.oddset.de\/blog\/wp-json\/wp\/v2\/posts\/78078\/revisions"}],"predecessor-version":[{"id":78092,"href":"https:\/\/www.oddset.de\/blog\/wp-json\/wp\/v2\/posts\/78078\/revisions\/78092"}],"wp:featuredmedia":[{"embeddable":true,"href":"https:\/\/www.oddset.de\/blog\/wp-json\/wp\/v2\/media\/73749"}],"wp:attachment":[{"href":"https:\/\/www.oddset.de\/blog\/wp-json\/wp\/v2\/media?parent=78078"}],"wp:term":[{"taxonomy":"category","embeddable":true,"href":"https:\/\/www.oddset.de\/blog\/wp-json\/wp\/v2\/categories?post=78078"},{"taxonomy":"post_tag","embeddable":true,"href":"https:\/\/www.oddset.de\/blog\/wp-json\/wp\/v2\/tags?post=78078"}],"curies":[{"name":"wp","href":"https:\/\/api.w.org\/{rel}","templated":true}]}}