{"id":7279,"date":"2017-08-02T17:28:45","date_gmt":"2017-08-02T15:28:45","guid":{"rendered":"https:\/\/fanzone.oddset.de\/?p=7279"},"modified":"2017-08-02T17:28:45","modified_gmt":"2017-08-02T15:28:45","slug":"fenerbahce-sturm-graz","status":"publish","type":"post","link":"https:\/\/www.oddset.de\/blog\/fussball\/europa-league\/fenerbahce-sturm-graz\/","title":{"rendered":"Fenerbahce &#8211; Sturm Graz: Der Geruch von Toren"},"content":{"rendered":"\t\t<div data-elementor-type=\"wp-post\" data-elementor-id=\"7279\" class=\"elementor elementor-7279 elementor-bc-flex-widget\">\n\t\t\t\t\t\t<section class=\"elementor-section elementor-top-section elementor-element elementor-element-w66to2g elementor-section-boxed elementor-section-height-default elementor-section-height-default\" data-id=\"w66to2g\" data-element_type=\"section\">\n\t\t\t\t\t\t<div class=\"elementor-container elementor-column-gap-default\">\n\t\t\t\t\t<div class=\"elementor-column elementor-col-100 elementor-top-column elementor-element elementor-element-fttx9us\" data-id=\"fttx9us\" data-element_type=\"column\">\n\t\t\t<div class=\"elementor-widget-wrap elementor-element-populated\">\n\t\t\t\t\t\t<div class=\"elementor-element elementor-element-zrfa9ro elementor-widget elementor-widget-text-editor\" data-id=\"zrfa9ro\" data-element_type=\"widget\" data-widget_type=\"text-editor.default\">\n\t\t\t\t<div class=\"elementor-widget-container\">\n\t\t\t\t\t\t\t\t\t<h2><strong>Sturm Graz \u2013 Fenerbahce 1:2<\/strong><\/h2><p>Die Ausgangslage war f\u00fcr Sturm Graz schwer: Sechs Europapokal-Heimspiele in Folge haben die Grazer verloren. Und nun kam mit Fenerbahce der vermeintlich schwierigste Gegner der letzten Aufeinandertreffen im Europapokal. Zwar ging Sturm Graz mit 1:0 in F\u00fchrung, konnte sie aber nicht lange halten und verlor am Ende verdient mit 1:2. Das Fehlen von drei etatm\u00e4\u00dfigen Innenverteidigern war wohl ausschlaggebend, zumal die \u00d6sterreicher hinten einfach nicht dichtmachen konnten.<\/p><h2><strong>Fenerbahce ohne Kjaer und Co.<\/strong><\/h2><p>Schon im Hinspiel fehlte Simon Kjaer bei Fenerbahce. Offiziell wegen Muskelproblemen, aber das war wohl nur die halbe Wahrheit. Der Abwehrchef stand in Verhandlungen mit dem FC Sevilla und wollte keine Verletzung riskieren. Inzwischen hat Kjaer sogar bei den Andalusiern unterschrieben und wird genauso fehlen wie der verletzte Mehmet Ekici. Mit dabei sein wird wohl dagegen Robin van Persie, der im Hinspiel angeschlagen fehlte, aber zuletzt ohne Komplikationen trainieren konnte.<\/p>\t\t\t\t\t\t\t\t<\/div>\n\t\t\t\t<\/div>\n\t\t\t\t\t<\/div>\n\t\t<\/div>\n\t\t\t\t\t<\/div>\n\t\t<\/section>\n\t\t\t\t<section class=\"elementor-section elementor-top-section elementor-element elementor-element-p9marv5 elementor-section-boxed elementor-section-height-default elementor-section-height-default\" data-id=\"p9marv5\" data-element_type=\"section\">\n\t\t\t\t\t\t<div class=\"elementor-container elementor-column-gap-default\">\n\t\t\t\t\t<div class=\"elementor-column elementor-col-100 elementor-top-column elementor-element elementor-element-fxys8rg\" data-id=\"fxys8rg\" data-element_type=\"column\">\n\t\t\t<div class=\"elementor-widget-wrap elementor-element-populated\">\n\t\t\t\t\t\t<div class=\"elementor-element elementor-element-2z70r5k elementor-widget elementor-widget-video\" data-id=\"2z70r5k\" data-element_type=\"widget\" data-settings=\"{&quot;video_type&quot;:&quot;youtube&quot;,&quot;show_image_overlay&quot;:&quot;no&quot;,&quot;autoplay&quot;:&quot;no&quot;,&quot;controls&quot;:&quot;yes&quot;,&quot;youtube_url&quot;:&quot;https:\\\/\\\/www.youtube.com\\\/watch?v=bKOZyizy5A4&quot;}\" data-widget_type=\"video.default\">\n\t\t\t\t<div class=\"elementor-widget-container\">\n\t\t\t\t\t\t\t<div class=\"elementor-wrapper elementor-open-inline\">\n\t\t\t<div class=\"elementor-video\"><\/div>\t\t<\/div>\n\t\t\t\t\t\t<\/div>\n\t\t\t\t<\/div>\n\t\t\t\t\t<\/div>\n\t\t<\/div>\n\t\t\t\t\t<\/div>\n\t\t<\/section>\n\t\t\t\t<section class=\"elementor-section elementor-top-section elementor-element elementor-element-5hnakp0 elementor-section-boxed elementor-section-height-default elementor-section-height-default\" data-id=\"5hnakp0\" data-element_type=\"section\">\n\t\t\t\t\t\t<div class=\"elementor-container elementor-column-gap-default\">\n\t\t\t\t\t<div class=\"elementor-column elementor-col-100 elementor-top-column elementor-element elementor-element-uwu8j5o\" data-id=\"uwu8j5o\" data-element_type=\"column\">\n\t\t\t<div class=\"elementor-widget-wrap elementor-element-populated\">\n\t\t\t\t\t\t<div class=\"elementor-element elementor-element-9bz133t elementor-widget elementor-widget-text-editor\" data-id=\"9bz133t\" data-element_type=\"widget\" data-widget_type=\"text-editor.default\">\n\t\t\t\t<div class=\"elementor-widget-container\">\n\t\t\t\t\t\t\t\t\t<h2>Sturm Graz: Probleme in der Abwehr<\/h2><p>&#8230;und dann auch noch Charalampos Lykogiannis. Nachdem bei Sturm Graz schon drei etatm\u00e4\u00dfige Verteidiger ausfallen mussten, kam noch der Aushilfsmann hinzu. Der Grieche musste am Wochenende bei Austria Wien krankheitsbedingt passen. Trainer Franco Foda stellte spontan auf eine Dreierkette um, die Fabian Koch, Dario Maresic und Patrick Puchegger bildeten. Letzterer kam frisch von der Zweiten des FC Bayern. Foda lobte hinterher die tolle Defensivleistung \u2013 bei einem 3:2-Sieg.<\/p><p>Und das ist das gro\u00dfe Problem der Grazer: Trotz der tats\u00e4chlich ordentlich Defensivleistung kassiert Sturm Graz noch zu viele \u2013 leichte \u2013 Tore. Wie auch schon im Hinspiel gegen Fenerbahce. Sehr gut m\u00f6glich aber, dass die Dreierkette in Istanbul wieder zum Zuge kommt.<\/p>\t\t\t\t\t\t\t\t<\/div>\n\t\t\t\t<\/div>\n\t\t\t\t\t<\/div>\n\t\t<\/div>\n\t\t\t\t\t<\/div>\n\t\t<\/section>\n\t\t\t\t<section class=\"elementor-section elementor-top-section elementor-element elementor-element-r0x6ly1 elementor-section-boxed elementor-section-height-default elementor-section-height-default\" data-id=\"r0x6ly1\" data-element_type=\"section\">\n\t\t\t\t\t\t<div class=\"elementor-container elementor-column-gap-default\">\n\t\t\t\t\t<div class=\"elementor-column elementor-col-100 elementor-top-column elementor-element elementor-element-mm94ym1\" data-id=\"mm94ym1\" data-element_type=\"column\">\n\t\t\t<div class=\"elementor-widget-wrap elementor-element-populated\">\n\t\t\t\t\t\t<div class=\"elementor-element elementor-element-iawj6qp elementor-widget elementor-widget-text-editor\" data-id=\"iawj6qp\" data-element_type=\"widget\" data-widget_type=\"text-editor.default\">\n\t\t\t\t<div class=\"elementor-widget-container\">\n\t\t\t\t\t\t\t\t\t<h2>Kampfsansage&#8230;<\/h2><p>Bevor die Truppe von Sturm Graz nach Istanbul aufgebrochen ist, gab es viele Kampfansagen:\u00a0&#8222;Ich empfinde extreme Freude aufs Spiel und hoffe auf gro\u00dfes Zuschauerinteresse. Noch ist nichts verloren&#8220;, sagt zum Beispiel der junge Maresic.\u00a0Peter Zulj sagt: &#8222;Wir werden versuchen, von Beginn an Druck zu machen.&#8220; Klar ist aber auch, dass Fenerbahce seit zehn Spielen auf internationalem Parkett ungeschlagen ist.<\/p><h2>Die voraussichtlichen Aufstellungen<\/h2><p><strong>Fenerbahce:<\/strong> Volkan &#8211; Sener, Neust\u00e4dter, Skrtel, Hasan Ali &#8211; Josef, M. Topal &#8211; Dirar, Ozan, Alper &#8211; van Persie<\/p><p><strong>Sturm Graz:<\/strong> Siebenhandl &#8211; Koch, Maresic,\u00a0Lykogiannis, Potzmann &#8211; Zulj, Lovric &#8211; Hierl\u00e4nder, Alar, R\u00f6cher &#8211; Zulechner<\/p><h2>Mein Tipp<\/h2><p>Das Problem von Sturm Graz ist: Sie m\u00fcssen mindestens drei Tore schie\u00dfen, um weiterzukommen und m\u00fcssen kommen &#8211; und irgendwann auch ins Risiko gehen. Der Vorteil von Fenerbahce ist: Sie lieben dieses Spiel und nutzen dies oft aus. Ich glaube, dass Graz sehr anf\u00e4llig ist &#8211; und das <strong>mehr als 2,5 Tore<\/strong> fallen.<\/p>\t\t\t\t\t\t\t\t<\/div>\n\t\t\t\t<\/div>\n\t\t\t\t\t<\/div>\n\t\t<\/div>\n\t\t\t\t\t<\/div>\n\t\t<\/section>\n\t\t\t\t<section class=\"elementor-section elementor-top-section elementor-element elementor-element-0r6gkh9 elementor-section-boxed elementor-section-height-default elementor-section-height-default\" data-id=\"0r6gkh9\" data-element_type=\"section\">\n\t\t\t\t\t\t<div class=\"elementor-container elementor-column-gap-default\">\n\t\t\t\t\t<div class=\"elementor-column elementor-col-100 elementor-top-column elementor-element elementor-element-gw32hxw\" data-id=\"gw32hxw\" data-element_type=\"column\">\n\t\t\t<div class=\"elementor-widget-wrap\">\n\t\t\t\t\t\t\t<\/div>\n\t\t<\/div>\n\t\t\t\t\t<\/div>\n\t\t<\/section>\n\t\t\t\t<section class=\"elementor-section elementor-top-section elementor-element elementor-element-9lt14be elementor-section-boxed elementor-section-height-default elementor-section-height-default\" data-id=\"9lt14be\" data-element_type=\"section\">\n\t\t\t\t\t\t<div class=\"elementor-container elementor-column-gap-default\">\n\t\t\t\t\t<div class=\"elementor-column elementor-col-100 elementor-top-column elementor-element elementor-element-htyc9f6\" data-id=\"htyc9f6\" data-element_type=\"column\">\n\t\t\t<div class=\"elementor-widget-wrap\">\n\t\t\t\t\t\t\t<\/div>\n\t\t<\/div>\n\t\t\t\t\t<\/div>\n\t\t<\/section>\n\t\t\t\t<\/div>\n\t\t","protected":false},"excerpt":{"rendered":"<p>Sturm Graz \u2013 Fenerbahce 1:2 Die Ausgangslage war f\u00fcr Sturm Graz schwer: Sechs Europapokal-Heimspiele in Folge haben die Grazer verloren. Und nun kam mit Fenerbahce der vermeintlich schwierigste Gegner der letzten Aufeinandertreffen im Europapokal. Zwar ging Sturm Graz mit 1:0 in F\u00fchrung, konnte sie aber nicht lange halten und verlor am Ende verdient mit 1:2. [&hellip;]<\/p>\n","protected":false},"author":6,"featured_media":7286,"comment_status":"closed","ping_status":"closed","sticky":false,"template":"","format":"standard","meta":{"_acf_changed":false,"footnotes":""},"categories":[26],"tags":[111,52,663],"class_list":["post-7279","post","type-post","status-publish","format-standard","has-post-thumbnail","hentry","category-europa-league","tag-europa-league","tag-fenerbahce","tag-sturm-graz"],"acf":[],"yoast_head":"<!-- This site is optimized with the Yoast SEO plugin v26.0 - https:\/\/yoast.com\/wordpress\/plugins\/seo\/ -->\n<title>Fenerbahce - Sturm Graz: Der Geruch von Toren - ODDSET<\/title>\n<meta name=\"description\" content=\"Alle ODDSET Wetten, Quoten und die Vorschau zum Europa-League-Spiel Fenerbahce - Sturm Graz (1,12 | 5,5 | 12). Jetzt bei ODDSET Wetten &gt;&gt;\" \/>\n<meta name=\"robots\" content=\"index, follow, max-snippet:-1, max-image-preview:large, max-video-preview:-1\" \/>\n<link rel=\"canonical\" href=\"https:\/\/www.oddset.de\/blog\/fussball\/europa-league\/fenerbahce-sturm-graz\/\" \/>\n<meta property=\"og:locale\" content=\"de_DE\" \/>\n<meta property=\"og:type\" content=\"article\" \/>\n<meta property=\"og:title\" content=\"Fenerbahce - Sturm Graz: Der Geruch von Toren - ODDSET\" \/>\n<meta property=\"og:description\" content=\"Alle ODDSET Wetten, Quoten und die Vorschau zum Europa-League-Spiel Fenerbahce - Sturm Graz (1,12 | 5,5 | 12). Jetzt bei ODDSET Wetten &gt;&gt;\" \/>\n<meta property=\"og:url\" content=\"https:\/\/www.oddset.de\/blog\/fussball\/europa-league\/fenerbahce-sturm-graz\/\" \/>\n<meta property=\"og:site_name\" content=\"ODDSET FANZONE\" \/>\n<meta property=\"article:publisher\" content=\"https:\/\/www.facebook.com\/ODDSETwetten\/\" \/>\n<meta property=\"article:author\" content=\"https:\/\/www.facebook.com\/fatihdemireli\/\" \/>\n<meta property=\"article:published_time\" content=\"2017-08-02T15:28:45+00:00\" \/>\n<meta property=\"og:image\" content=\"https:\/\/www.oddset.de\/blog\/wp-content\/uploads\/2017\/08\/fenerbahce.jpg\" \/>\n\t<meta property=\"og:image:width\" content=\"1024\" \/>\n\t<meta property=\"og:image:height\" content=\"640\" \/>\n\t<meta property=\"og:image:type\" content=\"image\/jpeg\" \/>\n<meta name=\"author\" content=\"Fatih Demireli\" \/>\n<meta name=\"twitter:card\" content=\"summary_large_image\" \/>\n<meta name=\"twitter:creator\" content=\"@FatihDemireli\" \/>\n<meta name=\"twitter:site\" content=\"@ODDSETsport\" \/>\n<meta name=\"twitter:label1\" content=\"Verfasst von\" \/>\n\t<meta name=\"twitter:data1\" content=\"Fatih Demireli\" \/>\n\t<meta name=\"twitter:label2\" content=\"Gesch\u00e4tzte Lesezeit\" \/>\n\t<meta name=\"twitter:data2\" content=\"2\u00a0Minuten\" \/>\n<!-- \/ Yoast SEO plugin. -->","yoast_head_json":{"title":"Fenerbahce - Sturm Graz: Der Geruch von Toren - ODDSET","description":"Alle ODDSET Wetten, Quoten und die Vorschau zum Europa-League-Spiel Fenerbahce - Sturm Graz (1,12 | 5,5 | 12). Jetzt bei ODDSET Wetten >>","robots":{"index":"index","follow":"follow","max-snippet":"max-snippet:-1","max-image-preview":"max-image-preview:large","max-video-preview":"max-video-preview:-1"},"canonical":"https:\/\/www.oddset.de\/blog\/fussball\/europa-league\/fenerbahce-sturm-graz\/","og_locale":"de_DE","og_type":"article","og_title":"Fenerbahce - Sturm Graz: Der Geruch von Toren - ODDSET","og_description":"Alle ODDSET Wetten, Quoten und die Vorschau zum Europa-League-Spiel Fenerbahce - Sturm Graz (1,12 | 5,5 | 12). Jetzt bei ODDSET Wetten >>","og_url":"https:\/\/www.oddset.de\/blog\/fussball\/europa-league\/fenerbahce-sturm-graz\/","og_site_name":"ODDSET FANZONE","article_publisher":"https:\/\/www.facebook.com\/ODDSETwetten\/","article_author":"https:\/\/www.facebook.com\/fatihdemireli\/","article_published_time":"2017-08-02T15:28:45+00:00","og_image":[{"width":1024,"height":640,"url":"https:\/\/www.oddset.de\/blog\/wp-content\/uploads\/2017\/08\/fenerbahce.jpg","type":"image\/jpeg"}],"author":"Fatih Demireli","twitter_card":"summary_large_image","twitter_creator":"@FatihDemireli","twitter_site":"@ODDSETsport","twitter_misc":{"Verfasst von":"Fatih Demireli","Gesch\u00e4tzte Lesezeit":"2\u00a0Minuten"},"schema":{"@context":"https:\/\/schema.org","@graph":[{"@type":"Article","@id":"https:\/\/www.oddset.de\/blog\/fussball\/europa-league\/fenerbahce-sturm-graz\/#article","isPartOf":{"@id":"https:\/\/www.oddset.de\/blog\/fussball\/europa-league\/fenerbahce-sturm-graz\/"},"author":{"name":"Fatih Demireli","@id":"https:\/\/www.oddset.de\/blog\/#\/schema\/person\/ffe2e91caa7f8b75524f1700e24ce55d"},"headline":"Fenerbahce &#8211; Sturm Graz: Der Geruch von Toren","datePublished":"2017-08-02T15:28:45+00:00","mainEntityOfPage":{"@id":"https:\/\/www.oddset.de\/blog\/fussball\/europa-league\/fenerbahce-sturm-graz\/"},"wordCount":435,"publisher":{"@id":"https:\/\/www.oddset.de\/blog\/#organization"},"image":{"@id":"https:\/\/www.oddset.de\/blog\/fussball\/europa-league\/fenerbahce-sturm-graz\/#primaryimage"},"thumbnailUrl":"https:\/\/www.oddset.de\/blog\/wp-content\/uploads\/2017\/08\/fenerbahce.jpg","keywords":["Europa League","Fenerbahce","Sturm Graz"],"articleSection":["Europa League"],"inLanguage":"de"},{"@type":"WebPage","@id":"https:\/\/www.oddset.de\/blog\/fussball\/europa-league\/fenerbahce-sturm-graz\/","url":"https:\/\/www.oddset.de\/blog\/fussball\/europa-league\/fenerbahce-sturm-graz\/","name":"Fenerbahce - Sturm Graz: Der Geruch von Toren - ODDSET","isPartOf":{"@id":"https:\/\/www.oddset.de\/blog\/#website"},"primaryImageOfPage":{"@id":"https:\/\/www.oddset.de\/blog\/fussball\/europa-league\/fenerbahce-sturm-graz\/#primaryimage"},"image":{"@id":"https:\/\/www.oddset.de\/blog\/fussball\/europa-league\/fenerbahce-sturm-graz\/#primaryimage"},"thumbnailUrl":"https:\/\/www.oddset.de\/blog\/wp-content\/uploads\/2017\/08\/fenerbahce.jpg","datePublished":"2017-08-02T15:28:45+00:00","description":"Alle ODDSET Wetten, Quoten und die Vorschau zum Europa-League-Spiel Fenerbahce - Sturm Graz (1,12 | 5,5 | 12). Jetzt bei ODDSET Wetten >>","breadcrumb":{"@id":"https:\/\/www.oddset.de\/blog\/fussball\/europa-league\/fenerbahce-sturm-graz\/#breadcrumb"},"inLanguage":"de","potentialAction":[{"@type":"ReadAction","target":["https:\/\/www.oddset.de\/blog\/fussball\/europa-league\/fenerbahce-sturm-graz\/"]}]},{"@type":"ImageObject","inLanguage":"de","@id":"https:\/\/www.oddset.de\/blog\/fussball\/europa-league\/fenerbahce-sturm-graz\/#primaryimage","url":"https:\/\/www.oddset.de\/blog\/wp-content\/uploads\/2017\/08\/fenerbahce.jpg","contentUrl":"https:\/\/www.oddset.de\/blog\/wp-content\/uploads\/2017\/08\/fenerbahce.jpg","width":1024,"height":640,"caption":"Imago | Sturm Graz verlor das Hinspiel gegen Fenerbahce mit 1:2."},{"@type":"BreadcrumbList","@id":"https:\/\/www.oddset.de\/blog\/fussball\/europa-league\/fenerbahce-sturm-graz\/#breadcrumb","itemListElement":[{"@type":"ListItem","position":1,"name":"Startseite","item":"https:\/\/www.oddset.de\/blog\/"},{"@type":"ListItem","position":2,"name":"Fenerbahce &#8211; Sturm Graz: Der Geruch von Toren"}]},{"@type":"WebSite","@id":"https:\/\/www.oddset.de\/blog\/#website","url":"https:\/\/www.oddset.de\/blog\/","name":"ODDSET FANZONE","description":"Der Fu\u00dfball &amp; Sportwetten Blog","publisher":{"@id":"https:\/\/www.oddset.de\/blog\/#organization"},"potentialAction":[{"@type":"SearchAction","target":{"@type":"EntryPoint","urlTemplate":"https:\/\/www.oddset.de\/blog\/?s={search_term_string}"},"query-input":{"@type":"PropertyValueSpecification","valueRequired":true,"valueName":"search_term_string"}}],"inLanguage":"de"},{"@type":"Organization","@id":"https:\/\/www.oddset.de\/blog\/#organization","name":"ODDSET FANZONE","url":"https:\/\/www.oddset.de\/blog\/","logo":{"@type":"ImageObject","inLanguage":"de","@id":"https:\/\/www.oddset.de\/blog\/#\/schema\/logo\/image\/","url":"https:\/\/www.oddset.de\/blog\/wp-content\/uploads\/2020\/05\/tb_logo.png","contentUrl":"https:\/\/www.oddset.de\/blog\/wp-content\/uploads\/2020\/05\/tb_logo.png","width":1171,"height":400,"caption":"ODDSET FANZONE"},"image":{"@id":"https:\/\/www.oddset.de\/blog\/#\/schema\/logo\/image\/"},"sameAs":["https:\/\/www.facebook.com\/ODDSETwetten\/","https:\/\/x.com\/ODDSETsport","https:\/\/www.youtube.com\/channel\/UC_vWGAocu28RqdyhzCPf9ZQ"]},{"@type":"Person","@id":"https:\/\/www.oddset.de\/blog\/#\/schema\/person\/ffe2e91caa7f8b75524f1700e24ce55d","name":"Fatih Demireli","image":{"@type":"ImageObject","inLanguage":"de","@id":"https:\/\/www.oddset.de\/blog\/#\/schema\/person\/image\/","url":"https:\/\/secure.gravatar.com\/avatar\/ce80aeca509e35f61d70dd398f57443a6a1a648017c3136b225e824eddc56999?s=96&d=mm&r=g","contentUrl":"https:\/\/secure.gravatar.com\/avatar\/ce80aeca509e35f61d70dd398f57443a6a1a648017c3136b225e824eddc56999?s=96&d=mm&r=g","caption":"Fatih Demireli"},"description":"Herausgeber von @SocratesGermany | Bundesliga Live-Experte f\u00fcr @EurosportTV_TR | Korrespondent f\u00fcr @NTVSpor | Absoluter Insider f\u00fcr T\u00fcrkischen Fu\u00dfball (S\u00fcper Lig)","sameAs":["https:\/\/www.facebook.com\/fatihdemireli\/","https:\/\/x.com\/FatihDemireli"],"url":"https:\/\/www.oddset.de\/blog\/blogger\/fatih-demireli\/"}]}},"amp_enabled":true,"_links":{"self":[{"href":"https:\/\/www.oddset.de\/blog\/wp-json\/wp\/v2\/posts\/7279","targetHints":{"allow":["GET"]}}],"collection":[{"href":"https:\/\/www.oddset.de\/blog\/wp-json\/wp\/v2\/posts"}],"about":[{"href":"https:\/\/www.oddset.de\/blog\/wp-json\/wp\/v2\/types\/post"}],"author":[{"embeddable":true,"href":"https:\/\/www.oddset.de\/blog\/wp-json\/wp\/v2\/users\/6"}],"replies":[{"embeddable":true,"href":"https:\/\/www.oddset.de\/blog\/wp-json\/wp\/v2\/comments?post=7279"}],"version-history":[{"count":3,"href":"https:\/\/www.oddset.de\/blog\/wp-json\/wp\/v2\/posts\/7279\/revisions"}],"predecessor-version":[{"id":7285,"href":"https:\/\/www.oddset.de\/blog\/wp-json\/wp\/v2\/posts\/7279\/revisions\/7285"}],"wp:featuredmedia":[{"embeddable":true,"href":"https:\/\/www.oddset.de\/blog\/wp-json\/wp\/v2\/media\/7286"}],"wp:attachment":[{"href":"https:\/\/www.oddset.de\/blog\/wp-json\/wp\/v2\/media?parent=7279"}],"wp:term":[{"taxonomy":"category","embeddable":true,"href":"https:\/\/www.oddset.de\/blog\/wp-json\/wp\/v2\/categories?post=7279"},{"taxonomy":"post_tag","embeddable":true,"href":"https:\/\/www.oddset.de\/blog\/wp-json\/wp\/v2\/tags?post=7279"}],"curies":[{"name":"wp","href":"https:\/\/api.w.org\/{rel}","templated":true}]}}