{"id":6716,"date":"2017-06-22T09:00:44","date_gmt":"2017-06-22T07:00:44","guid":{"rendered":"https:\/\/fanzone.oddset.de\/?p=6716"},"modified":"2017-06-28T10:14:41","modified_gmt":"2017-06-28T08:14:41","slug":"in-gelb-ueber-den-champs-elysees","status":"publish","type":"post","link":"https:\/\/www.oddset.de\/blog\/radsport\/tour-de-france\/in-gelb-ueber-den-champs-elysees\/","title":{"rendered":"Tour de France &#8211; in Gelb \u00fcber die Champs-\u00c9lys\u00e9es"},"content":{"rendered":"\t\t<div data-elementor-type=\"wp-post\" data-elementor-id=\"6716\" class=\"elementor elementor-6716 elementor-bc-flex-widget\">\n\t\t\t\t\t\t<section class=\"elementor-section elementor-top-section elementor-element elementor-element-3oygvrh elementor-section-boxed elementor-section-height-default elementor-section-height-default\" data-id=\"3oygvrh\" data-element_type=\"section\">\n\t\t\t\t\t\t<div class=\"elementor-container elementor-column-gap-default\">\n\t\t\t\t\t<div class=\"elementor-column elementor-col-100 elementor-top-column elementor-element elementor-element-3p5i0b3\" data-id=\"3p5i0b3\" data-element_type=\"column\">\n\t\t\t<div class=\"elementor-widget-wrap elementor-element-populated\">\n\t\t\t\t\t\t<div class=\"elementor-element elementor-element-g7t7tns elementor-widget elementor-widget-text-editor\" data-id=\"g7t7tns\" data-element_type=\"widget\" data-widget_type=\"text-editor.default\">\n\t\t\t\t<div class=\"elementor-widget-container\">\n\t\t\t\t\t\t\t\t\t<p>Vor dem ersten Tritt in die Pedale beim Start der Tour am 1. Juli in D\u00fcsseldorf warten 21 Etappen mit einer Gesamtl\u00e4nge von 3540 Kilometern auf die Radprofis. In 22 Teams mit je 9 Fahrern geht&#8217;s in die wichtigste Rundfahrt des Jahres.<\/p><h2>Greipel gewinnt letzte Etappe der Tour<\/h2><p>Im Jahr 2016 konnte Andre Greipel (im Foto links in wei\u00df) der gro\u00dfe Schleife durch Frankreich den finalen Stempel verpassen: Der Sprinter vom Team Lotto Soudal gewann die Schlussetappe auf der Champs-\u00c9lys\u00e9es. Dort will er nat\u00fcrlich auch in diesem Jahr wieder zuschlagen. Auf ihn und seine Kollegen warten in diesem Jahr 9 Flachetappen, 5 Mittelgebirgs-Etappen, 5 Bergetappen mit 3 Bergank\u00fcnften (La Planche des Belles Filles, Peyragudes, Izoard) sowie 2 Einzelzeitfahren. Und wie \u00fcblich werden den Fahrern 2 Ruhetage geg\u00f6nnt. Der Film zeigt die 21 Etappen im \u00dcberblick:<\/p>\t\t\t\t\t\t\t\t<\/div>\n\t\t\t\t<\/div>\n\t\t\t\t\t<\/div>\n\t\t<\/div>\n\t\t\t\t\t<\/div>\n\t\t<\/section>\n\t\t\t\t<section class=\"elementor-section elementor-top-section elementor-element elementor-element-e41o1m3 elementor-section-boxed elementor-section-height-default elementor-section-height-default\" data-id=\"e41o1m3\" data-element_type=\"section\">\n\t\t\t\t\t\t<div class=\"elementor-container elementor-column-gap-default\">\n\t\t\t\t\t<div class=\"elementor-column elementor-col-100 elementor-top-column elementor-element elementor-element-ygfdj1j\" data-id=\"ygfdj1j\" data-element_type=\"column\">\n\t\t\t<div class=\"elementor-widget-wrap elementor-element-populated\">\n\t\t\t\t\t\t<div class=\"elementor-element elementor-element-b3v1lnb elementor-widget elementor-widget-video\" data-id=\"b3v1lnb\" data-element_type=\"widget\" data-settings=\"{&quot;video_type&quot;:&quot;youtube&quot;,&quot;show_image_overlay&quot;:&quot;no&quot;,&quot;autoplay&quot;:&quot;yes&quot;,&quot;controls&quot;:&quot;yes&quot;,&quot;youtube_url&quot;:&quot;https:\\\/\\\/www.youtube.com\\\/watch?v=wfeu-fS94EA&quot;}\" data-widget_type=\"video.default\">\n\t\t\t\t<div class=\"elementor-widget-container\">\n\t\t\t\t\t\t\t<div class=\"elementor-wrapper elementor-open-inline\">\n\t\t\t<div class=\"elementor-video\"><\/div>\t\t<\/div>\n\t\t\t\t\t\t<\/div>\n\t\t\t\t<\/div>\n\t\t\t\t<div class=\"elementor-element elementor-element-we5p2g9 elementor-widget elementor-widget-heading\" data-id=\"we5p2g9\" data-element_type=\"widget\" data-widget_type=\"heading.default\">\n\t\t\t\t<div class=\"elementor-widget-container\">\n\t\t\t\t\t<h2 class=\"elementor-heading-title elementor-size-default\">Der Fahrplan der 104. Tour de France<\/h2>\t\t\t\t<\/div>\n\t\t\t\t<\/div>\n\t\t\t\t<section class=\"elementor-section elementor-inner-section elementor-element elementor-element-jcr5yju elementor-section-boxed elementor-section-height-default elementor-section-height-default\" data-id=\"jcr5yju\" data-element_type=\"section\">\n\t\t\t\t\t\t<div class=\"elementor-container elementor-column-gap-default\">\n\t\t\t\t\t<div class=\"elementor-column elementor-col-50 elementor-inner-column elementor-element elementor-element-balzwob\" data-id=\"balzwob\" data-element_type=\"column\">\n\t\t\t<div class=\"elementor-widget-wrap elementor-element-populated\">\n\t\t\t\t\t\t<div class=\"elementor-element elementor-element-dn78vjf elementor-widget elementor-widget-text-editor\" data-id=\"dn78vjf\" data-element_type=\"widget\" data-widget_type=\"text-editor.default\">\n\t\t\t\t<div class=\"elementor-widget-container\">\n\t\t\t\t\t\t\t\t\t<p><strong>1, Zeit<\/strong>fahren, SA, 1.7., <strong>14 km<\/strong>,<br \/>D\u00fcsseldorf.<br \/><strong>2,<\/strong> <strong>Flach<\/strong>etappe, SO, 2.7., <strong>203,5 km<\/strong>,<br \/>D\u00fcsseldorf \u2013 L\u00fcttich.<br \/><strong>3,<\/strong> <strong>Mittel<\/strong>gebirge, MO, 3.7., <strong>212,5 km<\/strong>,<br \/>Verviers \u2013 Longwy.<br \/><strong>4,<\/strong> <strong>Flach<\/strong>etappe, DI, 4.7., <strong>207,5 km<\/strong>,<br \/>Mondorf-les-Bains \u2013 Vittel.<br \/><strong>5,<\/strong> <strong>Mittel<\/strong>gebirge, MI, 5.7, <strong>160,5 km<\/strong>,<br \/>Vittel \u2013 La planche des belles filles.<br \/><strong>6, Flach<\/strong>etappe, DO, 6.7.,<strong> 216 km<\/strong>,<br \/>Vesoul \u2013 Troyes.<br \/><strong>7,<\/strong> <strong>Flach<\/strong>etappe, FR, 7.7., <strong>213,5 km<\/strong>,<br \/>Troyes \u2013 Nuits-Saint-Georges. <br \/><strong>8,<\/strong> <strong>Mittel<\/strong>gebirge, SA, 8.7., <strong>187,5 km<\/strong>,<br \/>Dole \u2013 Station des rousses.<br \/><strong>9,<\/strong> <strong>Berg<\/strong>etappe, SO, 9.7., <strong>181,5 km<\/strong>,<br \/>Nantua \u2013 Chamb\u00e9ry.<br \/>\u2013 Ruhetag, MO, 10.7., Dordogne\u00a0\u00a0 \u00a0\u00a0\u00a0 \u00a0<br \/><strong>10,<\/strong> <strong>Flach<\/strong>etappe, DI, 11.7., <strong>178 km<\/strong>,<br \/>P\u00e9rigueux \u2013 Bergerac.<br \/><strong>11,<\/strong> <strong>Flach<\/strong>etappe, MI, 12.7., <strong>203,5 km<\/strong>,<br \/>Eymet \u2013 Pau.<\/p>\t\t\t\t\t\t\t\t<\/div>\n\t\t\t\t<\/div>\n\t\t\t\t\t<\/div>\n\t\t<\/div>\n\t\t\t\t<div class=\"elementor-column elementor-col-50 elementor-inner-column elementor-element elementor-element-6e04adn\" data-id=\"6e04adn\" data-element_type=\"column\">\n\t\t\t<div class=\"elementor-widget-wrap elementor-element-populated\">\n\t\t\t\t\t\t<div class=\"elementor-element elementor-element-jw5rjvk elementor-widget elementor-widget-text-editor\" data-id=\"jw5rjvk\" data-element_type=\"widget\" data-widget_type=\"text-editor.default\">\n\t\t\t\t<div class=\"elementor-widget-container\">\n\t\t\t\t\t\t\t\t\t<p><strong>12, Berg<\/strong>etappe, DO, 13.7., <strong>214,5 km<\/strong>,<br \/>Pau \u2013 Peyragudes.<br \/><strong>13, Berg<\/strong>etappe, FR, 14.7., <strong>101 km<\/strong>,<br \/>Saint-Girons \u2013 Foix.<br \/><strong>14, Mittel<\/strong>gebirge, SA, 15.7., <strong>181,5 km<\/strong>,<br \/>Blagnac \u2013 Rodez.<br \/><strong>15, Mittel<\/strong>gebirge, SO, 16.7.,<strong> 189,5 km<\/strong>,<br \/>Laissac-S\u00e9v\u00e9rac l&#8217;\u00c9glise \u2013 Le Puy-en-Velay.<br \/>\u2013 Ruhetag, MO, 17.7., Le Puy-en-Velay. \u00a0 <br \/><strong>16, Flach<\/strong>etappe, DI, 18.7., <strong>165 km<\/strong>,<br \/>Le Puy-en-Velay \u2013 Romans-sur-Is\u00e8re.<br \/><strong>17, Berg<\/strong>etappe, MI, 19.7., <strong>183 km<\/strong>,<br \/>La Mure \u2013 Serre-Chevalier.<br \/><strong>18, Berg<\/strong>etappe, DO, 20.7., <strong>179,5 km<\/strong>,<br \/>Brian\u00e7on \u2013 Izoard.<br \/><strong>19, Flach<\/strong>etappe, FR, 21.7., <strong>222,5 km<\/strong>,<br \/>Embrun \u2013 Salon-de-Provence.<br \/><strong>20, Zeit<\/strong>fahren, SA, 22.7., <strong>22,5 km<\/strong>,<br \/>Marseille.<br \/><strong>21, Flach<\/strong>etappe, SO, 23.7., <strong>103 km<\/strong>, <br \/>Montgeron \u2013 Paris Champs-\u00c9lys\u00e9es.<br \/><strong>Insgesamt 3540 Kilometer!<\/strong><br \/><br \/><\/p>\t\t\t\t\t\t\t\t<\/div>\n\t\t\t\t<\/div>\n\t\t\t\t\t<\/div>\n\t\t<\/div>\n\t\t\t\t\t<\/div>\n\t\t<\/section>\n\t\t\t\t\t<\/div>\n\t\t<\/div>\n\t\t\t\t\t<\/div>\n\t\t<\/section>\n\t\t\t\t<section class=\"elementor-section elementor-top-section elementor-element elementor-element-rjq3c48 elementor-section-boxed elementor-section-height-default elementor-section-height-default\" data-id=\"rjq3c48\" data-element_type=\"section\">\n\t\t\t\t\t\t<div class=\"elementor-container elementor-column-gap-default\">\n\t\t\t\t\t<div class=\"elementor-column elementor-col-100 elementor-top-column elementor-element elementor-element-5fwm107\" data-id=\"5fwm107\" data-element_type=\"column\">\n\t\t\t<div class=\"elementor-widget-wrap elementor-element-populated\">\n\t\t\t\t\t\t<div class=\"elementor-element elementor-element-ax4sber elementor-widget elementor-widget-image\" data-id=\"ax4sber\" data-element_type=\"widget\" data-widget_type=\"image.default\">\n\t\t\t\t<div class=\"elementor-widget-container\">\n\t\t\t\t\t\t\t\t\t\t\t\t\t\t\t<img fetchpriority=\"high\" decoding=\"async\" width=\"768\" height=\"1024\" src=\"https:\/\/www.oddset.de\/blog\/wp-content\/uploads\/2017\/06\/tour-strecke-768x1024.jpg\" class=\"attachment-large size-large wp-image-6731\" alt=\"\" srcset=\"https:\/\/www.oddset.de\/blog\/wp-content\/uploads\/2017\/06\/tour-strecke-768x1024.jpg 768w, https:\/\/www.oddset.de\/blog\/wp-content\/uploads\/2017\/06\/tour-strecke-225x300.jpg 225w, https:\/\/www.oddset.de\/blog\/wp-content\/uploads\/2017\/06\/tour-strecke.jpg 850w\" sizes=\"(max-width: 768px) 100vw, 768px\" \/>\t\t\t\t\t\t\t\t\t\t\t\t\t\t\t<\/div>\n\t\t\t\t<\/div>\n\t\t\t\t<div class=\"elementor-element elementor-element-xb7lw42 elementor-widget elementor-widget-text-editor\" data-id=\"xb7lw42\" data-element_type=\"widget\" data-widget_type=\"text-editor.default\">\n\t\t\t\t<div class=\"elementor-widget-container\">\n\t\t\t\t\t\t\t\t\t<h3>Die Farben der Tour<\/h3><p>Bei der Tour werden vier Trikots vergeben. Das wichtigste ist das <strong>Gelbe<\/strong>, das Trikot f\u00fcr den <strong>Gesamtsieger<\/strong>. Es wird erstmals am Ende des 14 km langen Einzelzeitfahrens in D\u00fcsseldorf vergeben. Erfahrungsgem\u00e4\u00df steht der Sieger nach dem letzten Einzelzeitfahren fest. Das ist dieses Mal die 20. und damit vorletzte Etappe mit 22,5 km in Marseille.<\/p><p>Das<strong> Gr\u00fcne<\/strong> Trikot bekommt der F\u00fchrende der <strong>Punktewertung<\/strong>. Diese werden im Ziel jeder Etappe und bei den Zwischensprints vergeben. Das Gr\u00fcne Trikot kennzeichnet den <strong>schnellsten Sprinter<\/strong> im Feld. \u00dcbrigens ist erstmals der Sohn unseres ehemaligen Sprintstars Erik Zabel, dem sechsfachen Gewinner des Gr\u00fcnen Trikots am Start. Der 23 Jahre alte Rick Zabel geh\u00f6rt zum neunk\u00f6pfigen Aufgebot des Teams Katusha-Alpecin.<\/p><p>Das <strong>Wei\u00dfe<\/strong> Trikot mit den <strong>roten Punkten<\/strong> tr\u00e4gt der F\u00fchrende im Klassement der besten <strong>Bergfahrer<\/strong>. Die Punkte werden bei jeder \u00dcberquerung einer Bergwertung und bei den drei Bergank\u00fcnften vergeben.<\/p><p>Das <strong>wei\u00dfe<\/strong> Trikot ziert den Oberk\u00f6rper des besten <strong>Nachwuchsfahrers<\/strong> der Gesamtwertung. Der Junior darf maximal 25 Jahre alt sein.<\/p>\t\t\t\t\t\t\t\t<\/div>\n\t\t\t\t<\/div>\n\t\t\t\t\t<\/div>\n\t\t<\/div>\n\t\t\t\t\t<\/div>\n\t\t<\/section>\n\t\t\t\t<section class=\"elementor-section elementor-top-section elementor-element elementor-element-hkegztn elementor-section-boxed elementor-section-height-default elementor-section-height-default\" data-id=\"hkegztn\" data-element_type=\"section\">\n\t\t\t\t\t\t<div class=\"elementor-container elementor-column-gap-default\">\n\t\t\t\t\t<div class=\"elementor-column elementor-col-100 elementor-top-column elementor-element elementor-element-uubdrwd\" data-id=\"uubdrwd\" data-element_type=\"column\">\n\t\t\t<div class=\"elementor-widget-wrap elementor-element-populated\">\n\t\t\t\t\t\t<div class=\"elementor-element elementor-element-w2uxy81 elementor-widget elementor-widget-text-editor\" data-id=\"w2uxy81\" data-element_type=\"widget\" data-widget_type=\"text-editor.default\">\n\t\t\t\t<div class=\"elementor-widget-container\">\n\t\t\t\t\t\t\t\t\t<h3>Favoriten der Tour<\/h3><p>Der Topfavorit ist Titelverteidiger <strong>Christopher Froome<\/strong>. Wer auf ihn setzt, erh\u00e4lt eine<strong> Quote<\/strong> von <strong>2,25<\/strong>. Der Brite hat 2013, 2015 und 2016 die Tour gewonnen. Und mit Sky eines der st\u00e4rksten Teams im R\u00fccken.<\/p><p>Die Nummer zwei bei den Anw\u00e4rtern aufs Gelbe ist <strong>Richie Porte<\/strong>. F\u00fcr den Australier gibt es die <strong>Quote 2,75<\/strong>. Nach Cadel Evans 2011 w\u00e4re er erst der zweite Radler aus Down Under, der das Gelbe mit nach Hause nimmt. Der Profi vom BMC Racing Team hatte er letztes Jahr viel Pech &#8211; und landete trotzdem auf Rang 5.<\/p><p>Der Kolumbianer <strong>Nairo Quintana<\/strong> ist ebenfalls ein Kandidat f\u00fcr den Gesamtsieg. In diesem Falle gibt es die <strong>Quote 7,5<\/strong>. 2013 und 2015 Zweiter, im letzten Jahr Dritter. Er k\u00f6nnte davon profitieren, dass in seinem Team Movistar mit dem Spanier <strong>Alejandro Valverde<\/strong> \u2013 <strong>Siegquote 18,0<\/strong> \u2013 ein weiterer potenzieller Toursieger mitradelt. Gemeinsam k\u00f6nnten sie den Favoriten Froome unter Druck setzen.<\/p><p>Der wohl letzte Versuch, seinen dritten Gesamtsieg bei der Tour zu schaffen, d\u00fcrfte es von <strong>Alberto Contador<\/strong> werden. Im letzten Jahr musste er wegen eines Sturzes fr\u00fch vom Rad, mit mittlerweile 34 Jahren wird der Spanier wohl zum letzten Mal mit aller Macht nach der gr\u00f6\u00dften Krone im Radsport greifen. F\u00fcr ihn lautet die <strong>Quote 15,0<\/strong>.<\/p><p>Die gleiche Quote gibt es f\u00fcr den D\u00e4nen <strong>Jakob Fuglsang<\/strong>. Der Profi vom Team Astana ist frisch gebackener Sieger der acht Etappen des Crit\u00e9rium du Dauphin\u00e9 Lib\u00e9r\u00e9. Damit hat sich <strong>Fuglsang<\/strong> in den Kreis der Tourfavoriten geradelt.<\/p><p><em>Unten gibt es \u00fcbrigens einen interessanten R\u00fcckblick auf die Tour 2016. Vielleicht hilft&#8217;s ja bei Entscheidung f\u00fcr den richtigen Siegertipp.<\/em><\/p>\t\t\t\t\t\t\t\t<\/div>\n\t\t\t\t<\/div>\n\t\t\t\t\t<\/div>\n\t\t<\/div>\n\t\t\t\t\t<\/div>\n\t\t<\/section>\n\t\t\t\t<section class=\"elementor-section elementor-top-section elementor-element elementor-element-c6z6qaf elementor-section-boxed elementor-section-height-default elementor-section-height-default\" data-id=\"c6z6qaf\" data-element_type=\"section\">\n\t\t\t\t\t\t<div class=\"elementor-container elementor-column-gap-default\">\n\t\t\t\t\t<div class=\"elementor-column elementor-col-100 elementor-top-column elementor-element elementor-element-tmudt36\" data-id=\"tmudt36\" data-element_type=\"column\">\n\t\t\t<div class=\"elementor-widget-wrap\">\n\t\t\t\t\t\t\t<\/div>\n\t\t<\/div>\n\t\t\t\t\t<\/div>\n\t\t<\/section>\n\t\t\t\t<section class=\"elementor-section elementor-top-section elementor-element elementor-element-2jht0u4 elementor-section-boxed elementor-section-height-default elementor-section-height-default\" data-id=\"2jht0u4\" data-element_type=\"section\">\n\t\t\t\t\t\t<div class=\"elementor-container elementor-column-gap-default\">\n\t\t\t\t\t<div class=\"elementor-column elementor-col-100 elementor-top-column elementor-element elementor-element-z303svt\" data-id=\"z303svt\" data-element_type=\"column\">\n\t\t\t<div class=\"elementor-widget-wrap elementor-element-populated\">\n\t\t\t\t\t\t<div class=\"elementor-element elementor-element-cz72vpk elementor-widget elementor-widget-video\" data-id=\"cz72vpk\" data-element_type=\"widget\" data-settings=\"{&quot;video_type&quot;:&quot;youtube&quot;,&quot;show_image_overlay&quot;:&quot;no&quot;,&quot;autoplay&quot;:&quot;no&quot;,&quot;controls&quot;:&quot;yes&quot;,&quot;youtube_url&quot;:&quot;https:\\\/\\\/www.youtube.com\\\/watch?v=Ntkph3l2D1c&quot;}\" data-widget_type=\"video.default\">\n\t\t\t\t<div class=\"elementor-widget-container\">\n\t\t\t\t\t\t\t<div class=\"elementor-wrapper elementor-open-inline\">\n\t\t\t<div class=\"elementor-video\"><\/div>\t\t<\/div>\n\t\t\t\t\t\t<\/div>\n\t\t\t\t<\/div>\n\t\t\t\t\t<\/div>\n\t\t<\/div>\n\t\t\t\t\t<\/div>\n\t\t<\/section>\n\t\t\t\t<\/div>\n\t\t","protected":false},"excerpt":{"rendered":"<p>Vor dem ersten Tritt in die Pedale beim Start der Tour am 1. Juli in D\u00fcsseldorf warten 21 Etappen mit einer Gesamtl\u00e4nge von 3540 Kilometern auf die Radprofis. In 22 Teams mit je 9 Fahrern geht&#8217;s in die wichtigste Rundfahrt des Jahres. Greipel gewinnt letzte Etappe der Tour Im Jahr 2016 konnte Andre Greipel (im [&hellip;]<\/p>\n","protected":false},"author":21,"featured_media":6717,"comment_status":"closed","ping_status":"closed","sticky":false,"template":"","format":"standard","meta":{"_acf_changed":false,"footnotes":""},"categories":[578],"tags":[592,585,587,591,590,588,589,584,289,583,586],"class_list":["post-6716","post","type-post","status-publish","format-standard","has-post-thumbnail","hentry","category-tour-de-france","tag-bergetappe","tag-etappe","tag-froome","tag-gesamtsieger","tag-greipel","tag-porte","tag-quintana","tag-rundfahrt","tag-sprint","tag-tour-de-france","tag-trikot"],"acf":[],"yoast_head":"<!-- This site is optimized with the Yoast SEO plugin v26.0 - https:\/\/yoast.com\/wordpress\/plugins\/seo\/ -->\n<title>Tour de France - in Gelb \u00fcber die Champs-\u00c9lys\u00e9es - ODDSET<\/title>\n<meta name=\"description\" content=\"Alle ODDSET Wetten, Quoten, Etappen, Favoriten der Tour de France aufs gelbeTrikot: Froome (2,25), Porte (2,75), Quintana (7,5) oder ... ?\" \/>\n<meta name=\"robots\" content=\"index, follow, max-snippet:-1, max-image-preview:large, max-video-preview:-1\" \/>\n<link rel=\"canonical\" href=\"https:\/\/www.oddset.de\/blog\/radsport\/tour-de-france\/in-gelb-ueber-den-champs-elysees\/\" \/>\n<meta property=\"og:locale\" content=\"de_DE\" \/>\n<meta property=\"og:type\" content=\"article\" \/>\n<meta property=\"og:title\" content=\"Tour de France - in Gelb \u00fcber die Champs-\u00c9lys\u00e9es - ODDSET\" \/>\n<meta property=\"og:description\" content=\"Alle ODDSET Wetten, Quoten, Etappen, Favoriten der Tour de France aufs gelbeTrikot: Froome (2,25), Porte (2,75), Quintana (7,5) oder ... ?\" \/>\n<meta property=\"og:url\" content=\"https:\/\/www.oddset.de\/blog\/radsport\/tour-de-france\/in-gelb-ueber-den-champs-elysees\/\" \/>\n<meta property=\"og:site_name\" content=\"ODDSET FANZONE\" \/>\n<meta property=\"article:publisher\" content=\"https:\/\/www.facebook.com\/ODDSETwetten\/\" \/>\n<meta property=\"article:published_time\" content=\"2017-06-22T07:00:44+00:00\" \/>\n<meta property=\"article:modified_time\" content=\"2017-06-28T08:14:41+00:00\" \/>\n<meta property=\"og:image\" content=\"https:\/\/www.oddset.de\/blog\/wp-content\/uploads\/2017\/06\/zielsprint-paris.jpg\" \/>\n\t<meta property=\"og:image:width\" content=\"1024\" \/>\n\t<meta property=\"og:image:height\" content=\"640\" \/>\n\t<meta property=\"og:image:type\" content=\"image\/jpeg\" \/>\n<meta name=\"author\" content=\"Burkhard Gru\u00df\" \/>\n<meta name=\"twitter:card\" content=\"summary_large_image\" \/>\n<meta name=\"twitter:creator\" content=\"@ODDSETsport\" \/>\n<meta name=\"twitter:site\" content=\"@ODDSETsport\" \/>\n<meta name=\"twitter:label1\" content=\"Verfasst von\" \/>\n\t<meta name=\"twitter:data1\" content=\"Burkhard Gru\u00df\" \/>\n\t<meta name=\"twitter:label2\" content=\"Gesch\u00e4tzte Lesezeit\" \/>\n\t<meta name=\"twitter:data2\" content=\"3\u00a0Minuten\" \/>\n<!-- \/ Yoast SEO plugin. -->","yoast_head_json":{"title":"Tour de France - in Gelb \u00fcber die Champs-\u00c9lys\u00e9es - ODDSET","description":"Alle ODDSET Wetten, Quoten, Etappen, Favoriten der Tour de France aufs gelbeTrikot: Froome (2,25), Porte (2,75), Quintana (7,5) oder ... ?","robots":{"index":"index","follow":"follow","max-snippet":"max-snippet:-1","max-image-preview":"max-image-preview:large","max-video-preview":"max-video-preview:-1"},"canonical":"https:\/\/www.oddset.de\/blog\/radsport\/tour-de-france\/in-gelb-ueber-den-champs-elysees\/","og_locale":"de_DE","og_type":"article","og_title":"Tour de France - in Gelb \u00fcber die Champs-\u00c9lys\u00e9es - ODDSET","og_description":"Alle ODDSET Wetten, Quoten, Etappen, Favoriten der Tour de France aufs gelbeTrikot: Froome (2,25), Porte (2,75), Quintana (7,5) oder ... ?","og_url":"https:\/\/www.oddset.de\/blog\/radsport\/tour-de-france\/in-gelb-ueber-den-champs-elysees\/","og_site_name":"ODDSET FANZONE","article_publisher":"https:\/\/www.facebook.com\/ODDSETwetten\/","article_published_time":"2017-06-22T07:00:44+00:00","article_modified_time":"2017-06-28T08:14:41+00:00","og_image":[{"width":1024,"height":640,"url":"https:\/\/www.oddset.de\/blog\/wp-content\/uploads\/2017\/06\/zielsprint-paris.jpg","type":"image\/jpeg"}],"author":"Burkhard Gru\u00df","twitter_card":"summary_large_image","twitter_creator":"@ODDSETsport","twitter_site":"@ODDSETsport","twitter_misc":{"Verfasst von":"Burkhard Gru\u00df","Gesch\u00e4tzte Lesezeit":"3\u00a0Minuten"},"schema":{"@context":"https:\/\/schema.org","@graph":[{"@type":"Article","@id":"https:\/\/www.oddset.de\/blog\/radsport\/tour-de-france\/in-gelb-ueber-den-champs-elysees\/#article","isPartOf":{"@id":"https:\/\/www.oddset.de\/blog\/radsport\/tour-de-france\/in-gelb-ueber-den-champs-elysees\/"},"author":{"name":"Burkhard Gru\u00df","@id":"https:\/\/www.oddset.de\/blog\/#\/schema\/person\/271af54cf9072f7b7015b57c2dab6fba"},"headline":"Tour de France &#8211; in Gelb \u00fcber die Champs-\u00c9lys\u00e9es","datePublished":"2017-06-22T07:00:44+00:00","dateModified":"2017-06-28T08:14:41+00:00","mainEntityOfPage":{"@id":"https:\/\/www.oddset.de\/blog\/radsport\/tour-de-france\/in-gelb-ueber-den-champs-elysees\/"},"wordCount":593,"publisher":{"@id":"https:\/\/www.oddset.de\/blog\/#organization"},"image":{"@id":"https:\/\/www.oddset.de\/blog\/radsport\/tour-de-france\/in-gelb-ueber-den-champs-elysees\/#primaryimage"},"thumbnailUrl":"https:\/\/www.oddset.de\/blog\/wp-content\/uploads\/2017\/06\/zielsprint-paris.jpg","keywords":["Bergetappe","Etappe","Froome","Gesamtsieger","Greipel","Porte","Quintana","Rundfahrt","Sprint","Tour de France","Trikot"],"articleSection":["Tour de France"],"inLanguage":"de"},{"@type":"WebPage","@id":"https:\/\/www.oddset.de\/blog\/radsport\/tour-de-france\/in-gelb-ueber-den-champs-elysees\/","url":"https:\/\/www.oddset.de\/blog\/radsport\/tour-de-france\/in-gelb-ueber-den-champs-elysees\/","name":"Tour de France - in Gelb \u00fcber die Champs-\u00c9lys\u00e9es - ODDSET","isPartOf":{"@id":"https:\/\/www.oddset.de\/blog\/#website"},"primaryImageOfPage":{"@id":"https:\/\/www.oddset.de\/blog\/radsport\/tour-de-france\/in-gelb-ueber-den-champs-elysees\/#primaryimage"},"image":{"@id":"https:\/\/www.oddset.de\/blog\/radsport\/tour-de-france\/in-gelb-ueber-den-champs-elysees\/#primaryimage"},"thumbnailUrl":"https:\/\/www.oddset.de\/blog\/wp-content\/uploads\/2017\/06\/zielsprint-paris.jpg","datePublished":"2017-06-22T07:00:44+00:00","dateModified":"2017-06-28T08:14:41+00:00","description":"Alle ODDSET Wetten, Quoten, Etappen, Favoriten der Tour de France aufs gelbeTrikot: Froome (2,25), Porte (2,75), Quintana (7,5) oder ... ?","breadcrumb":{"@id":"https:\/\/www.oddset.de\/blog\/radsport\/tour-de-france\/in-gelb-ueber-den-champs-elysees\/#breadcrumb"},"inLanguage":"de","potentialAction":[{"@type":"ReadAction","target":["https:\/\/www.oddset.de\/blog\/radsport\/tour-de-france\/in-gelb-ueber-den-champs-elysees\/"]}]},{"@type":"ImageObject","inLanguage":"de","@id":"https:\/\/www.oddset.de\/blog\/radsport\/tour-de-france\/in-gelb-ueber-den-champs-elysees\/#primaryimage","url":"https:\/\/www.oddset.de\/blog\/wp-content\/uploads\/2017\/06\/zielsprint-paris.jpg","contentUrl":"https:\/\/www.oddset.de\/blog\/wp-content\/uploads\/2017\/06\/zielsprint-paris.jpg","width":1024,"height":640,"caption":"Der letzte Sprint der Tour 2016 geht an Andre Greipel."},{"@type":"BreadcrumbList","@id":"https:\/\/www.oddset.de\/blog\/radsport\/tour-de-france\/in-gelb-ueber-den-champs-elysees\/#breadcrumb","itemListElement":[{"@type":"ListItem","position":1,"name":"Startseite","item":"https:\/\/www.oddset.de\/blog\/"},{"@type":"ListItem","position":2,"name":"Tour de France &#8211; in Gelb \u00fcber die Champs-\u00c9lys\u00e9es"}]},{"@type":"WebSite","@id":"https:\/\/www.oddset.de\/blog\/#website","url":"https:\/\/www.oddset.de\/blog\/","name":"ODDSET FANZONE","description":"Der Fu\u00dfball &amp; Sportwetten Blog","publisher":{"@id":"https:\/\/www.oddset.de\/blog\/#organization"},"potentialAction":[{"@type":"SearchAction","target":{"@type":"EntryPoint","urlTemplate":"https:\/\/www.oddset.de\/blog\/?s={search_term_string}"},"query-input":{"@type":"PropertyValueSpecification","valueRequired":true,"valueName":"search_term_string"}}],"inLanguage":"de"},{"@type":"Organization","@id":"https:\/\/www.oddset.de\/blog\/#organization","name":"ODDSET FANZONE","url":"https:\/\/www.oddset.de\/blog\/","logo":{"@type":"ImageObject","inLanguage":"de","@id":"https:\/\/www.oddset.de\/blog\/#\/schema\/logo\/image\/","url":"https:\/\/www.oddset.de\/blog\/wp-content\/uploads\/2020\/05\/tb_logo.png","contentUrl":"https:\/\/www.oddset.de\/blog\/wp-content\/uploads\/2020\/05\/tb_logo.png","width":1171,"height":400,"caption":"ODDSET FANZONE"},"image":{"@id":"https:\/\/www.oddset.de\/blog\/#\/schema\/logo\/image\/"},"sameAs":["https:\/\/www.facebook.com\/ODDSETwetten\/","https:\/\/x.com\/ODDSETsport","https:\/\/www.youtube.com\/channel\/UC_vWGAocu28RqdyhzCPf9ZQ"]},{"@type":"Person","@id":"https:\/\/www.oddset.de\/blog\/#\/schema\/person\/271af54cf9072f7b7015b57c2dab6fba","name":"Burkhard Gru\u00df","image":{"@type":"ImageObject","inLanguage":"de","@id":"https:\/\/www.oddset.de\/blog\/#\/schema\/person\/image\/","url":"https:\/\/www.oddset.de\/blog\/wp-content\/uploads\/2022\/06\/zlatan-150x150.jpg","contentUrl":"https:\/\/www.oddset.de\/blog\/wp-content\/uploads\/2022\/06\/zlatan-150x150.jpg","caption":"Burkhard Gru\u00df"},"description":"Am 14. November 2012 besiegte Schweden in einem Freundschaftskick England. 4:2 \u2013 s\u00e4mtliche 4 Tore erzielte Zlatan Ibrahimovic f\u00fcr die Wikinger. Sein 4:2 war f\u00fcr mich das Tor des Jahrzehnts. Mit einem Fallr\u00fcckzieher aus \u00fcber 30 Metern Entfernung drosch er den Ball in die Maschen. Sensationell! Mit seinem phantastischen Treffer nutzte er einen Fehler des englischen Keepers Joe Hart. Keine Ahnung, wie oft ich mir dieses Tor auf Video angesehen habe. Immer wieder wundersch\u00f6n. Und f\u00fcr mich unvergesslich. Danke Zlatan f\u00fcr diesen tollen Sportmoment! Selbst trete ich gelegentlich auch gegen den Ball. Aber nicht ansatzweise so gut wie Ibra. Daf\u00fcr begleite ich ihn und seine Kollegen seit vielen Jahren journalistisch bis runter in den Amateurbereich. Auch mit anderen Teamsportarten besch\u00e4ftige ich mich beruflich. Genauso wie mit Radsportlern der Tour de France, Bezwingern der Streif in Kitzb\u00fchel oder olympischen Zehnk\u00e4mpfern. Mich interessiert eben alles rund um den Sport.","url":"https:\/\/www.oddset.de\/blog\/blogger\/burkhard-gruss\/"}]}},"amp_enabled":true,"_links":{"self":[{"href":"https:\/\/www.oddset.de\/blog\/wp-json\/wp\/v2\/posts\/6716","targetHints":{"allow":["GET"]}}],"collection":[{"href":"https:\/\/www.oddset.de\/blog\/wp-json\/wp\/v2\/posts"}],"about":[{"href":"https:\/\/www.oddset.de\/blog\/wp-json\/wp\/v2\/types\/post"}],"author":[{"embeddable":true,"href":"https:\/\/www.oddset.de\/blog\/wp-json\/wp\/v2\/users\/21"}],"replies":[{"embeddable":true,"href":"https:\/\/www.oddset.de\/blog\/wp-json\/wp\/v2\/comments?post=6716"}],"version-history":[{"count":28,"href":"https:\/\/www.oddset.de\/blog\/wp-json\/wp\/v2\/posts\/6716\/revisions"}],"predecessor-version":[{"id":6814,"href":"https:\/\/www.oddset.de\/blog\/wp-json\/wp\/v2\/posts\/6716\/revisions\/6814"}],"wp:featuredmedia":[{"embeddable":true,"href":"https:\/\/www.oddset.de\/blog\/wp-json\/wp\/v2\/media\/6717"}],"wp:attachment":[{"href":"https:\/\/www.oddset.de\/blog\/wp-json\/wp\/v2\/media?parent=6716"}],"wp:term":[{"taxonomy":"category","embeddable":true,"href":"https:\/\/www.oddset.de\/blog\/wp-json\/wp\/v2\/categories?post=6716"},{"taxonomy":"post_tag","embeddable":true,"href":"https:\/\/www.oddset.de\/blog\/wp-json\/wp\/v2\/tags?post=6716"}],"curies":[{"name":"wp","href":"https:\/\/api.w.org\/{rel}","templated":true}]}}