{"id":52268,"date":"2021-12-22T13:15:14","date_gmt":"2021-12-22T12:15:14","guid":{"rendered":"https:\/\/fanzone.oddset.de\/?p=52268"},"modified":"2021-12-22T13:17:03","modified_gmt":"2021-12-22T12:17:03","slug":"porto-benfica-kracher-im-achtelfinale","status":"publish","type":"post","link":"https:\/\/www.oddset.de\/blog\/fussball\/taca-de-portugal\/porto-benfica-kracher-im-achtelfinale\/","title":{"rendered":"Porto \u2013 Benfica: Kracher im Achtelfinale"},"content":{"rendered":"\t\t<div data-elementor-type=\"wp-post\" data-elementor-id=\"52268\" class=\"elementor elementor-52268\">\n\t\t\t\t\t\t<section class=\"elementor-section elementor-top-section elementor-element elementor-element-4235ee1 elementor-section-boxed elementor-section-height-default elementor-section-height-default\" data-id=\"4235ee1\" data-element_type=\"section\">\n\t\t\t\t\t\t<div class=\"elementor-container elementor-column-gap-default\">\n\t\t\t\t\t<div class=\"elementor-column elementor-col-100 elementor-top-column elementor-element elementor-element-e42ade6\" data-id=\"e42ade6\" data-element_type=\"column\">\n\t\t\t<div class=\"elementor-widget-wrap elementor-element-populated\">\n\t\t\t\t\t\t<div class=\"elementor-element elementor-element-6449f18 elementor-widget elementor-widget-text-editor\" data-id=\"6449f18\" data-element_type=\"widget\" data-widget_type=\"text-editor.default\">\n\t\t\t\t<div class=\"elementor-widget-container\">\n\t\t\t\t\t\t\t\t\t<p>Die Bundesliga macht in diesen Tagen Pause. Blicken wir doch einfach mal in den S\u00fcden auf die iberische Halbinsel. Im Land des Ex-Europameisters steigt am Donnerstag das Highlight in der Taca de Portugal zwischen dem FC Porto und Benfica Lissabon. Die Gastgeber aus Porto wollen sich in dieser Saison das Double sichern. In der Meisterschaft liefern sich die Drachen einen packenden Zweikampf mit Sporting. Benfica befindet sich etwas abgeschlagen in der Rolle des Verfolgers. F\u00fcr den Rekordmeister liegt der Fokus daher noch etwas mehr auf dem Pokal. Benfica stand schon vergangene Saison im Finale. Das wurde mit 0:2 gegen Braga verloren. Ansto\u00df ist um 21:45 Uhr im Estadio do Dragao.<\/p>\t\t\t\t\t\t\t\t<\/div>\n\t\t\t\t<\/div>\n\t\t\t\t\t<\/div>\n\t\t<\/div>\n\t\t\t\t\t<\/div>\n\t\t<\/section>\n\t\t\t\t<section class=\"elementor-section elementor-top-section elementor-element elementor-element-5e87da52 elementor-section-boxed elementor-section-height-default elementor-section-height-default\" data-id=\"5e87da52\" data-element_type=\"section\">\n\t\t\t\t\t\t<div class=\"elementor-container elementor-column-gap-default\">\n\t\t\t\t\t<div class=\"elementor-column elementor-col-100 elementor-top-column elementor-element elementor-element-36bb625c\" data-id=\"36bb625c\" data-element_type=\"column\">\n\t\t\t<div class=\"elementor-widget-wrap elementor-element-populated\">\n\t\t\t\t\t\t<div class=\"elementor-element elementor-element-6b04034f elementor-position-left elementor-view-default elementor-mobile-position-top elementor-widget elementor-widget-icon-box\" data-id=\"6b04034f\" data-element_type=\"widget\" data-widget_type=\"icon-box.default\">\n\t\t\t\t<div class=\"elementor-widget-container\">\n\t\t\t\t\t\t\t<div class=\"elementor-icon-box-wrapper\">\n\n\t\t\t\t\t\t<div class=\"elementor-icon-box-icon\">\n\t\t\t\t<span  class=\"elementor-icon\">\n\t\t\t\t<i aria-hidden=\"true\" class=\"fas fa-tv\"><\/i>\t\t\t\t<\/span>\n\t\t\t<\/div>\n\t\t\t\n\t\t\t\t\t\t<div class=\"elementor-icon-box-content\">\n\n\t\t\t\t\t\t\t\t\t<h3 class=\"elementor-icon-box-title\">\n\t\t\t\t\t\t<span  >\n\t\t\t\t\t\t\tPorto - Benfica im TV oder Livestream\t\t\t\t\t\t<\/span>\n\t\t\t\t\t<\/h3>\n\t\t\t\t\n\t\t\t\t\t\t\t\t\t<p class=\"elementor-icon-box-description\">\n\t\t\t\t\t\tZu sehen gibt es das Spiel live ab 21:45 Uhr bei <b>DAZN<\/b>.\t\t\t\t\t<\/p>\n\t\t\t\t\n\t\t\t<\/div>\n\t\t\t\n\t\t<\/div>\n\t\t\t\t\t\t<\/div>\n\t\t\t\t<\/div>\n\t\t\t\t\t<\/div>\n\t\t<\/div>\n\t\t\t\t\t<\/div>\n\t\t<\/section>\n\t\t\t\t<section class=\"elementor-section elementor-top-section elementor-element elementor-element-107ac8d elementor-section-boxed elementor-section-height-default elementor-section-height-default\" data-id=\"107ac8d\" data-element_type=\"section\">\n\t\t\t\t\t\t<div class=\"elementor-container elementor-column-gap-default\">\n\t\t\t\t\t<div class=\"elementor-column elementor-col-100 elementor-top-column elementor-element elementor-element-5bd4199\" data-id=\"5bd4199\" data-element_type=\"column\">\n\t\t\t<div class=\"elementor-widget-wrap elementor-element-populated\">\n\t\t\t\t\t\t<div class=\"elementor-element elementor-element-768a6a7 elementor-widget elementor-widget-text-editor\" data-id=\"768a6a7\" data-element_type=\"widget\" data-widget_type=\"text-editor.default\">\n\t\t\t\t<div class=\"elementor-widget-container\">\n\t\t\t\t\t\t\t\t\t<h2>Porto national wieder ganz oben <\/h2><p>Der FC Porto kann mit der bisherigen Saison wirklich mehr als zufrieden sein. Nach 15 Spieltagen liegen die Drachen mit 41 Punkten auf dem ersten Tabellenplatz, allerdings gleichauf mit Titelverteidiger Sporting. Beide Klubs haben 13 Siege und zwei Unentschieden auf dem Konto. Benfica liegt schon um sieben Z\u00e4hler zur\u00fcck auf dem dritten Platz. Entsprechend geht Porto auch als Favorit ins Pokal-Achtelfinale im eigenen Stadion. Schlie\u00dflich hat man die einzigen drei Niederlagen in dieser Saison ausschlie\u00dflich in der Champions League kassiert. In nationalen Wettbewerben ist die Bilanz dagegen makellos.<\/p><p>So auch die Statistik im Estadio do Dragao. Daheim hat Porto alle sieben Ligaspiele f\u00fcr sich entscheiden k\u00f6nnen, hat dabei 19 Tore erzielt und nur drei Gegentreffer kassiert. Das ist schon richtig stark. Jetzt will man auch die erste wirkliche H\u00fcrde im Pokal nehmen und den Erzrivalen aus dem Wettbewerb bef\u00f6rdern. Trotz des Heimvorteils ist ein enges Match zu erwarten. Das letzte Pokal-Duell im August 2020 ging mit 2:1 an Porto. Anschlie\u00dfend stand man sich noch zweimal in der Liga gegen\u00fcber. Beide Vergleiche sowohl in Lissabon als auch in Porto endeten mit einem 1:1. Mittlerweile ist der Gastgeber sogar seit f\u00fcnf Spielen gegen Benfica ungeschlagen. Die Drachen sind bereit, die starke Serie fortzusetzen.<\/p>\t\t\t\t\t\t\t\t<\/div>\n\t\t\t\t<\/div>\n\t\t\t\t\t<\/div>\n\t\t<\/div>\n\t\t\t\t\t<\/div>\n\t\t<\/section>\n\t\t\t\t<section class=\"elementor-section elementor-top-section elementor-element elementor-element-371a41b elementor-section-boxed elementor-section-height-default elementor-section-height-default\" data-id=\"371a41b\" data-element_type=\"section\">\n\t\t\t\t\t\t<div class=\"elementor-container elementor-column-gap-default\">\n\t\t\t\t\t<div class=\"elementor-column elementor-col-100 elementor-top-column elementor-element elementor-element-4d6ec7b\" data-id=\"4d6ec7b\" data-element_type=\"column\">\n\t\t\t<div class=\"elementor-widget-wrap elementor-element-populated\">\n\t\t\t\t\t\t<div class=\"elementor-element elementor-element-cf4df16 elementor-widget elementor-widget-text-editor\" data-id=\"cf4df16\" data-element_type=\"widget\" data-widget_type=\"text-editor.default\">\n\t\t\t\t<div class=\"elementor-widget-container\">\n\t\t\t\t\t\t\t\t\t<h2>Fakten zum Spiel:<\/h2><ul><li>Porto hat daheim alle acht Pflichtspiele in nationalen Wettbewerben gewonnen.<\/li><li>Porto ist in nationalen Wettbewerben nach 17 Spielen noch ungeschlagen.<\/li><li>Porto ist seit f\u00fcnf Pflichtspielen gegen Benfica ungeschlagen.<\/li><li>Benfica konnte nur zwei der letzten 16 Duelle mit Porto gewinnen.<\/li><li>Benfica ist ausw\u00e4rts in nationalen Wettbewerben noch ungeschlagen.<\/li><\/ul>\t\t\t\t\t\t\t\t<\/div>\n\t\t\t\t<\/div>\n\t\t\t\t\t<\/div>\n\t\t<\/div>\n\t\t\t\t\t<\/div>\n\t\t<\/section>\n\t\t\t\t<section class=\"elementor-section elementor-top-section elementor-element elementor-element-1d5a08e elementor-section-boxed elementor-section-height-default elementor-section-height-default\" data-id=\"1d5a08e\" data-element_type=\"section\">\n\t\t\t\t\t\t<div class=\"elementor-container elementor-column-gap-default\">\n\t\t\t\t\t<div class=\"elementor-column elementor-col-100 elementor-top-column elementor-element elementor-element-3297166\" data-id=\"3297166\" data-element_type=\"column\">\n\t\t\t<div class=\"elementor-widget-wrap elementor-element-populated\">\n\t\t\t\t\t\t<div class=\"elementor-element elementor-element-8e21974 elementor-widget elementor-widget-text-editor\" data-id=\"8e21974\" data-element_type=\"widget\" data-widget_type=\"text-editor.default\">\n\t\t\t\t<div class=\"elementor-widget-container\">\n\t\t\t\t\t\t\t\t\t<h2>Benfica nur noch die Nummer 3 in Portugal? <\/h2><p>Benfica ist die klare Nummer eins in Portugal. Zumindest, was Titel angeht. Der Klub ist mit 37 Meisterschaften Rekordmeister sowie mit 26 Troph\u00e4en Rekordsieger im Pokal. Mittlerweile aber hinkt man der Konkurrenz etwas hinterher. Meister wurde vergangene Saison ausgerechnet der Stadtrivale Sporting. Das Taca-Finale hat Benfica mit 0:2 gegen Braga verloren. Eine titellose Saison also, die sich nun wiederholen k\u00f6nnte. In der Liga l\u00e4uft Benfica wieder nur hinterher. Auch wenn erst die H\u00e4lfte der Spiele absolviert sind, sieben Punkte sind kaum mehr aufzuholen, wenn die Konkurrenz einfach nicht verliert.<\/p><p>Daher muss sich Benfica zwangsweise auf den Pokal konzentrieren, denn da braucht man nur noch vier Siege, um eine weitere Troph\u00e4e in die Vereinsvitrine packen zu k\u00f6nnen. In der Liga konnte man Porto daheim zumindest ein Unentschieden (1:1) abk\u00e4mpfen. Vielleicht l\u00e4uft es ausw\u00e4rts ja etwas besser und es ist tats\u00e4chlich ein Sieg drin. Nat\u00fcrlich entscheidet in so einem Duell auch immer die Tagesform, allerdings hat Benfica eine starke Ausw\u00e4rtsbilanz in der Liga. Sieben Spiele, sechs Siege und ein Unentschieden. Darauf l\u00e4sst sich doch aufbauen. Seit dem Jahr 2001 spricht die Pokalbilanz mit 4:3 Siegen nur knapp f\u00fcr Porto. Benfica setzte sich daf\u00fcr zweimal im Estadio do Dragao durch. Zuletzt war das 2011 der Fall. Jetzt, zehn Jahre sp\u00e4ter, w\u00e4re ein guter Zeitpunkt f\u00fcr einen weiteren Sieg. Wenn man gerade erst mit 7:1 gegen Maritimo gewonnen hat, sollte zumindest das mit dem Selbstvertrauen passen.<\/p>\t\t\t\t\t\t\t\t<\/div>\n\t\t\t\t<\/div>\n\t\t\t\t\t<\/div>\n\t\t<\/div>\n\t\t\t\t\t<\/div>\n\t\t<\/section>\n\t\t\t\t<section class=\"elementor-section elementor-top-section elementor-element elementor-element-2562b720 elementor-section-boxed elementor-section-height-default elementor-section-height-default\" data-id=\"2562b720\" data-element_type=\"section\">\n\t\t\t\t\t\t<div class=\"elementor-container elementor-column-gap-default\">\n\t\t\t\t\t<div class=\"elementor-column elementor-col-100 elementor-top-column elementor-element elementor-element-25bba93f\" data-id=\"25bba93f\" data-element_type=\"column\">\n\t\t\t<div class=\"elementor-widget-wrap elementor-element-populated\">\n\t\t\t\t\t\t<div class=\"elementor-element elementor-element-770ef3e7 elementor-widget elementor-widget-heading\" data-id=\"770ef3e7\" data-element_type=\"widget\" data-widget_type=\"heading.default\">\n\t\t\t\t<div class=\"elementor-widget-container\">\n\t\t\t\t\t<h2 class=\"elementor-heading-title elementor-size-default\">Voraussichtliche Aufstellungen<\/h2>\t\t\t\t<\/div>\n\t\t\t\t<\/div>\n\t\t\t\t<section class=\"elementor-section elementor-inner-section elementor-element elementor-element-1ebd4c65 elementor-section-boxed elementor-section-height-default elementor-section-height-default\" data-id=\"1ebd4c65\" data-element_type=\"section\">\n\t\t\t\t\t\t<div class=\"elementor-container elementor-column-gap-default\">\n\t\t\t\t\t<div class=\"elementor-column elementor-col-50 elementor-inner-column elementor-element elementor-element-606a8069\" data-id=\"606a8069\" data-element_type=\"column\">\n\t\t\t<div class=\"elementor-widget-wrap elementor-element-populated\">\n\t\t\t\t\t\t<div class=\"elementor-element elementor-element-4ddcb828 elementor-widget elementor-widget-text-editor\" data-id=\"4ddcb828\" data-element_type=\"widget\" data-widget_type=\"text-editor.default\">\n\t\t\t\t<div class=\"elementor-widget-container\">\n\t\t\t\t\t\t\t\t\t<h3 style=\"text-align: center\">Porto<\/h3><p style=\"text-align: center\">Diogo Costa<\/p><p style=\"text-align: center\">Joao Mario, Mbemba, Cardoso, Zaidu<\/p><p style=\"text-align: center\">Otavio, Uribe, Vitinha, Diaz<\/p><p style=\"text-align: center\">Evanilson, Taremi<\/p>\t\t\t\t\t\t\t\t<\/div>\n\t\t\t\t<\/div>\n\t\t\t\t\t<\/div>\n\t\t<\/div>\n\t\t\t\t<div class=\"elementor-column elementor-col-50 elementor-inner-column elementor-element elementor-element-7369259c\" data-id=\"7369259c\" data-element_type=\"column\">\n\t\t\t<div class=\"elementor-widget-wrap elementor-element-populated\">\n\t\t\t\t\t\t<div class=\"elementor-element elementor-element-128822bb elementor-widget elementor-widget-text-editor\" data-id=\"128822bb\" data-element_type=\"widget\" data-widget_type=\"text-editor.default\">\n\t\t\t\t<div class=\"elementor-widget-container\">\n\t\t\t\t\t\t\t\t\t<h3 style=\"text-align: center\">Benfica<\/h3><p style=\"text-align: center\">Vlachodimos<\/p><p style=\"text-align: center\">Almeida, Vertonghen, Otamendi<\/p><p style=\"text-align: center\">Gilberto, Weigl, Joao Mario, Grimaldo<\/p><p style=\"text-align: center\">Rafa Silva, Yaremchuk, Nunez<\/p>\t\t\t\t\t\t\t\t<\/div>\n\t\t\t\t<\/div>\n\t\t\t\t\t<\/div>\n\t\t<\/div>\n\t\t\t\t\t<\/div>\n\t\t<\/section>\n\t\t\t\t\t<\/div>\n\t\t<\/div>\n\t\t\t\t\t<\/div>\n\t\t<\/section>\n\t\t\t\t<section class=\"elementor-section elementor-top-section elementor-element elementor-element-604b9f50 elementor-section-boxed elementor-section-height-default elementor-section-height-default\" data-id=\"604b9f50\" data-element_type=\"section\">\n\t\t\t\t\t\t<div class=\"elementor-container elementor-column-gap-default\">\n\t\t\t\t\t<div class=\"elementor-column elementor-col-100 elementor-top-column elementor-element elementor-element-25375acf\" data-id=\"25375acf\" data-element_type=\"column\">\n\t\t\t<div class=\"elementor-widget-wrap elementor-element-populated\">\n\t\t\t\t\t\t<div class=\"elementor-element elementor-element-8159ad3 elementor-widget elementor-widget-text-editor\" data-id=\"8159ad3\" data-element_type=\"widget\" data-widget_type=\"text-editor.default\">\n\t\t\t\t<div class=\"elementor-widget-container\">\n\t\t\t\t\t\t\t\t\t<h2 style=\"text-align: center\">Mein Tipp<\/h2>\t\t\t\t\t\t\t\t<\/div>\n\t\t\t\t<\/div>\n\t\t\t\t<div class=\"elementor-element elementor-element-1edb0fda elementor-widget elementor-widget-testimonial\" data-id=\"1edb0fda\" data-element_type=\"widget\" data-widget_type=\"testimonial.default\">\n\t\t\t\t<div class=\"elementor-widget-container\">\n\t\t\t\t\t\t\t<div class=\"elementor-testimonial-wrapper\">\n\t\t\t\t\t\t\t<div class=\"elementor-testimonial-content\">Porto daheim im eigenen Stadion. Diese H\u00fcrde muss Benfica erst einmal aus dem Weg r\u00e4umen. Wie schwer sich die Truppe aus Lissabon dabei tut, zeigen auch die Ergebnisse der vergangenen Jahre. Wenn man nur zwei der letzten 16 Vergleiche gewinnt, sind die Rollen im Grunde klar verteilt. Ich denke, auch diesmal wird es f\u00fcr Benfica nichts zu holen geben. Porto wird seine makellose Heimbilanz weiter ausbauen und das Spiel knapp mit <b>2:1<\/b>  gewinnen. Au\u00dferdem <b>2-3 Tore<\/b>  im Spiel.<\/div>\n\t\t\t\n\t\t\t\t\t\t<div class=\"elementor-testimonial-meta\">\n\t\t\t\t<div class=\"elementor-testimonial-meta-inner\">\n\t\t\t\t\t\n\t\t\t\t\t\t\t\t\t\t<div class=\"elementor-testimonial-details\">\n\t\t\t\t\t\t\t\t\t\t\t\t\t\t<a class=\"elementor-testimonial-name\" href=\"https:\/\/oddset.de\/blog\/blogger\/christian-zander\/\">Christian Zander<\/a>\n\t\t\t\t\t\t\t\t\t\t\t\t\t\t\t\t\t\t\t<\/div>\n\t\t\t\t\t\t\t\t\t<\/div>\n\t\t\t<\/div>\n\t\t\t\t\t<\/div>\n\t\t\t\t\t\t<\/div>\n\t\t\t\t<\/div>\n\t\t\t\t\t<\/div>\n\t\t<\/div>\n\t\t\t\t\t<\/div>\n\t\t<\/section>\n\t\t\t\t<section class=\"elementor-section elementor-top-section elementor-element elementor-element-b1144c5 elementor-section-boxed elementor-section-height-default elementor-section-height-default\" data-id=\"b1144c5\" data-element_type=\"section\">\n\t\t\t\t\t\t<div class=\"elementor-container elementor-column-gap-default\">\n\t\t\t\t\t<div class=\"elementor-column elementor-col-100 elementor-top-column elementor-element elementor-element-c0ba94e\" data-id=\"c0ba94e\" data-element_type=\"column\">\n\t\t\t<div class=\"elementor-widget-wrap elementor-element-populated\">\n\t\t\t\t\t\t\t<\/div>\n\t\t<\/div>\n\t\t\t\t\t<\/div>\n\t\t<\/section>\n\t\t\t\t<\/div>\n\t\t","protected":false},"excerpt":{"rendered":"<p>Die Bundesliga macht in diesen Tagen Pause. Blicken wir doch einfach mal in den S\u00fcden auf die iberische Halbinsel. Im Land des Ex-Europameisters steigt am Donnerstag das Highlight in der Taca de Portugal zwischen dem FC Porto und Benfica Lissabon. Die Gastgeber aus Porto wollen sich in dieser Saison das Double sichern. In der Meisterschaft [&hellip;]<\/p>\n","protected":false},"author":5,"featured_media":52280,"comment_status":"closed","ping_status":"closed","sticky":false,"template":"","format":"standard","meta":{"_acf_changed":false,"footnotes":""},"categories":[913],"tags":[797,452,1408],"class_list":["post-52268","post","type-post","status-publish","format-standard","has-post-thumbnail","hentry","category-taca-de-portugal","tag-benfica-lissabon","tag-fc-porto","tag-taca-de-portugal"],"acf":[],"yoast_head":"<!-- This site is optimized with the Yoast SEO plugin v26.0 - https:\/\/yoast.com\/wordpress\/plugins\/seo\/ -->\n<title>Porto \u2013 Benfica: Kracher im Achtelfinale - ODDSET<\/title>\n<meta name=\"description\" content=\"\u2730 FC Porto - \u2730 [Ausw\u00e4rtsteam] (2,05 | 3,5 | 3,45) Taca de Portugal ODDSET Wetten \u2705 Quoten \u2705 Tipps \u2705 H2H \u2705 Vorschau \u2705 JETZT ODDSET wetten bei LOTTO \u27a4\" \/>\n<meta name=\"robots\" content=\"index, follow, max-snippet:-1, max-image-preview:large, max-video-preview:-1\" \/>\n<link rel=\"canonical\" href=\"https:\/\/www.oddset.de\/blog\/fussball\/taca-de-portugal\/porto-benfica-kracher-im-achtelfinale\/\" \/>\n<meta property=\"og:locale\" content=\"de_DE\" \/>\n<meta property=\"og:type\" content=\"article\" \/>\n<meta property=\"og:title\" content=\"Porto \u2013 Benfica: Kracher im Achtelfinale - ODDSET\" \/>\n<meta property=\"og:description\" content=\"\u2730 FC Porto - \u2730 [Ausw\u00e4rtsteam] (2,05 | 3,5 | 3,45) Taca de Portugal ODDSET Wetten \u2705 Quoten \u2705 Tipps \u2705 H2H \u2705 Vorschau \u2705 JETZT ODDSET wetten bei LOTTO \u27a4\" \/>\n<meta property=\"og:url\" content=\"https:\/\/www.oddset.de\/blog\/fussball\/taca-de-portugal\/porto-benfica-kracher-im-achtelfinale\/\" \/>\n<meta property=\"og:site_name\" content=\"ODDSET FANZONE\" \/>\n<meta property=\"article:publisher\" content=\"https:\/\/www.facebook.com\/ODDSETwetten\/\" \/>\n<meta property=\"article:published_time\" content=\"2021-12-22T12:15:14+00:00\" \/>\n<meta property=\"article:modified_time\" content=\"2021-12-22T12:17:03+00:00\" \/>\n<meta property=\"og:image\" content=\"https:\/\/www.oddset.de\/blog\/wp-content\/uploads\/2021\/12\/porto-benfica.jpg\" \/>\n\t<meta property=\"og:image:width\" content=\"1024\" \/>\n\t<meta property=\"og:image:height\" content=\"640\" \/>\n\t<meta property=\"og:image:type\" content=\"image\/jpeg\" \/>\n<meta name=\"author\" content=\"Christian Zander\" \/>\n<meta name=\"twitter:card\" content=\"summary_large_image\" \/>\n<meta name=\"twitter:creator\" content=\"@ODDSETsport\" \/>\n<meta name=\"twitter:site\" content=\"@ODDSETsport\" \/>\n<meta name=\"twitter:label1\" content=\"Verfasst von\" \/>\n\t<meta name=\"twitter:data1\" content=\"Christian Zander\" \/>\n\t<meta name=\"twitter:label2\" content=\"Gesch\u00e4tzte Lesezeit\" \/>\n\t<meta name=\"twitter:data2\" content=\"4\u00a0Minuten\" \/>\n<!-- \/ Yoast SEO plugin. -->","yoast_head_json":{"title":"Porto \u2013 Benfica: Kracher im Achtelfinale - ODDSET","description":"\u2730 FC Porto - \u2730 [Ausw\u00e4rtsteam] (2,05 | 3,5 | 3,45) Taca de Portugal ODDSET Wetten \u2705 Quoten \u2705 Tipps \u2705 H2H \u2705 Vorschau \u2705 JETZT ODDSET wetten bei LOTTO \u27a4","robots":{"index":"index","follow":"follow","max-snippet":"max-snippet:-1","max-image-preview":"max-image-preview:large","max-video-preview":"max-video-preview:-1"},"canonical":"https:\/\/www.oddset.de\/blog\/fussball\/taca-de-portugal\/porto-benfica-kracher-im-achtelfinale\/","og_locale":"de_DE","og_type":"article","og_title":"Porto \u2013 Benfica: Kracher im Achtelfinale - ODDSET","og_description":"\u2730 FC Porto - \u2730 [Ausw\u00e4rtsteam] (2,05 | 3,5 | 3,45) Taca de Portugal ODDSET Wetten \u2705 Quoten \u2705 Tipps \u2705 H2H \u2705 Vorschau \u2705 JETZT ODDSET wetten bei LOTTO \u27a4","og_url":"https:\/\/www.oddset.de\/blog\/fussball\/taca-de-portugal\/porto-benfica-kracher-im-achtelfinale\/","og_site_name":"ODDSET FANZONE","article_publisher":"https:\/\/www.facebook.com\/ODDSETwetten\/","article_published_time":"2021-12-22T12:15:14+00:00","article_modified_time":"2021-12-22T12:17:03+00:00","og_image":[{"width":1024,"height":640,"url":"https:\/\/www.oddset.de\/blog\/wp-content\/uploads\/2021\/12\/porto-benfica.jpg","type":"image\/jpeg"}],"author":"Christian Zander","twitter_card":"summary_large_image","twitter_creator":"@ODDSETsport","twitter_site":"@ODDSETsport","twitter_misc":{"Verfasst von":"Christian Zander","Gesch\u00e4tzte Lesezeit":"4\u00a0Minuten"},"schema":{"@context":"https:\/\/schema.org","@graph":[{"@type":"Article","@id":"https:\/\/www.oddset.de\/blog\/fussball\/taca-de-portugal\/porto-benfica-kracher-im-achtelfinale\/#article","isPartOf":{"@id":"https:\/\/www.oddset.de\/blog\/fussball\/taca-de-portugal\/porto-benfica-kracher-im-achtelfinale\/"},"author":{"name":"Christian Zander","@id":"https:\/\/www.oddset.de\/blog\/#\/schema\/person\/b1f779b5cddaac8358041829fcf053a2"},"headline":"Porto \u2013 Benfica: Kracher im Achtelfinale","datePublished":"2021-12-22T12:15:14+00:00","dateModified":"2021-12-22T12:17:03+00:00","mainEntityOfPage":{"@id":"https:\/\/www.oddset.de\/blog\/fussball\/taca-de-portugal\/porto-benfica-kracher-im-achtelfinale\/"},"wordCount":768,"publisher":{"@id":"https:\/\/www.oddset.de\/blog\/#organization"},"image":{"@id":"https:\/\/www.oddset.de\/blog\/fussball\/taca-de-portugal\/porto-benfica-kracher-im-achtelfinale\/#primaryimage"},"thumbnailUrl":"https:\/\/www.oddset.de\/blog\/wp-content\/uploads\/2021\/12\/porto-benfica.jpg","keywords":["Benfica Lissabon","FC Porto","Taca de Portugal"],"articleSection":["Taca de Portugal"],"inLanguage":"de"},{"@type":"WebPage","@id":"https:\/\/www.oddset.de\/blog\/fussball\/taca-de-portugal\/porto-benfica-kracher-im-achtelfinale\/","url":"https:\/\/www.oddset.de\/blog\/fussball\/taca-de-portugal\/porto-benfica-kracher-im-achtelfinale\/","name":"Porto \u2013 Benfica: Kracher im Achtelfinale - ODDSET","isPartOf":{"@id":"https:\/\/www.oddset.de\/blog\/#website"},"primaryImageOfPage":{"@id":"https:\/\/www.oddset.de\/blog\/fussball\/taca-de-portugal\/porto-benfica-kracher-im-achtelfinale\/#primaryimage"},"image":{"@id":"https:\/\/www.oddset.de\/blog\/fussball\/taca-de-portugal\/porto-benfica-kracher-im-achtelfinale\/#primaryimage"},"thumbnailUrl":"https:\/\/www.oddset.de\/blog\/wp-content\/uploads\/2021\/12\/porto-benfica.jpg","datePublished":"2021-12-22T12:15:14+00:00","dateModified":"2021-12-22T12:17:03+00:00","description":"\u2730 FC Porto - \u2730 [Ausw\u00e4rtsteam] (2,05 | 3,5 | 3,45) Taca de Portugal ODDSET Wetten \u2705 Quoten \u2705 Tipps \u2705 H2H \u2705 Vorschau \u2705 JETZT ODDSET wetten bei LOTTO \u27a4","breadcrumb":{"@id":"https:\/\/www.oddset.de\/blog\/fussball\/taca-de-portugal\/porto-benfica-kracher-im-achtelfinale\/#breadcrumb"},"inLanguage":"de","potentialAction":[{"@type":"ReadAction","target":["https:\/\/www.oddset.de\/blog\/fussball\/taca-de-portugal\/porto-benfica-kracher-im-achtelfinale\/"]}]},{"@type":"ImageObject","inLanguage":"de","@id":"https:\/\/www.oddset.de\/blog\/fussball\/taca-de-portugal\/porto-benfica-kracher-im-achtelfinale\/#primaryimage","url":"https:\/\/www.oddset.de\/blog\/wp-content\/uploads\/2021\/12\/porto-benfica.jpg","contentUrl":"https:\/\/www.oddset.de\/blog\/wp-content\/uploads\/2021\/12\/porto-benfica.jpg","width":1024,"height":640,"caption":"SL Benfica v FC Porto - Liga NOS Pizzi of SL Benfica L vies with Wilson Manafa of FC Porto during the Portuguese League football match between SL Benfica and FC Porto at the Luz stadium in Lisbon, Portugal on May 6, 2021"},{"@type":"BreadcrumbList","@id":"https:\/\/www.oddset.de\/blog\/fussball\/taca-de-portugal\/porto-benfica-kracher-im-achtelfinale\/#breadcrumb","itemListElement":[{"@type":"ListItem","position":1,"name":"Startseite","item":"https:\/\/www.oddset.de\/blog\/"},{"@type":"ListItem","position":2,"name":"Porto \u2013 Benfica: Kracher im Achtelfinale"}]},{"@type":"WebSite","@id":"https:\/\/www.oddset.de\/blog\/#website","url":"https:\/\/www.oddset.de\/blog\/","name":"ODDSET FANZONE","description":"Der Fu\u00dfball &amp; Sportwetten Blog","publisher":{"@id":"https:\/\/www.oddset.de\/blog\/#organization"},"potentialAction":[{"@type":"SearchAction","target":{"@type":"EntryPoint","urlTemplate":"https:\/\/www.oddset.de\/blog\/?s={search_term_string}"},"query-input":{"@type":"PropertyValueSpecification","valueRequired":true,"valueName":"search_term_string"}}],"inLanguage":"de"},{"@type":"Organization","@id":"https:\/\/www.oddset.de\/blog\/#organization","name":"ODDSET FANZONE","url":"https:\/\/www.oddset.de\/blog\/","logo":{"@type":"ImageObject","inLanguage":"de","@id":"https:\/\/www.oddset.de\/blog\/#\/schema\/logo\/image\/","url":"https:\/\/www.oddset.de\/blog\/wp-content\/uploads\/2020\/05\/tb_logo.png","contentUrl":"https:\/\/www.oddset.de\/blog\/wp-content\/uploads\/2020\/05\/tb_logo.png","width":1171,"height":400,"caption":"ODDSET FANZONE"},"image":{"@id":"https:\/\/www.oddset.de\/blog\/#\/schema\/logo\/image\/"},"sameAs":["https:\/\/www.facebook.com\/ODDSETwetten\/","https:\/\/x.com\/ODDSETsport","https:\/\/www.youtube.com\/channel\/UC_vWGAocu28RqdyhzCPf9ZQ"]},{"@type":"Person","@id":"https:\/\/www.oddset.de\/blog\/#\/schema\/person\/b1f779b5cddaac8358041829fcf053a2","name":"Christian Zander","image":{"@type":"ImageObject","inLanguage":"de","@id":"https:\/\/www.oddset.de\/blog\/#\/schema\/person\/image\/","url":"https:\/\/www.oddset.de\/blog\/wp-content\/uploads\/2021\/06\/imago0047482952h-150x150.jpg","contentUrl":"https:\/\/www.oddset.de\/blog\/wp-content\/uploads\/2021\/06\/imago0047482952h-150x150.jpg","caption":"Christian Zander"},"description":"Fr\u00fcher selbst aktiv am Ball, doch vor dem Sprung zu den Profis durch diverse Aktivit\u00e4ten, die sich nicht mit einem Fu\u00dfballlerleben vereinbaren lassen, die Schuhe vorzeitig an den Nagel geh\u00e4ngt. Seitdem begeisterter Fan der Bundesliga und des FC Bayern. Der erste Kontakt mit dem runden Leder geht bei mir auf die WM 1990 in Italien zur\u00fcck. Das Tor von Andy Brehme im Finale gegen Argentinien ist nach wie vor in bester Erinnerung. Ebenso wie der bittere Abstieg unseres WM-Helden mit Kaiserslautern. Gerne in Nostalgie schwelgend und dennoch voll im Tagesgesch\u00e4ft dabei. Alles f\u00fcr den Fu\u00dfball!","url":"https:\/\/www.oddset.de\/blog\/blogger\/christian-zander\/"}]}},"amp_enabled":true,"_links":{"self":[{"href":"https:\/\/www.oddset.de\/blog\/wp-json\/wp\/v2\/posts\/52268","targetHints":{"allow":["GET"]}}],"collection":[{"href":"https:\/\/www.oddset.de\/blog\/wp-json\/wp\/v2\/posts"}],"about":[{"href":"https:\/\/www.oddset.de\/blog\/wp-json\/wp\/v2\/types\/post"}],"author":[{"embeddable":true,"href":"https:\/\/www.oddset.de\/blog\/wp-json\/wp\/v2\/users\/5"}],"replies":[{"embeddable":true,"href":"https:\/\/www.oddset.de\/blog\/wp-json\/wp\/v2\/comments?post=52268"}],"version-history":[{"count":5,"href":"https:\/\/www.oddset.de\/blog\/wp-json\/wp\/v2\/posts\/52268\/revisions"}],"predecessor-version":[{"id":52285,"href":"https:\/\/www.oddset.de\/blog\/wp-json\/wp\/v2\/posts\/52268\/revisions\/52285"}],"wp:featuredmedia":[{"embeddable":true,"href":"https:\/\/www.oddset.de\/blog\/wp-json\/wp\/v2\/media\/52280"}],"wp:attachment":[{"href":"https:\/\/www.oddset.de\/blog\/wp-json\/wp\/v2\/media?parent=52268"}],"wp:term":[{"taxonomy":"category","embeddable":true,"href":"https:\/\/www.oddset.de\/blog\/wp-json\/wp\/v2\/categories?post=52268"},{"taxonomy":"post_tag","embeddable":true,"href":"https:\/\/www.oddset.de\/blog\/wp-json\/wp\/v2\/tags?post=52268"}],"curies":[{"name":"wp","href":"https:\/\/api.w.org\/{rel}","templated":true}]}}