{"id":49879,"date":"2021-10-31T11:45:36","date_gmt":"2021-10-31T10:45:36","guid":{"rendered":"https:\/\/fanzone.oddset.de\/?p=49879"},"modified":"2021-10-31T11:49:28","modified_gmt":"2021-10-31T10:49:28","slug":"osnabrueck-winkt-platz-2-in-verl","status":"publish","type":"post","link":"https:\/\/www.oddset.de\/blog\/fussball\/3-liga\/osnabrueck-winkt-platz-2-in-verl\/","title":{"rendered":"Osnabr\u00fcck winkt Platz 2 in Verl"},"content":{"rendered":"\t\t<div data-elementor-type=\"wp-post\" data-elementor-id=\"49879\" class=\"elementor elementor-49879\">\n\t\t\t\t\t\t<section class=\"elementor-section elementor-top-section elementor-element elementor-element-5d048b7 elementor-section-boxed elementor-section-height-default elementor-section-height-default\" data-id=\"5d048b7\" data-element_type=\"section\">\n\t\t\t\t\t\t<div class=\"elementor-container elementor-column-gap-default\">\n\t\t\t\t\t<div class=\"elementor-column elementor-col-100 elementor-top-column elementor-element elementor-element-ecf5862\" data-id=\"ecf5862\" data-element_type=\"column\">\n\t\t\t<div class=\"elementor-widget-wrap elementor-element-populated\">\n\t\t\t\t\t\t<div class=\"elementor-element elementor-element-a64e8a2 elementor-widget elementor-widget-text-editor\" data-id=\"a64e8a2\" data-element_type=\"widget\" data-widget_type=\"text-editor.default\">\n\t\t\t\t<div class=\"elementor-widget-container\">\n\t\t\t\t\t\t\t\t\t<p>Am Montagabend ist der Absteiger aus Osnabr\u00fcck im Sportpark am Lotter Kreuz in Verl zu Gast. Auf beiden Seiten lief zuletzt nicht sonderlich viel zusammen, die Ausgangslage ist dennoch grundverschieden. W\u00e4hrend Osnabr\u00fcck mit einem Sieg in der Tabelle bis auf den zweiten Platz klettern kann, k\u00e4mpft Verl um wichtige Punkte f\u00fcr den Klassenerhalt. Derzeit rangiert man nur aufgrund des besseren Torverh\u00e4ltnisses \u00fcber dem Strich. Die beiden Klubs stehen sich zum ersten Mal seit 18 Jahren wieder in einem Pflichtspiel gegen\u00fcber. Der direkte Vergleich spricht mit drei Siegen und nur einer Niederlage f\u00fcr Verl. Im eigenen Stadion ist der SCV gegen Osnabr\u00fcck sogar noch ohne Punktverlust. Dennoch gehen die Gastgeber als klarer Au\u00dfenseiter in die Partie. Ansto\u00df ist um <strong>19:00 Uhr<\/strong>.<\/p>\t\t\t\t\t\t\t\t<\/div>\n\t\t\t\t<\/div>\n\t\t\t\t\t<\/div>\n\t\t<\/div>\n\t\t\t\t\t<\/div>\n\t\t<\/section>\n\t\t\t\t<section class=\"elementor-section elementor-top-section elementor-element elementor-element-692e98b0 elementor-section-boxed elementor-section-height-default elementor-section-height-default\" data-id=\"692e98b0\" data-element_type=\"section\">\n\t\t\t\t\t\t<div class=\"elementor-container elementor-column-gap-default\">\n\t\t\t\t\t<div class=\"elementor-column elementor-col-100 elementor-top-column elementor-element elementor-element-75869899\" data-id=\"75869899\" data-element_type=\"column\">\n\t\t\t<div class=\"elementor-widget-wrap elementor-element-populated\">\n\t\t\t\t\t\t<div class=\"elementor-element elementor-element-7a8a84db elementor-position-left elementor-view-default elementor-mobile-position-top elementor-widget elementor-widget-icon-box\" data-id=\"7a8a84db\" data-element_type=\"widget\" data-widget_type=\"icon-box.default\">\n\t\t\t\t<div class=\"elementor-widget-container\">\n\t\t\t\t\t\t\t<div class=\"elementor-icon-box-wrapper\">\n\n\t\t\t\t\t\t<div class=\"elementor-icon-box-icon\">\n\t\t\t\t<span  class=\"elementor-icon\">\n\t\t\t\t<i aria-hidden=\"true\" class=\"fas fa-tv\"><\/i>\t\t\t\t<\/span>\n\t\t\t<\/div>\n\t\t\t\n\t\t\t\t\t\t<div class=\"elementor-icon-box-content\">\n\n\t\t\t\t\t\t\t\t\t<h3 class=\"elementor-icon-box-title\">\n\t\t\t\t\t\t<span  >\n\t\t\t\t\t\t\tVerl - Osnabr\u00fcck im TV oder Livestream\t\t\t\t\t\t<\/span>\n\t\t\t\t\t<\/h3>\n\t\t\t\t\n\t\t\t\t\t\t\t\t\t<p class=\"elementor-icon-box-description\">\n\t\t\t\t\t\tZu sehen gibt es das Spiel live ab 19:00 Uhr bei <b>Magenta Sport<\/b>.\t\t\t\t\t<\/p>\n\t\t\t\t\n\t\t\t<\/div>\n\t\t\t\n\t\t<\/div>\n\t\t\t\t\t\t<\/div>\n\t\t\t\t<\/div>\n\t\t\t\t\t<\/div>\n\t\t<\/div>\n\t\t\t\t\t<\/div>\n\t\t<\/section>\n\t\t\t\t<section class=\"elementor-section elementor-top-section elementor-element elementor-element-af6971f elementor-section-boxed elementor-section-height-default elementor-section-height-default\" data-id=\"af6971f\" data-element_type=\"section\">\n\t\t\t\t\t\t<div class=\"elementor-container elementor-column-gap-default\">\n\t\t\t\t\t<div class=\"elementor-column elementor-col-100 elementor-top-column elementor-element elementor-element-2467708\" data-id=\"2467708\" data-element_type=\"column\">\n\t\t\t<div class=\"elementor-widget-wrap elementor-element-populated\">\n\t\t\t\t\t\t<div class=\"elementor-element elementor-element-22f7915 elementor-widget elementor-widget-text-editor\" data-id=\"22f7915\" data-element_type=\"widget\" data-widget_type=\"text-editor.default\">\n\t\t\t\t<div class=\"elementor-widget-container\">\n\t\t\t\t\t\t\t\t\t<h2>Verl hofft auf den Heimvorteil <\/h2><p>Beim SC Verl gab es in dieser Saison noch nicht viel Grund zur Freude. Von 13 Spielen wurden gerade mal vier gewonnen und mit 16 Punkten liegt man in der Tabelle gleichauf mit Freiburg II auf Rang 17. Es k\u00f6nnte ein ganz schwieriges Jahr werden f\u00fcr die Gastgeber aus Nordrhein-Westfalen, inklusive Abstiegskampf bis zum letzten Spieltag. Allerdings ist die 3. Liga auch in diesem Jahr wieder so eng, dass es mit einer kleinen Siegesserie gleich wieder ins gesicherte Mittelfeld gehen kann. Genau eine solche will man nun gegen Osnabr\u00fcck starten und die passende Antwort auf das 2:3 zuletzt gegen Freiburg II geben. Im eigenen Stadion holte man aus den letzten beiden Spielen vier Punkte und seit September hat man nur eines der f\u00fcnf Spiele im Sportpark am Lotter Kreuz verloren.<\/p><p>Noch dazu kommt die ordentliche Bilanz gegen Osnabr\u00fcck. Das letzte Pflichtspiel liegt zwar schon etwas zur\u00fcck, doch in den bisherigen beiden Heimspielen in der Regionalliga ging man 2002 mit 2:1 und 1:0 als Sieger vom Platz. 2020 standen sich die beiden Vereine noch zweimal in einem Freundschaftskick gegen\u00fcber. Verl blieb auch in diesen beiden Duellen ungeschlagen (1 Sieg, 1 Unentschieden). In Verl gibt man eben nicht so schnell auf. Auch gegen individuell besser besetzte Gegner. Das zeigt sich auch in diesem Jahr wieder. Elfmal lagen die Verler zur\u00fcck, sechsmal konnten sie trotzdem noch punkten. Mindestens ein Unentschieden soll es nun auch gegen Osnabr\u00fcck sein.<\/p>\t\t\t\t\t\t\t\t<\/div>\n\t\t\t\t<\/div>\n\t\t\t\t\t<\/div>\n\t\t<\/div>\n\t\t\t\t\t<\/div>\n\t\t<\/section>\n\t\t\t\t<section class=\"elementor-section elementor-top-section elementor-element elementor-element-fb9459f elementor-section-boxed elementor-section-height-default elementor-section-height-default\" data-id=\"fb9459f\" data-element_type=\"section\">\n\t\t\t\t\t\t<div class=\"elementor-container elementor-column-gap-default\">\n\t\t\t\t\t<div class=\"elementor-column elementor-col-100 elementor-top-column elementor-element elementor-element-ea3bc86\" data-id=\"ea3bc86\" data-element_type=\"column\">\n\t\t\t<div class=\"elementor-widget-wrap elementor-element-populated\">\n\t\t\t\t\t\t<div class=\"elementor-element elementor-element-835deb2 elementor-widget elementor-widget-text-editor\" data-id=\"835deb2\" data-element_type=\"widget\" data-widget_type=\"text-editor.default\">\n\t\t\t\t<div class=\"elementor-widget-container\">\n\t\t\t\t\t\t\t\t\t<h2>Fakten zum Spiel:<\/h2><ul><li>Verl hat nur eines der letzten f\u00fcnf Heimspiele verloren.<\/li><li>Verl hat nur eines von vier Pflichtspielen gegen Osnabr\u00fcck verloren. (3 Siege).<\/li><li>Osnabr\u00fcck hat erst ein Ausw\u00e4rtsspiel verloren (3 Siege, 2 Unentschieden).<\/li><li>Osnabr\u00fcck feierte nur einen Sieg in den letzten sechs Pflichtspielen.<\/li><li>Osnabr\u00fcck hat erst elf Gegentore zugelassen. Besser sind da nur der FCK (9) und Mannheim (10).<\/li><\/ul>\t\t\t\t\t\t\t\t<\/div>\n\t\t\t\t<\/div>\n\t\t\t\t\t<\/div>\n\t\t<\/div>\n\t\t\t\t\t<\/div>\n\t\t<\/section>\n\t\t\t\t<section class=\"elementor-section elementor-top-section elementor-element elementor-element-2858c08 elementor-section-boxed elementor-section-height-default elementor-section-height-default\" data-id=\"2858c08\" data-element_type=\"section\">\n\t\t\t\t\t\t<div class=\"elementor-container elementor-column-gap-default\">\n\t\t\t\t\t<div class=\"elementor-column elementor-col-100 elementor-top-column elementor-element elementor-element-d1c208f\" data-id=\"d1c208f\" data-element_type=\"column\">\n\t\t\t<div class=\"elementor-widget-wrap elementor-element-populated\">\n\t\t\t\t\t\t<div class=\"elementor-element elementor-element-2ebbb7a elementor-widget elementor-widget-ucaddon_sportradar2020\" data-id=\"2ebbb7a\" data-element_type=\"widget\" data-widget_type=\"ucaddon_sportradar2020.default\">\n\t\t\t\t<div class=\"elementor-widget-container\">\n\t\t\t\t\t\n\n\n<div class=\"widgets\">\n\t<div class=\"sr-widget sr-widget-1\" id=\"sr-widget-27974924\" data-sr-widget=\"headToHead.standalone\" data-sr-match-id=\"27974924\"><\/div>\n<\/div>\n\t\t\t\t<\/div>\n\t\t\t\t<\/div>\n\t\t\t\t\t<\/div>\n\t\t<\/div>\n\t\t\t\t\t<\/div>\n\t\t<\/section>\n\t\t\t\t<section class=\"elementor-section elementor-top-section elementor-element elementor-element-9e8078c elementor-section-boxed elementor-section-height-default elementor-section-height-default\" data-id=\"9e8078c\" data-element_type=\"section\">\n\t\t\t\t\t\t<div class=\"elementor-container elementor-column-gap-default\">\n\t\t\t\t\t<div class=\"elementor-column elementor-col-100 elementor-top-column elementor-element elementor-element-eb44f6b\" data-id=\"eb44f6b\" data-element_type=\"column\">\n\t\t\t<div class=\"elementor-widget-wrap elementor-element-populated\">\n\t\t\t\t\t\t<div class=\"elementor-element elementor-element-1f9998d elementor-widget elementor-widget-text-editor\" data-id=\"1f9998d\" data-element_type=\"widget\" data-widget_type=\"text-editor.default\">\n\t\t\t\t<div class=\"elementor-widget-container\">\n\t\t\t\t\t\t\t\t\t<h2>Osnabr\u00fcck mit solider Defensive zum Sieg? <\/h2><p>Bei den G\u00e4sten aus Osnabr\u00fcck konnte man mit den Ergebnissen im Oktober nicht gerade zufrieden sein. Gerade mal ein Sieg gelang in f\u00fcnf Spielen. Dieser allerdings ausw\u00e4rts mit 2:1 beim staken Aufsteiger Viktoria Berlin. Ansonsten gab es Pleiten im Niedersachsenpokal gegen Meppen (2:3) sowie im DFB Pokal gegen den SC Freiburg. Wobei man den Bundesligisten schon am Rande einer Niederlage hatte. In der letzten Minute der Verl\u00e4ngerung gelang den Breisgauern der Ausgleich. Anschlie\u00dfend unterlag der VfL im Elfmeterschie\u00dfen. Trotzdem konnte man mit der Leistung zufrieden sein. Sollte man jetzt auch in Verl so auftreten, w\u00e4re der erste Sieg beim SC durchaus m\u00f6glich.<\/p><p>Es w\u00e4re nach all den R\u00fcckschl\u00e4gen zuletzt in der Liga enorm wichtig, denn vier Punkte aus den vergangenen vier Spielen ist nicht der Anspruch der Osnabr\u00fccker. Die Patzer der Konkurrenz im Aufstiegsrennen konnte man somit nicht nutzen. Jetzt haben Braunschweig und Magdeburg wieder was liegengelassen. Diesmal will man davon endlich mal profitieren und auf den zweiten Platz springen. Ausw\u00e4rts lief es f\u00fcr den VfL bislang recht ordentlich. Von sechs Spielen haben die Niedersachsen nur eines verloren und drei gewonnen. Das stimmt zuversichtlich f\u00fcr Montagabend. Zumal auch die Defensive immer wieder abliefert. Elf Gegentore sind der drittbeste Wert der gesamten Liga. Mehr als ein Gegentor hat Osnabr\u00fcck in dieser Saison nur in Braunschweig (2:2) und in Kaiserslautern (0:2) kassiert.<\/p>\t\t\t\t\t\t\t\t<\/div>\n\t\t\t\t<\/div>\n\t\t\t\t\t<\/div>\n\t\t<\/div>\n\t\t\t\t\t<\/div>\n\t\t<\/section>\n\t\t\t\t<section class=\"elementor-section elementor-top-section elementor-element elementor-element-145ea260 elementor-section-boxed elementor-section-height-default elementor-section-height-default\" data-id=\"145ea260\" data-element_type=\"section\">\n\t\t\t\t\t\t<div class=\"elementor-container elementor-column-gap-default\">\n\t\t\t\t\t<div class=\"elementor-column elementor-col-100 elementor-top-column elementor-element elementor-element-2eb2d0a1\" data-id=\"2eb2d0a1\" data-element_type=\"column\">\n\t\t\t<div class=\"elementor-widget-wrap elementor-element-populated\">\n\t\t\t\t\t\t<div class=\"elementor-element elementor-element-3e992da elementor-widget elementor-widget-heading\" data-id=\"3e992da\" data-element_type=\"widget\" data-widget_type=\"heading.default\">\n\t\t\t\t<div class=\"elementor-widget-container\">\n\t\t\t\t\t<h2 class=\"elementor-heading-title elementor-size-default\">Voraussichtliche Aufstellungen<\/h2>\t\t\t\t<\/div>\n\t\t\t\t<\/div>\n\t\t\t\t<section class=\"elementor-section elementor-inner-section elementor-element elementor-element-61744478 elementor-section-boxed elementor-section-height-default elementor-section-height-default\" data-id=\"61744478\" data-element_type=\"section\">\n\t\t\t\t\t\t<div class=\"elementor-container elementor-column-gap-default\">\n\t\t\t\t\t<div class=\"elementor-column elementor-col-50 elementor-inner-column elementor-element elementor-element-1027b5bf\" data-id=\"1027b5bf\" data-element_type=\"column\">\n\t\t\t<div class=\"elementor-widget-wrap elementor-element-populated\">\n\t\t\t\t\t\t<div class=\"elementor-element elementor-element-452b4f73 elementor-widget elementor-widget-text-editor\" data-id=\"452b4f73\" data-element_type=\"widget\" data-widget_type=\"text-editor.default\">\n\t\t\t\t<div class=\"elementor-widget-container\">\n\t\t\t\t\t\t\t\t\t<h3 style=\"text-align: center\">\u00a0Verl<\/h3><p style=\"text-align: center\">Thiede<\/p><p style=\"text-align: center\">Lannert, St. Sch\u00e4fer, J\u00fcrgensen, Stellwagen<\/p><p style=\"text-align: center\">Baack<\/p><p style=\"text-align: center\">Schwermann, Petkov<\/p><p style=\"text-align: center\">Rabihic, Schmitt, Putaro<\/p>\t\t\t\t\t\t\t\t<\/div>\n\t\t\t\t<\/div>\n\t\t\t\t\t<\/div>\n\t\t<\/div>\n\t\t\t\t<div class=\"elementor-column elementor-col-50 elementor-inner-column elementor-element elementor-element-3ac636cb\" data-id=\"3ac636cb\" data-element_type=\"column\">\n\t\t\t<div class=\"elementor-widget-wrap elementor-element-populated\">\n\t\t\t\t\t\t<div class=\"elementor-element elementor-element-56a922 elementor-widget elementor-widget-text-editor\" data-id=\"56a922\" data-element_type=\"widget\" data-widget_type=\"text-editor.default\">\n\t\t\t\t<div class=\"elementor-widget-container\">\n\t\t\t\t\t\t\t\t\t<h3 style=\"text-align: center\">Osnabr\u00fcck<\/h3><p style=\"text-align: center\">K\u00fchn<\/p><p style=\"text-align: center\">Traore, Beermann, Trapp, Kleinhansl<\/p><p style=\"text-align: center\">K\u00f6hler, Taffertshofer, Kunze<\/p><p style=\"text-align: center\">Opoku, Heider, Higl<\/p>\t\t\t\t\t\t\t\t<\/div>\n\t\t\t\t<\/div>\n\t\t\t\t\t<\/div>\n\t\t<\/div>\n\t\t\t\t\t<\/div>\n\t\t<\/section>\n\t\t\t\t\t<\/div>\n\t\t<\/div>\n\t\t\t\t\t<\/div>\n\t\t<\/section>\n\t\t\t\t<section class=\"elementor-section elementor-top-section elementor-element elementor-element-d0dd92c elementor-section-boxed elementor-section-height-default elementor-section-height-default\" data-id=\"d0dd92c\" data-element_type=\"section\">\n\t\t\t\t\t\t<div class=\"elementor-container elementor-column-gap-default\">\n\t\t\t\t\t<div class=\"elementor-column elementor-col-100 elementor-top-column elementor-element elementor-element-289a9ef\" data-id=\"289a9ef\" data-element_type=\"column\">\n\t\t\t<div class=\"elementor-widget-wrap elementor-element-populated\">\n\t\t\t\t\t\t<div class=\"elementor-element elementor-element-531fc4fa elementor-widget elementor-widget-text-editor\" data-id=\"531fc4fa\" data-element_type=\"widget\" data-widget_type=\"text-editor.default\">\n\t\t\t\t<div class=\"elementor-widget-container\">\n\t\t\t\t\t\t\t\t\t<h2 style=\"text-align: center\">Mein Tipp<\/h2>\t\t\t\t\t\t\t\t<\/div>\n\t\t\t\t<\/div>\n\t\t\t\t<div class=\"elementor-element elementor-element-56a812a1 elementor-widget elementor-widget-testimonial\" data-id=\"56a812a1\" data-element_type=\"widget\" data-widget_type=\"testimonial.default\">\n\t\t\t\t<div class=\"elementor-widget-container\">\n\t\t\t\t\t\t\t<div class=\"elementor-testimonial-wrapper\">\n\t\t\t\t\t\t\t<div class=\"elementor-testimonial-content\">Verl ist hochmotiviert, den Sprung aus dem Tabellenkeller zu schaffen. Gegen Osnabr\u00fcck konnte man in Pflichtspielen meist was mitnehmen. Die G\u00e4ste dagegen erleben derzeit eine kleine Ergebniskrise in der Liga. Obwohl ich den VfL als Favorit sehe, glaube ich an einen Punktgewinn der Gastgeber. Ich will es mit einem <b>1:1<\/b>  und <b>2-3 Toren<\/b>  im Spiel versuchen.<\/div>\n\t\t\t\n\t\t\t\t\t\t<div class=\"elementor-testimonial-meta\">\n\t\t\t\t<div class=\"elementor-testimonial-meta-inner\">\n\t\t\t\t\t\n\t\t\t\t\t\t\t\t\t\t<div class=\"elementor-testimonial-details\">\n\t\t\t\t\t\t\t\t\t\t\t\t\t\t<a class=\"elementor-testimonial-name\" href=\"https:\/\/oddset.de\/blog\/blogger\/christian-zander\/\">Christian Zander<\/a>\n\t\t\t\t\t\t\t\t\t\t\t\t\t\t\t\t\t\t\t<\/div>\n\t\t\t\t\t\t\t\t\t<\/div>\n\t\t\t<\/div>\n\t\t\t\t\t<\/div>\n\t\t\t\t\t\t<\/div>\n\t\t\t\t<\/div>\n\t\t\t\t\t<\/div>\n\t\t<\/div>\n\t\t\t\t\t<\/div>\n\t\t<\/section>\n\t\t\t\t<section class=\"elementor-section elementor-top-section elementor-element elementor-element-53b937d elementor-section-boxed elementor-section-height-default elementor-section-height-default\" data-id=\"53b937d\" data-element_type=\"section\">\n\t\t\t\t\t\t<div class=\"elementor-container elementor-column-gap-default\">\n\t\t\t\t\t<div class=\"elementor-column elementor-col-100 elementor-top-column elementor-element elementor-element-f4b0199\" data-id=\"f4b0199\" data-element_type=\"column\">\n\t\t\t<div class=\"elementor-widget-wrap elementor-element-populated\">\n\t\t\t\t\t\t\t<\/div>\n\t\t<\/div>\n\t\t\t\t\t<\/div>\n\t\t<\/section>\n\t\t\t\t<\/div>\n\t\t","protected":false},"excerpt":{"rendered":"<p>Am Montagabend ist der Absteiger aus Osnabr\u00fcck im Sportpark am Lotter Kreuz in Verl zu Gast. Auf beiden Seiten lief zuletzt nicht sonderlich viel zusammen, die Ausgangslage ist dennoch grundverschieden. W\u00e4hrend Osnabr\u00fcck mit einem Sieg in der Tabelle bis auf den zweiten Platz klettern kann, k\u00e4mpft Verl um wichtige Punkte f\u00fcr den Klassenerhalt. Derzeit rangiert [&hellip;]<\/p>\n","protected":false},"author":5,"featured_media":49880,"comment_status":"closed","ping_status":"closed","sticky":false,"template":"","format":"standard","meta":{"_acf_changed":false,"footnotes":""},"categories":[31],"tags":[80,1476,425],"class_list":["post-49879","post","type-post","status-publish","format-standard","has-post-thumbnail","hentry","category-3-liga","tag-3-liga","tag-sc-verl","tag-vfl-osnabrueck"],"acf":[],"yoast_head":"<!-- This site is optimized with the Yoast SEO plugin v26.0 - https:\/\/yoast.com\/wordpress\/plugins\/seo\/ -->\n<title>Osnabr\u00fcck winkt Platz 2 in Verl - ODDSET<\/title>\n<meta name=\"description\" content=\"\u2730 SC Verl - \u2730 VfL Osnabr\u00fcck (3,2 | 3,25 | 1,9) 3. Liga ODDSET Wetten \u2705 Quoten \u2705 Tipps \u2705 H2H \u2705 Vorschau \u2705 JETZT ODDSET wetten bei LOTTO \u27a4\" \/>\n<meta name=\"robots\" content=\"index, follow, max-snippet:-1, max-image-preview:large, max-video-preview:-1\" \/>\n<link rel=\"canonical\" href=\"https:\/\/www.oddset.de\/blog\/fussball\/3-liga\/osnabrueck-winkt-platz-2-in-verl\/\" \/>\n<meta property=\"og:locale\" content=\"de_DE\" \/>\n<meta property=\"og:type\" content=\"article\" \/>\n<meta property=\"og:title\" content=\"Osnabr\u00fcck winkt Platz 2 in Verl - ODDSET\" \/>\n<meta property=\"og:description\" content=\"\u2730 SC Verl - \u2730 VfL Osnabr\u00fcck (3,2 | 3,25 | 1,9) 3. Liga ODDSET Wetten \u2705 Quoten \u2705 Tipps \u2705 H2H \u2705 Vorschau \u2705 JETZT ODDSET wetten bei LOTTO \u27a4\" \/>\n<meta property=\"og:url\" content=\"https:\/\/www.oddset.de\/blog\/fussball\/3-liga\/osnabrueck-winkt-platz-2-in-verl\/\" \/>\n<meta property=\"og:site_name\" content=\"ODDSET FANZONE\" \/>\n<meta property=\"article:publisher\" content=\"https:\/\/www.facebook.com\/ODDSETwetten\/\" \/>\n<meta property=\"article:published_time\" content=\"2021-10-31T10:45:36+00:00\" \/>\n<meta property=\"article:modified_time\" content=\"2021-10-31T10:49:28+00:00\" \/>\n<meta property=\"og:image\" content=\"https:\/\/www.oddset.de\/blog\/wp-content\/uploads\/2021\/10\/verl-osnabruck.jpg\" \/>\n\t<meta property=\"og:image:width\" content=\"1024\" \/>\n\t<meta property=\"og:image:height\" content=\"640\" \/>\n\t<meta property=\"og:image:type\" content=\"image\/jpeg\" \/>\n<meta name=\"author\" content=\"Christian Zander\" \/>\n<meta name=\"twitter:card\" content=\"summary_large_image\" \/>\n<meta name=\"twitter:creator\" content=\"@ODDSETsport\" \/>\n<meta name=\"twitter:site\" content=\"@ODDSETsport\" \/>\n<meta name=\"twitter:label1\" content=\"Verfasst von\" \/>\n\t<meta name=\"twitter:data1\" content=\"Christian Zander\" \/>\n\t<meta name=\"twitter:label2\" content=\"Gesch\u00e4tzte Lesezeit\" \/>\n\t<meta name=\"twitter:data2\" content=\"18\u00a0Minuten\" \/>\n<!-- \/ Yoast SEO plugin. -->","yoast_head_json":{"title":"Osnabr\u00fcck winkt Platz 2 in Verl - ODDSET","description":"\u2730 SC Verl - \u2730 VfL Osnabr\u00fcck (3,2 | 3,25 | 1,9) 3. Liga ODDSET Wetten \u2705 Quoten \u2705 Tipps \u2705 H2H \u2705 Vorschau \u2705 JETZT ODDSET wetten bei LOTTO \u27a4","robots":{"index":"index","follow":"follow","max-snippet":"max-snippet:-1","max-image-preview":"max-image-preview:large","max-video-preview":"max-video-preview:-1"},"canonical":"https:\/\/www.oddset.de\/blog\/fussball\/3-liga\/osnabrueck-winkt-platz-2-in-verl\/","og_locale":"de_DE","og_type":"article","og_title":"Osnabr\u00fcck winkt Platz 2 in Verl - ODDSET","og_description":"\u2730 SC Verl - \u2730 VfL Osnabr\u00fcck (3,2 | 3,25 | 1,9) 3. Liga ODDSET Wetten \u2705 Quoten \u2705 Tipps \u2705 H2H \u2705 Vorschau \u2705 JETZT ODDSET wetten bei LOTTO \u27a4","og_url":"https:\/\/www.oddset.de\/blog\/fussball\/3-liga\/osnabrueck-winkt-platz-2-in-verl\/","og_site_name":"ODDSET FANZONE","article_publisher":"https:\/\/www.facebook.com\/ODDSETwetten\/","article_published_time":"2021-10-31T10:45:36+00:00","article_modified_time":"2021-10-31T10:49:28+00:00","og_image":[{"width":1024,"height":640,"url":"https:\/\/www.oddset.de\/blog\/wp-content\/uploads\/2021\/10\/verl-osnabruck.jpg","type":"image\/jpeg"}],"author":"Christian Zander","twitter_card":"summary_large_image","twitter_creator":"@ODDSETsport","twitter_site":"@ODDSETsport","twitter_misc":{"Verfasst von":"Christian Zander","Gesch\u00e4tzte Lesezeit":"18\u00a0Minuten"},"schema":{"@context":"https:\/\/schema.org","@graph":[{"@type":"Article","@id":"https:\/\/www.oddset.de\/blog\/fussball\/3-liga\/osnabrueck-winkt-platz-2-in-verl\/#article","isPartOf":{"@id":"https:\/\/www.oddset.de\/blog\/fussball\/3-liga\/osnabrueck-winkt-platz-2-in-verl\/"},"author":{"name":"Christian Zander","@id":"https:\/\/www.oddset.de\/blog\/#\/schema\/person\/b1f779b5cddaac8358041829fcf053a2"},"headline":"Osnabr\u00fcck winkt Platz 2 in Verl","datePublished":"2021-10-31T10:45:36+00:00","dateModified":"2021-10-31T10:49:28+00:00","mainEntityOfPage":{"@id":"https:\/\/www.oddset.de\/blog\/fussball\/3-liga\/osnabrueck-winkt-platz-2-in-verl\/"},"wordCount":3650,"publisher":{"@id":"https:\/\/www.oddset.de\/blog\/#organization"},"image":{"@id":"https:\/\/www.oddset.de\/blog\/fussball\/3-liga\/osnabrueck-winkt-platz-2-in-verl\/#primaryimage"},"thumbnailUrl":"https:\/\/www.oddset.de\/blog\/wp-content\/uploads\/2021\/10\/verl-osnabruck.jpg","keywords":["3. Liga","SC Verl","VfL Osnabr\u00fcck"],"articleSection":["3. Liga"],"inLanguage":"de"},{"@type":"WebPage","@id":"https:\/\/www.oddset.de\/blog\/fussball\/3-liga\/osnabrueck-winkt-platz-2-in-verl\/","url":"https:\/\/www.oddset.de\/blog\/fussball\/3-liga\/osnabrueck-winkt-platz-2-in-verl\/","name":"Osnabr\u00fcck winkt Platz 2 in Verl - ODDSET","isPartOf":{"@id":"https:\/\/www.oddset.de\/blog\/#website"},"primaryImageOfPage":{"@id":"https:\/\/www.oddset.de\/blog\/fussball\/3-liga\/osnabrueck-winkt-platz-2-in-verl\/#primaryimage"},"image":{"@id":"https:\/\/www.oddset.de\/blog\/fussball\/3-liga\/osnabrueck-winkt-platz-2-in-verl\/#primaryimage"},"thumbnailUrl":"https:\/\/www.oddset.de\/blog\/wp-content\/uploads\/2021\/10\/verl-osnabruck.jpg","datePublished":"2021-10-31T10:45:36+00:00","dateModified":"2021-10-31T10:49:28+00:00","description":"\u2730 SC Verl - \u2730 VfL Osnabr\u00fcck (3,2 | 3,25 | 1,9) 3. Liga ODDSET Wetten \u2705 Quoten \u2705 Tipps \u2705 H2H \u2705 Vorschau \u2705 JETZT ODDSET wetten bei LOTTO \u27a4","breadcrumb":{"@id":"https:\/\/www.oddset.de\/blog\/fussball\/3-liga\/osnabrueck-winkt-platz-2-in-verl\/#breadcrumb"},"inLanguage":"de","potentialAction":[{"@type":"ReadAction","target":["https:\/\/www.oddset.de\/blog\/fussball\/3-liga\/osnabrueck-winkt-platz-2-in-verl\/"]}]},{"@type":"ImageObject","inLanguage":"de","@id":"https:\/\/www.oddset.de\/blog\/fussball\/3-liga\/osnabrueck-winkt-platz-2-in-verl\/#primaryimage","url":"https:\/\/www.oddset.de\/blog\/wp-content\/uploads\/2021\/10\/verl-osnabruck.jpg","contentUrl":"https:\/\/www.oddset.de\/blog\/wp-content\/uploads\/2021\/10\/verl-osnabruck.jpg","width":1024,"height":640,"caption":"Fu\u00dfball DFB-Pokal 1. Runde VfL Osnabr\u00fcck - SV Werder Bremen am 07.08.2021 im Stadion an der Bremer Br\u00fccke in Osnabr\u00fcck Torjubel zum 1:0 durch Maurice Trapp"},{"@type":"BreadcrumbList","@id":"https:\/\/www.oddset.de\/blog\/fussball\/3-liga\/osnabrueck-winkt-platz-2-in-verl\/#breadcrumb","itemListElement":[{"@type":"ListItem","position":1,"name":"Startseite","item":"https:\/\/www.oddset.de\/blog\/"},{"@type":"ListItem","position":2,"name":"Osnabr\u00fcck winkt Platz 2 in Verl"}]},{"@type":"WebSite","@id":"https:\/\/www.oddset.de\/blog\/#website","url":"https:\/\/www.oddset.de\/blog\/","name":"ODDSET FANZONE","description":"Der Fu\u00dfball &amp; Sportwetten Blog","publisher":{"@id":"https:\/\/www.oddset.de\/blog\/#organization"},"potentialAction":[{"@type":"SearchAction","target":{"@type":"EntryPoint","urlTemplate":"https:\/\/www.oddset.de\/blog\/?s={search_term_string}"},"query-input":{"@type":"PropertyValueSpecification","valueRequired":true,"valueName":"search_term_string"}}],"inLanguage":"de"},{"@type":"Organization","@id":"https:\/\/www.oddset.de\/blog\/#organization","name":"ODDSET FANZONE","url":"https:\/\/www.oddset.de\/blog\/","logo":{"@type":"ImageObject","inLanguage":"de","@id":"https:\/\/www.oddset.de\/blog\/#\/schema\/logo\/image\/","url":"https:\/\/www.oddset.de\/blog\/wp-content\/uploads\/2020\/05\/tb_logo.png","contentUrl":"https:\/\/www.oddset.de\/blog\/wp-content\/uploads\/2020\/05\/tb_logo.png","width":1171,"height":400,"caption":"ODDSET FANZONE"},"image":{"@id":"https:\/\/www.oddset.de\/blog\/#\/schema\/logo\/image\/"},"sameAs":["https:\/\/www.facebook.com\/ODDSETwetten\/","https:\/\/x.com\/ODDSETsport","https:\/\/www.youtube.com\/channel\/UC_vWGAocu28RqdyhzCPf9ZQ"]},{"@type":"Person","@id":"https:\/\/www.oddset.de\/blog\/#\/schema\/person\/b1f779b5cddaac8358041829fcf053a2","name":"Christian Zander","image":{"@type":"ImageObject","inLanguage":"de","@id":"https:\/\/www.oddset.de\/blog\/#\/schema\/person\/image\/","url":"https:\/\/www.oddset.de\/blog\/wp-content\/uploads\/2021\/06\/imago0047482952h-150x150.jpg","contentUrl":"https:\/\/www.oddset.de\/blog\/wp-content\/uploads\/2021\/06\/imago0047482952h-150x150.jpg","caption":"Christian Zander"},"description":"Fr\u00fcher selbst aktiv am Ball, doch vor dem Sprung zu den Profis durch diverse Aktivit\u00e4ten, die sich nicht mit einem Fu\u00dfballlerleben vereinbaren lassen, die Schuhe vorzeitig an den Nagel geh\u00e4ngt. Seitdem begeisterter Fan der Bundesliga und des FC Bayern. Der erste Kontakt mit dem runden Leder geht bei mir auf die WM 1990 in Italien zur\u00fcck. Das Tor von Andy Brehme im Finale gegen Argentinien ist nach wie vor in bester Erinnerung. Ebenso wie der bittere Abstieg unseres WM-Helden mit Kaiserslautern. Gerne in Nostalgie schwelgend und dennoch voll im Tagesgesch\u00e4ft dabei. Alles f\u00fcr den Fu\u00dfball!","url":"https:\/\/www.oddset.de\/blog\/blogger\/christian-zander\/"}]}},"amp_enabled":true,"_links":{"self":[{"href":"https:\/\/www.oddset.de\/blog\/wp-json\/wp\/v2\/posts\/49879","targetHints":{"allow":["GET"]}}],"collection":[{"href":"https:\/\/www.oddset.de\/blog\/wp-json\/wp\/v2\/posts"}],"about":[{"href":"https:\/\/www.oddset.de\/blog\/wp-json\/wp\/v2\/types\/post"}],"author":[{"embeddable":true,"href":"https:\/\/www.oddset.de\/blog\/wp-json\/wp\/v2\/users\/5"}],"replies":[{"embeddable":true,"href":"https:\/\/www.oddset.de\/blog\/wp-json\/wp\/v2\/comments?post=49879"}],"version-history":[{"count":5,"href":"https:\/\/www.oddset.de\/blog\/wp-json\/wp\/v2\/posts\/49879\/revisions"}],"predecessor-version":[{"id":49886,"href":"https:\/\/www.oddset.de\/blog\/wp-json\/wp\/v2\/posts\/49879\/revisions\/49886"}],"wp:featuredmedia":[{"embeddable":true,"href":"https:\/\/www.oddset.de\/blog\/wp-json\/wp\/v2\/media\/49880"}],"wp:attachment":[{"href":"https:\/\/www.oddset.de\/blog\/wp-json\/wp\/v2\/media?parent=49879"}],"wp:term":[{"taxonomy":"category","embeddable":true,"href":"https:\/\/www.oddset.de\/blog\/wp-json\/wp\/v2\/categories?post=49879"},{"taxonomy":"post_tag","embeddable":true,"href":"https:\/\/www.oddset.de\/blog\/wp-json\/wp\/v2\/tags?post=49879"}],"curies":[{"name":"wp","href":"https:\/\/api.w.org\/{rel}","templated":true}]}}