{"id":38489,"date":"2020-10-20T15:04:48","date_gmt":"2020-10-20T13:04:48","guid":{"rendered":"https:\/\/fanzone.oddset.de\/?p=38489"},"modified":"2020-10-21T14:22:47","modified_gmt":"2020-10-21T12:22:47","slug":"inter-gladbach-spaete-rache-fuer-die-dose","status":"publish","type":"post","link":"https:\/\/www.oddset.de\/blog\/fussball\/champions-league\/inter-gladbach-spaete-rache-fuer-die-dose\/","title":{"rendered":"Inter \u2013 Gladbach: Sp\u00e4te Rache f\u00fcr die Dose?"},"content":{"rendered":"\t\t<div data-elementor-type=\"wp-post\" data-elementor-id=\"38489\" class=\"elementor elementor-38489\">\n\t\t\t\t\t\t<section class=\"elementor-section elementor-top-section elementor-element elementor-element-9bc119b elementor-section-boxed elementor-section-height-default elementor-section-height-default\" data-id=\"9bc119b\" data-element_type=\"section\">\n\t\t\t\t\t\t<div class=\"elementor-container elementor-column-gap-default\">\n\t\t\t\t\t<div class=\"elementor-column elementor-col-100 elementor-top-column elementor-element elementor-element-39e035f\" data-id=\"39e035f\" data-element_type=\"column\">\n\t\t\t<div class=\"elementor-widget-wrap elementor-element-populated\">\n\t\t\t\t\t\t<div class=\"elementor-element elementor-element-6ca0559 elementor-widget elementor-widget-text-editor\" data-id=\"6ca0559\" data-element_type=\"widget\" data-widget_type=\"text-editor.default\">\n\t\t\t\t<div class=\"elementor-widget-container\">\n\t\t\t\t\t\t\t\t\t<p>Vier Jahre lang musste man bei Borussia M\u00f6nchengladbach auf K\u00f6nigsklassen-Fu\u00dfball warten. Am Mittwochabend ist es endlich wieder soweit. Die Fohlen sind zum Auftakt der Gruppenphase bei Inter Mailand im Giuseppe Meazza Stadion zu Gast. Ausgerechnet bei Inter, gegen die man das gr\u00f6\u00dfte Skandalspiel der Vereinsgeschichte absolviert hat.<\/p><p>Am 20. Oktober 1971 standen sich die beiden Klubs im Europapokal der Landesmeister gegen\u00fcber. Die Fohlen gewannen gegen die favorisierten Lombarden mit 7:1. Doch eine Getr\u00e4nkedose machte dem Bundesligisten einen Strich durch die Rechnung. Diese traf von den Zuschauerr\u00e4ngen aus Inter-St\u00fcrmer Roberto Boninsegna, der daraufhin den sterbenden Schwan markierte und ausgewechselt wurde. Das Spiel musste wiederholt werden und Gladbach schied im Achtelfinale aus. 1979\/80 gelang die Revanche im damaligen UEFA Cup. Jetzt also das dritte Duell. Es ist wieder viel Z\u00fcndstoff geboten. Ansto\u00df ist um 21:00 Uhr.<\/p>\t\t\t\t\t\t\t\t<\/div>\n\t\t\t\t<\/div>\n\t\t\t\t\t<\/div>\n\t\t<\/div>\n\t\t\t\t\t<\/div>\n\t\t<\/section>\n\t\t\t\t<section class=\"elementor-section elementor-top-section elementor-element elementor-element-fce9982 elementor-section-boxed elementor-section-height-default elementor-section-height-default\" data-id=\"fce9982\" data-element_type=\"section\">\n\t\t\t\t\t\t<div class=\"elementor-container elementor-column-gap-default\">\n\t\t\t\t\t<div class=\"elementor-column elementor-col-100 elementor-top-column elementor-element elementor-element-1b3eacc5\" data-id=\"1b3eacc5\" data-element_type=\"column\">\n\t\t\t<div class=\"elementor-widget-wrap elementor-element-populated\">\n\t\t\t\t\t\t<div class=\"elementor-element elementor-element-41572f31 elementor-position-left elementor-view-default elementor-mobile-position-top elementor-widget elementor-widget-icon-box\" data-id=\"41572f31\" data-element_type=\"widget\" data-widget_type=\"icon-box.default\">\n\t\t\t\t<div class=\"elementor-widget-container\">\n\t\t\t\t\t\t\t<div class=\"elementor-icon-box-wrapper\">\n\n\t\t\t\t\t\t<div class=\"elementor-icon-box-icon\">\n\t\t\t\t<span  class=\"elementor-icon\">\n\t\t\t\t<i aria-hidden=\"true\" class=\"fas fa-tv\"><\/i>\t\t\t\t<\/span>\n\t\t\t<\/div>\n\t\t\t\n\t\t\t\t\t\t<div class=\"elementor-icon-box-content\">\n\n\t\t\t\t\t\t\t\t\t<h3 class=\"elementor-icon-box-title\">\n\t\t\t\t\t\t<span  >\n\t\t\t\t\t\t\tInter Mailand - Borussia M\u00f6nchengladbach im TV oder Livestream\t\t\t\t\t\t<\/span>\n\t\t\t\t\t<\/h3>\n\t\t\t\t\n\t\t\t\t\t\t\t\t\t<p class=\"elementor-icon-box-description\">\n\t\t\t\t\t\tZu sehen gibt es das Spiel live ab 21:00 Uhr bei <b>DAZN<\/b>.\t\t\t\t\t<\/p>\n\t\t\t\t\n\t\t\t<\/div>\n\t\t\t\n\t\t<\/div>\n\t\t\t\t\t\t<\/div>\n\t\t\t\t<\/div>\n\t\t\t\t\t<\/div>\n\t\t<\/div>\n\t\t\t\t\t<\/div>\n\t\t<\/section>\n\t\t\t\t<section class=\"elementor-section elementor-top-section elementor-element elementor-element-2beba1a6 elementor-section-boxed elementor-section-height-default elementor-section-height-default\" data-id=\"2beba1a6\" data-element_type=\"section\">\n\t\t\t\t\t\t<div class=\"elementor-container elementor-column-gap-default\">\n\t\t\t\t\t<div class=\"elementor-column elementor-col-100 elementor-top-column elementor-element elementor-element-146830b0\" data-id=\"146830b0\" data-element_type=\"column\">\n\t\t\t<div class=\"elementor-widget-wrap elementor-element-populated\">\n\t\t\t\t\t\t<div class=\"elementor-element elementor-element-b723582 elementor-widget elementor-widget-heading\" data-id=\"b723582\" data-element_type=\"widget\" data-widget_type=\"heading.default\">\n\t\t\t\t<div class=\"elementor-widget-container\">\n\t\t\t\t\t<h3 class=\"elementor-heading-title elementor-size-default\">Daten und Fakten zum Spiel<\/h3>\t\t\t\t<\/div>\n\t\t\t\t<\/div>\n\t\t\t\t<div class=\"elementor-element elementor-element-d50f9c4 elementor-widget elementor-widget-wp-widget-wp_widget_sportradar\" data-id=\"d50f9c4\" data-element_type=\"widget\" data-widget_type=\"wp-widget-wp_widget_sportradar.default\">\n\t\t\t\t<div class=\"elementor-widget-container\">\n\t\t\t\t\t<div class=\"sportradarContent\"><div class=\"sr-widget\" data-sr-widget=\"match.factsandfigures\" data-sr-match-id=\"23828569\"><\/div><\/div>\t\t\t\t<\/div>\n\t\t\t\t<\/div>\n\t\t\t\t\t<\/div>\n\t\t<\/div>\n\t\t\t\t\t<\/div>\n\t\t<\/section>\n\t\t\t\t<section class=\"elementor-section elementor-top-section elementor-element elementor-element-c1bc5af elementor-section-boxed elementor-section-height-default elementor-section-height-default\" data-id=\"c1bc5af\" data-element_type=\"section\">\n\t\t\t\t\t\t<div class=\"elementor-container elementor-column-gap-default\">\n\t\t\t\t\t<div class=\"elementor-column elementor-col-100 elementor-top-column elementor-element elementor-element-b056255\" data-id=\"b056255\" data-element_type=\"column\">\n\t\t\t<div class=\"elementor-widget-wrap elementor-element-populated\">\n\t\t\t\t\t\t<div class=\"elementor-element elementor-element-da4ccd5 elementor-widget elementor-widget-text-editor\" data-id=\"da4ccd5\" data-element_type=\"widget\" data-widget_type=\"text-editor.default\">\n\t\t\t\t<div class=\"elementor-widget-container\">\n\t\t\t\t\t\t\t\t\t<h2>Der Druck lastet auf Inter <\/h2><p>In Mailand sieht man sich in einer Gruppe mit Real Madrid, M\u00f6nchengladbach und Donezk nat\u00fcrlich als der zweite gro\u00dfe Favorit neben den K\u00f6niglichen aus Spanien. Folglich ist das Auftaktspiel gegen die Borussia gleich enorm wichtig f\u00fcr die Lombarden. Nachdem man 2018 und 2019 bereits in der Gruppenphase die Segel streichen musste, soll es jetzt endlich wieder mit dem Einzug ins Achtelfinale klappen. Daf\u00fcr m\u00fcssen in erster Linie die Heimspiele gewonnen werden. Alles andere als ein Sieg gegen die Borussia ist f\u00fcr Inter also deutlich zu wenig.<\/p><p>Das Duell mit dem Bundesligisten vom Niederrhein kommt f\u00fcr die Nerazzurri jedoch nicht gerade zum besten Zeitpunkt. Nachdem der Saisonstart mit dem 4:3 \u00fcber die Fiorentina sowie dem 5:2 bei Benevento vielversprechend begann, gelang im Oktober kein Sieg mehr. Erst das 1:1 bei Lazio, dann das 1:2 im Derby gegen den AC Mailand. V\u00f6llig untypisch f\u00fcr eine italienische Spitzenmannschaft hat Inter in jedem Pflichtspiel mindestens ein Gegentor zugelassen. Und jetzt f\u00e4llt auch noch Abwehrchef Milan Skriniar aus. Die Defensive war bereits gegen Milan der Schwachpunkt. Da muss Trainer Antonio Conte unbedingt ansetzen. Dann k\u00f6nnte das schon was werden gegen die Borussia, denn der Angriff ist mit Romelu Lukaku und Lautaro Martinez \u00fcber jeden Zweifel erhaben. Das wei\u00df auch der Trainer:<\/p><blockquote><p>Acht Gegentore in vier Spielen sind zu viel, sie sind aber auch ein wenig unserer offensiven Ausrichtung mit zwei Au\u00dfen, die eigentlich Fl\u00fcgelst\u00fcrmer sind, geschuldet. Dennoch ist Stabilit\u00e4t in der Abwehr fundamental. Das Gleichgewicht muss beibehalten werden.<\/p><\/blockquote>\t\t\t\t\t\t\t\t<\/div>\n\t\t\t\t<\/div>\n\t\t\t\t\t<\/div>\n\t\t<\/div>\n\t\t\t\t\t<\/div>\n\t\t<\/section>\n\t\t\t\t<section class=\"elementor-section elementor-top-section elementor-element elementor-element-0a3df8c elementor-section-boxed elementor-section-height-default elementor-section-height-default\" data-id=\"0a3df8c\" data-element_type=\"section\">\n\t\t\t\t\t\t<div class=\"elementor-container elementor-column-gap-default\">\n\t\t\t\t\t<div class=\"elementor-column elementor-col-100 elementor-top-column elementor-element elementor-element-c595e62\" data-id=\"c595e62\" data-element_type=\"column\">\n\t\t\t<div class=\"elementor-widget-wrap elementor-element-populated\">\n\t\t\t\t\t\t<div class=\"elementor-element elementor-element-ce72980 elementor-widget elementor-widget-text-editor\" data-id=\"ce72980\" data-element_type=\"widget\" data-widget_type=\"text-editor.default\">\n\t\t\t\t<div class=\"elementor-widget-container\">\n\t\t\t\t\t\t\t\t\t<h2>Fakten zum Spiel:<\/h2><ul><li>Inter hat nur 19 von 51 Spiele gegen deutsche Klubs verloren (23 Siege, 9 Unentschieden).<\/li><li>Die Bilanz der Gladbacher gegen Klubs aus Italien: 6 Siege aus 18 Spielen (8 Unentschieden, 4 Niederlagen).<\/li><li>Gladbach ist seit drei Spielen ungeschlagen, Inter seit zwei Spielen sieglos.<\/li><li>Inter feierte letzte Saison nur einen Heimsieg in der Gruppenphase, diesen aber gegen einen deutschen Klub (2:0 gegen Dortmund).<\/li><li>Inter hat in vier Pflichtspielen schon acht Gegentore zugelassen, bei Gladbach sind es f\u00fcnf Gegentreffer in f\u00fcnf Spielen.<\/li><\/ul>\t\t\t\t\t\t\t\t<\/div>\n\t\t\t\t<\/div>\n\t\t\t\t\t<\/div>\n\t\t<\/div>\n\t\t\t\t\t<\/div>\n\t\t<\/section>\n\t\t\t\t<section class=\"elementor-section elementor-top-section elementor-element elementor-element-52f696c elementor-section-boxed elementor-section-height-default elementor-section-height-default\" data-id=\"52f696c\" data-element_type=\"section\">\n\t\t\t\t\t\t<div class=\"elementor-container elementor-column-gap-default\">\n\t\t\t\t\t<div class=\"elementor-column elementor-col-100 elementor-top-column elementor-element elementor-element-d3098fd\" data-id=\"d3098fd\" data-element_type=\"column\">\n\t\t\t<div class=\"elementor-widget-wrap elementor-element-populated\">\n\t\t\t\t\t\t<div class=\"elementor-element elementor-element-cd90009 elementor-widget elementor-widget-ucaddon_sportradar2020\" data-id=\"cd90009\" data-element_type=\"widget\" data-widget_type=\"ucaddon_sportradar2020.default\">\n\t\t\t\t<div class=\"elementor-widget-container\">\n\t\t\t\t\t\n\n\n<div class=\"widgets\">\n\t<div class=\"sr-widget sr-widget-1\" id=\"sr-widget-23828569\" data-sr-widget=\"headToHead.standalone\" data-sr-match-id=\"23828569\"><\/div>\n<\/div>\n\t\t\t\t<\/div>\n\t\t\t\t<\/div>\n\t\t\t\t\t<\/div>\n\t\t<\/div>\n\t\t\t\t\t<\/div>\n\t\t<\/section>\n\t\t\t\t<section class=\"elementor-section elementor-top-section elementor-element elementor-element-02fc4a3 elementor-section-boxed elementor-section-height-default elementor-section-height-default\" data-id=\"02fc4a3\" data-element_type=\"section\">\n\t\t\t\t\t\t<div class=\"elementor-container elementor-column-gap-default\">\n\t\t\t\t\t<div class=\"elementor-column elementor-col-100 elementor-top-column elementor-element elementor-element-90ef72b\" data-id=\"90ef72b\" data-element_type=\"column\">\n\t\t\t<div class=\"elementor-widget-wrap elementor-element-populated\">\n\t\t\t\t\t\t<div class=\"elementor-element elementor-element-f35e20c elementor-widget elementor-widget-text-editor\" data-id=\"f35e20c\" data-element_type=\"widget\" data-widget_type=\"text-editor.default\">\n\t\t\t\t<div class=\"elementor-widget-container\">\n\t\t\t\t\t\t\t\t\t<h2>Kann Rose auch Champions League? <\/h2>\n<p>Anders als Inter kam M\u00f6nchengladbach noch nie \u00fcber die Gruppenphase der Champions League hinaus. Das wird auch in dieser Saison alles andere als leicht. Doch mal ehrlich, was haben die Gladbacher schon zu verlieren? Real Madrid und Inter sind die gro\u00dfen Favoriten. Rang drei sollte das Minimalziel sein, alles andere ist Bonus. Genau mit dieser Einstellung, befreit und ohne Druck, kann man vielleicht auch gegen die Giganten aus Mailand und Madrid was mitnehmen. Coach Marco Rose k\u00f6nnte dabei der entscheidende Faktor sein.<\/p>\n<p>Der Fu\u00dfballlehrer hat zwar noch nie ein Spiel in der Champions League absolviert, doch seine Bilanz in Europa ist dennoch beachtlich. Mit Salzburg hat Rose nur zwei von 18 Europapokalspielen verloren. Dem stehen elf Siege und f\u00fcnf Unentschieden gegen\u00fcber. Kann die Borussia den holprigen Start in der Bundesliga (1 Sieg, 2 Unentschieden, 1 Niederlage) ausblenden und sich am Mittwoch ganz auf die K\u00f6nigsklasse konzentrieren, ist ein Punktgewinn  im San Siro durchaus m\u00f6glich. Man muss nur daran glauben. Schlie\u00dflich soll Mailand nur der erste Schritt zu einem erfolgreichen Jahr in der K\u00f6nigsklasse sein. Rose geht daher gleich in die Offensive:<\/p>\n<blockquote>\n<p>Wir spielen, um weiterzukommen. Eine andere Zielsetzung w\u00fcrde unserem Charakter widersprechen.<\/p>\n<\/blockquote>\t\t\t\t\t\t\t\t<\/div>\n\t\t\t\t<\/div>\n\t\t\t\t\t<\/div>\n\t\t<\/div>\n\t\t\t\t\t<\/div>\n\t\t<\/section>\n\t\t\t\t<section class=\"elementor-section elementor-top-section elementor-element elementor-element-f3cff2a elementor-section-boxed elementor-section-height-default elementor-section-height-default\" data-id=\"f3cff2a\" data-element_type=\"section\">\n\t\t\t\t\t\t<div class=\"elementor-container elementor-column-gap-default\">\n\t\t\t\t\t<div class=\"elementor-column elementor-col-100 elementor-top-column elementor-element elementor-element-49027ede\" data-id=\"49027ede\" data-element_type=\"column\">\n\t\t\t<div class=\"elementor-widget-wrap elementor-element-populated\">\n\t\t\t\t\t\t<div class=\"elementor-element elementor-element-375d36b7 elementor-widget elementor-widget-heading\" data-id=\"375d36b7\" data-element_type=\"widget\" data-widget_type=\"heading.default\">\n\t\t\t\t<div class=\"elementor-widget-container\">\n\t\t\t\t\t<h2 class=\"elementor-heading-title elementor-size-default\">Voraussichtliche Aufstellungen<\/h2>\t\t\t\t<\/div>\n\t\t\t\t<\/div>\n\t\t\t\t<section class=\"elementor-section elementor-inner-section elementor-element elementor-element-7dcc3a0 elementor-section-boxed elementor-section-height-default elementor-section-height-default\" data-id=\"7dcc3a0\" data-element_type=\"section\">\n\t\t\t\t\t\t<div class=\"elementor-container elementor-column-gap-default\">\n\t\t\t\t\t<div class=\"elementor-column elementor-col-50 elementor-inner-column elementor-element elementor-element-4f32ea07\" data-id=\"4f32ea07\" data-element_type=\"column\">\n\t\t\t<div class=\"elementor-widget-wrap elementor-element-populated\">\n\t\t\t\t\t\t<div class=\"elementor-element elementor-element-6aef829f elementor-widget elementor-widget-text-editor\" data-id=\"6aef829f\" data-element_type=\"widget\" data-widget_type=\"text-editor.default\">\n\t\t\t\t<div class=\"elementor-widget-container\">\n\t\t\t\t\t\t\t\t\t<h3 style=\"text-align: center\">Inter<\/h3><p style=\"text-align: center\">Handanovic<\/p><p style=\"text-align: center\">d\u2019Ambrosio, de Vrij, Kolarov<\/p><p style=\"text-align: center\">Sensi, Vidal<\/p><p style=\"text-align: center\">Hakimi, Perisic<\/p><p style=\"text-align: center\">Barella<\/p><p style=\"text-align: center\">Lukaku, Martinez<\/p>\t\t\t\t\t\t\t\t<\/div>\n\t\t\t\t<\/div>\n\t\t\t\t\t<\/div>\n\t\t<\/div>\n\t\t\t\t<div class=\"elementor-column elementor-col-50 elementor-inner-column elementor-element elementor-element-48d03ad1\" data-id=\"48d03ad1\" data-element_type=\"column\">\n\t\t\t<div class=\"elementor-widget-wrap elementor-element-populated\">\n\t\t\t\t\t\t<div class=\"elementor-element elementor-element-20f3f3c2 elementor-widget elementor-widget-text-editor\" data-id=\"20f3f3c2\" data-element_type=\"widget\" data-widget_type=\"text-editor.default\">\n\t\t\t\t<div class=\"elementor-widget-container\">\n\t\t\t\t\t\t\t\t\t<h3 style=\"text-align: center\">M\u00f6nchengladbach<\/h3><p style=\"text-align: center\">Sommer<\/p><p style=\"text-align: center\">Ginter, Elvedi, Bensebaini<\/p><p style=\"text-align: center\">Lainer, Kramer, Neuhaus, Wendt<\/p><p style=\"text-align: center\">Hofmann<\/p><p style=\"text-align: center\">Plea, Thuram<\/p>\t\t\t\t\t\t\t\t<\/div>\n\t\t\t\t<\/div>\n\t\t\t\t\t<\/div>\n\t\t<\/div>\n\t\t\t\t\t<\/div>\n\t\t<\/section>\n\t\t\t\t\t<\/div>\n\t\t<\/div>\n\t\t\t\t\t<\/div>\n\t\t<\/section>\n\t\t\t\t<section class=\"elementor-section elementor-top-section elementor-element elementor-element-7981c216 elementor-section-boxed elementor-section-height-default elementor-section-height-default\" data-id=\"7981c216\" data-element_type=\"section\">\n\t\t\t\t\t\t<div class=\"elementor-container elementor-column-gap-default\">\n\t\t\t\t\t<div class=\"elementor-column elementor-col-100 elementor-top-column elementor-element elementor-element-306a290a\" data-id=\"306a290a\" data-element_type=\"column\">\n\t\t\t<div class=\"elementor-widget-wrap elementor-element-populated\">\n\t\t\t\t\t\t<div class=\"elementor-element elementor-element-44f6d9af elementor-widget elementor-widget-text-editor\" data-id=\"44f6d9af\" data-element_type=\"widget\" data-widget_type=\"text-editor.default\">\n\t\t\t\t<div class=\"elementor-widget-container\">\n\t\t\t\t\t\t\t\t\t<h2 style=\"text-align: center\">Mein Tipp<\/h2>\t\t\t\t\t\t\t\t<\/div>\n\t\t\t\t<\/div>\n\t\t\t\t<div class=\"elementor-element elementor-element-72763be9 elementor-widget elementor-widget-testimonial\" data-id=\"72763be9\" data-element_type=\"widget\" data-widget_type=\"testimonial.default\">\n\t\t\t\t<div class=\"elementor-widget-container\">\n\t\t\t\t\t\t\t<div class=\"elementor-testimonial-wrapper\">\n\t\t\t\t\t\t\t<div class=\"elementor-testimonial-content\">Inter hat zuletzt zwar mit 1:2 gegen den AC Mailand verloren, doch gerade das macht die Gastgeber meiner Einsch\u00e4tzung nach noch gef\u00e4hrlicher. Mit einem weiteren Patzer gegen Gladbach w\u00fcrde bei den Nerazzurri schnell Unruhe einkehren. Das gilt es unbedingt zu vermeiden. Da es auch bei den Fohlen noch nicht rund l\u00e4uft, entscheide ich mich f\u00fcr ein <b>2:1<\/b>  f\u00fcr Inter und 2-3 Tore im Spiel .<\/div>\n\t\t\t\n\t\t\t\t\t\t<div class=\"elementor-testimonial-meta\">\n\t\t\t\t<div class=\"elementor-testimonial-meta-inner\">\n\t\t\t\t\t\n\t\t\t\t\t\t\t\t\t\t<div class=\"elementor-testimonial-details\">\n\t\t\t\t\t\t\t\t\t\t\t\t\t\t<a class=\"elementor-testimonial-name\" href=\"https:\/\/oddset.de\/blog\/blogger\/christian-zander\/\">Christian Zander<\/a>\n\t\t\t\t\t\t\t\t\t\t\t\t\t\t\t\t\t\t\t<\/div>\n\t\t\t\t\t\t\t\t\t<\/div>\n\t\t\t<\/div>\n\t\t\t\t\t<\/div>\n\t\t\t\t\t\t<\/div>\n\t\t\t\t<\/div>\n\t\t\t\t\t<\/div>\n\t\t<\/div>\n\t\t\t\t\t<\/div>\n\t\t<\/section>\n\t\t\t\t<section class=\"elementor-section elementor-top-section elementor-element elementor-element-003befe elementor-section-boxed elementor-section-height-default elementor-section-height-default\" data-id=\"003befe\" data-element_type=\"section\">\n\t\t\t\t\t\t<div class=\"elementor-container elementor-column-gap-default\">\n\t\t\t\t\t<div class=\"elementor-column elementor-col-100 elementor-top-column elementor-element elementor-element-3b35626\" data-id=\"3b35626\" data-element_type=\"column\">\n\t\t\t<div class=\"elementor-widget-wrap elementor-element-populated\">\n\t\t\t\t\t\t\t<\/div>\n\t\t<\/div>\n\t\t\t\t\t<\/div>\n\t\t<\/section>\n\t\t\t\t<\/div>\n\t\t","protected":false},"excerpt":{"rendered":"<p>Vier Jahre lang musste man bei Borussia M\u00f6nchengladbach auf K\u00f6nigsklassen-Fu\u00dfball warten. Am Mittwochabend ist es endlich wieder soweit. Die Fohlen sind zum Auftakt der Gruppenphase bei Inter Mailand im Giuseppe Meazza Stadion zu Gast. Ausgerechnet bei Inter, gegen die man das gr\u00f6\u00dfte Skandalspiel der Vereinsgeschichte absolviert hat. Am 20. Oktober 1971 standen sich die beiden [&hellip;]<\/p>\n","protected":false},"author":5,"featured_media":38509,"comment_status":"closed","ping_status":"closed","sticky":false,"template":"","format":"standard","meta":{"_acf_changed":false,"footnotes":""},"categories":[25],"tags":[37,36,276],"class_list":["post-38489","post","type-post","status-publish","format-standard","has-post-thumbnail","hentry","category-champions-league","tag-borussia-moenchengladbach","tag-champions-league","tag-inter-mailand"],"acf":[],"yoast_head":"<!-- This site is optimized with the Yoast SEO plugin v26.0 - https:\/\/yoast.com\/wordpress\/plugins\/seo\/ -->\n<title>Inter \u2013 Gladbach: Sp\u00e4te Rache f\u00fcr die Dose? - ODDSET<\/title>\n<meta name=\"description\" content=\"\u2730 Inter Mailand - \u2730 Borussia M\u00f6nchengladbach (1,53 | 4,1 | 5,4) Champions League ODDSET Wetten \u2705 Quoten \u2705 Tipps \u2705 H2H \u2705 Vorschau \u2705 JETZT ODDSET wetten bei LOTTO \u27a4\" \/>\n<meta name=\"robots\" content=\"index, follow, max-snippet:-1, max-image-preview:large, max-video-preview:-1\" \/>\n<link rel=\"canonical\" href=\"https:\/\/www.oddset.de\/blog\/fussball\/champions-league\/inter-gladbach-spaete-rache-fuer-die-dose\/\" \/>\n<meta property=\"og:locale\" content=\"de_DE\" \/>\n<meta property=\"og:type\" content=\"article\" \/>\n<meta property=\"og:title\" content=\"Inter \u2013 Gladbach: Sp\u00e4te Rache f\u00fcr die Dose? - ODDSET\" \/>\n<meta property=\"og:description\" content=\"\u2730 Inter Mailand - \u2730 Borussia M\u00f6nchengladbach (1,53 | 4,1 | 5,4) Champions League ODDSET Wetten \u2705 Quoten \u2705 Tipps \u2705 H2H \u2705 Vorschau \u2705 JETZT ODDSET wetten bei LOTTO \u27a4\" \/>\n<meta property=\"og:url\" content=\"https:\/\/www.oddset.de\/blog\/fussball\/champions-league\/inter-gladbach-spaete-rache-fuer-die-dose\/\" \/>\n<meta property=\"og:site_name\" content=\"ODDSET FANZONE\" \/>\n<meta property=\"article:publisher\" content=\"https:\/\/www.facebook.com\/ODDSETwetten\/\" \/>\n<meta property=\"article:published_time\" content=\"2020-10-20T13:04:48+00:00\" \/>\n<meta property=\"article:modified_time\" content=\"2020-10-21T12:22:47+00:00\" \/>\n<meta property=\"og:image\" content=\"https:\/\/www.oddset.de\/blog\/wp-content\/uploads\/2020\/10\/inter-gladbach.jpg\" \/>\n\t<meta property=\"og:image:width\" content=\"1024\" \/>\n\t<meta property=\"og:image:height\" content=\"640\" \/>\n\t<meta property=\"og:image:type\" content=\"image\/jpeg\" \/>\n<meta name=\"author\" content=\"Christian Zander\" \/>\n<meta name=\"twitter:card\" content=\"summary_large_image\" \/>\n<meta name=\"twitter:creator\" content=\"@ODDSETsport\" \/>\n<meta name=\"twitter:site\" content=\"@ODDSETsport\" \/>\n<meta name=\"twitter:label1\" content=\"Verfasst von\" \/>\n\t<meta name=\"twitter:data1\" content=\"Christian Zander\" \/>\n\t<meta name=\"twitter:label2\" content=\"Gesch\u00e4tzte Lesezeit\" \/>\n\t<meta name=\"twitter:data2\" content=\"18\u00a0Minuten\" \/>\n<!-- \/ Yoast SEO plugin. -->","yoast_head_json":{"title":"Inter \u2013 Gladbach: Sp\u00e4te Rache f\u00fcr die Dose? - ODDSET","description":"\u2730 Inter Mailand - \u2730 Borussia M\u00f6nchengladbach (1,53 | 4,1 | 5,4) Champions League ODDSET Wetten \u2705 Quoten \u2705 Tipps \u2705 H2H \u2705 Vorschau \u2705 JETZT ODDSET wetten bei LOTTO \u27a4","robots":{"index":"index","follow":"follow","max-snippet":"max-snippet:-1","max-image-preview":"max-image-preview:large","max-video-preview":"max-video-preview:-1"},"canonical":"https:\/\/www.oddset.de\/blog\/fussball\/champions-league\/inter-gladbach-spaete-rache-fuer-die-dose\/","og_locale":"de_DE","og_type":"article","og_title":"Inter \u2013 Gladbach: Sp\u00e4te Rache f\u00fcr die Dose? - ODDSET","og_description":"\u2730 Inter Mailand - \u2730 Borussia M\u00f6nchengladbach (1,53 | 4,1 | 5,4) Champions League ODDSET Wetten \u2705 Quoten \u2705 Tipps \u2705 H2H \u2705 Vorschau \u2705 JETZT ODDSET wetten bei LOTTO \u27a4","og_url":"https:\/\/www.oddset.de\/blog\/fussball\/champions-league\/inter-gladbach-spaete-rache-fuer-die-dose\/","og_site_name":"ODDSET FANZONE","article_publisher":"https:\/\/www.facebook.com\/ODDSETwetten\/","article_published_time":"2020-10-20T13:04:48+00:00","article_modified_time":"2020-10-21T12:22:47+00:00","og_image":[{"width":1024,"height":640,"url":"https:\/\/www.oddset.de\/blog\/wp-content\/uploads\/2020\/10\/inter-gladbach.jpg","type":"image\/jpeg"}],"author":"Christian Zander","twitter_card":"summary_large_image","twitter_creator":"@ODDSETsport","twitter_site":"@ODDSETsport","twitter_misc":{"Verfasst von":"Christian Zander","Gesch\u00e4tzte Lesezeit":"18\u00a0Minuten"},"schema":{"@context":"https:\/\/schema.org","@graph":[{"@type":"Article","@id":"https:\/\/www.oddset.de\/blog\/fussball\/champions-league\/inter-gladbach-spaete-rache-fuer-die-dose\/#article","isPartOf":{"@id":"https:\/\/www.oddset.de\/blog\/fussball\/champions-league\/inter-gladbach-spaete-rache-fuer-die-dose\/"},"author":{"name":"Christian Zander","@id":"https:\/\/www.oddset.de\/blog\/#\/schema\/person\/b1f779b5cddaac8358041829fcf053a2"},"headline":"Inter \u2013 Gladbach: Sp\u00e4te Rache f\u00fcr die Dose?","datePublished":"2020-10-20T13:04:48+00:00","dateModified":"2020-10-21T12:22:47+00:00","mainEntityOfPage":{"@id":"https:\/\/www.oddset.de\/blog\/fussball\/champions-league\/inter-gladbach-spaete-rache-fuer-die-dose\/"},"wordCount":3681,"publisher":{"@id":"https:\/\/www.oddset.de\/blog\/#organization"},"image":{"@id":"https:\/\/www.oddset.de\/blog\/fussball\/champions-league\/inter-gladbach-spaete-rache-fuer-die-dose\/#primaryimage"},"thumbnailUrl":"https:\/\/www.oddset.de\/blog\/wp-content\/uploads\/2020\/10\/inter-gladbach.jpg","keywords":["Borussia M\u00f6nchengladbach","Champions League","Inter Mailand"],"articleSection":["Champions League"],"inLanguage":"de"},{"@type":"WebPage","@id":"https:\/\/www.oddset.de\/blog\/fussball\/champions-league\/inter-gladbach-spaete-rache-fuer-die-dose\/","url":"https:\/\/www.oddset.de\/blog\/fussball\/champions-league\/inter-gladbach-spaete-rache-fuer-die-dose\/","name":"Inter \u2013 Gladbach: Sp\u00e4te Rache f\u00fcr die Dose? - ODDSET","isPartOf":{"@id":"https:\/\/www.oddset.de\/blog\/#website"},"primaryImageOfPage":{"@id":"https:\/\/www.oddset.de\/blog\/fussball\/champions-league\/inter-gladbach-spaete-rache-fuer-die-dose\/#primaryimage"},"image":{"@id":"https:\/\/www.oddset.de\/blog\/fussball\/champions-league\/inter-gladbach-spaete-rache-fuer-die-dose\/#primaryimage"},"thumbnailUrl":"https:\/\/www.oddset.de\/blog\/wp-content\/uploads\/2020\/10\/inter-gladbach.jpg","datePublished":"2020-10-20T13:04:48+00:00","dateModified":"2020-10-21T12:22:47+00:00","description":"\u2730 Inter Mailand - \u2730 Borussia M\u00f6nchengladbach (1,53 | 4,1 | 5,4) Champions League ODDSET Wetten \u2705 Quoten \u2705 Tipps \u2705 H2H \u2705 Vorschau \u2705 JETZT ODDSET wetten bei LOTTO \u27a4","breadcrumb":{"@id":"https:\/\/www.oddset.de\/blog\/fussball\/champions-league\/inter-gladbach-spaete-rache-fuer-die-dose\/#breadcrumb"},"inLanguage":"de","potentialAction":[{"@type":"ReadAction","target":["https:\/\/www.oddset.de\/blog\/fussball\/champions-league\/inter-gladbach-spaete-rache-fuer-die-dose\/"]}]},{"@type":"ImageObject","inLanguage":"de","@id":"https:\/\/www.oddset.de\/blog\/fussball\/champions-league\/inter-gladbach-spaete-rache-fuer-die-dose\/#primaryimage","url":"https:\/\/www.oddset.de\/blog\/wp-content\/uploads\/2020\/10\/inter-gladbach.jpg","contentUrl":"https:\/\/www.oddset.de\/blog\/wp-content\/uploads\/2020\/10\/inter-gladbach.jpg","width":1024,"height":640,"caption":"Sandro Mazzola (Inter Mailand) und G\u00fcnter Netzer (Borussia M\u00f6nchengladbach), dahinter FIFA Schiedsrichter Rudolf Scheurer (Schweiz)"},{"@type":"BreadcrumbList","@id":"https:\/\/www.oddset.de\/blog\/fussball\/champions-league\/inter-gladbach-spaete-rache-fuer-die-dose\/#breadcrumb","itemListElement":[{"@type":"ListItem","position":1,"name":"Startseite","item":"https:\/\/www.oddset.de\/blog\/"},{"@type":"ListItem","position":2,"name":"Inter \u2013 Gladbach: Sp\u00e4te Rache f\u00fcr die Dose?"}]},{"@type":"WebSite","@id":"https:\/\/www.oddset.de\/blog\/#website","url":"https:\/\/www.oddset.de\/blog\/","name":"ODDSET FANZONE","description":"Der Fu\u00dfball &amp; Sportwetten Blog","publisher":{"@id":"https:\/\/www.oddset.de\/blog\/#organization"},"potentialAction":[{"@type":"SearchAction","target":{"@type":"EntryPoint","urlTemplate":"https:\/\/www.oddset.de\/blog\/?s={search_term_string}"},"query-input":{"@type":"PropertyValueSpecification","valueRequired":true,"valueName":"search_term_string"}}],"inLanguage":"de"},{"@type":"Organization","@id":"https:\/\/www.oddset.de\/blog\/#organization","name":"ODDSET FANZONE","url":"https:\/\/www.oddset.de\/blog\/","logo":{"@type":"ImageObject","inLanguage":"de","@id":"https:\/\/www.oddset.de\/blog\/#\/schema\/logo\/image\/","url":"https:\/\/www.oddset.de\/blog\/wp-content\/uploads\/2020\/05\/tb_logo.png","contentUrl":"https:\/\/www.oddset.de\/blog\/wp-content\/uploads\/2020\/05\/tb_logo.png","width":1171,"height":400,"caption":"ODDSET FANZONE"},"image":{"@id":"https:\/\/www.oddset.de\/blog\/#\/schema\/logo\/image\/"},"sameAs":["https:\/\/www.facebook.com\/ODDSETwetten\/","https:\/\/x.com\/ODDSETsport","https:\/\/www.youtube.com\/channel\/UC_vWGAocu28RqdyhzCPf9ZQ"]},{"@type":"Person","@id":"https:\/\/www.oddset.de\/blog\/#\/schema\/person\/b1f779b5cddaac8358041829fcf053a2","name":"Christian Zander","image":{"@type":"ImageObject","inLanguage":"de","@id":"https:\/\/www.oddset.de\/blog\/#\/schema\/person\/image\/","url":"https:\/\/www.oddset.de\/blog\/wp-content\/uploads\/2021\/06\/imago0047482952h-150x150.jpg","contentUrl":"https:\/\/www.oddset.de\/blog\/wp-content\/uploads\/2021\/06\/imago0047482952h-150x150.jpg","caption":"Christian Zander"},"description":"Fr\u00fcher selbst aktiv am Ball, doch vor dem Sprung zu den Profis durch diverse Aktivit\u00e4ten, die sich nicht mit einem Fu\u00dfballlerleben vereinbaren lassen, die Schuhe vorzeitig an den Nagel geh\u00e4ngt. Seitdem begeisterter Fan der Bundesliga und des FC Bayern. Der erste Kontakt mit dem runden Leder geht bei mir auf die WM 1990 in Italien zur\u00fcck. Das Tor von Andy Brehme im Finale gegen Argentinien ist nach wie vor in bester Erinnerung. Ebenso wie der bittere Abstieg unseres WM-Helden mit Kaiserslautern. Gerne in Nostalgie schwelgend und dennoch voll im Tagesgesch\u00e4ft dabei. Alles f\u00fcr den Fu\u00dfball!","url":"https:\/\/www.oddset.de\/blog\/blogger\/christian-zander\/"}]}},"amp_enabled":true,"_links":{"self":[{"href":"https:\/\/www.oddset.de\/blog\/wp-json\/wp\/v2\/posts\/38489","targetHints":{"allow":["GET"]}}],"collection":[{"href":"https:\/\/www.oddset.de\/blog\/wp-json\/wp\/v2\/posts"}],"about":[{"href":"https:\/\/www.oddset.de\/blog\/wp-json\/wp\/v2\/types\/post"}],"author":[{"embeddable":true,"href":"https:\/\/www.oddset.de\/blog\/wp-json\/wp\/v2\/users\/5"}],"replies":[{"embeddable":true,"href":"https:\/\/www.oddset.de\/blog\/wp-json\/wp\/v2\/comments?post=38489"}],"version-history":[{"count":11,"href":"https:\/\/www.oddset.de\/blog\/wp-json\/wp\/v2\/posts\/38489\/revisions"}],"predecessor-version":[{"id":38535,"href":"https:\/\/www.oddset.de\/blog\/wp-json\/wp\/v2\/posts\/38489\/revisions\/38535"}],"wp:featuredmedia":[{"embeddable":true,"href":"https:\/\/www.oddset.de\/blog\/wp-json\/wp\/v2\/media\/38509"}],"wp:attachment":[{"href":"https:\/\/www.oddset.de\/blog\/wp-json\/wp\/v2\/media?parent=38489"}],"wp:term":[{"taxonomy":"category","embeddable":true,"href":"https:\/\/www.oddset.de\/blog\/wp-json\/wp\/v2\/categories?post=38489"},{"taxonomy":"post_tag","embeddable":true,"href":"https:\/\/www.oddset.de\/blog\/wp-json\/wp\/v2\/tags?post=38489"}],"curies":[{"name":"wp","href":"https:\/\/api.w.org\/{rel}","templated":true}]}}