{"id":35778,"date":"2020-07-31T12:07:48","date_gmt":"2020-07-31T10:07:48","guid":{"rendered":"https:\/\/fanzone.oddset.de\/?p=35778"},"modified":"2023-09-28T16:17:48","modified_gmt":"2023-09-28T14:17:48","slug":"benfica-porto-wer-holt-den-cup","status":"publish","type":"post","link":"https:\/\/www.oddset.de\/blog\/fussball\/taca-de-portugal\/benfica-porto-wer-holt-den-cup\/","title":{"rendered":"Benfica &#8211; Porto: Wer holt den Cup?"},"content":{"rendered":"\t\t<div data-elementor-type=\"wp-post\" data-elementor-id=\"35778\" class=\"elementor elementor-35778\">\n\t\t\t\t\t\t<section class=\"elementor-section elementor-top-section elementor-element elementor-element-8bf84ac elementor-section-boxed elementor-section-height-default elementor-section-height-default\" data-id=\"8bf84ac\" data-element_type=\"section\">\n\t\t\t\t\t\t<div class=\"elementor-container elementor-column-gap-default\">\n\t\t\t\t\t<div class=\"elementor-column elementor-col-100 elementor-top-column elementor-element elementor-element-851f74f\" data-id=\"851f74f\" data-element_type=\"column\">\n\t\t\t<div class=\"elementor-widget-wrap elementor-element-populated\">\n\t\t\t\t\t\t<div class=\"elementor-element elementor-element-8fc2a21 elementor-widget elementor-widget-text-editor\" data-id=\"8fc2a21\" data-element_type=\"widget\" data-widget_type=\"text-editor.default\">\n\t\t\t\t<div class=\"elementor-widget-container\">\n\t\t\t\t\t\t\t\t\t<p>Die beiden besten Teams Portugals stehen sich am Samstag im Pokalfinale gegen\u00fcber. Vizemeister Benfica Lissabon fordert dabei den Champion FC Porto heraus. Die M\u00e4nner aus dem Norden des Landes haben die Meisterschaft vor zwei Wochen eingefahren. Entscheidend daf\u00fcr waren auch die beiden Siege in den direkten Duellen. In Lissabon siegte Porto mit 2:0. Zuhause gab es dann Anfang Februar ein 3:2.<\/p><p>Diese Triumphe waren die Siege 58 und 59 in den direkten Duellen f\u00fcr den FC Porto. Benfica gewann 48 Vergleiche. Dazu kommen 42 Unentschieden. Im Pokal, der Ta\u00e7a, spricht die Bilanz jedoch f\u00fcr die Hauptst\u00e4dter: Lissabon gewann zehn von 15 Partien. Dazu kommen ein Remis und vier Niederlagen.<\/p>\t\t\t\t\t\t\t\t<\/div>\n\t\t\t\t<\/div>\n\t\t\t\t\t<\/div>\n\t\t<\/div>\n\t\t\t\t\t<\/div>\n\t\t<\/section>\n\t\t\t\t<section class=\"elementor-section elementor-top-section elementor-element elementor-element-31c4d127 elementor-section-boxed elementor-section-height-default elementor-section-height-default\" data-id=\"31c4d127\" data-element_type=\"section\">\n\t\t\t\t\t\t<div class=\"elementor-container elementor-column-gap-default\">\n\t\t\t\t\t<div class=\"elementor-column elementor-col-100 elementor-top-column elementor-element elementor-element-1820eb0f\" data-id=\"1820eb0f\" data-element_type=\"column\">\n\t\t\t<div class=\"elementor-widget-wrap elementor-element-populated\">\n\t\t\t\t\t\t<div class=\"elementor-element elementor-element-6eadcd47 elementor-position-left elementor-view-default elementor-mobile-position-top elementor-widget elementor-widget-icon-box\" data-id=\"6eadcd47\" data-element_type=\"widget\" data-widget_type=\"icon-box.default\">\n\t\t\t\t<div class=\"elementor-widget-container\">\n\t\t\t\t\t\t\t<div class=\"elementor-icon-box-wrapper\">\n\n\t\t\t\t\t\t<div class=\"elementor-icon-box-icon\">\n\t\t\t\t<span  class=\"elementor-icon\">\n\t\t\t\t<i aria-hidden=\"true\" class=\"fas fa-tv\"><\/i>\t\t\t\t<\/span>\n\t\t\t<\/div>\n\t\t\t\n\t\t\t\t\t\t<div class=\"elementor-icon-box-content\">\n\n\t\t\t\t\t\t\t\t\t<h3 class=\"elementor-icon-box-title\">\n\t\t\t\t\t\t<span  >\n\t\t\t\t\t\t\tBenfica Lissabon \u2013 FC Porto im TV oder Livestream\t\t\t\t\t\t<\/span>\n\t\t\t\t\t<\/h3>\n\t\t\t\t\n\t\t\t\t\t\t\t\t\t<p class=\"elementor-icon-box-description\">\n\t\t\t\t\t\tZu sehen gibt es das Spiel live ab 21:45 Uhr bei DAZN.\t\t\t\t\t<\/p>\n\t\t\t\t\n\t\t\t<\/div>\n\t\t\t\n\t\t<\/div>\n\t\t\t\t\t\t<\/div>\n\t\t\t\t<\/div>\n\t\t\t\t\t<\/div>\n\t\t<\/div>\n\t\t\t\t\t<\/div>\n\t\t<\/section>\n\t\t\t\t<section class=\"elementor-section elementor-top-section elementor-element elementor-element-c8dbfe5 elementor-section-boxed elementor-section-height-default elementor-section-height-default\" data-id=\"c8dbfe5\" data-element_type=\"section\">\n\t\t\t\t\t\t<div class=\"elementor-container elementor-column-gap-default\">\n\t\t\t\t\t<div class=\"elementor-column elementor-col-100 elementor-top-column elementor-element elementor-element-baf73b5\" data-id=\"baf73b5\" data-element_type=\"column\">\n\t\t\t<div class=\"elementor-widget-wrap elementor-element-populated\">\n\t\t\t\t\t\t<div class=\"elementor-element elementor-element-dda9332 elementor-widget elementor-widget-text-editor\" data-id=\"dda9332\" data-element_type=\"widget\" data-widget_type=\"text-editor.default\">\n\t\t\t\t<div class=\"elementor-widget-container\">\n\t\t\t\t\t\t\t\t\t<h2>Benfica will ersten Pokalsieg seit 2016<\/h2><p>F\u00fcr Julian Weigl, der im Winter von Borussia Dortmund gekommen war, und seine Teamkollegen endete die Liga-Saison entt\u00e4uschend. Ihnen blieb nur der zweite Platz hinter dem ewigen Rivalen aus Porto. Nun haben sie die Chance, die Scharte auszuwetzen und den Nordportugiesen den Pokalsieg wegzuschnappen. <\/p><p>Zuletzt war Benfica in guter Form. Vier der letzten f\u00fcnf Spiele gewannen die Hauptst\u00e4dter \u2013 3:1 gegen Boavista Porto, 2:0 gegen Vitoria Guimares, 4:0 bei Desportivo Aves und zuletzt 2:1 im Lokalderby gegen Sporting Lissabon. Dazu kommt ein 1:1 beim FC Famalicao. <\/p><p>Gegen Porto setzt Benfica vor allem auf Goalgetter Vinicius. Der Brasilianer erzielte 19 Treffer in der abgelaufenen Liga-Saison und holte die Torj\u00e4gerkanone. Im Lokalderby gegen Sporting markierte er am Sonntag den Siegtreffer. Er freute sich \u00fcber das Tor und die starken Leistungen seines Teams zuletzt:<\/p><blockquote><p>&#8222;Es ist immer sch\u00f6n zu treffen. Die St\u00fcrmer wollen immer Tore erzielen, das hilft dem Team. Ich will aber den Sieg und das Teamwork herausstellen. Wir haben die Liga mit einem Heimsieg gegen den Lokalrivalen abgeschlossen. Das ist sehr wichtig. Wir stehen zusammen und k\u00e4mpfen f\u00fcr Benfica.&#8220;<\/p><\/blockquote><h2>Porto peilt das Double an<\/h2><p lang=\"de-DE\">Vor zwei Wochen holten die Nordportugiesen den Meistertitel. Das sah bis Mitte der Saison noch nicht danach aus, als Benfica die Tabelle souver\u00e4n anf\u00fchrte. Doch ab Februar schw\u00e4chelte der Verein aus Lissabon und der FC Porto war da.<\/p><p lang=\"de-DE\">Nun will das Team des ehemaligen Deutschland-Schrecks Sergio Conceicao auch den nationalen Cup.  Die Generalprobe, das letzte Liga-Spiel bei Sporting Braga, verlor Porto zwar mit 2:1. Trotzdem zeigte man sich seit Mitte Juni b\u00e4renstark. In der Liga holte das Team sieben Siege bei einem Remis. So gelang es, Benfica zu distanzieren. Das soll nun auch im Pokalfinale gelingen. Innenverteidiger Pepe, den viele aus seiner Zeit bei Real Madrid noch kennen, will Wiedergutmachung f\u00fcr den Ausrutscher gegen Braga:<\/p><blockquote><p lang=\"de-DE\">&#8222;Wir m\u00fcssen analysieren, was wir in der zweiten Halbzeit falsch gemacht haben. Wir sind hei\u00df darauf, das Pokalfinale zu spielen, eine gute Leistung zu zeigen und den Fans Freude zu bereiten. Wir haben das Ziel erreicht, Meister zu werden. Jetzt denken wir an den portugiesischen Pokal.&#8220;<\/p><\/blockquote>\t\t\t\t\t\t\t\t<\/div>\n\t\t\t\t<\/div>\n\t\t\t\t\t<\/div>\n\t\t<\/div>\n\t\t\t\t\t<\/div>\n\t\t<\/section>\n\t\t\t\t<section class=\"elementor-section elementor-top-section elementor-element elementor-element-b30802f elementor-section-boxed elementor-section-height-default elementor-section-height-default\" data-id=\"b30802f\" data-element_type=\"section\">\n\t\t\t\t\t\t<div class=\"elementor-container elementor-column-gap-default\">\n\t\t\t\t\t<div class=\"elementor-column elementor-col-100 elementor-top-column elementor-element elementor-element-4ab4bc5\" data-id=\"4ab4bc5\" data-element_type=\"column\">\n\t\t\t<div class=\"elementor-widget-wrap elementor-element-populated\">\n\t\t\t\t\t\t<div class=\"elementor-element elementor-element-ffd0824 elementor-widget elementor-widget-ucaddon_sportradar2020\" data-id=\"ffd0824\" data-element_type=\"widget\" data-widget_type=\"ucaddon_sportradar2020.default\">\n\t\t\t\t<div class=\"elementor-widget-container\">\n\t\t\t\t\t\n\n\n<div class=\"widgets\">\n\t<div class=\"sr-widget sr-widget-1\" id=\"sr-widget-22419949\" data-sr-widget=\"headToHead.standalone\" data-sr-match-id=\"22419949\"><\/div>\n<\/div>\n\t\t\t\t<\/div>\n\t\t\t\t<\/div>\n\t\t\t\t\t<\/div>\n\t\t<\/div>\n\t\t\t\t\t<\/div>\n\t\t<\/section>\n\t\t\t\t<section class=\"elementor-section elementor-top-section elementor-element elementor-element-1dbb18dc elementor-section-boxed elementor-section-height-default elementor-section-height-default\" data-id=\"1dbb18dc\" data-element_type=\"section\">\n\t\t\t\t\t\t<div class=\"elementor-container elementor-column-gap-default\">\n\t\t\t\t\t<div class=\"elementor-column elementor-col-100 elementor-top-column elementor-element elementor-element-57841eae\" data-id=\"57841eae\" data-element_type=\"column\">\n\t\t\t<div class=\"elementor-widget-wrap elementor-element-populated\">\n\t\t\t\t\t\t<div class=\"elementor-element elementor-element-6151bc41 elementor-widget elementor-widget-heading\" data-id=\"6151bc41\" data-element_type=\"widget\" data-widget_type=\"heading.default\">\n\t\t\t\t<div class=\"elementor-widget-container\">\n\t\t\t\t\t<h2 class=\"elementor-heading-title elementor-size-default\">Voraussichtliche Aufstellungen<\/h2>\t\t\t\t<\/div>\n\t\t\t\t<\/div>\n\t\t\t\t<section class=\"elementor-section elementor-inner-section elementor-element elementor-element-5af04e2d elementor-section-boxed elementor-section-height-default elementor-section-height-default\" data-id=\"5af04e2d\" data-element_type=\"section\">\n\t\t\t\t\t\t<div class=\"elementor-container elementor-column-gap-default\">\n\t\t\t\t\t<div class=\"elementor-column elementor-col-50 elementor-inner-column elementor-element elementor-element-44560fb1\" data-id=\"44560fb1\" data-element_type=\"column\">\n\t\t\t<div class=\"elementor-widget-wrap elementor-element-populated\">\n\t\t\t\t\t\t<div class=\"elementor-element elementor-element-54d46a43 elementor-widget elementor-widget-text-editor\" data-id=\"54d46a43\" data-element_type=\"widget\" data-widget_type=\"text-editor.default\">\n\t\t\t\t<div class=\"elementor-widget-container\">\n\t\t\t\t\t\t\t\t\t<h3><strong>Benfica<\/strong><\/h3><p lang=\"fr-FR\">Vlachodimos &#8211; Almeida, Dias, Jardel, Tavares &#8211; Weigl, Gabriel, Pizzi, Ciquinho, Cervic &#8211; Vinicius<\/p>\t\t\t\t\t\t\t\t<\/div>\n\t\t\t\t<\/div>\n\t\t\t\t\t<\/div>\n\t\t<\/div>\n\t\t\t\t<div class=\"elementor-column elementor-col-50 elementor-inner-column elementor-element elementor-element-3f32f11f\" data-id=\"3f32f11f\" data-element_type=\"column\">\n\t\t\t<div class=\"elementor-widget-wrap elementor-element-populated\">\n\t\t\t\t\t\t<div class=\"elementor-element elementor-element-295a2e6b elementor-widget elementor-widget-text-editor\" data-id=\"295a2e6b\" data-element_type=\"widget\" data-widget_type=\"text-editor.default\">\n\t\t\t\t<div class=\"elementor-widget-container\">\n\t\t\t\t\t\t\t\t\t<h3><strong>Porto<\/strong><\/h3><p lang=\"fr-FR\">Costa &#8211; Manafa, Pepe, Leite, Telles &#8211; Pereira, Uribe, Corona, Otavio, Diaz &#8211; Soares<\/p>\t\t\t\t\t\t\t\t<\/div>\n\t\t\t\t<\/div>\n\t\t\t\t\t<\/div>\n\t\t<\/div>\n\t\t\t\t\t<\/div>\n\t\t<\/section>\n\t\t\t\t\t<\/div>\n\t\t<\/div>\n\t\t\t\t\t<\/div>\n\t\t<\/section>\n\t\t\t\t<section class=\"elementor-section elementor-top-section elementor-element elementor-element-5c3ff1c4 elementor-section-boxed elementor-section-height-default elementor-section-height-default\" data-id=\"5c3ff1c4\" data-element_type=\"section\">\n\t\t\t\t\t\t<div class=\"elementor-container elementor-column-gap-default\">\n\t\t\t\t\t<div class=\"elementor-column elementor-col-100 elementor-top-column elementor-element elementor-element-3b12987c\" data-id=\"3b12987c\" data-element_type=\"column\">\n\t\t\t<div class=\"elementor-widget-wrap elementor-element-populated\">\n\t\t\t\t\t\t<div class=\"elementor-element elementor-element-668a5d4e elementor-widget elementor-widget-text-editor\" data-id=\"668a5d4e\" data-element_type=\"widget\" data-widget_type=\"text-editor.default\">\n\t\t\t\t<div class=\"elementor-widget-container\">\n\t\t\t\t\t\t\t\t\t<h2 style=\"text-align: center\">Mein Tipp<\/h2>\t\t\t\t\t\t\t\t<\/div>\n\t\t\t\t<\/div>\n\t\t\t\t<div class=\"elementor-element elementor-element-35ab0c0c elementor-widget elementor-widget-testimonial\" data-id=\"35ab0c0c\" data-element_type=\"widget\" data-widget_type=\"testimonial.default\">\n\t\t\t\t<div class=\"elementor-widget-container\">\n\t\t\t\t\t\t\t<div class=\"elementor-testimonial-wrapper\">\n\t\t\t\t\t\t\t<div class=\"elementor-testimonial-content\">Beide Teams sind hei\u00df auf den Cup, doch Porto ist in letzter Zeit st\u00e4rker gewesen als Benfica. Deshalb holt sich der Meister durch ein <b>1:0<\/b> das Double. Lissabon hat erneut das Nachsehen. .<\/div>\n\t\t\t\n\t\t\t\t\t\t<div class=\"elementor-testimonial-meta\">\n\t\t\t\t<div class=\"elementor-testimonial-meta-inner\">\n\t\t\t\t\t\n\t\t\t\t\t\t\t\t\t\t<div class=\"elementor-testimonial-details\">\n\t\t\t\t\t\t\t\t\t\t\t\t\t\t<a class=\"elementor-testimonial-name\" href=\"https:\/\/oddset.de\/blog\/\">mm<\/a>\n\t\t\t\t\t\t\t\t\t\t\t\t\t\t\t\t\t\t\t<\/div>\n\t\t\t\t\t\t\t\t\t<\/div>\n\t\t\t<\/div>\n\t\t\t\t\t<\/div>\n\t\t\t\t\t\t<\/div>\n\t\t\t\t<\/div>\n\t\t\t\t\t<\/div>\n\t\t<\/div>\n\t\t\t\t\t<\/div>\n\t\t<\/section>\n\t\t\t\t<section class=\"elementor-section elementor-top-section elementor-element elementor-element-b35d908 elementor-section-boxed elementor-section-height-default elementor-section-height-default\" data-id=\"b35d908\" data-element_type=\"section\">\n\t\t\t\t\t\t<div class=\"elementor-container elementor-column-gap-default\">\n\t\t\t\t\t<div class=\"elementor-column elementor-col-100 elementor-top-column elementor-element elementor-element-bd450bd\" data-id=\"bd450bd\" data-element_type=\"column\">\n\t\t\t<div class=\"elementor-widget-wrap elementor-element-populated\">\n\t\t\t\t\t\t\t<\/div>\n\t\t<\/div>\n\t\t\t\t\t<\/div>\n\t\t<\/section>\n\t\t\t\t<\/div>\n\t\t","protected":false},"excerpt":{"rendered":"<p>Die beiden besten Teams Portugals stehen sich am Samstag im Pokalfinale gegen\u00fcber. Vizemeister Benfica Lissabon fordert dabei den Champion FC Porto heraus. Die M\u00e4nner aus dem Norden des Landes haben die Meisterschaft vor zwei Wochen eingefahren. Entscheidend daf\u00fcr waren auch die beiden Siege in den direkten Duellen. In Lissabon siegte Porto mit 2:0. Zuhause gab [&hellip;]<\/p>\n","protected":false},"author":20,"featured_media":35825,"comment_status":"closed","ping_status":"closed","sticky":false,"template":"","format":"standard","meta":{"_acf_changed":false,"footnotes":""},"categories":[913],"tags":[797,452,1408],"class_list":["post-35778","post","type-post","status-publish","format-standard","has-post-thumbnail","hentry","category-taca-de-portugal","tag-benfica-lissabon","tag-fc-porto","tag-taca-de-portugal"],"acf":[],"yoast_head":"<!-- This site is optimized with the Yoast SEO plugin v26.0 - https:\/\/yoast.com\/wordpress\/plugins\/seo\/ -->\n<title>Benfica - Porto: Wer holt den Cup? - ODDSET<\/title>\n<meta name=\"description\" content=\"\u2730 [Heimteam] - \u2730 [Ausw\u00e4rtsteam] (1,5 | 3,1 | 2,5) Taca de Portugal ODDSET Wetten \u2705 Quoten \u2705 Tipps \u2705 H2H \u2705 Vorschau \u2705 JETZT wetten \u27a4\" \/>\n<meta name=\"robots\" content=\"index, follow, max-snippet:-1, max-image-preview:large, max-video-preview:-1\" \/>\n<link rel=\"canonical\" href=\"https:\/\/www.oddset.de\/blog\/fussball\/taca-de-portugal\/benfica-porto-wer-holt-den-cup\/\" \/>\n<meta property=\"og:locale\" content=\"de_DE\" \/>\n<meta property=\"og:type\" content=\"article\" \/>\n<meta property=\"og:title\" content=\"Benfica - Porto: Wer holt den Cup? - ODDSET\" \/>\n<meta property=\"og:description\" content=\"\u2730 [Heimteam] - \u2730 [Ausw\u00e4rtsteam] (1,5 | 3,1 | 2,5) Taca de Portugal ODDSET Wetten \u2705 Quoten \u2705 Tipps \u2705 H2H \u2705 Vorschau \u2705 JETZT wetten \u27a4\" \/>\n<meta property=\"og:url\" content=\"https:\/\/www.oddset.de\/blog\/fussball\/taca-de-portugal\/benfica-porto-wer-holt-den-cup\/\" \/>\n<meta property=\"og:site_name\" content=\"ODDSET FANZONE\" \/>\n<meta property=\"article:publisher\" content=\"https:\/\/www.facebook.com\/ODDSETwetten\/\" \/>\n<meta property=\"article:published_time\" content=\"2020-07-31T10:07:48+00:00\" \/>\n<meta property=\"article:modified_time\" content=\"2023-09-28T14:17:48+00:00\" \/>\n<meta property=\"og:image\" content=\"https:\/\/www.oddset.de\/blog\/wp-content\/uploads\/2020\/07\/porp-benfica-fcporto-fz.jpg\" \/>\n\t<meta property=\"og:image:width\" content=\"1024\" \/>\n\t<meta property=\"og:image:height\" content=\"640\" \/>\n\t<meta property=\"og:image:type\" content=\"image\/jpeg\" \/>\n<meta name=\"author\" content=\"Manuel Minsheim\" \/>\n<meta name=\"twitter:card\" content=\"summary_large_image\" \/>\n<meta name=\"twitter:creator\" content=\"@ODDSETsport\" \/>\n<meta name=\"twitter:site\" content=\"@ODDSETsport\" \/>\n<meta name=\"twitter:label1\" content=\"Verfasst von\" \/>\n\t<meta name=\"twitter:data1\" content=\"Manuel Minsheim\" \/>\n\t<meta name=\"twitter:label2\" content=\"Gesch\u00e4tzte Lesezeit\" \/>\n\t<meta name=\"twitter:data2\" content=\"17\u00a0Minuten\" \/>\n<!-- \/ Yoast SEO plugin. -->","yoast_head_json":{"title":"Benfica - Porto: Wer holt den Cup? - ODDSET","description":"\u2730 [Heimteam] - \u2730 [Ausw\u00e4rtsteam] (1,5 | 3,1 | 2,5) Taca de Portugal ODDSET Wetten \u2705 Quoten \u2705 Tipps \u2705 H2H \u2705 Vorschau \u2705 JETZT wetten \u27a4","robots":{"index":"index","follow":"follow","max-snippet":"max-snippet:-1","max-image-preview":"max-image-preview:large","max-video-preview":"max-video-preview:-1"},"canonical":"https:\/\/www.oddset.de\/blog\/fussball\/taca-de-portugal\/benfica-porto-wer-holt-den-cup\/","og_locale":"de_DE","og_type":"article","og_title":"Benfica - Porto: Wer holt den Cup? - ODDSET","og_description":"\u2730 [Heimteam] - \u2730 [Ausw\u00e4rtsteam] (1,5 | 3,1 | 2,5) Taca de Portugal ODDSET Wetten \u2705 Quoten \u2705 Tipps \u2705 H2H \u2705 Vorschau \u2705 JETZT wetten \u27a4","og_url":"https:\/\/www.oddset.de\/blog\/fussball\/taca-de-portugal\/benfica-porto-wer-holt-den-cup\/","og_site_name":"ODDSET FANZONE","article_publisher":"https:\/\/www.facebook.com\/ODDSETwetten\/","article_published_time":"2020-07-31T10:07:48+00:00","article_modified_time":"2023-09-28T14:17:48+00:00","og_image":[{"width":1024,"height":640,"url":"https:\/\/www.oddset.de\/blog\/wp-content\/uploads\/2020\/07\/porp-benfica-fcporto-fz.jpg","type":"image\/jpeg"}],"author":"Manuel Minsheim","twitter_card":"summary_large_image","twitter_creator":"@ODDSETsport","twitter_site":"@ODDSETsport","twitter_misc":{"Verfasst von":"Manuel Minsheim","Gesch\u00e4tzte Lesezeit":"17\u00a0Minuten"},"schema":{"@context":"https:\/\/schema.org","@graph":[{"@type":"Article","@id":"https:\/\/www.oddset.de\/blog\/fussball\/taca-de-portugal\/benfica-porto-wer-holt-den-cup\/#article","isPartOf":{"@id":"https:\/\/www.oddset.de\/blog\/fussball\/taca-de-portugal\/benfica-porto-wer-holt-den-cup\/"},"author":{"name":"Manuel Minsheim","@id":"https:\/\/www.oddset.de\/blog\/#\/schema\/person\/3fa61f387f9775dacf40b2a02c649d6f"},"headline":"Benfica &#8211; Porto: Wer holt den Cup?","datePublished":"2020-07-31T10:07:48+00:00","dateModified":"2023-09-28T14:17:48+00:00","mainEntityOfPage":{"@id":"https:\/\/www.oddset.de\/blog\/fussball\/taca-de-portugal\/benfica-porto-wer-holt-den-cup\/"},"wordCount":3420,"publisher":{"@id":"https:\/\/www.oddset.de\/blog\/#organization"},"image":{"@id":"https:\/\/www.oddset.de\/blog\/fussball\/taca-de-portugal\/benfica-porto-wer-holt-den-cup\/#primaryimage"},"thumbnailUrl":"https:\/\/www.oddset.de\/blog\/wp-content\/uploads\/2020\/07\/porp-benfica-fcporto-fz.jpg","keywords":["Benfica Lissabon","FC Porto","Taca de Portugal"],"articleSection":["Taca de Portugal"],"inLanguage":"de"},{"@type":"WebPage","@id":"https:\/\/www.oddset.de\/blog\/fussball\/taca-de-portugal\/benfica-porto-wer-holt-den-cup\/","url":"https:\/\/www.oddset.de\/blog\/fussball\/taca-de-portugal\/benfica-porto-wer-holt-den-cup\/","name":"Benfica - Porto: Wer holt den Cup? - ODDSET","isPartOf":{"@id":"https:\/\/www.oddset.de\/blog\/#website"},"primaryImageOfPage":{"@id":"https:\/\/www.oddset.de\/blog\/fussball\/taca-de-portugal\/benfica-porto-wer-holt-den-cup\/#primaryimage"},"image":{"@id":"https:\/\/www.oddset.de\/blog\/fussball\/taca-de-portugal\/benfica-porto-wer-holt-den-cup\/#primaryimage"},"thumbnailUrl":"https:\/\/www.oddset.de\/blog\/wp-content\/uploads\/2020\/07\/porp-benfica-fcporto-fz.jpg","datePublished":"2020-07-31T10:07:48+00:00","dateModified":"2023-09-28T14:17:48+00:00","description":"\u2730 [Heimteam] - \u2730 [Ausw\u00e4rtsteam] (1,5 | 3,1 | 2,5) Taca de Portugal ODDSET Wetten \u2705 Quoten \u2705 Tipps \u2705 H2H \u2705 Vorschau \u2705 JETZT wetten \u27a4","breadcrumb":{"@id":"https:\/\/www.oddset.de\/blog\/fussball\/taca-de-portugal\/benfica-porto-wer-holt-den-cup\/#breadcrumb"},"inLanguage":"de","potentialAction":[{"@type":"ReadAction","target":["https:\/\/www.oddset.de\/blog\/fussball\/taca-de-portugal\/benfica-porto-wer-holt-den-cup\/"]}]},{"@type":"ImageObject","inLanguage":"de","@id":"https:\/\/www.oddset.de\/blog\/fussball\/taca-de-portugal\/benfica-porto-wer-holt-den-cup\/#primaryimage","url":"https:\/\/www.oddset.de\/blog\/wp-content\/uploads\/2020\/07\/porp-benfica-fcporto-fz.jpg","contentUrl":"https:\/\/www.oddset.de\/blog\/wp-content\/uploads\/2020\/07\/porp-benfica-fcporto-fz.jpg","width":1024,"height":640,"caption":"imago images\/ZUMA Press, Diogo Baptista | Portos Pepe (r.) verfolgt Benficas Pizzi."},{"@type":"BreadcrumbList","@id":"https:\/\/www.oddset.de\/blog\/fussball\/taca-de-portugal\/benfica-porto-wer-holt-den-cup\/#breadcrumb","itemListElement":[{"@type":"ListItem","position":1,"name":"Startseite","item":"https:\/\/www.oddset.de\/blog\/"},{"@type":"ListItem","position":2,"name":"Benfica &#8211; Porto: Wer holt den Cup?"}]},{"@type":"WebSite","@id":"https:\/\/www.oddset.de\/blog\/#website","url":"https:\/\/www.oddset.de\/blog\/","name":"ODDSET FANZONE","description":"Der Fu\u00dfball &amp; Sportwetten Blog","publisher":{"@id":"https:\/\/www.oddset.de\/blog\/#organization"},"potentialAction":[{"@type":"SearchAction","target":{"@type":"EntryPoint","urlTemplate":"https:\/\/www.oddset.de\/blog\/?s={search_term_string}"},"query-input":{"@type":"PropertyValueSpecification","valueRequired":true,"valueName":"search_term_string"}}],"inLanguage":"de"},{"@type":"Organization","@id":"https:\/\/www.oddset.de\/blog\/#organization","name":"ODDSET FANZONE","url":"https:\/\/www.oddset.de\/blog\/","logo":{"@type":"ImageObject","inLanguage":"de","@id":"https:\/\/www.oddset.de\/blog\/#\/schema\/logo\/image\/","url":"https:\/\/www.oddset.de\/blog\/wp-content\/uploads\/2020\/05\/tb_logo.png","contentUrl":"https:\/\/www.oddset.de\/blog\/wp-content\/uploads\/2020\/05\/tb_logo.png","width":1171,"height":400,"caption":"ODDSET FANZONE"},"image":{"@id":"https:\/\/www.oddset.de\/blog\/#\/schema\/logo\/image\/"},"sameAs":["https:\/\/www.facebook.com\/ODDSETwetten\/","https:\/\/x.com\/ODDSETsport","https:\/\/www.youtube.com\/channel\/UC_vWGAocu28RqdyhzCPf9ZQ"]},{"@type":"Person","@id":"https:\/\/www.oddset.de\/blog\/#\/schema\/person\/3fa61f387f9775dacf40b2a02c649d6f","name":"Manuel Minsheim","image":{"@type":"ImageObject","inLanguage":"de","@id":"https:\/\/www.oddset.de\/blog\/#\/schema\/person\/image\/","url":"https:\/\/www.oddset.de\/blog\/wp-content\/uploads\/2021\/04\/imago0001177047h-150x150.jpg","contentUrl":"https:\/\/www.oddset.de\/blog\/wp-content\/uploads\/2021\/04\/imago0001177047h-150x150.jpg","caption":"Manuel Minsheim"},"description":"Ich war als Kind gl\u00fchender Fan von Lothar Matth\u00e4us. Auf mein knielanges Bayerntrikot lie\u00df ich damals meine Mutter eine Acht draufn\u00e4hen. Von Beflocken hatte ich noch nichts geh\u00f6rt. Als Puma den Schuh des damaligen Bayern-Spielers auch f\u00fcr Kindergr\u00f6\u00dfen verkaufte, musste er sofort her. Da war es egal, dass die restlichen E-Jugend-Mannschaftskollegen weiter mit Adidas-Tretern aufliefen. Als Matth\u00e4us ab den 1990er Jahren immer \u00f6fter mit seinen Frauen-Geschichten als mit seinen Leistungen als Spieler und Trainer auffiel, erkaltete die Liebe zum bisher einzigen deutschen Weltfu\u00dfballer. Mittlerweile finde ich aber, dass Matth\u00e4us als Fernseh-Experte eine passable Rolle spielt. Noch heute kicke ich selbst gerne gegen den Ball, bin aber weiter vorne als Lothar Matth\u00e4us zu finden.","url":"https:\/\/www.oddset.de\/blog\/blogger\/manuel-minsheim\/"}]}},"amp_enabled":true,"_links":{"self":[{"href":"https:\/\/www.oddset.de\/blog\/wp-json\/wp\/v2\/posts\/35778","targetHints":{"allow":["GET"]}}],"collection":[{"href":"https:\/\/www.oddset.de\/blog\/wp-json\/wp\/v2\/posts"}],"about":[{"href":"https:\/\/www.oddset.de\/blog\/wp-json\/wp\/v2\/types\/post"}],"author":[{"embeddable":true,"href":"https:\/\/www.oddset.de\/blog\/wp-json\/wp\/v2\/users\/20"}],"replies":[{"embeddable":true,"href":"https:\/\/www.oddset.de\/blog\/wp-json\/wp\/v2\/comments?post=35778"}],"version-history":[{"count":7,"href":"https:\/\/www.oddset.de\/blog\/wp-json\/wp\/v2\/posts\/35778\/revisions"}],"predecessor-version":[{"id":80209,"href":"https:\/\/www.oddset.de\/blog\/wp-json\/wp\/v2\/posts\/35778\/revisions\/80209"}],"wp:featuredmedia":[{"embeddable":true,"href":"https:\/\/www.oddset.de\/blog\/wp-json\/wp\/v2\/media\/35825"}],"wp:attachment":[{"href":"https:\/\/www.oddset.de\/blog\/wp-json\/wp\/v2\/media?parent=35778"}],"wp:term":[{"taxonomy":"category","embeddable":true,"href":"https:\/\/www.oddset.de\/blog\/wp-json\/wp\/v2\/categories?post=35778"},{"taxonomy":"post_tag","embeddable":true,"href":"https:\/\/www.oddset.de\/blog\/wp-json\/wp\/v2\/tags?post=35778"}],"curies":[{"name":"wp","href":"https:\/\/api.w.org\/{rel}","templated":true}]}}