{"id":3405,"date":"2016-11-25T15:57:22","date_gmt":"2016-11-25T14:57:22","guid":{"rendered":"https:\/\/fanzone.oddset.de\/?p=3405"},"modified":"2016-12-02T09:20:08","modified_gmt":"2016-12-02T08:20:08","slug":"saison-auftakt-in-oestersund","status":"publish","type":"post","link":"https:\/\/www.oddset.de\/blog\/wintersport\/biathlon\/saison-auftakt-in-oestersund\/","title":{"rendered":"Biathlon: Saison-Auftakt in \u00d6stersund"},"content":{"rendered":"\t\t<div data-elementor-type=\"wp-post\" data-elementor-id=\"3405\" class=\"elementor elementor-3405 elementor-bc-flex-widget\">\n\t\t\t\t\t\t<section class=\"elementor-section elementor-top-section elementor-element elementor-element-xn5xde2 elementor-section-boxed elementor-section-height-default elementor-section-height-default\" data-id=\"xn5xde2\" data-element_type=\"section\">\n\t\t\t\t\t\t<div class=\"elementor-container elementor-column-gap-default\">\n\t\t\t\t\t<div class=\"elementor-column elementor-col-100 elementor-top-column elementor-element elementor-element-m5kftm9\" data-id=\"m5kftm9\" data-element_type=\"column\">\n\t\t\t<div class=\"elementor-widget-wrap elementor-element-populated\">\n\t\t\t\t\t\t<div class=\"elementor-element elementor-element-z1bqwqj elementor-widget elementor-widget-text-editor\" data-id=\"z1bqwqj\" data-element_type=\"widget\" data-widget_type=\"text-editor.default\">\n\t\t\t\t<div class=\"elementor-widget-container\">\n\t\t\t\t\t\t\t\t\t<p>Toller Aufgalopp f\u00fcr das deutsche Biathlon-Team am vergangenen Sonntag: Rang zwei in der Staffel sowie Platz drei in der Single-Mixed-Staffel machen Lust auf mehr. Am Mittwoch und Donnerstag beginnt dann der Kampf\u00a0 um den Gesamt- und Disziplinenweltcup. Saisonh\u00f6hepunkt ist die Weltmeisterschaft in Hochfilzen (09.02.2017-19.02.2017).<\/p>\t\t\t\t\t\t\t\t<\/div>\n\t\t\t\t<\/div>\n\t\t\t\t\t<\/div>\n\t\t<\/div>\n\t\t\t\t\t<\/div>\n\t\t<\/section>\n\t\t\t\t<section class=\"elementor-section elementor-top-section elementor-element elementor-element-2cnh4xn elementor-section-boxed elementor-section-height-default elementor-section-height-default\" data-id=\"2cnh4xn\" data-element_type=\"section\">\n\t\t\t\t\t\t<div class=\"elementor-container elementor-column-gap-default\">\n\t\t\t\t\t<div class=\"elementor-column elementor-col-100 elementor-top-column elementor-element elementor-element-fas5f4d\" data-id=\"fas5f4d\" data-element_type=\"column\">\n\t\t\t<div class=\"elementor-widget-wrap elementor-element-populated\">\n\t\t\t\t\t\t<div class=\"elementor-element elementor-element-xj6arf8 elementor-widget elementor-widget-heading\" data-id=\"xj6arf8\" data-element_type=\"widget\" data-widget_type=\"heading.default\">\n\t\t\t\t<div class=\"elementor-widget-container\">\n\t\t\t\t\t<h2 class=\"elementor-heading-title elementor-size-default\">Programm <\/h2>\t\t\t\t<\/div>\n\t\t\t\t<\/div>\n\t\t\t\t<div class=\"elementor-element elementor-element-qq36pn0 elementor-icon-list--layout-traditional elementor-list-item-link-full_width elementor-widget elementor-widget-icon-list\" data-id=\"qq36pn0\" data-element_type=\"widget\" data-widget_type=\"icon-list.default\">\n\t\t\t\t<div class=\"elementor-widget-container\">\n\t\t\t\t\t\t\t<ul class=\"elementor-icon-list-items\">\n\t\t\t\t\t\t\t<li class=\"elementor-icon-list-item\">\n\t\t\t\t\t\t\t\t\t\t\t<span class=\"elementor-icon-list-icon\">\n\t\t\t\t\t\t\t\t\t\t\t\t\t\t\t\t<i class=\"fa fa-dot-circle-o\" aria-hidden=\"true\"><\/i>\n\t\t\t\t\t\t\t\t\t\t\t\t\t<\/span>\n\t\t\t\t\t\t\t\t\t\t<span class=\"elementor-icon-list-text\">27.11.2016\t15:30\tMixed Staffel\t\tMixed Sieger Norwegen<\/span>\n\t\t\t\t\t\t\t\t\t<\/li>\n\t\t\t\t\t\t\t\t<li class=\"elementor-icon-list-item\">\n\t\t\t\t\t\t\t\t\t\t\t<span class=\"elementor-icon-list-icon\">\n\t\t\t\t\t\t\t\t\t\t\t\t\t\t\t\t<i class=\"fa fa-dot-circle-o\" aria-hidden=\"true\"><\/i>\n\t\t\t\t\t\t\t\t\t\t\t\t\t<\/span>\n\t\t\t\t\t\t\t\t\t\t<span class=\"elementor-icon-list-text\">27.11.2016\t18:10\tSingle Mixed Relay \tMixed Frankreich<\/span>\n\t\t\t\t\t\t\t\t\t<\/li>\n\t\t\t\t\t\t\t\t<li class=\"elementor-icon-list-item\">\n\t\t\t\t\t\t\t\t\t\t\t<span class=\"elementor-icon-list-icon\">\n\t\t\t\t\t\t\t\t\t\t\t\t\t\t\t\t<i class=\"fa fa-dot-circle-o\" aria-hidden=\"true\"><\/i>\n\t\t\t\t\t\t\t\t\t\t\t\t\t<\/span>\n\t\t\t\t\t\t\t\t\t\t<span class=\"elementor-icon-list-text\">30.11.2016\t18:00\tEinzel 15km\t\tDamen Laura Dahlmeier<\/span>\n\t\t\t\t\t\t\t\t\t<\/li>\n\t\t\t\t\t\t\t\t<li class=\"elementor-icon-list-item\">\n\t\t\t\t\t\t\t\t\t\t\t<span class=\"elementor-icon-list-icon\">\n\t\t\t\t\t\t\t\t\t\t\t\t\t\t\t\t<i class=\"fa fa-dot-circle-o\" aria-hidden=\"true\"><\/i>\n\t\t\t\t\t\t\t\t\t\t\t\t\t<\/span>\n\t\t\t\t\t\t\t\t\t\t<span class=\"elementor-icon-list-text\">01.12.2016\t17:00\tEinzel 20km\t\tHerren Martin Fourcade <\/span>\n\t\t\t\t\t\t\t\t\t<\/li>\n\t\t\t\t\t\t\t\t<li class=\"elementor-icon-list-item\">\n\t\t\t\t\t\t\t\t\t\t\t<span class=\"elementor-icon-list-icon\">\n\t\t\t\t\t\t\t\t\t\t\t\t\t\t\t\t<i class=\"fa fa-dot-circle-o\" aria-hidden=\"true\"><\/i>\n\t\t\t\t\t\t\t\t\t\t\t\t\t<\/span>\n\t\t\t\t\t\t\t\t\t\t<span class=\"elementor-icon-list-text\">03.12.2016\t11:45\tSprint 7.5km\t\tDamen <\/span>\n\t\t\t\t\t\t\t\t\t<\/li>\n\t\t\t\t\t\t\t\t<li class=\"elementor-icon-list-item\">\n\t\t\t\t\t\t\t\t\t\t\t<span class=\"elementor-icon-list-icon\">\n\t\t\t\t\t\t\t\t\t\t\t\t\t\t\t\t<i class=\"fa fa-dot-circle-o\" aria-hidden=\"true\"><\/i>\n\t\t\t\t\t\t\t\t\t\t\t\t\t<\/span>\n\t\t\t\t\t\t\t\t\t\t<span class=\"elementor-icon-list-text\">03.12.2016\t14:45\tSprint 10km\t\tHerren <\/span>\n\t\t\t\t\t\t\t\t\t<\/li>\n\t\t\t\t\t\t\t\t<li class=\"elementor-icon-list-item\">\n\t\t\t\t\t\t\t\t\t\t\t<span class=\"elementor-icon-list-icon\">\n\t\t\t\t\t\t\t\t\t\t\t\t\t\t\t\t<i class=\"fa fa-dot-circle-o\" aria-hidden=\"true\"><\/i>\n\t\t\t\t\t\t\t\t\t\t\t\t\t<\/span>\n\t\t\t\t\t\t\t\t\t\t<span class=\"elementor-icon-list-text\">04.12.2016\t13:20\tVerfolger 12.5km\tHerren <\/span>\n\t\t\t\t\t\t\t\t\t<\/li>\n\t\t\t\t\t\t\t\t<li class=\"elementor-icon-list-item\">\n\t\t\t\t\t\t\t\t\t\t\t<span class=\"elementor-icon-list-icon\">\n\t\t\t\t\t\t\t\t\t\t\t\t\t\t\t\t<i class=\"fa fa-dot-circle-o\" aria-hidden=\"true\"><\/i>\n\t\t\t\t\t\t\t\t\t\t\t\t\t<\/span>\n\t\t\t\t\t\t\t\t\t\t<span class=\"elementor-icon-list-text\">04.12.2016\t11:15\tVerfolger 10km\tDamen <\/span>\n\t\t\t\t\t\t\t\t\t<\/li>\n\t\t\t\t\t\t<\/ul>\n\t\t\t\t\t\t<\/div>\n\t\t\t\t<\/div>\n\t\t\t\t\t<\/div>\n\t\t<\/div>\n\t\t\t\t\t<\/div>\n\t\t<\/section>\n\t\t\t\t<section class=\"elementor-section elementor-top-section elementor-element elementor-element-egow7s0 elementor-section-boxed elementor-section-height-default elementor-section-height-default\" data-id=\"egow7s0\" data-element_type=\"section\">\n\t\t\t\t\t\t<div class=\"elementor-container elementor-column-gap-default\">\n\t\t\t\t\t<div class=\"elementor-column elementor-col-100 elementor-top-column elementor-element elementor-element-5pey6kk\" data-id=\"5pey6kk\" data-element_type=\"column\">\n\t\t\t<div class=\"elementor-widget-wrap elementor-element-populated\">\n\t\t\t\t\t\t<div class=\"elementor-element elementor-element-z3aku6a elementor-widget elementor-widget-text-editor\" data-id=\"z3aku6a\" data-element_type=\"widget\" data-widget_type=\"text-editor.default\">\n\t\t\t\t<div class=\"elementor-widget-container\">\n\t\t\t\t\t\t\t\t\t<h2>Deutsche Hoffnungen<\/h2><p>Aus deutscher Sicht ruhen die Hoffnungen in dieser Saison vor allem auf Laura Dahlmeier und Simon Schempp. F\u00fcr Laura Dahlmeier w\u00e4re vermutlich schon in der letzten Saison mehr als Rang sechs im Gesamtweltcup m\u00f6glich gewesen, h\u00e4tte sie nicht krankheitsbedingt einige Rennen auslassen m\u00fcssen. Dennoch standen am Ende f\u00fcnf Weltcup-Siege (4x Verfolgung, 1x Massenstart). \u00dcberragend zeigte sie sich bei der Weltmeisterschaft am Holmenkollen in Oslo. Neben der Bronzemedaille in der Staffel, gewann sie in allen Einzelrennen eine Medaille (Gold: Verfolgung, Silber: Massenstart, Bronze: Sprint und Einzel).<\/p><p>Neben Laura Dahlmeier sollte auch Franziska Hildebrand f\u00fcr einige Top-Platzierungen in dieser Weltcup-Saison sorgen. Als Weltcup-F\u00fcnfte der vergangenen Saison z\u00e4hlt sie auch heuer zum erweiterten Favoritenkreis auch wenn sie als Hauptziel eine WM-Einzelmedaille angibt. Interessant wird auch zu sehen sein, ob Miriam G\u00f6ssner ihre gro\u00dfe Schie\u00dfschw\u00e4che \u00fcberwinden kann.<\/p><h2>Aus S wird K<\/h2><p>Hauptkonkurrentinnen im Kampf um den Gesamtweltcup werden die Franz\u00f6sin Marie Dorin Habert und Gabriela Koukalova. Hinter der Letzteren verbirgt sich kein neuer Star am Biathlonhimmel sondern die Vorjahrssiegerin aus Tschechien. Im letzten Jahr noch unter dem Namen Soukalova am Start, l\u00e4uft sie seit ihrer Hochzeit mit dem tschechischen Badmintonspieler Petr Koukal unter neuem Namen. Mit besonderem Interesse wird auch das Comeback von Darya Domracheva erwartet. Voraussichtlich zu den Januar-Rennen m\u00f6chte die Wei\u00dfrussin, die die komplette letzte Saison aufgrund Pfeifferschen Dr\u00fcsenfiebers aussetzen musste, wieder starten. <strong>(Promi News zu Darya finden sich weiter unten bei \u201eBj\u00f6rndalen\u201c).<\/strong><\/p><h2>Fourcade und Schempp in einer Liga?<\/h2><p>Bei den Herren sollte Simon Schempp f\u00fcr die besten Resultate der deutschen Starter sorgen. Allerdings warfen ihn in der Vorbereitung zuletzt mehrere Infekte und eine Rippenprellung zur\u00fcck. Aus diesem Grund wird er am Wochenende bei den Mixed-Wettbewerben noch aussetzen, um sich f\u00fcr die Einzelrennen zu schonen. Ob er den haushohen Favoriten und Titelverteidiger Martin Fourcade ernsthaft gef\u00e4hrden kann muss allerdings bezweifelt werden. Zu dominant trat der Franzose in der letzten Saison auf, wo er unter anderem bei der WM in Oslo drei Mal Gold und ein Mal Silber in den Einzelrennen gewann. Konkurrenten im Kampf \u00a0mit oder hinter Fourcade sind vor allem die Norweger Johannes Thingnes \u00a0Boe und Emil Hegle Svendsen. Andere deutsche Biathleten wird man eher selten auf dem Podium sehen. Herausragende Platzierungen, wie die zwei zweiten Pl\u00e4tze von Arnd Peiffer in \u00d6stersund 2015, wird man wohl nur selten bejubeln k\u00f6nnen.<\/p><h2>Bj\u00f6rndalen: Immer weiter, immer weiter<\/h2><p>Nur noch \u00e4ltere Fans k\u00f6nnen sich an einen Winter ohne Ole Einar Bj\u00f6rndalen erinnern. Seit 1992 ist er fester Bestanteil im Biathlon-Zirkus. Der Rekordskij\u00e4ger, u.a. erfolgreichster Winterolympionike aller Zeiten, hat sich dazu entschlossen zumindest bis zu den Olympischen Spielen 2018 in Pyeongchang \u00a0weiter zu machen. Auch im Privatleben gibt es bei ihm keinen Stillstand. Im Juli heiratete er die wei\u00dfrussische Weltklassebiathletin Darya Domratecheva, mit der er seit Oktober eine gemeinsame Tochter hat. An \u00d6stersund hat er sicher noch sehr gute Erinnerungen, gewann er doch hier den letztj\u00e4hrigen Saisonauftakt im Einzel und wurde zudem Dritter im Sprint.<\/p><h2>Deutsches Aufgebot:<\/h2>\t\t\t\t\t\t\t\t<\/div>\n\t\t\t\t<\/div>\n\t\t\t\t\t<\/div>\n\t\t<\/div>\n\t\t\t\t\t<\/div>\n\t\t<\/section>\n\t\t\t\t<section class=\"elementor-section elementor-top-section elementor-element elementor-element-qs161ls elementor-section-boxed elementor-section-height-default elementor-section-height-default\" data-id=\"qs161ls\" data-element_type=\"section\">\n\t\t\t\t\t\t<div class=\"elementor-container elementor-column-gap-default\">\n\t\t\t\t\t<div class=\"elementor-column elementor-col-50 elementor-top-column elementor-element elementor-element-j5y65k3\" data-id=\"j5y65k3\" data-element_type=\"column\">\n\t\t\t<div class=\"elementor-widget-wrap elementor-element-populated\">\n\t\t\t\t\t\t<div class=\"elementor-element elementor-element-e0n4vf4 elementor-widget elementor-widget-text-editor\" data-id=\"e0n4vf4\" data-element_type=\"widget\" data-widget_type=\"text-editor.default\">\n\t\t\t\t<div class=\"elementor-widget-container\">\n\t\t\t\t\t\t\t\t\t<h3>Damen:<\/h3><p>Laura Dahlmeier<\/p><p>Miriam G\u00f6ssner<\/p><p>Maren\u00a0Hammerschmidt<\/p><p>Franziska Hildebrand<\/p><p>Vanessa Hinz<\/p><p>Franziska Preu\u00df<\/p>\t\t\t\t\t\t\t\t<\/div>\n\t\t\t\t<\/div>\n\t\t\t\t\t<\/div>\n\t\t<\/div>\n\t\t\t\t<div class=\"elementor-column elementor-col-50 elementor-top-column elementor-element elementor-element-imrp5m0\" data-id=\"imrp5m0\" data-element_type=\"column\">\n\t\t\t<div class=\"elementor-widget-wrap elementor-element-populated\">\n\t\t\t\t\t\t<div class=\"elementor-element elementor-element-jcl3z6q elementor-widget elementor-widget-text-editor\" data-id=\"jcl3z6q\" data-element_type=\"widget\" data-widget_type=\"text-editor.default\">\n\t\t\t\t<div class=\"elementor-widget-container\">\n\t\t\t\t\t\t\t\t\t<h3><strong>M\u00e4nner:<\/strong><\/h3><p>Benedikt Doll<\/p><p>Florian Graf<\/p><p>Erik\u00a0Lesser<\/p><p>Arnd Peiffer<\/p><p>Roman Rees<\/p><p>Simon\u00a0Schempp<\/p><p>\u00a0<\/p>\t\t\t\t\t\t\t\t<\/div>\n\t\t\t\t<\/div>\n\t\t\t\t\t<\/div>\n\t\t<\/div>\n\t\t\t\t\t<\/div>\n\t\t<\/section>\n\t\t\t\t<section class=\"elementor-section elementor-top-section elementor-element elementor-element-qz09ueg elementor-section-boxed elementor-section-height-default elementor-section-height-default\" data-id=\"qz09ueg\" data-element_type=\"section\">\n\t\t\t\t\t\t<div class=\"elementor-container elementor-column-gap-default\">\n\t\t\t\t\t<div class=\"elementor-column elementor-col-100 elementor-top-column elementor-element elementor-element-ila11qo\" data-id=\"ila11qo\" data-element_type=\"column\">\n\t\t\t<div class=\"elementor-widget-wrap\">\n\t\t\t\t\t\t\t<\/div>\n\t\t<\/div>\n\t\t\t\t\t<\/div>\n\t\t<\/section>\n\t\t\t\t<\/div>\n\t\t","protected":false},"excerpt":{"rendered":"<p>Toller Aufgalopp f\u00fcr das deutsche Biathlon-Team am vergangenen Sonntag: Rang zwei in der Staffel sowie Platz drei in der Single-Mixed-Staffel machen Lust auf mehr. Am Mittwoch und Donnerstag beginnt dann der Kampf\u00a0 um den Gesamt- und Disziplinenweltcup. Saisonh\u00f6hepunkt ist die Weltmeisterschaft in Hochfilzen (09.02.2017-19.02.2017). Programm 27.11.2016 15:30 Mixed Staffel Mixed Sieger Norwegen 27.11.2016 18:10 Single [&hellip;]<\/p>\n","protected":false},"author":36,"featured_media":3474,"comment_status":"closed","ping_status":"closed","sticky":false,"template":"","format":"standard","meta":{"_acf_changed":false,"footnotes":""},"categories":[280],"tags":[283,292,287,293,290,288,291,294,284,286,289,285],"class_list":["post-3405","post","type-post","status-publish","format-standard","has-post-thumbnail","hentry","category-biathlon","tag-biathlon","tag-bjoerndalen","tag-dahlmeier","tag-domracheva","tag-einzel","tag-fourcade","tag-gesamtweltcup","tag-goessner","tag-oestersund","tag-schempp","tag-sprint","tag-weltcup"],"acf":[],"yoast_head":"<!-- This site is optimized with the Yoast SEO plugin v26.0 - https:\/\/yoast.com\/wordpress\/plugins\/seo\/ -->\n<title>Biathlon: Saison-Auftakt in \u00d6stersund - ODDSET<\/title>\n<meta name=\"description\" content=\"\u2730 [Heimteam] - \u2730 [Ausw\u00e4rtsteam] (1,5 | 3,1 | 2,5) Biathlon ODDSET Wetten \u2705 Quoten \u2705 Tipps \u2705 H2H \u2705 Vorschau \u2705 JETZT wetten \u27a4\" \/>\n<meta name=\"robots\" content=\"index, follow, max-snippet:-1, max-image-preview:large, max-video-preview:-1\" \/>\n<link rel=\"canonical\" href=\"https:\/\/www.oddset.de\/blog\/wintersport\/biathlon\/saison-auftakt-in-oestersund\/\" \/>\n<meta property=\"og:locale\" content=\"de_DE\" \/>\n<meta property=\"og:type\" content=\"article\" \/>\n<meta property=\"og:title\" content=\"Biathlon: Saison-Auftakt in \u00d6stersund - ODDSET\" \/>\n<meta property=\"og:description\" content=\"\u2730 [Heimteam] - \u2730 [Ausw\u00e4rtsteam] (1,5 | 3,1 | 2,5) Biathlon ODDSET Wetten \u2705 Quoten \u2705 Tipps \u2705 H2H \u2705 Vorschau \u2705 JETZT wetten \u27a4\" \/>\n<meta property=\"og:url\" content=\"https:\/\/www.oddset.de\/blog\/wintersport\/biathlon\/saison-auftakt-in-oestersund\/\" \/>\n<meta property=\"og:site_name\" content=\"ODDSET FANZONE\" \/>\n<meta property=\"article:publisher\" content=\"https:\/\/www.facebook.com\/ODDSETwetten\/\" \/>\n<meta property=\"article:published_time\" content=\"2016-11-25T14:57:22+00:00\" \/>\n<meta property=\"article:modified_time\" content=\"2016-12-02T08:20:08+00:00\" \/>\n<meta property=\"og:image\" content=\"https:\/\/www.oddset.de\/blog\/wp-content\/uploads\/2016\/11\/laura_dahlmeier-e1480085802887.jpg\" \/>\n\t<meta property=\"og:image:width\" content=\"1024\" \/>\n\t<meta property=\"og:image:height\" content=\"640\" \/>\n\t<meta property=\"og:image:type\" content=\"image\/jpeg\" \/>\n<meta name=\"author\" content=\"Thomas\" \/>\n<meta name=\"twitter:card\" content=\"summary_large_image\" \/>\n<meta name=\"twitter:creator\" content=\"@ODDSETsport\" \/>\n<meta name=\"twitter:site\" content=\"@ODDSETsport\" \/>\n<meta name=\"twitter:label1\" content=\"Verfasst von\" \/>\n\t<meta name=\"twitter:data1\" content=\"Thomas\" \/>\n\t<meta name=\"twitter:label2\" content=\"Gesch\u00e4tzte Lesezeit\" \/>\n\t<meta name=\"twitter:data2\" content=\"3\u00a0Minuten\" \/>\n<!-- \/ Yoast SEO plugin. -->","yoast_head_json":{"title":"Biathlon: Saison-Auftakt in \u00d6stersund - ODDSET","description":"\u2730 [Heimteam] - \u2730 [Ausw\u00e4rtsteam] (1,5 | 3,1 | 2,5) Biathlon ODDSET Wetten \u2705 Quoten \u2705 Tipps \u2705 H2H \u2705 Vorschau \u2705 JETZT wetten \u27a4","robots":{"index":"index","follow":"follow","max-snippet":"max-snippet:-1","max-image-preview":"max-image-preview:large","max-video-preview":"max-video-preview:-1"},"canonical":"https:\/\/www.oddset.de\/blog\/wintersport\/biathlon\/saison-auftakt-in-oestersund\/","og_locale":"de_DE","og_type":"article","og_title":"Biathlon: Saison-Auftakt in \u00d6stersund - ODDSET","og_description":"\u2730 [Heimteam] - \u2730 [Ausw\u00e4rtsteam] (1,5 | 3,1 | 2,5) Biathlon ODDSET Wetten \u2705 Quoten \u2705 Tipps \u2705 H2H \u2705 Vorschau \u2705 JETZT wetten \u27a4","og_url":"https:\/\/www.oddset.de\/blog\/wintersport\/biathlon\/saison-auftakt-in-oestersund\/","og_site_name":"ODDSET FANZONE","article_publisher":"https:\/\/www.facebook.com\/ODDSETwetten\/","article_published_time":"2016-11-25T14:57:22+00:00","article_modified_time":"2016-12-02T08:20:08+00:00","og_image":[{"width":1024,"height":640,"url":"https:\/\/www.oddset.de\/blog\/wp-content\/uploads\/2016\/11\/laura_dahlmeier-e1480085802887.jpg","type":"image\/jpeg"}],"author":"Thomas","twitter_card":"summary_large_image","twitter_creator":"@ODDSETsport","twitter_site":"@ODDSETsport","twitter_misc":{"Verfasst von":"Thomas","Gesch\u00e4tzte Lesezeit":"3\u00a0Minuten"},"schema":{"@context":"https:\/\/schema.org","@graph":[{"@type":"Article","@id":"https:\/\/www.oddset.de\/blog\/wintersport\/biathlon\/saison-auftakt-in-oestersund\/#article","isPartOf":{"@id":"https:\/\/www.oddset.de\/blog\/wintersport\/biathlon\/saison-auftakt-in-oestersund\/"},"author":{"name":"Thomas","@id":"https:\/\/www.oddset.de\/blog\/#\/schema\/person\/8bbabd423e7e82aad241ad899e3d7439"},"headline":"Biathlon: Saison-Auftakt in \u00d6stersund","datePublished":"2016-11-25T14:57:22+00:00","dateModified":"2016-12-02T08:20:08+00:00","mainEntityOfPage":{"@id":"https:\/\/www.oddset.de\/blog\/wintersport\/biathlon\/saison-auftakt-in-oestersund\/"},"wordCount":624,"publisher":{"@id":"https:\/\/www.oddset.de\/blog\/#organization"},"image":{"@id":"https:\/\/www.oddset.de\/blog\/wintersport\/biathlon\/saison-auftakt-in-oestersund\/#primaryimage"},"thumbnailUrl":"https:\/\/www.oddset.de\/blog\/wp-content\/uploads\/2016\/11\/laura_dahlmeier-e1480085802887.jpg","keywords":["Biathlon","Bj\u00f6rndalen","Dahlmeier","Domracheva","Einzel","Fourcade","Gesamtweltcup","G\u00f6ssner","\u00d6stersund","Schempp","Sprint","Weltcup"],"articleSection":["Biathlon"],"inLanguage":"de"},{"@type":"WebPage","@id":"https:\/\/www.oddset.de\/blog\/wintersport\/biathlon\/saison-auftakt-in-oestersund\/","url":"https:\/\/www.oddset.de\/blog\/wintersport\/biathlon\/saison-auftakt-in-oestersund\/","name":"Biathlon: Saison-Auftakt in \u00d6stersund - ODDSET","isPartOf":{"@id":"https:\/\/www.oddset.de\/blog\/#website"},"primaryImageOfPage":{"@id":"https:\/\/www.oddset.de\/blog\/wintersport\/biathlon\/saison-auftakt-in-oestersund\/#primaryimage"},"image":{"@id":"https:\/\/www.oddset.de\/blog\/wintersport\/biathlon\/saison-auftakt-in-oestersund\/#primaryimage"},"thumbnailUrl":"https:\/\/www.oddset.de\/blog\/wp-content\/uploads\/2016\/11\/laura_dahlmeier-e1480085802887.jpg","datePublished":"2016-11-25T14:57:22+00:00","dateModified":"2016-12-02T08:20:08+00:00","description":"\u2730 [Heimteam] - \u2730 [Ausw\u00e4rtsteam] (1,5 | 3,1 | 2,5) Biathlon ODDSET Wetten \u2705 Quoten \u2705 Tipps \u2705 H2H \u2705 Vorschau \u2705 JETZT wetten \u27a4","breadcrumb":{"@id":"https:\/\/www.oddset.de\/blog\/wintersport\/biathlon\/saison-auftakt-in-oestersund\/#breadcrumb"},"inLanguage":"de","potentialAction":[{"@type":"ReadAction","target":["https:\/\/www.oddset.de\/blog\/wintersport\/biathlon\/saison-auftakt-in-oestersund\/"]}]},{"@type":"ImageObject","inLanguage":"de","@id":"https:\/\/www.oddset.de\/blog\/wintersport\/biathlon\/saison-auftakt-in-oestersund\/#primaryimage","url":"https:\/\/www.oddset.de\/blog\/wp-content\/uploads\/2016\/11\/laura_dahlmeier-e1480085802887.jpg","contentUrl":"https:\/\/www.oddset.de\/blog\/wp-content\/uploads\/2016\/11\/laura_dahlmeier-e1480085802887.jpg","width":1024,"height":640,"caption":"Laura Dahlmeier gewinnt Silber im Massenstart bei der WM 2016 am Holmenkollen"},{"@type":"BreadcrumbList","@id":"https:\/\/www.oddset.de\/blog\/wintersport\/biathlon\/saison-auftakt-in-oestersund\/#breadcrumb","itemListElement":[{"@type":"ListItem","position":1,"name":"Startseite","item":"https:\/\/www.oddset.de\/blog\/"},{"@type":"ListItem","position":2,"name":"Biathlon: Saison-Auftakt in \u00d6stersund"}]},{"@type":"WebSite","@id":"https:\/\/www.oddset.de\/blog\/#website","url":"https:\/\/www.oddset.de\/blog\/","name":"ODDSET FANZONE","description":"Der Fu\u00dfball &amp; Sportwetten Blog","publisher":{"@id":"https:\/\/www.oddset.de\/blog\/#organization"},"potentialAction":[{"@type":"SearchAction","target":{"@type":"EntryPoint","urlTemplate":"https:\/\/www.oddset.de\/blog\/?s={search_term_string}"},"query-input":{"@type":"PropertyValueSpecification","valueRequired":true,"valueName":"search_term_string"}}],"inLanguage":"de"},{"@type":"Organization","@id":"https:\/\/www.oddset.de\/blog\/#organization","name":"ODDSET FANZONE","url":"https:\/\/www.oddset.de\/blog\/","logo":{"@type":"ImageObject","inLanguage":"de","@id":"https:\/\/www.oddset.de\/blog\/#\/schema\/logo\/image\/","url":"https:\/\/www.oddset.de\/blog\/wp-content\/uploads\/2020\/05\/tb_logo.png","contentUrl":"https:\/\/www.oddset.de\/blog\/wp-content\/uploads\/2020\/05\/tb_logo.png","width":1171,"height":400,"caption":"ODDSET FANZONE"},"image":{"@id":"https:\/\/www.oddset.de\/blog\/#\/schema\/logo\/image\/"},"sameAs":["https:\/\/www.facebook.com\/ODDSETwetten\/","https:\/\/x.com\/ODDSETsport","https:\/\/www.youtube.com\/channel\/UC_vWGAocu28RqdyhzCPf9ZQ"]},{"@type":"Person","@id":"https:\/\/www.oddset.de\/blog\/#\/schema\/person\/8bbabd423e7e82aad241ad899e3d7439","name":"Thomas","image":{"@type":"ImageObject","inLanguage":"de","@id":"https:\/\/www.oddset.de\/blog\/#\/schema\/person\/image\/","url":"https:\/\/secure.gravatar.com\/avatar\/2d55006efd06d18b8f8bd62328ce78b236c636b58e42f5d1b965ef98ae464e27?s=96&d=mm&r=g","contentUrl":"https:\/\/secure.gravatar.com\/avatar\/2d55006efd06d18b8f8bd62328ce78b236c636b58e42f5d1b965ef98ae464e27?s=96&d=mm&r=g","caption":"Thomas"},"url":"https:\/\/www.oddset.de\/blog\/blogger\/thomas-haensler\/"}]}},"amp_enabled":true,"_links":{"self":[{"href":"https:\/\/www.oddset.de\/blog\/wp-json\/wp\/v2\/posts\/3405","targetHints":{"allow":["GET"]}}],"collection":[{"href":"https:\/\/www.oddset.de\/blog\/wp-json\/wp\/v2\/posts"}],"about":[{"href":"https:\/\/www.oddset.de\/blog\/wp-json\/wp\/v2\/types\/post"}],"author":[{"embeddable":true,"href":"https:\/\/www.oddset.de\/blog\/wp-json\/wp\/v2\/users\/36"}],"replies":[{"embeddable":true,"href":"https:\/\/www.oddset.de\/blog\/wp-json\/wp\/v2\/comments?post=3405"}],"version-history":[{"count":30,"href":"https:\/\/www.oddset.de\/blog\/wp-json\/wp\/v2\/posts\/3405\/revisions"}],"predecessor-version":[{"id":3688,"href":"https:\/\/www.oddset.de\/blog\/wp-json\/wp\/v2\/posts\/3405\/revisions\/3688"}],"wp:featuredmedia":[{"embeddable":true,"href":"https:\/\/www.oddset.de\/blog\/wp-json\/wp\/v2\/media\/3474"}],"wp:attachment":[{"href":"https:\/\/www.oddset.de\/blog\/wp-json\/wp\/v2\/media?parent=3405"}],"wp:term":[{"taxonomy":"category","embeddable":true,"href":"https:\/\/www.oddset.de\/blog\/wp-json\/wp\/v2\/categories?post=3405"},{"taxonomy":"post_tag","embeddable":true,"href":"https:\/\/www.oddset.de\/blog\/wp-json\/wp\/v2\/tags?post=3405"}],"curies":[{"name":"wp","href":"https:\/\/api.w.org\/{rel}","templated":true}]}}