{"id":31797,"date":"2020-02-26T14:25:03","date_gmt":"2020-02-26T13:25:03","guid":{"rendered":"https:\/\/fanzone.oddset.de\/?p=31797"},"modified":"2020-02-27T09:50:57","modified_gmt":"2020-02-27T08:50:57","slug":"bayer-will-in-porto-alles-klarmachen","status":"publish","type":"post","link":"https:\/\/www.oddset.de\/blog\/fussball\/europa-league\/bayer-will-in-porto-alles-klarmachen\/","title":{"rendered":"Bayer will in Porto alles klarmachen"},"content":{"rendered":"\t\t<div data-elementor-type=\"wp-post\" data-elementor-id=\"31797\" class=\"elementor elementor-31797 elementor-bc-flex-widget\">\n\t\t\t\t\t\t<section class=\"elementor-section elementor-top-section elementor-element elementor-element-4aac3b4 elementor-section-boxed elementor-section-height-default elementor-section-height-default\" data-id=\"4aac3b4\" data-element_type=\"section\">\n\t\t\t\t\t\t<div class=\"elementor-container elementor-column-gap-default\">\n\t\t\t\t\t<div class=\"elementor-column elementor-col-100 elementor-top-column elementor-element elementor-element-86a8c57\" data-id=\"86a8c57\" data-element_type=\"column\">\n\t\t\t<div class=\"elementor-widget-wrap elementor-element-populated\">\n\t\t\t\t\t\t<div class=\"elementor-element elementor-element-34373b5 elementor-widget elementor-widget-text-editor\" data-id=\"34373b5\" data-element_type=\"widget\" data-widget_type=\"text-editor.default\">\n\t\t\t\t<div class=\"elementor-widget-container\">\n\t\t\t\t\t\t\t\t\t<p>&#8222;Wichtig ist, dass wir gewonnen haben. Jetzt muss uns Porto erst einmal schlagen&#8220;, sagte Leverkusens Sportdirektor Simon Rolfes bei <em>RTL<\/em> nach dem Hinspiel. &#8222;Es w\u00e4re wichtig gewesen, im Europapokal zu Hause zu Null zu spielen, aber wir haben auch alle M\u00f6glichkeiten, in Porto zu treffen&#8220;.<\/p><p>Zwei wichtige Leistungstr\u00e4ger werden den Rheinl\u00e4ndern in Portugals Norden auf jeden Fall fehlen: Kapit\u00e4n und Toptorsch\u00fctze Kevin Volland f\u00e4llt wegen eines Syndesmoseband-Risses im linken Sprunggelenk f\u00fcr lange Zeit aus, Mittelfeldabr\u00e4umer Charles Aranguiz kurzfristig wegen Grippe. Zudem kann es sein, dass auch der wieselflinke Angreifer Charles Diaby die Reise nicht antreten wird: Seine Frau erwartet Nachwuchs, schon zuletzt beim 2:0 gegen Augsburg kam Diabys Einsatz nur kurzfristig zustande.\u00a0<\/p><p>Beim selten gef\u00e4hrdeten Ligasieg \u00fcber die bayerischen Schwaben bewies Kai Havertz Leaderqualit\u00e4ten und spielte stark auf \u2013 zusammen mit Nadiem Amiri, Moussa Diaby (sofern einsatzf\u00e4hig) und Lucas Alario soll der Jungstar auch in Porto den Ausfall von Volland in der Offensive schultern. F\u00fchrt Neu-Kapit\u00e4n Havertz seine Elf ins Achtelfinale?<\/p>\t\t\t\t\t\t\t\t<\/div>\n\t\t\t\t<\/div>\n\t\t\t\t\t<\/div>\n\t\t<\/div>\n\t\t\t\t\t<\/div>\n\t\t<\/section>\n\t\t\t\t<section class=\"elementor-section elementor-top-section elementor-element elementor-element-13be55d elementor-section-boxed elementor-section-height-default elementor-section-height-default\" data-id=\"13be55d\" data-element_type=\"section\">\n\t\t\t\t\t\t<div class=\"elementor-container elementor-column-gap-default\">\n\t\t\t\t\t<div class=\"elementor-column elementor-col-100 elementor-top-column elementor-element elementor-element-de4c00a\" data-id=\"de4c00a\" data-element_type=\"column\">\n\t\t\t<div class=\"elementor-widget-wrap elementor-element-populated\">\n\t\t\t\t\t\t<div class=\"elementor-element elementor-element-35d2412 elementor-position-left elementor-view-default elementor-mobile-position-top elementor-widget elementor-widget-icon-box\" data-id=\"35d2412\" data-element_type=\"widget\" data-widget_type=\"icon-box.default\">\n\t\t\t\t<div class=\"elementor-widget-container\">\n\t\t\t\t\t\t\t<div class=\"elementor-icon-box-wrapper\">\n\n\t\t\t\t\t\t<div class=\"elementor-icon-box-icon\">\n\t\t\t\t<span  class=\"elementor-icon\">\n\t\t\t\t<i class=\"fa fa-tv\" aria-hidden=\"true\"><\/i>\t\t\t\t<\/span>\n\t\t\t<\/div>\n\t\t\t\n\t\t\t\t\t\t<div class=\"elementor-icon-box-content\">\n\n\t\t\t\t\t\t\t\t\t<h3 class=\"elementor-icon-box-title\">\n\t\t\t\t\t\t<span  >\n\t\t\t\t\t\t\tFC Porto gegen Bayer 04 Leverkusen im TV oder Livestream\t\t\t\t\t\t<\/span>\n\t\t\t\t\t<\/h3>\n\t\t\t\t\n\t\t\t\t\t\t\t\t\t<p class=\"elementor-icon-box-description\">\n\t\t\t\t\t\tZu sehen gibt es das Spiel live ab 18:55 Uhr bei <b>DAZN<\/b>.\t\t\t\t\t<\/p>\n\t\t\t\t\n\t\t\t<\/div>\n\t\t\t\n\t\t<\/div>\n\t\t\t\t\t\t<\/div>\n\t\t\t\t<\/div>\n\t\t\t\t<div class=\"elementor-element elementor-element-5042da9 elementor-widget elementor-widget-wp-widget-wp_widget_sportradar_journalist_assistant\" data-id=\"5042da9\" data-element_type=\"widget\" data-widget_type=\"wp-widget-wp_widget_sportradar_journalist_assistant.default\">\n\t\t\t\t<div class=\"elementor-widget-container\">\n\t\t\t\t\t<div class=\"sportradarJournalistContent\"><a href=\"https:\/\/sja.sportradar.com\/w\/Oddset\/20694431\/0131\">Infos zum Spiel<\/a><\/div>\t\t\t\t<\/div>\n\t\t\t\t<\/div>\n\t\t\t\t\t<\/div>\n\t\t<\/div>\n\t\t\t\t\t<\/div>\n\t\t<\/section>\n\t\t\t\t<section class=\"elementor-section elementor-top-section elementor-element elementor-element-212118c elementor-section-boxed elementor-section-height-default elementor-section-height-default\" data-id=\"212118c\" data-element_type=\"section\">\n\t\t\t\t\t\t<div class=\"elementor-container elementor-column-gap-default\">\n\t\t\t\t\t<div class=\"elementor-column elementor-col-100 elementor-top-column elementor-element elementor-element-51ce959\" data-id=\"51ce959\" data-element_type=\"column\">\n\t\t\t<div class=\"elementor-widget-wrap elementor-element-populated\">\n\t\t\t\t\t\t<div class=\"elementor-element elementor-element-b92818e elementor-widget elementor-widget-heading\" data-id=\"b92818e\" data-element_type=\"widget\" data-widget_type=\"heading.default\">\n\t\t\t\t<div class=\"elementor-widget-container\">\n\t\t\t\t\t<h2 class=\"elementor-heading-title elementor-size-default\">Bayer: \"Antennen sind ausgefahren\" \u2013 Leistungssteigerung von Alario?<\/h2>\t\t\t\t<\/div>\n\t\t\t\t<\/div>\n\t\t\t\t<div class=\"elementor-element elementor-element-4985639 elementor-widget elementor-widget-text-editor\" data-id=\"4985639\" data-element_type=\"widget\" data-widget_type=\"text-editor.default\">\n\t\t\t\t<div class=\"elementor-widget-container\">\n\t\t\t\t\t\t\t\t\t<p><a href=\"https:\/\/twitter.com\/bayer04fussball\">Bayer-Gesch\u00e4ftsf\u00fchrer Rudi V\u00f6ller fliegt zwar &#8222;grunds\u00e4tzlich mit einem guten Gef\u00fchl&#8220; nach Porto<\/a>, warnt aber auch: &#8222;Unsere Antennen sind nach dem 2:1 im Hinspiel ausgefahren &#8211; das ist ein gef\u00e4hrliches Ergebnis. Ich erwarte einen offenen Schlagabtausch: Porto wird nach vorne spielen, wir wollen dagegenhalten&#8220;.<\/p><p>Eine Leistungssteigerung erhofft man sich bei Leverkusen von Lucas Alario, der gegen Augsburg als zentraler St\u00fcrmer blass blieb. Im defensiven Mittelfeld hat Bayer-Coach Peter Bosz mit Julian Baumgartlinger eine gute Alternative, um den Ausfall von Aranguiz zu kompensieren. Will Bosz offensiver agieren, st\u00fcnden als Ersatz Exequiel Palacios und Kerem Demirbay bereit.<\/p>\t\t\t\t\t\t\t\t<\/div>\n\t\t\t\t<\/div>\n\t\t\t\t\t<\/div>\n\t\t<\/div>\n\t\t\t\t\t<\/div>\n\t\t<\/section>\n\t\t\t\t<section class=\"elementor-section elementor-top-section elementor-element elementor-element-b1b8477 elementor-section-boxed elementor-section-height-default elementor-section-height-default\" data-id=\"b1b8477\" data-element_type=\"section\">\n\t\t\t\t\t\t<div class=\"elementor-container elementor-column-gap-default\">\n\t\t\t\t\t<div class=\"elementor-column elementor-col-100 elementor-top-column elementor-element elementor-element-2ff5cbd\" data-id=\"2ff5cbd\" data-element_type=\"column\">\n\t\t\t<div class=\"elementor-widget-wrap elementor-element-populated\">\n\t\t\t\t\t\t<div class=\"elementor-element elementor-element-27ca859 elementor-widget elementor-widget-wp-widget-wp_widget_sportradar_journalist_assistant\" data-id=\"27ca859\" data-element_type=\"widget\" data-widget_type=\"wp-widget-wp_widget_sportradar_journalist_assistant.default\">\n\t\t\t\t<div class=\"elementor-widget-container\">\n\t\t\t\t\t<div class=\"sportradarJournalistContent\"><a href=\"https:\/\/sja.sportradar.com\/w\/Oddset\/20694431\/2931\">Head-to-Head-Vergleich Porto gegen Bayer<\/a><\/div>\t\t\t\t<\/div>\n\t\t\t\t<\/div>\n\t\t\t\t<div class=\"elementor-element elementor-element-94866cb elementor-widget elementor-widget-heading\" data-id=\"94866cb\" data-element_type=\"widget\" data-widget_type=\"heading.default\">\n\t\t\t\t<div class=\"elementor-widget-container\">\n\t\t\t\t\t<h2 class=\"elementor-heading-title elementor-size-default\">H\u00e4lt Bayers Defensive Portos erwartetem Angriffswirbel stand?<\/h2>\t\t\t\t<\/div>\n\t\t\t\t<\/div>\n\t\t\t\t<div class=\"elementor-element elementor-element-2dbfea7 elementor-widget elementor-widget-text-editor\" data-id=\"2dbfea7\" data-element_type=\"widget\" data-widget_type=\"text-editor.default\">\n\t\t\t\t<div class=\"elementor-widget-container\">\n\t\t\t\t\t\t\t\t\t<p>Interessant d\u00fcrfte sein, ob Porto gleich von Beginn an voll auf Angriff spielt. Hier ist Leverkusens Defensive gefragt. Doch nach wettbewerbs\u00fcbergreifend f\u00fcnf Siegen in Serie und nurmehr einem Gegentor in den letzten beiden Partien (eben gegen Porto) sollte das entsprechende Selbstvertrauen da sein.<\/p><p>Zumal sich in der Abwehr ein Winterzugang immer besser zurechtfindet: Edmond Tapsoba. Der 20-J\u00e4hrige zeigte unter anderem gegen Augsburg eine starke Leistung. Und im portugiesischen Fu\u00dfball kennt sich Tapsoba bestens aus, kickte er doch vor seinem Wechsel f\u00fcr Vitoria Guimares in der Primeira Liga.<\/p><p>Der FC Porto kann zuhause immerhin auf eine Serie von vier Siegen bauen. In der Liga gewann der Europa-League-Gewinner von 2010\/11 insgesamt sieben von acht Partien im noch jungen Kalenderjahr.<\/p>\t\t\t\t\t\t\t\t<\/div>\n\t\t\t\t<\/div>\n\t\t\t\t<div class=\"elementor-element elementor-element-4d6c071 elementor-widget elementor-widget-text-editor\" data-id=\"4d6c071\" data-element_type=\"widget\" data-widget_type=\"text-editor.default\">\n\t\t\t\t<div class=\"elementor-widget-container\">\n\t\t\t\t\t\t\t\t\t<h2>Fakten zum Spiel:<\/h2><ul><li>Porto gewann zehn der 17 Heimspiele in UEFA-Vereinswettbewerben gegen deutsche Teams.<\/li><li>Leverkusens Bilanz in Portugal: 2 Siege, 3 Unentschieden, 3 Niederlagen. Nur eines dieser Spiele fand nicht in Lissabon statt. Die beiden Siege gab es gegen Sporting.<\/li><li>Portos Heimbilanz in der UEFA Europa League (inklusive Qualifikation): 10 Siege, 3 Unentschieden, 3 Niederlagen. Im Sechzehntelfinale gab es noch nie einen Sieg im Est\u00e1dio do Drag\u00e3o. Alle drei Niederlagen gab es in eben dieser Runde.<\/li><li>Leverkusens Bilanz in den vier bisherigen Auftritten im Sechzehntelfinale der UEFA Europa League: 2 Siege, 2 Niederlagen. Die Ausw\u00e4rtsbilanz in dieser Runde: 2 Siege, 1 Unentschieden, 1 Niederlage.<\/li><li>\u00a0Leverkusen hat eine ausgezeichnete Bilanz in UEFA-Duellen nach Hinspiel-Siegen im eigenen Stadion. In elf von zw\u00f6lf F\u00e4llen erreichte die Werkself anschlie\u00dfend die n\u00e4chste Runde.<\/li><\/ul>\t\t\t\t\t\t\t\t<\/div>\n\t\t\t\t<\/div>\n\t\t\t\t\t<\/div>\n\t\t<\/div>\n\t\t\t\t\t<\/div>\n\t\t<\/section>\n\t\t\t\t<section class=\"elementor-section elementor-top-section elementor-element elementor-element-29262c0 elementor-section-boxed elementor-section-height-default elementor-section-height-default\" data-id=\"29262c0\" data-element_type=\"section\">\n\t\t\t\t\t\t<div class=\"elementor-container elementor-column-gap-default\">\n\t\t\t\t\t<div class=\"elementor-column elementor-col-100 elementor-top-column elementor-element elementor-element-3f2853a\" data-id=\"3f2853a\" data-element_type=\"column\">\n\t\t\t<div class=\"elementor-widget-wrap elementor-element-populated\">\n\t\t\t\t\t\t<div class=\"elementor-element elementor-element-4c6989e elementor-widget elementor-widget-wp-widget-wp_widget_sportradar\" data-id=\"4c6989e\" data-element_type=\"widget\" data-widget_type=\"wp-widget-wp_widget_sportradar.default\">\n\t\t\t\t<div class=\"elementor-widget-container\">\n\t\t\t\t\t<div class=\"sportradarContent\"><div class=\"sr-widget\" data-sr-widget=\"match.factsandfigures\" data-sr-match-id=\"20694431\"><\/div><\/div>\t\t\t\t<\/div>\n\t\t\t\t<\/div>\n\t\t\t\t\t<\/div>\n\t\t<\/div>\n\t\t\t\t\t<\/div>\n\t\t<\/section>\n\t\t\t\t<section class=\"elementor-section elementor-top-section elementor-element elementor-element-1fc613e elementor-section-boxed elementor-section-height-default elementor-section-height-default\" data-id=\"1fc613e\" data-element_type=\"section\">\n\t\t\t\t\t\t<div class=\"elementor-container elementor-column-gap-default\">\n\t\t\t\t\t<div class=\"elementor-column elementor-col-100 elementor-top-column elementor-element elementor-element-ca74347\" data-id=\"ca74347\" data-element_type=\"column\">\n\t\t\t<div class=\"elementor-widget-wrap elementor-element-populated\">\n\t\t\t\t\t\t<div class=\"elementor-element elementor-element-9546588 elementor-widget elementor-widget-heading\" data-id=\"9546588\" data-element_type=\"widget\" data-widget_type=\"heading.default\">\n\t\t\t\t<div class=\"elementor-widget-container\">\n\t\t\t\t\t<h2 class=\"elementor-heading-title elementor-size-default\">Voraussichtliche Aufstellungen<\/h2>\t\t\t\t<\/div>\n\t\t\t\t<\/div>\n\t\t\t\t<section class=\"elementor-section elementor-inner-section elementor-element elementor-element-8a0b826 elementor-section-boxed elementor-section-height-default elementor-section-height-default\" data-id=\"8a0b826\" data-element_type=\"section\">\n\t\t\t\t\t\t<div class=\"elementor-container elementor-column-gap-default\">\n\t\t\t\t\t<div class=\"elementor-column elementor-col-50 elementor-inner-column elementor-element elementor-element-a3be99d\" data-id=\"a3be99d\" data-element_type=\"column\">\n\t\t\t<div class=\"elementor-widget-wrap elementor-element-populated\">\n\t\t\t\t\t\t<div class=\"elementor-element elementor-element-64b50c8 elementor-widget elementor-widget-text-editor\" data-id=\"64b50c8\" data-element_type=\"widget\" data-widget_type=\"text-editor.default\">\n\t\t\t\t<div class=\"elementor-widget-container\">\n\t\t\t\t\t\t\t\t\t<h3 style=\"text-align: center;\">FC Porto<\/h3><p style=\"text-align: center;\">Marchesin<\/p><p style=\"text-align: center;\">Alex Telles, Marcano, Mbemba, Corona<\/p><p style=\"text-align: center;\">S\u00e9rgio Oliveira, Nakajima, Uribe, Luis D\u00edaz<\/p><p style=\"text-align: center;\">Soares, Marega<\/p>\t\t\t\t\t\t\t\t<\/div>\n\t\t\t\t<\/div>\n\t\t\t\t\t<\/div>\n\t\t<\/div>\n\t\t\t\t<div class=\"elementor-column elementor-col-50 elementor-inner-column elementor-element elementor-element-8f3ccfc\" data-id=\"8f3ccfc\" data-element_type=\"column\">\n\t\t\t<div class=\"elementor-widget-wrap elementor-element-populated\">\n\t\t\t\t\t\t<div class=\"elementor-element elementor-element-635e593 elementor-widget elementor-widget-text-editor\" data-id=\"635e593\" data-element_type=\"widget\" data-widget_type=\"text-editor.default\">\n\t\t\t\t<div class=\"elementor-widget-container\">\n\t\t\t\t\t\t\t\t\t<h3 style=\"text-align: center;\">Bayer 04 Leverkusen<\/h3><p style=\"text-align: center;\">Hradecky<\/p><p style=\"text-align: center;\">Tah, S. Bender, Tapsoba<\/p><p style=\"text-align: center;\">L. Bender, Baumgartlinger, Amiri, Sinkgraven<\/p><p style=\"text-align: center;\">Havertz, Diaby<\/p><p style=\"text-align: center;\">Alario<\/p>\t\t\t\t\t\t\t\t<\/div>\n\t\t\t\t<\/div>\n\t\t\t\t\t<\/div>\n\t\t<\/div>\n\t\t\t\t\t<\/div>\n\t\t<\/section>\n\t\t\t\t\t<\/div>\n\t\t<\/div>\n\t\t\t\t\t<\/div>\n\t\t<\/section>\n\t\t\t\t<section class=\"elementor-section elementor-top-section elementor-element elementor-element-fb79c11 elementor-section-boxed elementor-section-height-default elementor-section-height-default\" data-id=\"fb79c11\" data-element_type=\"section\">\n\t\t\t\t\t\t<div class=\"elementor-container elementor-column-gap-default\">\n\t\t\t\t\t<div class=\"elementor-column elementor-col-100 elementor-top-column elementor-element elementor-element-8165b1b\" data-id=\"8165b1b\" data-element_type=\"column\">\n\t\t\t<div class=\"elementor-widget-wrap elementor-element-populated\">\n\t\t\t\t\t\t<div class=\"elementor-element elementor-element-fc9bed6 elementor-widget elementor-widget-text-editor\" data-id=\"fc9bed6\" data-element_type=\"widget\" data-widget_type=\"text-editor.default\">\n\t\t\t\t<div class=\"elementor-widget-container\">\n\t\t\t\t\t\t\t\t\t<h2 style=\"text-align: center;\">Mein Tipp<\/h2>\t\t\t\t\t\t\t\t<\/div>\n\t\t\t\t<\/div>\n\t\t\t\t<div class=\"elementor-element elementor-element-9b74957 elementor-widget elementor-widget-testimonial\" data-id=\"9b74957\" data-element_type=\"widget\" data-widget_type=\"testimonial.default\">\n\t\t\t\t<div class=\"elementor-widget-container\">\n\t\t\t\t\t\t\t<div class=\"elementor-testimonial-wrapper\">\n\t\t\t\t\t\t\t<div class=\"elementor-testimonial-content\">H\u00e4lt Bayer besonders in der Anfangsphase dem zu erwartenden Druck der Portugiesen stand, stehen die Chancen aufs Weiterkommen gut. Ich traue den Leverkusenern zu, dass sie das 1:0 per Konter schie\u00dfen und mit dieser F\u00fchrung in die Halbzeit gehen . Am Ende k\u00f6nnte es  hei\u00dfen, also  . <\/div>\n\t\t\t\n\t\t\t\t\t\t<div class=\"elementor-testimonial-meta\">\n\t\t\t\t<div class=\"elementor-testimonial-meta-inner\">\n\t\t\t\t\t\n\t\t\t\t\t\t\t\t\t\t<div class=\"elementor-testimonial-details\">\n\t\t\t\t\t\t\t\t\t\t\t\t\t\t<div class=\"elementor-testimonial-name\">ta<\/div>\n\t\t\t\t\t\t\t\t\t\t\t\t\t\t\t\t\t\t\t<\/div>\n\t\t\t\t\t\t\t\t\t<\/div>\n\t\t\t<\/div>\n\t\t\t\t\t<\/div>\n\t\t\t\t\t\t<\/div>\n\t\t\t\t<\/div>\n\t\t\t\t\t<\/div>\n\t\t<\/div>\n\t\t\t\t\t<\/div>\n\t\t<\/section>\n\t\t\t\t<section class=\"elementor-section elementor-top-section elementor-element elementor-element-ae7d091 elementor-section-boxed elementor-section-height-default elementor-section-height-default\" data-id=\"ae7d091\" data-element_type=\"section\">\n\t\t\t\t\t\t<div class=\"elementor-container elementor-column-gap-default\">\n\t\t\t\t\t<div class=\"elementor-column elementor-col-100 elementor-top-column elementor-element elementor-element-1225de7\" data-id=\"1225de7\" data-element_type=\"column\">\n\t\t\t<div class=\"elementor-widget-wrap elementor-element-populated\">\n\t\t\t\t\t\t\t<\/div>\n\t\t<\/div>\n\t\t\t\t\t<\/div>\n\t\t<\/section>\n\t\t\t\t<\/div>\n\t\t","protected":false},"excerpt":{"rendered":"<p>&#8222;Wichtig ist, dass wir gewonnen haben. Jetzt muss uns Porto erst einmal schlagen&#8220;, sagte Leverkusens Sportdirektor Simon Rolfes bei RTL nach dem Hinspiel. &#8222;Es w\u00e4re wichtig gewesen, im Europapokal zu Hause zu Null zu spielen, aber wir haben auch alle M\u00f6glichkeiten, in Porto zu treffen&#8220;. Zwei wichtige Leistungstr\u00e4ger werden den Rheinl\u00e4ndern in Portugals Norden auf [&hellip;]<\/p>\n","protected":false},"author":3,"featured_media":31798,"comment_status":"closed","ping_status":"closed","sticky":false,"template":"","format":"standard","meta":{"_acf_changed":false,"footnotes":""},"categories":[26],"tags":[909,111,452,466,1342],"class_list":["post-31797","post","type-post","status-publish","format-standard","has-post-thumbnail","hentry","category-europa-league","tag-bayer-04-leverkusen","tag-europa-league","tag-fc-porto","tag-rueckspiel","tag-sechzehntelfinale"],"acf":[],"yoast_head":"<!-- This site is optimized with the Yoast SEO plugin v26.0 - https:\/\/yoast.com\/wordpress\/plugins\/seo\/ -->\n<title>Bayer will in Porto alles klarmachen - ODDSET<\/title>\n<meta name=\"description\" content=\"\u2730 FC Porto - \u2730 Bayer 04 Leverkusen (2,0 | 3,3 | 3,1) Europa League ODDSET Wetten \u2705 Quoten \u2705 Tipps \u2705 H2H \u2705 Vorschau \u2705 JETZT ODDSET wetten bei LOTTO \u27a4\" \/>\n<meta name=\"robots\" content=\"index, follow, max-snippet:-1, max-image-preview:large, max-video-preview:-1\" \/>\n<link rel=\"canonical\" href=\"https:\/\/www.oddset.de\/blog\/fussball\/europa-league\/bayer-will-in-porto-alles-klarmachen\/\" \/>\n<meta property=\"og:locale\" content=\"de_DE\" \/>\n<meta property=\"og:type\" content=\"article\" \/>\n<meta property=\"og:title\" content=\"Bayer will in Porto alles klarmachen - ODDSET\" \/>\n<meta property=\"og:description\" content=\"\u2730 FC Porto - \u2730 Bayer 04 Leverkusen (2,0 | 3,3 | 3,1) Europa League ODDSET Wetten \u2705 Quoten \u2705 Tipps \u2705 H2H \u2705 Vorschau \u2705 JETZT ODDSET wetten bei LOTTO \u27a4\" \/>\n<meta property=\"og:url\" content=\"https:\/\/www.oddset.de\/blog\/fussball\/europa-league\/bayer-will-in-porto-alles-klarmachen\/\" \/>\n<meta property=\"og:site_name\" content=\"ODDSET FANZONE\" \/>\n<meta property=\"article:publisher\" content=\"https:\/\/www.facebook.com\/ODDSETwetten\/\" \/>\n<meta property=\"article:author\" content=\"https:\/\/www.facebook.com\/ODDSETwetten\/\" \/>\n<meta property=\"article:published_time\" content=\"2020-02-26T13:25:03+00:00\" \/>\n<meta property=\"article:modified_time\" content=\"2020-02-27T08:50:57+00:00\" \/>\n<meta property=\"og:image\" content=\"https:\/\/www.oddset.de\/blog\/wp-content\/uploads\/2020\/02\/el-porto-leverkusen-fz-beitrag.jpg\" \/>\n\t<meta property=\"og:image:width\" content=\"1024\" \/>\n\t<meta property=\"og:image:height\" content=\"640\" \/>\n\t<meta property=\"og:image:type\" content=\"image\/jpeg\" \/>\n<meta name=\"author\" content=\"ODDSET Toni\" \/>\n<meta name=\"twitter:card\" content=\"summary_large_image\" \/>\n<meta name=\"twitter:creator\" content=\"@ODDSETsport\" \/>\n<meta name=\"twitter:site\" content=\"@ODDSETsport\" \/>\n<meta name=\"twitter:label1\" content=\"Verfasst von\" \/>\n\t<meta name=\"twitter:data1\" content=\"ODDSET Toni\" \/>\n\t<meta name=\"twitter:label2\" content=\"Gesch\u00e4tzte Lesezeit\" \/>\n\t<meta name=\"twitter:data2\" content=\"3\u00a0Minuten\" \/>\n<!-- \/ Yoast SEO plugin. -->","yoast_head_json":{"title":"Bayer will in Porto alles klarmachen - ODDSET","description":"\u2730 FC Porto - \u2730 Bayer 04 Leverkusen (2,0 | 3,3 | 3,1) Europa League ODDSET Wetten \u2705 Quoten \u2705 Tipps \u2705 H2H \u2705 Vorschau \u2705 JETZT ODDSET wetten bei LOTTO \u27a4","robots":{"index":"index","follow":"follow","max-snippet":"max-snippet:-1","max-image-preview":"max-image-preview:large","max-video-preview":"max-video-preview:-1"},"canonical":"https:\/\/www.oddset.de\/blog\/fussball\/europa-league\/bayer-will-in-porto-alles-klarmachen\/","og_locale":"de_DE","og_type":"article","og_title":"Bayer will in Porto alles klarmachen - ODDSET","og_description":"\u2730 FC Porto - \u2730 Bayer 04 Leverkusen (2,0 | 3,3 | 3,1) Europa League ODDSET Wetten \u2705 Quoten \u2705 Tipps \u2705 H2H \u2705 Vorschau \u2705 JETZT ODDSET wetten bei LOTTO \u27a4","og_url":"https:\/\/www.oddset.de\/blog\/fussball\/europa-league\/bayer-will-in-porto-alles-klarmachen\/","og_site_name":"ODDSET FANZONE","article_publisher":"https:\/\/www.facebook.com\/ODDSETwetten\/","article_author":"https:\/\/www.facebook.com\/ODDSETwetten\/","article_published_time":"2020-02-26T13:25:03+00:00","article_modified_time":"2020-02-27T08:50:57+00:00","og_image":[{"width":1024,"height":640,"url":"https:\/\/www.oddset.de\/blog\/wp-content\/uploads\/2020\/02\/el-porto-leverkusen-fz-beitrag.jpg","type":"image\/jpeg"}],"author":"ODDSET Toni","twitter_card":"summary_large_image","twitter_creator":"@ODDSETsport","twitter_site":"@ODDSETsport","twitter_misc":{"Verfasst von":"ODDSET Toni","Gesch\u00e4tzte Lesezeit":"3\u00a0Minuten"},"schema":{"@context":"https:\/\/schema.org","@graph":[{"@type":"Article","@id":"https:\/\/www.oddset.de\/blog\/fussball\/europa-league\/bayer-will-in-porto-alles-klarmachen\/#article","isPartOf":{"@id":"https:\/\/www.oddset.de\/blog\/fussball\/europa-league\/bayer-will-in-porto-alles-klarmachen\/"},"author":{"name":"ODDSET Toni","@id":"https:\/\/www.oddset.de\/blog\/#\/schema\/person\/1ed279ebc2b2730994c2a1ab545b86b4"},"headline":"Bayer will in Porto alles klarmachen","datePublished":"2020-02-26T13:25:03+00:00","dateModified":"2020-02-27T08:50:57+00:00","mainEntityOfPage":{"@id":"https:\/\/www.oddset.de\/blog\/fussball\/europa-league\/bayer-will-in-porto-alles-klarmachen\/"},"wordCount":656,"publisher":{"@id":"https:\/\/www.oddset.de\/blog\/#organization"},"image":{"@id":"https:\/\/www.oddset.de\/blog\/fussball\/europa-league\/bayer-will-in-porto-alles-klarmachen\/#primaryimage"},"thumbnailUrl":"https:\/\/www.oddset.de\/blog\/wp-content\/uploads\/2020\/02\/el-porto-leverkusen-fz-beitrag.jpg","keywords":["Bayer 04 Leverkusen","Europa League","FC Porto","R\u00fcckspiel","Sechzehntelfinale"],"articleSection":["Europa League"],"inLanguage":"de"},{"@type":"WebPage","@id":"https:\/\/www.oddset.de\/blog\/fussball\/europa-league\/bayer-will-in-porto-alles-klarmachen\/","url":"https:\/\/www.oddset.de\/blog\/fussball\/europa-league\/bayer-will-in-porto-alles-klarmachen\/","name":"Bayer will in Porto alles klarmachen - ODDSET","isPartOf":{"@id":"https:\/\/www.oddset.de\/blog\/#website"},"primaryImageOfPage":{"@id":"https:\/\/www.oddset.de\/blog\/fussball\/europa-league\/bayer-will-in-porto-alles-klarmachen\/#primaryimage"},"image":{"@id":"https:\/\/www.oddset.de\/blog\/fussball\/europa-league\/bayer-will-in-porto-alles-klarmachen\/#primaryimage"},"thumbnailUrl":"https:\/\/www.oddset.de\/blog\/wp-content\/uploads\/2020\/02\/el-porto-leverkusen-fz-beitrag.jpg","datePublished":"2020-02-26T13:25:03+00:00","dateModified":"2020-02-27T08:50:57+00:00","description":"\u2730 FC Porto - \u2730 Bayer 04 Leverkusen (2,0 | 3,3 | 3,1) Europa League ODDSET Wetten \u2705 Quoten \u2705 Tipps \u2705 H2H \u2705 Vorschau \u2705 JETZT ODDSET wetten bei LOTTO \u27a4","breadcrumb":{"@id":"https:\/\/www.oddset.de\/blog\/fussball\/europa-league\/bayer-will-in-porto-alles-klarmachen\/#breadcrumb"},"inLanguage":"de","potentialAction":[{"@type":"ReadAction","target":["https:\/\/www.oddset.de\/blog\/fussball\/europa-league\/bayer-will-in-porto-alles-klarmachen\/"]}]},{"@type":"ImageObject","inLanguage":"de","@id":"https:\/\/www.oddset.de\/blog\/fussball\/europa-league\/bayer-will-in-porto-alles-klarmachen\/#primaryimage","url":"https:\/\/www.oddset.de\/blog\/wp-content\/uploads\/2020\/02\/el-porto-leverkusen-fz-beitrag.jpg","contentUrl":"https:\/\/www.oddset.de\/blog\/wp-content\/uploads\/2020\/02\/el-porto-leverkusen-fz-beitrag.jpg","width":1024,"height":640,"caption":"imago images\/Eibner | Charles Aranguiz Bayer 04 Leverkusen im Zweikampf mit Jesus Corona FC Porto . 20.02.2020, Fussball, Europaleague, Bayer 04 Leverkusen gegen FC Porto"},{"@type":"BreadcrumbList","@id":"https:\/\/www.oddset.de\/blog\/fussball\/europa-league\/bayer-will-in-porto-alles-klarmachen\/#breadcrumb","itemListElement":[{"@type":"ListItem","position":1,"name":"Startseite","item":"https:\/\/www.oddset.de\/blog\/"},{"@type":"ListItem","position":2,"name":"Bayer will in Porto alles klarmachen"}]},{"@type":"WebSite","@id":"https:\/\/www.oddset.de\/blog\/#website","url":"https:\/\/www.oddset.de\/blog\/","name":"ODDSET FANZONE","description":"Der Fu\u00dfball &amp; Sportwetten Blog","publisher":{"@id":"https:\/\/www.oddset.de\/blog\/#organization"},"potentialAction":[{"@type":"SearchAction","target":{"@type":"EntryPoint","urlTemplate":"https:\/\/www.oddset.de\/blog\/?s={search_term_string}"},"query-input":{"@type":"PropertyValueSpecification","valueRequired":true,"valueName":"search_term_string"}}],"inLanguage":"de"},{"@type":"Organization","@id":"https:\/\/www.oddset.de\/blog\/#organization","name":"ODDSET FANZONE","url":"https:\/\/www.oddset.de\/blog\/","logo":{"@type":"ImageObject","inLanguage":"de","@id":"https:\/\/www.oddset.de\/blog\/#\/schema\/logo\/image\/","url":"https:\/\/www.oddset.de\/blog\/wp-content\/uploads\/2020\/05\/tb_logo.png","contentUrl":"https:\/\/www.oddset.de\/blog\/wp-content\/uploads\/2020\/05\/tb_logo.png","width":1171,"height":400,"caption":"ODDSET FANZONE"},"image":{"@id":"https:\/\/www.oddset.de\/blog\/#\/schema\/logo\/image\/"},"sameAs":["https:\/\/www.facebook.com\/ODDSETwetten\/","https:\/\/x.com\/ODDSETsport","https:\/\/www.youtube.com\/channel\/UC_vWGAocu28RqdyhzCPf9ZQ"]},{"@type":"Person","@id":"https:\/\/www.oddset.de\/blog\/#\/schema\/person\/1ed279ebc2b2730994c2a1ab545b86b4","name":"ODDSET Toni","image":{"@type":"ImageObject","inLanguage":"de","@id":"https:\/\/www.oddset.de\/blog\/#\/schema\/person\/image\/","url":"https:\/\/secure.gravatar.com\/avatar\/ec90f36188cf555290343bad6bcfc8855c515ed08d4a481bc6ddad98c9615f74?s=96&d=mm&r=g","contentUrl":"https:\/\/secure.gravatar.com\/avatar\/ec90f36188cf555290343bad6bcfc8855c515ed08d4a481bc6ddad98c9615f74?s=96&d=mm&r=g","caption":"ODDSET Toni"},"description":"ODDSET ist seit 1999 der kompetente und vertrauensw\u00fcrdige Anbieter von Sportwetten in Deutschland. Dank der jahrelangen Erfahrung bietet ODDSET ein verantwortungsvolles und seri\u00f6ses Wettangebot. ODDSET z\u00e4hlt zu den gr\u00f6\u00dften staatlichen Wettanbietern Europas und fungiert als Partner des Sports. ODDSET \u2013 Sportwetten aus Tradition.","sameAs":["https:\/\/www.facebook.com\/ODDSETwetten\/","https:\/\/x.com\/ODDSETsport"],"url":"https:\/\/www.oddset.de\/blog\/blogger\/oddset-toni\/"}]}},"amp_enabled":true,"_links":{"self":[{"href":"https:\/\/www.oddset.de\/blog\/wp-json\/wp\/v2\/posts\/31797","targetHints":{"allow":["GET"]}}],"collection":[{"href":"https:\/\/www.oddset.de\/blog\/wp-json\/wp\/v2\/posts"}],"about":[{"href":"https:\/\/www.oddset.de\/blog\/wp-json\/wp\/v2\/types\/post"}],"author":[{"embeddable":true,"href":"https:\/\/www.oddset.de\/blog\/wp-json\/wp\/v2\/users\/3"}],"replies":[{"embeddable":true,"href":"https:\/\/www.oddset.de\/blog\/wp-json\/wp\/v2\/comments?post=31797"}],"version-history":[{"count":29,"href":"https:\/\/www.oddset.de\/blog\/wp-json\/wp\/v2\/posts\/31797\/revisions"}],"predecessor-version":[{"id":31846,"href":"https:\/\/www.oddset.de\/blog\/wp-json\/wp\/v2\/posts\/31797\/revisions\/31846"}],"wp:featuredmedia":[{"embeddable":true,"href":"https:\/\/www.oddset.de\/blog\/wp-json\/wp\/v2\/media\/31798"}],"wp:attachment":[{"href":"https:\/\/www.oddset.de\/blog\/wp-json\/wp\/v2\/media?parent=31797"}],"wp:term":[{"taxonomy":"category","embeddable":true,"href":"https:\/\/www.oddset.de\/blog\/wp-json\/wp\/v2\/categories?post=31797"},{"taxonomy":"post_tag","embeddable":true,"href":"https:\/\/www.oddset.de\/blog\/wp-json\/wp\/v2\/tags?post=31797"}],"curies":[{"name":"wp","href":"https:\/\/api.w.org\/{rel}","templated":true}]}}