{"id":3151,"date":"2016-12-02T09:23:58","date_gmt":"2016-12-02T08:23:58","guid":{"rendered":"https:\/\/fanzone.oddset.de\/?p=3151"},"modified":"2023-09-28T15:14:01","modified_gmt":"2023-09-28T13:14:01","slug":"el-clasico-233-fc-barcelona-real-madrid-wettvorschau-historie","status":"publish","type":"post","link":"https:\/\/www.oddset.de\/blog\/fussball\/la-liga\/el-clasico-233-fc-barcelona-real-madrid-wettvorschau-historie\/","title":{"rendered":"El Cl\u00e1sico 233: Der kriselnde FC Barcelona erwartet Spitzenreiter Real"},"content":{"rendered":"\t\t<div data-elementor-type=\"wp-post\" data-elementor-id=\"3151\" class=\"elementor elementor-3151 elementor-bc-flex-widget\">\n\t\t\t\t\t\t<section class=\"elementor-section elementor-top-section elementor-element elementor-element-0vk2bq5 elementor-section-boxed elementor-section-height-default elementor-section-height-default\" data-id=\"0vk2bq5\" data-element_type=\"section\">\n\t\t\t\t\t\t<div class=\"elementor-container elementor-column-gap-default\">\n\t\t\t\t\t<div class=\"elementor-column elementor-col-100 elementor-top-column elementor-element elementor-element-d3ghroj\" data-id=\"d3ghroj\" data-element_type=\"column\">\n\t\t\t<div class=\"elementor-widget-wrap elementor-element-populated\">\n\t\t\t\t\t\t<div class=\"elementor-element elementor-element-upk8ign elementor-widget elementor-widget-heading\" data-id=\"upk8ign\" data-element_type=\"widget\" data-widget_type=\"heading.default\">\n\t\t\t\t<div class=\"elementor-widget-container\">\n\t\t\t\t\t<h2 class=\"elementor-heading-title elementor-size-default\">Spieltermin:<\/h2>\t\t\t\t<\/div>\n\t\t\t\t<\/div>\n\t\t\t\t<div class=\"elementor-element elementor-element-ivk0461 elementor-view-default elementor-position-top elementor-mobile-position-top elementor-widget elementor-widget-icon-box\" data-id=\"ivk0461\" data-element_type=\"widget\" data-widget_type=\"icon-box.default\">\n\t\t\t\t<div class=\"elementor-widget-container\">\n\t\t\t\t\t\t\t<div class=\"elementor-icon-box-wrapper\">\n\n\t\t\t\t\t\t<div class=\"elementor-icon-box-icon\">\n\t\t\t\t<span  class=\"elementor-icon elementor-animation-grow\">\n\t\t\t\t<i class=\"fa fa-calendar\" aria-hidden=\"true\"><\/i>\t\t\t\t<\/span>\n\t\t\t<\/div>\n\t\t\t\n\t\t\t\t\t\t<div class=\"elementor-icon-box-content\">\n\n\t\t\t\t\t\t\t\t\t<h3 class=\"elementor-icon-box-title\">\n\t\t\t\t\t\t<span  >\n\t\t\t\t\t\t\tFC Barcelona - Real Madrid\t\t\t\t\t\t<\/span>\n\t\t\t\t\t<\/h3>\n\t\t\t\t\n\t\t\t\t\t\t\t\t\t<p class=\"elementor-icon-box-description\">\n\t\t\t\t\t\tPrimera Division | Sa., 3. Dezember 2016 | Ansto\u00df: 16:15 Uhr  \t\t\t\t\t<\/p>\n\t\t\t\t\n\t\t\t<\/div>\n\t\t\t\n\t\t<\/div>\n\t\t\t\t\t\t<\/div>\n\t\t\t\t<\/div>\n\t\t\t\t\t<\/div>\n\t\t<\/div>\n\t\t\t\t\t<\/div>\n\t\t<\/section>\n\t\t\t\t<section class=\"elementor-section elementor-top-section elementor-element elementor-element-dj1qtb8 elementor-section-boxed elementor-section-height-default elementor-section-height-default\" data-id=\"dj1qtb8\" data-element_type=\"section\">\n\t\t\t\t\t\t<div class=\"elementor-container elementor-column-gap-default\">\n\t\t\t\t\t<div class=\"elementor-column elementor-col-100 elementor-top-column elementor-element elementor-element-hjb9t03\" data-id=\"hjb9t03\" data-element_type=\"column\">\n\t\t\t<div class=\"elementor-widget-wrap elementor-element-populated\">\n\t\t\t\t\t\t<div class=\"elementor-element elementor-element-abgnuld elementor-widget elementor-widget-text-editor\" data-id=\"abgnuld\" data-element_type=\"widget\" data-widget_type=\"text-editor.default\">\n\t\t\t\t<div class=\"elementor-widget-container\">\n\t\t\t\t\t\t\t\t\t<h2>Aktuelle Form:<\/h2><p>Die <a href=\"https:\/\/oddset.de\/blog\/la-liga-wetten\/\">Ergebnisse<\/a> in den letzten Liga-Spielen sprechen f\u00fcr die K\u00f6niglichen aus Madrid: In den vergangenen sechs Partien holten Cristiano Ronaldo &#038; Co. sechs Siege. Gerade das 3:0 bei Lokalrivale Atl\u00e9tico mit drei Ronaldo-Toren war beeindruckend. Beim j\u00fcngsten 2:1-Sieg \u00fcber Sporting Gijon wackelte die Real-Defensive jedoch mehrmals. Zudem hatte Madrid Gl\u00fcck, dass die Asturier einen Elfmeter vergaben.<\/p><p>Barcelona hingegen verlor in den letzten sechs Liga-Begegnungen insgesamt vier Punkte. Gegen Malaga (0:0) und San Sebasti\u00e1n (1:1) reichte es nur zu Unentschieden. Bei Real Sociedad, wo man seit 2007 nicht gewinnen konnte, hatten Messi und seine Mitspieler sogar Gl\u00fcck, dass sie nicht verloren: San Sebasti\u00e1n war besser und hatte mehr Chancen. Zudem erkannte der Schiedsrichter ein regul\u00e4res Tor der Basken nicht an. Deshalb gibt Barca-Verteidiger Gerard Piqu\u00e9 zu:<\/p><blockquote><p>&#8222;So wird es sehr schwer sein, Meister zu werden.&#8220;<\/p><\/blockquote><p>In Form zeigte sich Barcelona auch nicht in der Cl\u00e1sico-Generalprobe am Mittwoch im spanischen Pokal bei Drittligist Hercules Alicante. Zwar schonte Trainer Luis Enrique fast alle Stars. Trotzdem kam Barca nur zu einem 1:1 und sollte das R\u00fcckspiel Mitte Dezember gewinnen, um weiterzukommen.<\/p><p>Viel besser machte es Real Madrid. 6:1 siegten die K\u00f6niglichen mit einer B-Mannschaft \u00fcber Drittligist Cultural Leonesa. Trainersohn Enzo Zidane erzielte bei seinem Deb\u00fct im A-Team gleich ein Tor. Im Cl\u00e1sico am Samstag wird er jedoch nicht spielen.<\/p><h2>Verletzte:<\/h2><p>Bei Barcelona kehrt Spielmacher <strong>Andr\u00e9s Iniesta<\/strong> zur\u00fcck. Es k\u00f6nnte sogar sein, dass er gleich von Anfang an auflaufen wird. Bereits in Alicante spielte bereits wieder der lange verletzte Verteidiger <strong>Samuel Umtiti<\/strong>. Jedoch ist er eher eine Option f\u00fcr die Bank. Linksverteidiger <strong>Jordi Alba<\/strong> musste hingegen in San Sebasti\u00e1n wegen Knieproblemen ausgewechselt werden. Es ist nicht sicher, ob er rechtzeitig zum Cl\u00e1sico wieder fit ist.<\/p><p>Noch gr\u00f6\u00dfere Verletzungsprobleme hat Real Madrid. Superstar <strong>Gareth Bale<\/strong>, der bisher eine sehr gute Hinrunde spielte, muss am Kn\u00f6chel operiert werden und wird bis mindestens Januar fehlen. Auch St\u00fcrmer <strong>\u00c1lvaro Morata<\/strong> (Muskelverletzung) d\u00fcrfte ausfallen. Zudem wird <strong>Toni Kroos<\/strong> mit einem Haarriss im Mittelfussknochen Real Madrid fehlen. Er verletzte sich bereits Anfang November. Trotzdem bekennt er sich im <em>Kicker<\/em> ganz zu seinem Klub:<\/p><blockquote><p>&#8222;Es gibt Wechsel, die macht man nicht. F\u00fcr mich kommt Barcelona nicht infrage&#8220;<\/p><\/blockquote><h2>Taktik:<\/h2><p>Der FC Barcelona wird im \u00fcblichen <strong>4-3-3<\/strong> antreten. In diesem System kommt fast alles auf den Dreizack im Sturm an: Lionel Messi, Neymar und Luis Su\u00e1rez sollen im Angriffsdrittel den Ball bekommen. Dort haben sie dann alle Freiheiten.<\/p><p>An guten Tagen sorgen die drei f\u00fcr Torspektakel. Wenn es aber der Real-Verteidigung um Sergio Ramos und Pepe so wie San Sebasti\u00e1n gelingt, die Wege zu den St\u00fcrmern zuzumachen, dann h\u00e4ngen Messi &#038; Co. in der Luft.<\/p><p>Durch die Verletzung von Gareth Bale d\u00fcrfte Real Madrid vom 4-3-3 abweichen. Stattdessen wird Trainer Zinedine Zidane wohl einen vierten Mittelfeldmann bringen und die Wei\u00dfen in einem <strong>4-2-2<\/strong> aufs Feld schicken.<\/p><p>Neben Luka Modric und dem defensiver orientierten Mateo Kovacic k\u00f6nnte Real mit Isco und Lucas V\u00e1zquez beginnen. Als Alternative f\u00fcr das Eigengew\u00e4chs st\u00fcnde James Rodr\u00edguez bereit. Auch der wiedergenesene Abr\u00e4umer Casemiro ist eine Option. Setzt Trainer Zidane darauf, in Barcelona erst einmal die Defensive st\u00e4rken zu wollen, dann k\u00f6nnte der Brasilianer sogar gleich von Anfang an spielen.<\/p><h2>Voraussichtliche Aufstellungen:<\/h2><p><strong>FC Barcelona:<\/strong> ter Stegen &#8211; Roberto, Piqu\u00e9, Mascherano, Alba &#8211; Busquets, Rakitic, Iniesta &#8211; Messi, Su\u00e1rez, Neymar.<\/p><p><strong>Real Madrid:<\/strong> Navas &#8211; Carvajal, Pepe, Ramos, Marcelo &#8211; Kovacic, Modric, Isco, V\u00e1zquez &#8211; Ronaldo, Benzema.<\/p><h2>Statistiken:<\/h2><h3>H2H-Vergleich:<\/h3>\t\t\t\t\t\t\t\t<\/div>\n\t\t\t\t<\/div>\n\t\t\t\t<div class=\"elementor-element elementor-element-u4dad0l elementor-widget elementor-widget-wp-widget-wp_widget_opta_h2h\" data-id=\"u4dad0l\" data-element_type=\"widget\" data-widget_type=\"wp-widget-wp_widget_opta_h2h.default\">\n\t\t\t\t<div class=\"elementor-widget-container\">\n\t\t\t\t\t<opta widget=\"bettingheadtohead\" sport=\"football\" competition=\"23\" season=\"2016\" match=\"869593\" \n         opta_logo=\"false\" show_crest=\"true\" narrow_limit=\"400\" navigation=\"tabs\" start_expanded=\"true\"><\/opta>\t\t\t\t<\/div>\n\t\t\t\t<\/div>\n\t\t\t\t<div class=\"elementor-element elementor-element-4rp3g4g elementor-widget elementor-widget-text-editor\" data-id=\"4rp3g4g\" data-element_type=\"widget\" data-widget_type=\"text-editor.default\">\n\t\t\t\t<div class=\"elementor-widget-container\">\n\t\t\t\t\t\t\t\t\t<h2>Historie:<\/h2><h3>Gesamtbilanz:<\/h3><ul><li>232 Duelle in Pflichtspielen: 91 Siege Barca, 48 Remis, 93 Siege Real<\/li><li>H\u00f6chster Sieg Real: 11-1 im Halbfinal-R\u00fcckspiel der Copa del Rey 1943<\/li><li>H\u00f6chster Sieg Barca: 6-mal mit 5 Toren Differenz \u2013 zuletzt im November 2010 mit 5-0<\/li><li>Das letzte Duell: Entschied Real Madrid am 2. Apr 2016 im Camp Nou mit 2:1 f\u00fcr sich<\/li><\/ul><h3>Rekord-Torj\u00e4ger im Clasico:<\/h3>\t\t\t\t\t\t\t\t<\/div>\n\t\t\t\t<\/div>\n\t\t\t\t\t<\/div>\n\t\t<\/div>\n\t\t\t\t\t<\/div>\n\t\t<\/section>\n\t\t\t\t<section class=\"elementor-section elementor-top-section elementor-element elementor-element-ouexrx9 elementor-section-boxed elementor-section-height-default elementor-section-height-default\" data-id=\"ouexrx9\" data-element_type=\"section\">\n\t\t\t\t\t\t<div class=\"elementor-container elementor-column-gap-default\">\n\t\t\t\t\t<div class=\"elementor-column elementor-col-100 elementor-top-column elementor-element elementor-element-6hncc6g\" data-id=\"6hncc6g\" data-element_type=\"column\">\n\t\t\t<div class=\"elementor-widget-wrap elementor-element-populated\">\n\t\t\t\t\t\t<div class=\"elementor-element elementor-element-5ufsb2y elementor-widget elementor-widget-testimonial\" data-id=\"5ufsb2y\" data-element_type=\"widget\" data-widget_type=\"testimonial.default\">\n\t\t\t\t<div class=\"elementor-widget-container\">\n\t\t\t\t\t\t\t<div class=\"elementor-testimonial-wrapper\">\n\t\t\t\t\t\t\t<div class=\"elementor-testimonial-content\">Platz 1: Er traf zwar in seinen letzten 5 Duellen gegen Real nicht ins Schwarze, ist aber der historisch beste Torsch\u00fctze im Clasico: 21 Tore in 32 Eins\u00e4tzen (1,5 Tore pro Spiel)<\/div>\n\t\t\t\n\t\t\t\t\t\t<div class=\"elementor-testimonial-meta elementor-has-image elementor-testimonial-image-position-aside\">\n\t\t\t\t<div class=\"elementor-testimonial-meta-inner\">\n\t\t\t\t\t\t\t\t\t\t\t<div class=\"elementor-testimonial-image\">\n\t\t\t\t\t\t\t<img fetchpriority=\"high\" decoding=\"async\" width=\"549\" height=\"549\" src=\"https:\/\/www.oddset.de\/blog\/wp-content\/uploads\/2016\/11\/lionel-messi-fc-barcelona-e1480064955449.jpg\" class=\"attachment-full size-full wp-image-3449\" alt=\"Lionel Messi FC Barcelona\" srcset=\"https:\/\/www.oddset.de\/blog\/wp-content\/uploads\/2016\/11\/lionel-messi-fc-barcelona-e1480064955449.jpg 549w, https:\/\/www.oddset.de\/blog\/wp-content\/uploads\/2016\/11\/lionel-messi-fc-barcelona-e1480064955449-150x150.jpg 150w, https:\/\/www.oddset.de\/blog\/wp-content\/uploads\/2016\/11\/lionel-messi-fc-barcelona-e1480064955449-300x300.jpg 300w\" sizes=\"(max-width: 549px) 100vw, 549px\" \/>\t\t\t\t\t\t<\/div>\n\t\t\t\t\t\n\t\t\t\t\t\t\t\t\t\t<div class=\"elementor-testimonial-details\">\n\t\t\t\t\t\t\t\t\t\t\t\t\t\t<div class=\"elementor-testimonial-name\">Lionel Messi (FC Barcelona)<\/div>\n\t\t\t\t\t\t\t\t\t\t\t\t\t\t\t\t\t\t\t\t\t\t<div class=\"elementor-testimonial-job\">\"Der K\u00f6nig\"<\/div>\n\t\t\t\t\t\t\t\t\t\t\t\t\t<\/div>\n\t\t\t\t\t\t\t\t\t<\/div>\n\t\t\t<\/div>\n\t\t\t\t\t<\/div>\n\t\t\t\t\t\t<\/div>\n\t\t\t\t<\/div>\n\t\t\t\t<div class=\"elementor-element elementor-element-mdd9aoa elementor-widget elementor-widget-testimonial\" data-id=\"mdd9aoa\" data-element_type=\"widget\" data-widget_type=\"testimonial.default\">\n\t\t\t\t<div class=\"elementor-widget-container\">\n\t\t\t\t\t\t\t<div class=\"elementor-testimonial-wrapper\">\n\t\t\t\t\t\t\t<div class=\"elementor-testimonial-content\">Platz 2: Die unantastbare Real-Legende schlechthin erzielte: 18 Tore in 30 Eins\u00e4tzen (1,7 Tore pro Spiel)<\/div>\n\t\t\t\n\t\t\t\t\t\t<div class=\"elementor-testimonial-meta elementor-has-image elementor-testimonial-image-position-aside\">\n\t\t\t\t<div class=\"elementor-testimonial-meta-inner\">\n\t\t\t\t\t\t\t\t\t\t\t<div class=\"elementor-testimonial-image\">\n\t\t\t\t\t\t\t<img decoding=\"async\" width=\"651\" height=\"651\" src=\"https:\/\/www.oddset.de\/blog\/wp-content\/uploads\/2016\/11\/alfredo-di-stefano-real-madrid-e1480066176658.jpg\" class=\"attachment-full size-full wp-image-3450\" alt=\"Alfredo Di St\u00e9fano Real Madrid\" srcset=\"https:\/\/www.oddset.de\/blog\/wp-content\/uploads\/2016\/11\/alfredo-di-stefano-real-madrid-e1480066176658.jpg 651w, https:\/\/www.oddset.de\/blog\/wp-content\/uploads\/2016\/11\/alfredo-di-stefano-real-madrid-e1480066176658-150x150.jpg 150w, https:\/\/www.oddset.de\/blog\/wp-content\/uploads\/2016\/11\/alfredo-di-stefano-real-madrid-e1480066176658-300x300.jpg 300w\" sizes=\"(max-width: 651px) 100vw, 651px\" \/>\t\t\t\t\t\t<\/div>\n\t\t\t\t\t\n\t\t\t\t\t\t\t\t\t\t<div class=\"elementor-testimonial-details\">\n\t\t\t\t\t\t\t\t\t\t\t\t\t\t<div class=\"elementor-testimonial-name\">Alfredo Di St\u00e9fano (Real Madrid)<\/div>\n\t\t\t\t\t\t\t\t\t\t\t\t\t\t\t\t\t\t\t\t\t\t<div class=\"elementor-testimonial-job\">\"Die Legende\"<\/div>\n\t\t\t\t\t\t\t\t\t\t\t\t\t<\/div>\n\t\t\t\t\t\t\t\t\t<\/div>\n\t\t\t<\/div>\n\t\t\t\t\t<\/div>\n\t\t\t\t\t\t<\/div>\n\t\t\t\t<\/div>\n\t\t\t\t<div class=\"elementor-element elementor-element-58wenbu elementor-widget elementor-widget-testimonial\" data-id=\"58wenbu\" data-element_type=\"widget\" data-widget_type=\"testimonial.default\">\n\t\t\t\t<div class=\"elementor-widget-container\">\n\t\t\t\t\t\t\t<div class=\"elementor-testimonial-wrapper\">\n\t\t\t\t\t\t\t<div class=\"elementor-testimonial-content\">Platz 3: Ihm fehlen nur noch 2 Tore, um den Real-Rekord von Alfredo Di Stefano einzustellen: 16 Tore in 25 Eins\u00e4tzen (1,6 Tore pro Spiel) <\/div>\n\t\t\t\n\t\t\t\t\t\t<div class=\"elementor-testimonial-meta elementor-has-image elementor-testimonial-image-position-aside\">\n\t\t\t\t<div class=\"elementor-testimonial-meta-inner\">\n\t\t\t\t\t\t\t\t\t\t\t<div class=\"elementor-testimonial-image\">\n\t\t\t\t\t\t\t<img decoding=\"async\" width=\"651\" height=\"651\" src=\"https:\/\/www.oddset.de\/blog\/wp-content\/uploads\/2016\/11\/christiano-ronaldo-cr7-real-madrid-e1480066273727.jpg\" class=\"attachment-full size-full wp-image-3451\" alt=\"Christiano Ronaldo CR7 Real Madrid\" srcset=\"https:\/\/www.oddset.de\/blog\/wp-content\/uploads\/2016\/11\/christiano-ronaldo-cr7-real-madrid-e1480066273727.jpg 651w, https:\/\/www.oddset.de\/blog\/wp-content\/uploads\/2016\/11\/christiano-ronaldo-cr7-real-madrid-e1480066273727-150x150.jpg 150w, https:\/\/www.oddset.de\/blog\/wp-content\/uploads\/2016\/11\/christiano-ronaldo-cr7-real-madrid-e1480066273727-300x300.jpg 300w\" sizes=\"(max-width: 651px) 100vw, 651px\" \/>\t\t\t\t\t\t<\/div>\n\t\t\t\t\t\n\t\t\t\t\t\t\t\t\t\t<div class=\"elementor-testimonial-details\">\n\t\t\t\t\t\t\t\t\t\t\t\t\t\t<div class=\"elementor-testimonial-name\">Christiano Ronaldo (Real Madrid)<\/div>\n\t\t\t\t\t\t\t\t\t\t\t\t\t\t\t\t\t\t\t\t\t\t<div class=\"elementor-testimonial-job\">\"Kronprinz und Markenbotschafter #CR7\"<\/div>\n\t\t\t\t\t\t\t\t\t\t\t\t\t<\/div>\n\t\t\t\t\t\t\t\t\t<\/div>\n\t\t\t<\/div>\n\t\t\t\t\t<\/div>\n\t\t\t\t\t\t<\/div>\n\t\t\t\t<\/div>\n\t\t\t\t<div class=\"elementor-element elementor-element-58rgit1 elementor-widget elementor-widget-text-editor\" data-id=\"58rgit1\" data-element_type=\"widget\" data-widget_type=\"text-editor.default\">\n\t\t\t\t<div class=\"elementor-widget-container\">\n\t\t\t\t\t\t\t\t\t<h2>Spieler, die f\u00fcr beide Vereine spielten (&#8222;Bastardos&#8220;):<\/h2>\t\t\t\t\t\t\t\t<\/div>\n\t\t\t\t<\/div>\n\t\t\t\t\t<\/div>\n\t\t<\/div>\n\t\t\t\t\t<\/div>\n\t\t<\/section>\n\t\t\t\t<section class=\"elementor-section elementor-top-section elementor-element elementor-element-qgpkyak elementor-section-boxed elementor-section-height-default elementor-section-height-default\" data-id=\"qgpkyak\" data-element_type=\"section\">\n\t\t\t\t\t\t<div class=\"elementor-container elementor-column-gap-default\">\n\t\t\t\t\t<div class=\"elementor-column elementor-col-50 elementor-top-column elementor-element elementor-element-2vywf6l\" data-id=\"2vywf6l\" data-element_type=\"column\">\n\t\t\t<div class=\"elementor-widget-wrap elementor-element-populated\">\n\t\t\t\t\t\t<div class=\"elementor-element elementor-element-ghs7zn5 elementor-widget elementor-widget-text-editor\" data-id=\"ghs7zn5\" data-element_type=\"widget\" data-widget_type=\"text-editor.default\">\n\t\t\t\t<div class=\"elementor-widget-container\">\n\t\t\t\t\t\t\t\t\t<h3>Erst Barcelona -> Dann Real<\/h3><p>1902: Alfonso Alb\u00e9niz<br \/>1906: Jos\u00e9 Quirante<br \/>1911: Alfonso Alb\u00e9niz<br \/>1911: Arsenio Comamala<br \/>1913: Walter Rozitsky<br \/>1930: Ricardo Zamora (via Espanyol)<br \/>1932: Josep Samitier<br \/>1950: Alfonso Navarro<br \/>1961: Justo Tejada<br \/>1962: Evaristo<br \/>1965: Fernand Goyvaerts<br \/>1988: Bernd Schuster<br \/>1990: Luis Milla<br \/>1992: Nando<br \/>1994: Michael Laudrup<br \/>1995: Miquel Soler (via Sevilla)<br \/>2000: Lu\u00eds Figo<br \/>2000: Albert Celades (via Celta Vigo)<br \/>2002: Ronaldo (via Inter)<br \/>2007: Javier Saviola<\/p>\t\t\t\t\t\t\t\t<\/div>\n\t\t\t\t<\/div>\n\t\t\t\t\t<\/div>\n\t\t<\/div>\n\t\t\t\t<div class=\"elementor-column elementor-col-50 elementor-top-column elementor-element elementor-element-0jcix0i\" data-id=\"0jcix0i\" data-element_type=\"column\">\n\t\t\t<div class=\"elementor-widget-wrap elementor-element-populated\">\n\t\t\t\t\t\t<div class=\"elementor-element elementor-element-r3xu4lw elementor-widget elementor-widget-text-editor\" data-id=\"r3xu4lw\" data-element_type=\"widget\" data-widget_type=\"text-editor.default\">\n\t\t\t\t<div class=\"elementor-widget-container\">\n\t\t\t\t\t\t\t\t\t<h3>Erst Real -> Dann Barcelona<\/h3><p>1905: Luciano Lizarraga<br \/>1939: Hilario (via Valencia)<br \/>1961: Jes\u00fas Mar\u00eda Pereda (via Real Valladolid, dann Sevilla)<br \/>1965: France Lucien Muller<br \/>1980: Lorenzo Amador (via H\u00e9rcules)<br \/>1994: Gheorghe Hagi (via Brescia)<br \/>1994: Julen Lopetegui (via Logro\u00f1\u00e9s)<br \/>1995: Robert Prosine\u010dki (via Real Oviedo)<br \/>1996: Luis Enrique<br \/>1999: Dani Garc\u00eda (via Mallorca)<br \/>2000: Alfonso P\u00e9rez (via Real Betis)<br \/>2004: Samuel Eto&#8217;o (via Mallorca)<\/p>\t\t\t\t\t\t\t\t<\/div>\n\t\t\t\t<\/div>\n\t\t\t\t\t<\/div>\n\t\t<\/div>\n\t\t\t\t\t<\/div>\n\t\t<\/section>\n\t\t\t\t<section class=\"elementor-section elementor-top-section elementor-element elementor-element-p8g2gp1 elementor-section-boxed elementor-section-height-default elementor-section-height-default\" data-id=\"p8g2gp1\" data-element_type=\"section\">\n\t\t\t\t\t\t<div class=\"elementor-container elementor-column-gap-default\">\n\t\t\t\t\t<div class=\"elementor-column elementor-col-100 elementor-top-column elementor-element elementor-element-q7iu8ke\" data-id=\"q7iu8ke\" data-element_type=\"column\">\n\t\t\t<div class=\"elementor-widget-wrap elementor-element-populated\">\n\t\t\t\t\t\t<div class=\"elementor-element elementor-element-pht2awm elementor-widget elementor-widget-heading\" data-id=\"pht2awm\" data-element_type=\"widget\" data-widget_type=\"heading.default\">\n\t\t\t\t<div class=\"elementor-widget-container\">\n\t\t\t\t\t<h3 class=\"elementor-heading-title elementor-size-default\">Rots\u00fcnder:<\/h3>\t\t\t\t<\/div>\n\t\t\t\t<\/div>\n\t\t\t\t<div class=\"elementor-element elementor-element-rq16dj3 elementor-widget elementor-widget-testimonial\" data-id=\"rq16dj3\" data-element_type=\"widget\" data-widget_type=\"testimonial.default\">\n\t\t\t\t<div class=\"elementor-widget-container\">\n\t\t\t\t\t\t\t<div class=\"elementor-testimonial-wrapper\">\n\t\t\t\t\t\t\t<div class=\"elementor-testimonial-content\">In den vergangenen 26 Clasicos flogen gleich 11 Spieler von Real Madrid vom Platz, aber nur 5 aus Barcelona. Der Rekordhalter in diesem Zeitraum sah gleich 4 Feldverweise und hei\u00dft...<\/div>\n\t\t\t\n\t\t\t\t\t\t<div class=\"elementor-testimonial-meta elementor-has-image elementor-testimonial-image-position-aside\">\n\t\t\t\t<div class=\"elementor-testimonial-meta-inner\">\n\t\t\t\t\t\t\t\t\t\t\t<div class=\"elementor-testimonial-image\">\n\t\t\t\t\t\t\t<img loading=\"lazy\" decoding=\"async\" width=\"801\" height=\"801\" src=\"https:\/\/www.oddset.de\/blog\/wp-content\/uploads\/2016\/11\/sergio-ramos-real-madrid-e1480066345442.jpg\" class=\"attachment-full size-full wp-image-3452\" alt=\"Sergio Ramos Real Madrid\" srcset=\"https:\/\/www.oddset.de\/blog\/wp-content\/uploads\/2016\/11\/sergio-ramos-real-madrid-e1480066345442.jpg 801w, https:\/\/www.oddset.de\/blog\/wp-content\/uploads\/2016\/11\/sergio-ramos-real-madrid-e1480066345442-150x150.jpg 150w, https:\/\/www.oddset.de\/blog\/wp-content\/uploads\/2016\/11\/sergio-ramos-real-madrid-e1480066345442-300x300.jpg 300w, https:\/\/www.oddset.de\/blog\/wp-content\/uploads\/2016\/11\/sergio-ramos-real-madrid-e1480066345442-768x768.jpg 768w\" sizes=\"(max-width: 801px) 100vw, 801px\" \/>\t\t\t\t\t\t<\/div>\n\t\t\t\t\t\n\t\t\t\t\t\t\t\t\t\t<div class=\"elementor-testimonial-details\">\n\t\t\t\t\t\t\t\t\t\t\t\t\t\t<div class=\"elementor-testimonial-name\">Sergio Ramos (Real Madrid)<\/div>\n\t\t\t\t\t\t\t\t\t\t\t\t\t\t\t\t\t\t\t\t\t\t<div class=\"elementor-testimonial-job\">\"Rauhbein\"<\/div>\n\t\t\t\t\t\t\t\t\t\t\t\t\t<\/div>\n\t\t\t\t\t\t\t\t\t<\/div>\n\t\t\t<\/div>\n\t\t\t\t\t<\/div>\n\t\t\t\t\t\t<\/div>\n\t\t\t\t<\/div>\n\t\t\t\t<div class=\"elementor-element elementor-element-p6fmagm elementor-widget elementor-widget-heading\" data-id=\"p6fmagm\" data-element_type=\"widget\" data-widget_type=\"heading.default\">\n\t\t\t\t<div class=\"elementor-widget-container\">\n\t\t\t\t\t<h3 class=\"elementor-heading-title elementor-size-default\">Messi kontra Ronaldo:<\/h3>\t\t\t\t<\/div>\n\t\t\t\t<\/div>\n\t\t\t\t\t<\/div>\n\t\t<\/div>\n\t\t\t\t\t<\/div>\n\t\t<\/section>\n\t\t\t\t<section class=\"elementor-section elementor-top-section elementor-element elementor-element-dvgvau0 elementor-section-boxed elementor-section-height-default elementor-section-height-default\" data-id=\"dvgvau0\" data-element_type=\"section\">\n\t\t\t\t\t\t<div class=\"elementor-container elementor-column-gap-default\">\n\t\t\t\t\t<div class=\"elementor-column elementor-col-50 elementor-top-column elementor-element elementor-element-z02u0xw\" data-id=\"z02u0xw\" data-element_type=\"column\">\n\t\t\t<div class=\"elementor-widget-wrap elementor-element-populated\">\n\t\t\t\t\t\t<div class=\"elementor-element elementor-element-1e26frj elementor-widget elementor-widget-text-editor\" data-id=\"1e26frj\" data-element_type=\"widget\" data-widget_type=\"text-editor.default\">\n\t\t\t\t<div class=\"elementor-widget-container\">\n\t\t\t\t\t\t\t\t\t<ul><li><strong>Lionel Messi<\/strong> blieb in seinen letzten 5 Clasicos torlos \u2013 das ist seine l\u00e4ngste Durststrecke in Duellen mit Real Madrid.<\/li><li>Messi bestritt 32 Spiele gegen Real und war dabei an 34 Treffern direkt beteiligt (21 Tore, 13 Assists).<\/li><\/ul>\t\t\t\t\t\t\t\t<\/div>\n\t\t\t\t<\/div>\n\t\t\t\t\t<\/div>\n\t\t<\/div>\n\t\t\t\t<div class=\"elementor-column elementor-col-50 elementor-top-column elementor-element elementor-element-zt0hmjh\" data-id=\"zt0hmjh\" data-element_type=\"column\">\n\t\t\t<div class=\"elementor-widget-wrap elementor-element-populated\">\n\t\t\t\t\t\t<div class=\"elementor-element elementor-element-fd79bq5 elementor-widget elementor-widget-text-editor\" data-id=\"fd79bq5\" data-element_type=\"widget\" data-widget_type=\"text-editor.default\">\n\t\t\t\t<div class=\"elementor-widget-container\">\n\t\t\t\t\t\t\t\t\t<ul><li><strong>Cristiano Ronaldo<\/strong> erzielte hingegen in seinen letzten 5 Clasicos 4 Tore.<\/li><li>Ronaldo trat 25-mal im Clasico an und war an 17 Treffern beteiligt (16 Tore, 1 Assist).<\/li><\/ul>\t\t\t\t\t\t\t\t<\/div>\n\t\t\t\t<\/div>\n\t\t\t\t\t<\/div>\n\t\t<\/div>\n\t\t\t\t\t<\/div>\n\t\t<\/section>\n\t\t\t\t<section class=\"elementor-section elementor-top-section elementor-element elementor-element-makj3yp elementor-section-boxed elementor-section-height-default elementor-section-height-default\" data-id=\"makj3yp\" data-element_type=\"section\">\n\t\t\t\t\t\t<div class=\"elementor-container elementor-column-gap-default\">\n\t\t\t\t\t<div class=\"elementor-column elementor-col-100 elementor-top-column elementor-element elementor-element-z1zlqm1\" data-id=\"z1zlqm1\" data-element_type=\"column\">\n\t\t\t<div class=\"elementor-widget-wrap elementor-element-populated\">\n\t\t\t\t\t\t<div class=\"elementor-element elementor-element-v2hpk34 elementor-widget elementor-widget-text-editor\" data-id=\"v2hpk34\" data-element_type=\"widget\" data-widget_type=\"text-editor.default\">\n\t\t\t\t<div class=\"elementor-widget-container\">\n\t\t\t\t\t\t\t\t\t<ul><li>Seit Ronaldo im Juli 2009 zu Real wechselte, gab es keinen Clasico, in dem keiner der beiden Superstars auf dem Platz stand.<\/li><li>Insgesamt gab es seitdem erst 1 Duell, in dem sich nicht beide gegen\u00fcber standen \u2013 im April 2014 fehlte Ronaldo, doch Real gewann dennoch das Finale der Copa del Rey (2-1).<\/li><\/ul>\t\t\t\t\t\t\t\t<\/div>\n\t\t\t\t<\/div>\n\t\t\t\t\t<\/div>\n\t\t<\/div>\n\t\t\t\t\t<\/div>\n\t\t<\/section>\n\t\t\t\t<section class=\"elementor-section elementor-top-section elementor-element elementor-element-wo71hzk elementor-section-boxed elementor-section-height-default elementor-section-height-default\" data-id=\"wo71hzk\" data-element_type=\"section\">\n\t\t\t\t\t\t<div class=\"elementor-container elementor-column-gap-default\">\n\t\t\t\t\t<div class=\"elementor-column elementor-col-100 elementor-top-column elementor-element elementor-element-3fq0wpa\" data-id=\"3fq0wpa\" data-element_type=\"column\">\n\t\t\t<div class=\"elementor-widget-wrap elementor-element-populated\">\n\t\t\t\t\t\t<div class=\"elementor-element elementor-element-8p21n5k elementor-widget elementor-widget-text-editor\" data-id=\"8p21n5k\" data-element_type=\"widget\" data-widget_type=\"text-editor.default\">\n\t\t\t\t<div class=\"elementor-widget-container\">\n\t\t\t\t\t\t\t\t\t<h2>Deutsche im Cl\u00e1sico:<\/h2>\t\t\t\t\t\t\t\t<\/div>\n\t\t\t\t<\/div>\n\t\t\t\t\t<\/div>\n\t\t<\/div>\n\t\t\t\t\t<\/div>\n\t\t<\/section>\n\t\t\t\t<section class=\"elementor-section elementor-top-section elementor-element elementor-element-0npo8mu elementor-section-boxed elementor-section-height-default elementor-section-height-default\" data-id=\"0npo8mu\" data-element_type=\"section\">\n\t\t\t\t\t\t<div class=\"elementor-container elementor-column-gap-default\">\n\t\t\t\t\t<div class=\"elementor-column elementor-col-50 elementor-top-column elementor-element elementor-element-lutytit\" data-id=\"lutytit\" data-element_type=\"column\">\n\t\t\t<div class=\"elementor-widget-wrap elementor-element-populated\">\n\t\t\t\t\t\t<div class=\"elementor-element elementor-element-cy1gx6i elementor-widget elementor-widget-text-editor\" data-id=\"cy1gx6i\" data-element_type=\"widget\" data-widget_type=\"text-editor.default\">\n\t\t\t\t<div class=\"elementor-widget-container\">\n\t\t\t\t\t\t\t\t\t<p><span style=\"text-decoration: underline;\">FC Barcelona<\/span><\/p><ul><li>F\u00fcr <strong>Marc-Andre ter Stegen<\/strong> im Tor des FC Barcelona ist es der erste Clasico. Bei den ersten 4 Duellen seit seinem Wechsel nach Katalonien sa\u00df er jeweils auf der Bank.<\/li><\/ul><ul><li>Neben ter Stegen und Bernd Schuster waren bisher vier weitere Spieler und zwei Trainer beim FC Barcelona t\u00e4tig: Torh\u00fcter <strong>Robert Enke<\/strong> (2002-2004), Abwehrspieler <strong>Emil Walter<\/strong> (1923-1933) und die Angreifer <strong>Otto Maier<\/strong> (1900-1901) und <strong>Udo Steinberg<\/strong> (19010-1910). Maier geh\u00f6rte zu den zw\u00f6lf Gr\u00fcndungsmitglieders des FC Barcelona, Steinberg schoss am 13. Mai 2002 die ersten beiden Tore im ersten Cl\u00e1sico \u00fcberhaupt (3:1).<\/li><\/ul><ul><li>1975 bis 1976 trainierte der Gladbacher Meistermacher <strong>Hennes Wei\u00dfweiler<\/strong> die Blaugrana, <strong>Udo Lattek<\/strong> war 1981 bis 1983 u.a. Coach von Schuster und dem jungen Maradona und holte mit dem Club 1982 den Europapokal der Pokalsieger.\u00a0<\/li><\/ul>\t\t\t\t\t\t\t\t<\/div>\n\t\t\t\t<\/div>\n\t\t\t\t\t<\/div>\n\t\t<\/div>\n\t\t\t\t<div class=\"elementor-column elementor-col-50 elementor-top-column elementor-element elementor-element-y2ty951\" data-id=\"y2ty951\" data-element_type=\"column\">\n\t\t\t<div class=\"elementor-widget-wrap elementor-element-populated\">\n\t\t\t\t\t\t<div class=\"elementor-element elementor-element-dctg77g elementor-widget elementor-widget-text-editor\" data-id=\"dctg77g\" data-element_type=\"widget\" data-widget_type=\"text-editor.default\">\n\t\t\t\t<div class=\"elementor-widget-container\">\n\t\t\t\t\t\t\t\t\t<p><span style=\"text-decoration: underline;\">Real Madrid<\/span><\/p><ul><li>Dagegen wird auf Seiten von Madrid <strong>Toni Kroos<\/strong> fehlen. Er hat sich einen Haarriss im Mittelfu\u00dfknochen zugezogen. Damit m\u00fcssten die deutschen Fans bis zum R\u00fcckspiel im kommenden April warten, bis sie erstmals seit 1984 wieder deutsche Kicker auf beiden Seiten sehen. Im Dezember 1984 waren mit <strong>Uli Stielike<\/strong> (Real, 1977-1985) und <strong>Bernd Schuster<\/strong> (Barca, 1980-1988) letztmals zwei Deutsche gegeneinander in einem Cl\u00e1sico angetreten.<\/li><\/ul><ul><li>Erst Mitte der 1970er Jahre kam der erste Deutsche zu Real Madrid: Spielmacher <strong>G\u00fcnter Netzer<\/strong> (1973-1976). Ein Jahr sp\u00e4ter gesellte sich Abwehrmann <strong>Paul Breitner<\/strong> zu ihm und blieb bis 1977.<\/li><\/ul><ul><li>Drei Jahre nach Stielikes Abschied wechselte <strong>Bernd Schuster<\/strong> 1988 vom FC Barcelona direkt zu Real Madrid. Bis heute ist er der einzige Deutsche, der f\u00fcr beide Spitzenvereine gespielt hat. Er absolivierte auch bisher die meisten Cl\u00e1sicos als Deutscher: 14 f\u00fcr Barcelona und 6 f\u00fcr Madrid.<\/li><\/ul><ul><li>Von 2007 bis 2008 trainierte Schuster sogar die K\u00f6niglichen. Das hatte <strong>Jupp Heynckes<\/strong> bereits von 1997 bis 1998 getan. Doch trotz des Champions-League-Triumphes wurde er entlassen.<\/li><\/ul><ul><li>Im Tor der Madrilenen stand damals <strong>Bodo Illgner<\/strong>. Er spielte von 1996 bis 2000 in der spanischen Hauptstadt, doch bereits in seinem letzten Jahr hatte ihn der junge Iker Casillas auf die Bank verdr\u00e4ngt.<\/li><\/ul><ul><li>Danach spielten noch <strong>Christoph Metzelder<\/strong> (2007-2010), <strong>Mesut \u00d6zil<\/strong> (2010-2013) und <strong>Sami Khedira<\/strong> (2010-2015) f\u00fcr Real.<\/li><\/ul>\t\t\t\t\t\t\t\t<\/div>\n\t\t\t\t<\/div>\n\t\t\t\t\t<\/div>\n\t\t<\/div>\n\t\t\t\t\t<\/div>\n\t\t<\/section>\n\t\t\t\t<section class=\"elementor-section elementor-top-section elementor-element elementor-element-7lmyagm elementor-section-boxed elementor-section-height-default elementor-section-height-default\" data-id=\"7lmyagm\" data-element_type=\"section\">\n\t\t\t\t\t\t<div class=\"elementor-container elementor-column-gap-default\">\n\t\t\t\t\t<div class=\"elementor-column elementor-col-100 elementor-top-column elementor-element elementor-element-mffv6xg\" data-id=\"mffv6xg\" data-element_type=\"column\">\n\t\t\t<div class=\"elementor-widget-wrap elementor-element-populated\">\n\t\t\t\t\t\t<div class=\"elementor-element elementor-element-zqy88z7 elementor-widget elementor-widget-text-editor\" data-id=\"zqy88z7\" data-element_type=\"widget\" data-widget_type=\"text-editor.default\">\n\t\t\t\t<div class=\"elementor-widget-container\">\n\t\t\t\t\t\t\t\t\t<h2>Kurioses:<\/h2><ul><li>Barcelona hatte in den letzten 16 Clasicos in der Liga \u2013 alle seit Pep Guardiola einst das Traineramt bei Barca \u00fcbernahm \u2013 mehr Ballbesitz als die K\u00f6niglichen. Im Mai 2008 hatte Barca zuletzt weniger Ballbesitz (knapp 46%) und verlor mit 1-4 im Bernabeu.<\/li><\/ul><ul><li>Barca-Coach Luis Enrique ist neben Figo, Ronaldo und Josep Samitier einer von nur 4 Spielern, die f\u00fcr beide Mannschaften im Clasico trafen.<\/li><\/ul><ul><li>Seit April 2011 traf Barcelona in jedem der 21 Clasicos ins Schwarze, das ist der l\u00e4ngste Lauf eines Teams in diesem Duell.<\/li><\/ul>\t\t\t\t\t\t\t\t<\/div>\n\t\t\t\t<\/div>\n\t\t\t\t\t<\/div>\n\t\t<\/div>\n\t\t\t\t\t<\/div>\n\t\t<\/section>\n\t\t\t\t<section class=\"elementor-section elementor-top-section elementor-element elementor-element-dkbtaoa elementor-section-boxed elementor-section-height-default elementor-section-height-default\" data-id=\"dkbtaoa\" data-element_type=\"section\">\n\t\t\t\t\t\t<div class=\"elementor-container elementor-column-gap-default\">\n\t\t\t\t\t<div class=\"elementor-column elementor-col-100 elementor-top-column elementor-element elementor-element-mh1hzb5\" data-id=\"mh1hzb5\" data-element_type=\"column\">\n\t\t\t<div class=\"elementor-widget-wrap elementor-element-populated\">\n\t\t\t\t\t\t<div class=\"elementor-element elementor-element-83sxvqh elementor-widget elementor-widget-text-editor\" data-id=\"83sxvqh\" data-element_type=\"widget\" data-widget_type=\"text-editor.default\">\n\t\t\t\t<div class=\"elementor-widget-container\">\n\t\t\t\t\t\t\t\t\t<h2>Edelfans:<\/h2>\t\t\t\t\t\t\t\t<\/div>\n\t\t\t\t<\/div>\n\t\t\t\t\t<\/div>\n\t\t<\/div>\n\t\t\t\t\t<\/div>\n\t\t<\/section>\n\t\t\t\t<section class=\"elementor-section elementor-top-section elementor-element elementor-element-8afev4j elementor-section-boxed elementor-section-height-default elementor-section-height-default\" data-id=\"8afev4j\" data-element_type=\"section\">\n\t\t\t\t\t\t<div class=\"elementor-container elementor-column-gap-default\">\n\t\t\t\t\t<div class=\"elementor-column elementor-col-50 elementor-top-column elementor-element elementor-element-jkibsin\" data-id=\"jkibsin\" data-element_type=\"column\">\n\t\t\t<div class=\"elementor-widget-wrap elementor-element-populated\">\n\t\t\t\t\t\t<div class=\"elementor-element elementor-element-xf3khyg elementor-widget elementor-widget-text-editor\" data-id=\"xf3khyg\" data-element_type=\"widget\" data-widget_type=\"text-editor.default\">\n\t\t\t\t<div class=\"elementor-widget-container\">\n\t\t\t\t\t\t\t\t\t<p><span style=\"text-decoration: underline;\">FC Barcelona<\/span><\/p><ul><li>1 spanischer Regierungschef (Jos\u00e9 Luis Rodr\u00edguez Zapatero)<\/li><\/ul><ul><li>Tenor Jos\u00e9 Carreras und S\u00e4nger Joan Manuel Serrat<\/li><\/ul><ul><li>die Pop-S\u00e4nger Justin Bieber, Manu Chao und Shakira (sie ist die Lebensgef\u00e4hrtin von Barcelonas Abwehr-Ass Gerard Piqu\u00e9)<\/li><\/ul><ul><li>die Basketballer Kobe Bryant und Pau Gasol<\/li><\/ul><ul><li>Maler Salvador Dal\u00ed<\/li><\/ul>\t\t\t\t\t\t\t\t<\/div>\n\t\t\t\t<\/div>\n\t\t\t\t\t<\/div>\n\t\t<\/div>\n\t\t\t\t<div class=\"elementor-column elementor-col-50 elementor-top-column elementor-element elementor-element-bn8500l\" data-id=\"bn8500l\" data-element_type=\"column\">\n\t\t\t<div class=\"elementor-widget-wrap elementor-element-populated\">\n\t\t\t\t\t\t<div class=\"elementor-element elementor-element-g8huw6s elementor-widget elementor-widget-text-editor\" data-id=\"g8huw6s\" data-element_type=\"widget\" data-widget_type=\"text-editor.default\">\n\t\t\t\t<div class=\"elementor-widget-container\">\n\t\t\t\t\t\t\t\t\t<p><span style=\"text-decoration: underline;\">Real Madrid<\/span><\/p><ul><li>3 spanische Staats- bzw. Regierungschefs (K\u00f6nig Juan Carlos I., Diktator Francisco Franco, Premierminister Jos\u00e9 Mar\u00eda Aznar)<\/li><\/ul><ul><li>Tenor Placido Domingo (singt auch die aktuelle Hymne)<\/li><\/ul><ul><li>die Pop-S\u00e4nger Enrique Iglesias und Jennifer Lopez<\/li><\/ul><ul><li>Schauspieler Antonio Banderas<\/li><\/ul><ul><li>Tennisspieler Rafael Nadal<\/li><\/ul><ul><li>Formel-1-Pilot Fernando Alonso<\/li><\/ul><ul><li>Radrennfahrer Alberto Contador<\/li><\/ul>\t\t\t\t\t\t\t\t<\/div>\n\t\t\t\t<\/div>\n\t\t\t\t\t<\/div>\n\t\t<\/div>\n\t\t\t\t\t<\/div>\n\t\t<\/section>\n\t\t\t\t<section class=\"elementor-section elementor-top-section elementor-element elementor-element-top9uv7 elementor-section-boxed elementor-section-height-default elementor-section-height-default\" data-id=\"top9uv7\" data-element_type=\"section\">\n\t\t\t\t\t\t<div class=\"elementor-container elementor-column-gap-default\">\n\t\t\t\t\t<div class=\"elementor-column elementor-col-100 elementor-top-column elementor-element elementor-element-r0zld2q\" data-id=\"r0zld2q\" data-element_type=\"column\">\n\t\t\t<div class=\"elementor-widget-wrap elementor-element-populated\">\n\t\t\t\t\t\t<div class=\"elementor-element elementor-element-squk60a elementor-widget elementor-widget-text-editor\" data-id=\"squk60a\" data-element_type=\"widget\" data-widget_type=\"text-editor.default\">\n\t\t\t\t<div class=\"elementor-widget-container\">\n\t\t\t\t\t\t\t\t\t<h2>Spitznamen:<\/h2>\t\t\t\t\t\t\t\t<\/div>\n\t\t\t\t<\/div>\n\t\t\t\t\t<\/div>\n\t\t<\/div>\n\t\t\t\t\t<\/div>\n\t\t<\/section>\n\t\t\t\t<section class=\"elementor-section elementor-top-section elementor-element elementor-element-uma418f elementor-section-boxed elementor-section-height-default elementor-section-height-default\" data-id=\"uma418f\" data-element_type=\"section\">\n\t\t\t\t\t\t<div class=\"elementor-container elementor-column-gap-default\">\n\t\t\t\t\t<div class=\"elementor-column elementor-col-50 elementor-top-column elementor-element elementor-element-sslwsli\" data-id=\"sslwsli\" data-element_type=\"column\">\n\t\t\t<div class=\"elementor-widget-wrap elementor-element-populated\">\n\t\t\t\t\t\t<div class=\"elementor-element elementor-element-gd5e811 elementor-widget elementor-widget-text-editor\" data-id=\"gd5e811\" data-element_type=\"widget\" data-widget_type=\"text-editor.default\">\n\t\t\t\t<div class=\"elementor-widget-container\">\n\t\t\t\t\t\t\t\t\t<ul><li><strong>Culers<\/strong> (span. Cul\u00e9s), das sich vom katalanischen Wort cul (Arsch) ableitet. Im alten Stadion des FC Barcelona sa\u00dfen die Fans in der letzten Reihe auf einer Mauer. F\u00fcr Menschen, die am Stadion vorbeigingen, sahen sie wie aneinandergereihte Hinterteile aus.<\/li><\/ul><ul><li><strong>El equipo blaugrana<\/strong> oder <strong>los blaugrana<\/strong>: die blau-granatrote Mannschaft oder die Blau-granatroten in Anlehnung an die traditionellen Trikots<\/li><\/ul><ul><li><strong>Barcelonistas<\/strong><\/li><\/ul><p>\u00a0<\/p>\t\t\t\t\t\t\t\t<\/div>\n\t\t\t\t<\/div>\n\t\t\t\t\t<\/div>\n\t\t<\/div>\n\t\t\t\t<div class=\"elementor-column elementor-col-50 elementor-top-column elementor-element elementor-element-ff7g67h\" data-id=\"ff7g67h\" data-element_type=\"column\">\n\t\t\t<div class=\"elementor-widget-wrap elementor-element-populated\">\n\t\t\t\t\t\t<div class=\"elementor-element elementor-element-u5p8etq elementor-widget elementor-widget-text-editor\" data-id=\"u5p8etq\" data-element_type=\"widget\" data-widget_type=\"text-editor.default\">\n\t\t\t\t<div class=\"elementor-widget-container\">\n\t\t\t\t\t\t\t\t\t<ul><li><strong>Los blancos<\/strong> oder <strong>los merengues<\/strong>: die Wei\u00dfen bzw. die Baisers in Anlehnung an die Trikotfarbe<\/li><\/ul><ul><li><strong>El Madrid<\/strong> (das Madrid). Die im Ausland gebr\u00e4uchliche Abk\u00fcrzung Real f\u00fcr den Verein oder die Bezeichnung K\u00f6nigliche werden in Spanien nicht verwendet, das es mehrere k\u00f6nigliche Vereine gibt: z.B. Real Sociedad San Sebasti\u00e1n oder Real Mallorca.<\/li><\/ul><ul><li><strong>Los vikingos<\/strong> (die Wikinger). Dazu gibt es zwei Theorien: Eine englische Zeitung schrieb, dass Real Madrids Spieler 1960 im Europapokalfinale \u00fcber Eintracht Frankfurt (7:3) hinweggefegt seien wie Wikinger. Die andere Herleitung kommt aus den 1970er Jahren, weil damals so viele Deutsche und D\u00e4nen bei dem Verein spielten.\u00a0<\/li><\/ul><ul><li><strong>Madridistas<\/strong><\/li><\/ul>\t\t\t\t\t\t\t\t<\/div>\n\t\t\t\t<\/div>\n\t\t\t\t\t<\/div>\n\t\t<\/div>\n\t\t\t\t\t<\/div>\n\t\t<\/section>\n\t\t\t\t<section class=\"elementor-section elementor-top-section elementor-element elementor-element-b5pfwpg elementor-section-boxed elementor-section-height-default elementor-section-height-default\" data-id=\"b5pfwpg\" data-element_type=\"section\">\n\t\t\t\t\t\t<div class=\"elementor-container elementor-column-gap-default\">\n\t\t\t\t\t<div class=\"elementor-column elementor-col-100 elementor-top-column elementor-element elementor-element-aqsiaz6\" data-id=\"aqsiaz6\" data-element_type=\"column\">\n\t\t\t<div class=\"elementor-widget-wrap elementor-element-populated\">\n\t\t\t\t\t\t<div class=\"elementor-element elementor-element-o8lto6s elementor-widget elementor-widget-text-editor\" data-id=\"o8lto6s\" data-element_type=\"widget\" data-widget_type=\"text-editor.default\">\n\t\t\t\t<div class=\"elementor-widget-container\">\n\t\t\t\t\t\t\t\t\t<h2>Verteilung der Fans<\/h2>\t\t\t\t\t\t\t\t<\/div>\n\t\t\t\t<\/div>\n\t\t\t\t\t<\/div>\n\t\t<\/div>\n\t\t\t\t\t<\/div>\n\t\t<\/section>\n\t\t\t\t<section class=\"elementor-section elementor-top-section elementor-element elementor-element-mi8pbyh elementor-section-boxed elementor-section-height-default elementor-section-height-default\" data-id=\"mi8pbyh\" data-element_type=\"section\">\n\t\t\t\t\t\t<div class=\"elementor-container elementor-column-gap-default\">\n\t\t\t\t\t<div class=\"elementor-column elementor-col-50 elementor-top-column elementor-element elementor-element-jc04mza\" data-id=\"jc04mza\" data-element_type=\"column\">\n\t\t\t<div class=\"elementor-widget-wrap elementor-element-populated\">\n\t\t\t\t\t\t<div class=\"elementor-element elementor-element-zpeo4nj elementor-widget elementor-widget-text-editor\" data-id=\"zpeo4nj\" data-element_type=\"widget\" data-widget_type=\"text-editor.default\">\n\t\t\t\t<div class=\"elementor-widget-container\">\n\t\t\t\t\t\t\t\t\t<ul><li>Weltweit hat der FC Barcelona 340 Millionen Fans und ist damit die Nummer eins unter den Fu\u00dfball-Vereinen.<\/li><\/ul><ul><li>In Spanien liegt Barcelona auf Platz zwei bei den Fans: 25 Prozent der spanischen Anh\u00e4nger sind FCB-Fans.<\/li><\/ul><ul><li>Die Katalanen haben 222.980 Mitglieder.<\/li><\/ul><ul><li>Bei Facebook hat Barcelona 94,7 Millionen Fans.<\/li><\/ul><p>\u00a0<\/p>\t\t\t\t\t\t\t\t<\/div>\n\t\t\t\t<\/div>\n\t\t\t\t\t<\/div>\n\t\t<\/div>\n\t\t\t\t<div class=\"elementor-column elementor-col-50 elementor-top-column elementor-element elementor-element-i8ze3sx\" data-id=\"i8ze3sx\" data-element_type=\"column\">\n\t\t\t<div class=\"elementor-widget-wrap elementor-element-populated\">\n\t\t\t\t\t\t<div class=\"elementor-element elementor-element-5yvsrke elementor-widget elementor-widget-text-editor\" data-id=\"5yvsrke\" data-element_type=\"widget\" data-widget_type=\"text-editor.default\">\n\t\t\t\t<div class=\"elementor-widget-container\">\n\t\t\t\t\t\t\t\t\t<ul><li>Mit\u00a0 172 Millionen Fans weltweit liegt Real Madrid auf Platz vier &#8211; hinter Barcelona, Manchester United und dem FC Bayern.<\/li><\/ul><ul><li>33 Prozent aller spanischen Fu\u00dfballfans dr\u00fccken Real Madrid die Daumen &#8211; das ist Platz eins in Spanien.<\/li><\/ul><ul><li>Real Madrid hat 107.564 Mitglieder.<\/li><\/ul><ul><li>92,7 Millionen Menschen sind Facebook-Fans von Real Madrid.<\/li><\/ul>\t\t\t\t\t\t\t\t<\/div>\n\t\t\t\t<\/div>\n\t\t\t\t\t<\/div>\n\t\t<\/div>\n\t\t\t\t\t<\/div>\n\t\t<\/section>\n\t\t\t\t<section class=\"elementor-section elementor-top-section elementor-element elementor-element-q3vnvxw elementor-section-boxed elementor-section-height-default elementor-section-height-default\" data-id=\"q3vnvxw\" data-element_type=\"section\">\n\t\t\t\t\t\t<div class=\"elementor-container elementor-column-gap-default\">\n\t\t\t\t\t<div class=\"elementor-column elementor-col-100 elementor-top-column elementor-element elementor-element-mt2z7dd\" data-id=\"mt2z7dd\" data-element_type=\"column\">\n\t\t\t<div class=\"elementor-widget-wrap elementor-element-populated\">\n\t\t\t\t\t\t<div class=\"elementor-element elementor-element-2xoe037 elementor-widget elementor-widget-text-editor\" data-id=\"2xoe037\" data-element_type=\"widget\" data-widget_type=\"text-editor.default\">\n\t\t\t\t<div class=\"elementor-widget-container\">\n\t\t\t\t\t\t\t\t\t<h2>Mein Tipp:<\/h2><p>Seit dem 0:2 im Champions-League Viertelfinal-Hinspiel beim VfL Wolfsburg ist Real Madrid seit wettbewerbs\u00fcbergreifend 32 Spielen ungeschlagen. Diese Serie h\u00e4lt auch im Camp Nou. Denn dort holt Madrid ein Unentschieden. Da beide Defensiven derzeit ein wenig schw\u00e4cheln, werden viele Tore fallen. Mein Tipp deshalb: <strong>2:2<\/strong><\/p>\t\t\t\t\t\t\t\t<\/div>\n\t\t\t\t<\/div>\n\t\t\t\t\t<\/div>\n\t\t<\/div>\n\t\t\t\t\t<\/div>\n\t\t<\/section>\n\t\t\t\t<section class=\"elementor-section elementor-top-section elementor-element elementor-element-qcf41n0 elementor-section-boxed elementor-section-height-default elementor-section-height-default\" data-id=\"qcf41n0\" data-element_type=\"section\">\n\t\t\t\t\t\t<div class=\"elementor-container elementor-column-gap-default\">\n\t\t\t\t\t<div class=\"elementor-column elementor-col-100 elementor-top-column elementor-element elementor-element-i7rp5hx\" data-id=\"i7rp5hx\" data-element_type=\"column\">\n\t\t\t<div class=\"elementor-widget-wrap\">\n\t\t\t\t\t\t\t<\/div>\n\t\t<\/div>\n\t\t\t\t\t<\/div>\n\t\t<\/section>\n\t\t\t\t<section class=\"elementor-section elementor-top-section elementor-element elementor-element-wolwti8 elementor-section-boxed elementor-section-height-default elementor-section-height-default\" data-id=\"wolwti8\" data-element_type=\"section\">\n\t\t\t\t\t\t<div class=\"elementor-container elementor-column-gap-default\">\n\t\t\t\t\t<div class=\"elementor-column elementor-col-100 elementor-top-column elementor-element elementor-element-4t3ad4b\" data-id=\"4t3ad4b\" data-element_type=\"column\">\n\t\t\t<div class=\"elementor-widget-wrap\">\n\t\t\t\t\t\t\t<\/div>\n\t\t<\/div>\n\t\t\t\t\t<\/div>\n\t\t<\/section>\n\t\t\t\t<\/div>\n\t\t","protected":false},"excerpt":{"rendered":"<p>Spieltermin: FC Barcelona &#8211; Real Madrid Primera Division | Sa., 3. Dezember 2016 | Ansto\u00df: 16:15 Uhr Aktuelle Form: Die Ergebnisse in den letzten Liga-Spielen sprechen f\u00fcr die K\u00f6niglichen aus Madrid: In den vergangenen sechs Partien holten Cristiano Ronaldo &amp; Co. sechs Siege. Gerade das 3:0 bei Lokalrivale Atl\u00e9tico mit drei Ronaldo-Toren war beeindruckend. Beim [&hellip;]<\/p>\n","protected":false},"author":20,"featured_media":3446,"comment_status":"closed","ping_status":"closed","sticky":false,"template":"","format":"standard","meta":{"_acf_changed":false,"footnotes":""},"categories":[238],"tags":[297,295,209,296,239,261],"class_list":["post-3151","post","type-post","status-publish","format-standard","has-post-thumbnail","hentry","category-la-liga","tag-cristiano-ronaldo","tag-el-clasico","tag-fc-barcelona","tag-lionel-messi","tag-primera-division","tag-real-madrid"],"acf":[],"yoast_head":"<!-- This site is optimized with the Yoast SEO plugin v26.0 - https:\/\/yoast.com\/wordpress\/plugins\/seo\/ -->\n<title>El Cl\u00e1sico 233: Der kriselnde FC Barcelona erwartet Spitzenreiter Real - ODDSET<\/title>\n<meta name=\"description\" content=\"Alle ODDSET Wetten und Quoten + Statistiken, Historie, H2H und Infografik zum 233. El Clasico FC Barcelona - Real Madrid. Jetzt wetten &gt;&gt;\" \/>\n<meta name=\"robots\" content=\"index, follow, max-snippet:-1, max-image-preview:large, max-video-preview:-1\" \/>\n<link rel=\"canonical\" href=\"https:\/\/www.oddset.de\/blog\/fussball\/la-liga\/el-clasico-233-fc-barcelona-real-madrid-wettvorschau-historie\/\" \/>\n<meta property=\"og:locale\" content=\"de_DE\" \/>\n<meta property=\"og:type\" content=\"article\" \/>\n<meta property=\"og:title\" content=\"El Cl\u00e1sico 233: Der kriselnde FC Barcelona erwartet Spitzenreiter Real - ODDSET\" \/>\n<meta property=\"og:description\" content=\"Alle ODDSET Wetten und Quoten + Statistiken, Historie, H2H und Infografik zum 233. El Clasico FC Barcelona - Real Madrid. Jetzt wetten &gt;&gt;\" \/>\n<meta property=\"og:url\" content=\"https:\/\/www.oddset.de\/blog\/fussball\/la-liga\/el-clasico-233-fc-barcelona-real-madrid-wettvorschau-historie\/\" \/>\n<meta property=\"og:site_name\" content=\"ODDSET FANZONE\" \/>\n<meta property=\"article:publisher\" content=\"https:\/\/www.facebook.com\/ODDSETwetten\/\" \/>\n<meta property=\"article:published_time\" content=\"2016-12-02T08:23:58+00:00\" \/>\n<meta property=\"article:modified_time\" content=\"2023-09-28T13:14:01+00:00\" \/>\n<meta property=\"og:image\" content=\"https:\/\/www.oddset.de\/blog\/wp-content\/uploads\/2016\/11\/el-clasico-233-fc-barcelona-real-madird-oddset-infografik.jpg\" \/>\n\t<meta property=\"og:image:width\" content=\"1024\" \/>\n\t<meta property=\"og:image:height\" content=\"640\" \/>\n\t<meta property=\"og:image:type\" content=\"image\/jpeg\" \/>\n<meta name=\"author\" content=\"Manuel Minsheim\" \/>\n<meta name=\"twitter:card\" content=\"summary_large_image\" \/>\n<meta name=\"twitter:creator\" content=\"@ODDSETsport\" \/>\n<meta name=\"twitter:site\" content=\"@ODDSETsport\" \/>\n<meta name=\"twitter:label1\" content=\"Verfasst von\" \/>\n\t<meta name=\"twitter:data1\" content=\"Manuel Minsheim\" \/>\n\t<meta name=\"twitter:label2\" content=\"Gesch\u00e4tzte Lesezeit\" \/>\n\t<meta name=\"twitter:data2\" content=\"9\u00a0Minuten\" \/>\n<!-- \/ Yoast SEO plugin. -->","yoast_head_json":{"title":"El Cl\u00e1sico 233: Der kriselnde FC Barcelona erwartet Spitzenreiter Real - ODDSET","description":"Alle ODDSET Wetten und Quoten + Statistiken, Historie, H2H und Infografik zum 233. El Clasico FC Barcelona - Real Madrid. Jetzt wetten >>","robots":{"index":"index","follow":"follow","max-snippet":"max-snippet:-1","max-image-preview":"max-image-preview:large","max-video-preview":"max-video-preview:-1"},"canonical":"https:\/\/www.oddset.de\/blog\/fussball\/la-liga\/el-clasico-233-fc-barcelona-real-madrid-wettvorschau-historie\/","og_locale":"de_DE","og_type":"article","og_title":"El Cl\u00e1sico 233: Der kriselnde FC Barcelona erwartet Spitzenreiter Real - ODDSET","og_description":"Alle ODDSET Wetten und Quoten + Statistiken, Historie, H2H und Infografik zum 233. El Clasico FC Barcelona - Real Madrid. Jetzt wetten >>","og_url":"https:\/\/www.oddset.de\/blog\/fussball\/la-liga\/el-clasico-233-fc-barcelona-real-madrid-wettvorschau-historie\/","og_site_name":"ODDSET FANZONE","article_publisher":"https:\/\/www.facebook.com\/ODDSETwetten\/","article_published_time":"2016-12-02T08:23:58+00:00","article_modified_time":"2023-09-28T13:14:01+00:00","og_image":[{"width":1024,"height":640,"url":"https:\/\/www.oddset.de\/blog\/wp-content\/uploads\/2016\/11\/el-clasico-233-fc-barcelona-real-madird-oddset-infografik.jpg","type":"image\/jpeg"}],"author":"Manuel Minsheim","twitter_card":"summary_large_image","twitter_creator":"@ODDSETsport","twitter_site":"@ODDSETsport","twitter_misc":{"Verfasst von":"Manuel Minsheim","Gesch\u00e4tzte Lesezeit":"9\u00a0Minuten"},"schema":{"@context":"https:\/\/schema.org","@graph":[{"@type":"Article","@id":"https:\/\/www.oddset.de\/blog\/fussball\/la-liga\/el-clasico-233-fc-barcelona-real-madrid-wettvorschau-historie\/#article","isPartOf":{"@id":"https:\/\/www.oddset.de\/blog\/fussball\/la-liga\/el-clasico-233-fc-barcelona-real-madrid-wettvorschau-historie\/"},"author":{"name":"Manuel Minsheim","@id":"https:\/\/www.oddset.de\/blog\/#\/schema\/person\/3fa61f387f9775dacf40b2a02c649d6f"},"headline":"El Cl\u00e1sico 233: Der kriselnde FC Barcelona erwartet Spitzenreiter Real","datePublished":"2016-12-02T08:23:58+00:00","dateModified":"2023-09-28T13:14:01+00:00","mainEntityOfPage":{"@id":"https:\/\/www.oddset.de\/blog\/fussball\/la-liga\/el-clasico-233-fc-barcelona-real-madrid-wettvorschau-historie\/"},"wordCount":1864,"publisher":{"@id":"https:\/\/www.oddset.de\/blog\/#organization"},"image":{"@id":"https:\/\/www.oddset.de\/blog\/fussball\/la-liga\/el-clasico-233-fc-barcelona-real-madrid-wettvorschau-historie\/#primaryimage"},"thumbnailUrl":"https:\/\/www.oddset.de\/blog\/wp-content\/uploads\/2016\/11\/el-clasico-233-fc-barcelona-real-madird-oddset-infografik.jpg","keywords":["Cristiano Ronaldo","El Cl\u00e1sico","FC Barcelona","Lionel Messi","Primera Divisi\u00f3n","Real Madrid"],"articleSection":["La Liga"],"inLanguage":"de"},{"@type":"WebPage","@id":"https:\/\/www.oddset.de\/blog\/fussball\/la-liga\/el-clasico-233-fc-barcelona-real-madrid-wettvorschau-historie\/","url":"https:\/\/www.oddset.de\/blog\/fussball\/la-liga\/el-clasico-233-fc-barcelona-real-madrid-wettvorschau-historie\/","name":"El Cl\u00e1sico 233: Der kriselnde FC Barcelona erwartet Spitzenreiter Real - ODDSET","isPartOf":{"@id":"https:\/\/www.oddset.de\/blog\/#website"},"primaryImageOfPage":{"@id":"https:\/\/www.oddset.de\/blog\/fussball\/la-liga\/el-clasico-233-fc-barcelona-real-madrid-wettvorschau-historie\/#primaryimage"},"image":{"@id":"https:\/\/www.oddset.de\/blog\/fussball\/la-liga\/el-clasico-233-fc-barcelona-real-madrid-wettvorschau-historie\/#primaryimage"},"thumbnailUrl":"https:\/\/www.oddset.de\/blog\/wp-content\/uploads\/2016\/11\/el-clasico-233-fc-barcelona-real-madird-oddset-infografik.jpg","datePublished":"2016-12-02T08:23:58+00:00","dateModified":"2023-09-28T13:14:01+00:00","description":"Alle ODDSET Wetten und Quoten + Statistiken, Historie, H2H und Infografik zum 233. El Clasico FC Barcelona - Real Madrid. Jetzt wetten >>","breadcrumb":{"@id":"https:\/\/www.oddset.de\/blog\/fussball\/la-liga\/el-clasico-233-fc-barcelona-real-madrid-wettvorschau-historie\/#breadcrumb"},"inLanguage":"de","potentialAction":[{"@type":"ReadAction","target":["https:\/\/www.oddset.de\/blog\/fussball\/la-liga\/el-clasico-233-fc-barcelona-real-madrid-wettvorschau-historie\/"]}]},{"@type":"ImageObject","inLanguage":"de","@id":"https:\/\/www.oddset.de\/blog\/fussball\/la-liga\/el-clasico-233-fc-barcelona-real-madrid-wettvorschau-historie\/#primaryimage","url":"https:\/\/www.oddset.de\/blog\/wp-content\/uploads\/2016\/11\/el-clasico-233-fc-barcelona-real-madird-oddset-infografik.jpg","contentUrl":"https:\/\/www.oddset.de\/blog\/wp-content\/uploads\/2016\/11\/el-clasico-233-fc-barcelona-real-madird-oddset-infografik.jpg","width":1024,"height":640,"caption":"232 mal FC Barcelona - Real Madrid. Der El Cl\u00e1sico in Zahlen: Bilanz | Rekord-Torj\u00e4ger | H\u00f6chste Siege | Platzverweise. ODDSET Infografik"},{"@type":"BreadcrumbList","@id":"https:\/\/www.oddset.de\/blog\/fussball\/la-liga\/el-clasico-233-fc-barcelona-real-madrid-wettvorschau-historie\/#breadcrumb","itemListElement":[{"@type":"ListItem","position":1,"name":"Startseite","item":"https:\/\/www.oddset.de\/blog\/"},{"@type":"ListItem","position":2,"name":"El Cl\u00e1sico 233: Der kriselnde FC Barcelona erwartet Spitzenreiter Real"}]},{"@type":"WebSite","@id":"https:\/\/www.oddset.de\/blog\/#website","url":"https:\/\/www.oddset.de\/blog\/","name":"ODDSET FANZONE","description":"Der Fu\u00dfball &amp; Sportwetten Blog","publisher":{"@id":"https:\/\/www.oddset.de\/blog\/#organization"},"potentialAction":[{"@type":"SearchAction","target":{"@type":"EntryPoint","urlTemplate":"https:\/\/www.oddset.de\/blog\/?s={search_term_string}"},"query-input":{"@type":"PropertyValueSpecification","valueRequired":true,"valueName":"search_term_string"}}],"inLanguage":"de"},{"@type":"Organization","@id":"https:\/\/www.oddset.de\/blog\/#organization","name":"ODDSET FANZONE","url":"https:\/\/www.oddset.de\/blog\/","logo":{"@type":"ImageObject","inLanguage":"de","@id":"https:\/\/www.oddset.de\/blog\/#\/schema\/logo\/image\/","url":"https:\/\/www.oddset.de\/blog\/wp-content\/uploads\/2020\/05\/tb_logo.png","contentUrl":"https:\/\/www.oddset.de\/blog\/wp-content\/uploads\/2020\/05\/tb_logo.png","width":1171,"height":400,"caption":"ODDSET FANZONE"},"image":{"@id":"https:\/\/www.oddset.de\/blog\/#\/schema\/logo\/image\/"},"sameAs":["https:\/\/www.facebook.com\/ODDSETwetten\/","https:\/\/x.com\/ODDSETsport","https:\/\/www.youtube.com\/channel\/UC_vWGAocu28RqdyhzCPf9ZQ"]},{"@type":"Person","@id":"https:\/\/www.oddset.de\/blog\/#\/schema\/person\/3fa61f387f9775dacf40b2a02c649d6f","name":"Manuel Minsheim","image":{"@type":"ImageObject","inLanguage":"de","@id":"https:\/\/www.oddset.de\/blog\/#\/schema\/person\/image\/","url":"https:\/\/www.oddset.de\/blog\/wp-content\/uploads\/2021\/04\/imago0001177047h-150x150.jpg","contentUrl":"https:\/\/www.oddset.de\/blog\/wp-content\/uploads\/2021\/04\/imago0001177047h-150x150.jpg","caption":"Manuel Minsheim"},"description":"Ich war als Kind gl\u00fchender Fan von Lothar Matth\u00e4us. Auf mein knielanges Bayerntrikot lie\u00df ich damals meine Mutter eine Acht draufn\u00e4hen. Von Beflocken hatte ich noch nichts geh\u00f6rt. Als Puma den Schuh des damaligen Bayern-Spielers auch f\u00fcr Kindergr\u00f6\u00dfen verkaufte, musste er sofort her. Da war es egal, dass die restlichen E-Jugend-Mannschaftskollegen weiter mit Adidas-Tretern aufliefen. Als Matth\u00e4us ab den 1990er Jahren immer \u00f6fter mit seinen Frauen-Geschichten als mit seinen Leistungen als Spieler und Trainer auffiel, erkaltete die Liebe zum bisher einzigen deutschen Weltfu\u00dfballer. Mittlerweile finde ich aber, dass Matth\u00e4us als Fernseh-Experte eine passable Rolle spielt. Noch heute kicke ich selbst gerne gegen den Ball, bin aber weiter vorne als Lothar Matth\u00e4us zu finden.","url":"https:\/\/www.oddset.de\/blog\/blogger\/manuel-minsheim\/"}]}},"amp_enabled":true,"_links":{"self":[{"href":"https:\/\/www.oddset.de\/blog\/wp-json\/wp\/v2\/posts\/3151","targetHints":{"allow":["GET"]}}],"collection":[{"href":"https:\/\/www.oddset.de\/blog\/wp-json\/wp\/v2\/posts"}],"about":[{"href":"https:\/\/www.oddset.de\/blog\/wp-json\/wp\/v2\/types\/post"}],"author":[{"embeddable":true,"href":"https:\/\/www.oddset.de\/blog\/wp-json\/wp\/v2\/users\/20"}],"replies":[{"embeddable":true,"href":"https:\/\/www.oddset.de\/blog\/wp-json\/wp\/v2\/comments?post=3151"}],"version-history":[{"count":89,"href":"https:\/\/www.oddset.de\/blog\/wp-json\/wp\/v2\/posts\/3151\/revisions"}],"predecessor-version":[{"id":80045,"href":"https:\/\/www.oddset.de\/blog\/wp-json\/wp\/v2\/posts\/3151\/revisions\/80045"}],"wp:featuredmedia":[{"embeddable":true,"href":"https:\/\/www.oddset.de\/blog\/wp-json\/wp\/v2\/media\/3446"}],"wp:attachment":[{"href":"https:\/\/www.oddset.de\/blog\/wp-json\/wp\/v2\/media?parent=3151"}],"wp:term":[{"taxonomy":"category","embeddable":true,"href":"https:\/\/www.oddset.de\/blog\/wp-json\/wp\/v2\/categories?post=3151"},{"taxonomy":"post_tag","embeddable":true,"href":"https:\/\/www.oddset.de\/blog\/wp-json\/wp\/v2\/tags?post=3151"}],"curies":[{"name":"wp","href":"https:\/\/api.w.org\/{rel}","templated":true}]}}