{"id":287,"date":"2016-09-02T13:39:15","date_gmt":"2016-09-02T11:39:15","guid":{"rendered":"http:\/\/fanzone.oddset.de\/?p=287"},"modified":"2016-10-21T11:03:02","modified_gmt":"2016-10-21T09:03:02","slug":"em-geschichte-der-deutschen-nationalmannschaft","status":"publish","type":"post","link":"https:\/\/www.oddset.de\/blog\/fussball\/dfb-team\/em-geschichte-der-deutschen-nationalmannschaft\/","title":{"rendered":"EM-Geschichte der deutschen Nationalmannschaft"},"content":{"rendered":"\t\t<div data-elementor-type=\"wp-post\" data-elementor-id=\"287\" class=\"elementor elementor-287 elementor-bc-flex-widget\">\n\t\t\t\t\t\t<section class=\"elementor-section elementor-top-section elementor-element elementor-element-862cjw9 elementor-section-boxed elementor-section-height-default elementor-section-height-default\" data-id=\"862cjw9\" data-element_type=\"section\">\n\t\t\t\t\t\t<div class=\"elementor-container elementor-column-gap-default\">\n\t\t\t\t\t<div class=\"elementor-column elementor-col-100 elementor-top-column elementor-element elementor-element-3arc7bm\" data-id=\"3arc7bm\" data-element_type=\"column\">\n\t\t\t<div class=\"elementor-widget-wrap elementor-element-populated\">\n\t\t\t\t\t\t<div class=\"elementor-element elementor-element-fj8a6iz elementor-widget elementor-widget-text-editor\" data-id=\"fj8a6iz\" data-element_type=\"widget\" data-widget_type=\"text-editor.default\">\n\t\t\t\t<div class=\"elementor-widget-container\">\n\t\t\t\t\t\t\t\t\t<h2 id=\"aui_3_2_0_1370\">EM 1960 bis 1968: \u201eDie Schmach von Tirana&#8220;<\/h2><h3>Platzierung<\/h3><p style=\"padding-left: 30px;\">1960: keine Teilnahme (Europa-Nationenpokal in Frankreich)<br \/> 1964: keine Teilnahme (Europa-Nationenpokal in Spanien)<br \/> 1968: Scheitern in der Qualifikation (Erste offizielle Europameisterschaft in Italien)<\/p><h3>1960<\/h3><p style=\"padding-left: 30px;\">1960 fand erstmals ein \u201eEuropapokal der L\u00e4nder&#8220; statt. Doch arrivierte Nationen wie Deutschland oder England nahmen nicht teil. Bundestrainer Helmut Sch\u00f6n bezeichnete das Turnier als \u201eZeitverschwendung&#8220;. Die Endrunde der besten vier von 17 gestarteten Teams fand in Frankreich statt. Im Finale in Paris siegte die Sowjetunion \u00fcber Jugoslawien nach Verl\u00e4ngerung mit 2:1.<\/p><h3>1964<\/h3><p style=\"padding-left: 30px;\">Auch 1964 verzichtete Deutschland auf eine Teilnahme. Dieses Mal richtete Spanien die Endrunde aus, die in Barcelona und Madrid ausgespielt wurde. Im Finale entthronten die Gastgeber die Sowjetunion im Estadio Santiago Bernab\u00e9u mit 2:0. Es war der erste von bisher drei Europameistertiteln f\u00fcr Spanien.<\/p><h3>EM 1968<\/h3><p style=\"padding-left: 30px;\">1966 erkl\u00e4rte die UEFA den bisherigen Nationenpokal offiziell zur Europameisterschaft. Jetzt wollte auch Deutschland mitmachen. In der Qualifikation f\u00fcr die Endrunde in Italien traf das Sch\u00f6n-Team auf Jugoslawien und Albanien. Im letzten Spiel brauchte die deutsche Mannschaft in Tirana einen Sieg, um es ins Viertelfinale zu schaffen. Doch G\u00fcnter Netzer, Wolfgang Overath &#038; Co. gelang in 90 Minuten kein Tor. Deutschland schied nach dem 0:0 aus \u2013 bis heute das erste und einzige Scheitern einer deutschen Fu\u00dfballnationalmannschaft in der Qualifikation f\u00fcr eine EM oder WM.<\/p>\t\t\t\t\t\t\t\t<\/div>\n\t\t\t\t<\/div>\n\t\t\t\t\t<\/div>\n\t\t<\/div>\n\t\t\t\t\t<\/div>\n\t\t<\/section>\n\t\t\t\t<section class=\"elementor-section elementor-top-section elementor-element elementor-element-92lmhbi elementor-section-boxed elementor-section-height-default elementor-section-height-default\" data-id=\"92lmhbi\" data-element_type=\"section\">\n\t\t\t\t\t\t<div class=\"elementor-container elementor-column-gap-default\">\n\t\t\t\t\t<div class=\"elementor-column elementor-col-100 elementor-top-column elementor-element elementor-element-e4hylu8\" data-id=\"e4hylu8\" data-element_type=\"column\">\n\t\t\t<div class=\"elementor-widget-wrap elementor-element-populated\">\n\t\t\t\t\t\t<div class=\"elementor-element elementor-element-5pkqo28 elementor-widget elementor-widget-heading\" data-id=\"5pkqo28\" data-element_type=\"widget\" data-widget_type=\"heading.default\">\n\t\t\t\t<div class=\"elementor-widget-container\">\n\t\t\t\t\t<h2 class=\"elementor-heading-title elementor-size-large\">EM 1972: \u201eBeste deutsche Mannschaft aller Zeiten\"<\/h2>\t\t\t\t<\/div>\n\t\t\t\t<\/div>\n\t\t\t\t<div class=\"elementor-element elementor-element-dtie2iu elementor-widget elementor-widget-image\" data-id=\"dtie2iu\" data-element_type=\"widget\" data-widget_type=\"image.default\">\n\t\t\t\t<div class=\"elementor-widget-container\">\n\t\t\t\t\t\t\t\t\t\t\t\t<figure class=\"wp-caption\">\n\t\t\t\t\t\t\t\t\t\t<img fetchpriority=\"high\" decoding=\"async\" width=\"560\" height=\"315\" src=\"https:\/\/www.oddset.de\/blog\/wp-content\/uploads\/2016\/08\/image_gallery-1.jpg\" class=\"attachment-full size-full wp-image-289\" alt=\"EM 1972: Deutschland gegen die UdSSR mit Gerd M\u00fcller\" srcset=\"https:\/\/www.oddset.de\/blog\/wp-content\/uploads\/2016\/08\/image_gallery-1.jpg 560w, https:\/\/www.oddset.de\/blog\/wp-content\/uploads\/2016\/08\/image_gallery-1-300x169.jpg 300w\" sizes=\"(max-width: 560px) 100vw, 560px\" \/>\t\t\t\t\t\t\t\t\t\t\t<figcaption class=\"widget-image-caption wp-caption-text\">Deutschland gewinnt im Finale gegen die UdSSR 3:0 (1:0). Gerd M\u00fcller netzt 2x und Herbert Wimmer 1x.<\/figcaption>\n\t\t\t\t\t\t\t\t\t\t<\/figure>\n\t\t\t\t\t\t\t\t\t<\/div>\n\t\t\t\t<\/div>\n\t\t\t\t\t<\/div>\n\t\t<\/div>\n\t\t\t\t\t<\/div>\n\t\t<\/section>\n\t\t\t\t<section class=\"elementor-section elementor-top-section elementor-element elementor-element-lwicltb elementor-section-boxed elementor-section-height-default elementor-section-height-default\" data-id=\"lwicltb\" data-element_type=\"section\">\n\t\t\t\t\t\t<div class=\"elementor-container elementor-column-gap-default\">\n\t\t\t\t\t<div class=\"elementor-column elementor-col-100 elementor-top-column elementor-element elementor-element-ysotfsr\" data-id=\"ysotfsr\" data-element_type=\"column\">\n\t\t\t<div class=\"elementor-widget-wrap elementor-element-populated\">\n\t\t\t\t\t\t<div class=\"elementor-element elementor-element-bnupuki elementor-widget elementor-widget-text-editor\" data-id=\"bnupuki\" data-element_type=\"widget\" data-widget_type=\"text-editor.default\">\n\t\t\t\t<div class=\"elementor-widget-container\">\n\t\t\t\t\t\t\t\t\t<h3>Platzierung:<\/h3><p style=\"padding-left: 30px;\">Europameister<\/p><h3>Qualifikation:<\/h3><p style=\"padding-left: 30px;\">Mit vier Siegen und zwei Unentschieden setzte sich Deutschland, das von Helmut Sch\u00f6n trainiert wurde, souver\u00e4n in seiner Qualigruppe gegen Polen, die T\u00fcrkei und Albanien durch. Im Viertelfinale kam es zum Aufeinandertreffen mit England. Im Hinspiel siegte Deutschland spektakul\u00e4r mit 3:1 in London \u2013 die \u201eWembley-Elf&#8220; war geboren. Die Mannschaft um Franz Beckenbauer, G\u00fcnter Netzer und Geld M\u00fcller gilt noch heute als bestes DFB-Team aller Zeiten. Im R\u00fcckspiel in Berlin reichte ein 0:0 f\u00fcr den Einzug in die Endrunde.<\/p><h3>Endrunde:<\/h3><p style=\"padding-left: 30px;\">Im Halbfinale traf Deutschland in Antwerpen auf Gastgeber Belgien, das durch zwei Tore von Gerd M\u00fcller mit 2:1 besiegt werden konnte. Im Finale traf das favorisierte DFB-Team auf die Sowjetunion in Br\u00fcssel. Durch erneut zwei Treffer von M\u00fcller sowie einem Tor von Gladbachs Herbert \u201eHacki&#8220; Wimmer gewann Deutschland souver\u00e4n mit 3:0. Der Traum vom ersten Europameistertitel hatte sich endlich erf\u00fcllt \u2013 18 Jahre nach dem Triumph bei der Fu\u00dfball-WM 1954.<\/p><h3>Der Trainer:<\/h3><p style=\"padding-left: 30px;\">Helmut Sch\u00f6n<\/p><h3>Die Mannschaft:<\/h3>\t\t\t\t\t\t\t\t<\/div>\n\t\t\t\t<\/div>\n\t\t\t\t\t<\/div>\n\t\t<\/div>\n\t\t\t\t\t<\/div>\n\t\t<\/section>\n\t\t\t\t<section class=\"elementor-section elementor-top-section elementor-element elementor-element-a87f6dw elementor-section-boxed elementor-section-height-default elementor-section-height-default\" data-id=\"a87f6dw\" data-element_type=\"section\">\n\t\t\t\t\t\t<div class=\"elementor-container elementor-column-gap-default\">\n\t\t\t\t\t<div class=\"elementor-column elementor-col-50 elementor-top-column elementor-element elementor-element-24ebtit\" data-id=\"24ebtit\" data-element_type=\"column\">\n\t\t\t<div class=\"elementor-widget-wrap elementor-element-populated\">\n\t\t\t\t\t\t<div class=\"elementor-element elementor-element-phasf98 elementor-widget elementor-widget-text-editor\" data-id=\"phasf98\" data-element_type=\"widget\" data-widget_type=\"text-editor.default\">\n\t\t\t\t<div class=\"elementor-widget-container\">\n\t\t\t\t\t\t\t\t\t<h4>Torh\u00fcter<\/h4><p>Sepp Maier<\/p><p>Wolfgang Kleff<\/p>\t\t\t\t\t\t\t\t<\/div>\n\t\t\t\t<\/div>\n\t\t\t\t<div class=\"elementor-element elementor-element-ubzbv3k elementor-widget elementor-widget-text-editor\" data-id=\"ubzbv3k\" data-element_type=\"widget\" data-widget_type=\"text-editor.default\">\n\t\t\t\t<div class=\"elementor-widget-container\">\n\t\t\t\t\t\t\t\t\t<h4>Abwehr<\/h4><p>Franz Beckenbauer<\/p><p>Michael Bella<\/p><p>Rainer Bonhof<\/p><p>Horst-Dieter H\u00f6ttges<\/p><p>Georg Schwarzenbeck<\/p><p>Berti Vogs<\/p>\t\t\t\t\t\t\t\t<\/div>\n\t\t\t\t<\/div>\n\t\t\t\t\t<\/div>\n\t\t<\/div>\n\t\t\t\t<div class=\"elementor-column elementor-col-50 elementor-top-column elementor-element elementor-element-ohfz2ll\" data-id=\"ohfz2ll\" data-element_type=\"column\">\n\t\t\t<div class=\"elementor-widget-wrap elementor-element-populated\">\n\t\t\t\t\t\t<div class=\"elementor-element elementor-element-7ywwem5 elementor-widget elementor-widget-text-editor\" data-id=\"7ywwem5\" data-element_type=\"widget\" data-widget_type=\"text-editor.default\">\n\t\t\t\t<div class=\"elementor-widget-container\">\n\t\t\t\t\t\t\t\t\t<h4>Mittelfeld<\/h4><p>Paul Breitner<\/p><p>Uli Hoene\u00df<\/p><p>Horst K\u00f6ppel<\/p><p>G\u00fcnter Netzer<\/p>\t\t\t\t\t\t\t\t<\/div>\n\t\t\t\t<\/div>\n\t\t\t\t<div class=\"elementor-element elementor-element-leozm5t elementor-widget elementor-widget-text-editor\" data-id=\"leozm5t\" data-element_type=\"widget\" data-widget_type=\"text-editor.default\">\n\t\t\t\t<div class=\"elementor-widget-container\">\n\t\t\t\t\t\t\t\t\t<h4>Sturm<\/h4><p>J\u00fcrgen Grabowski<\/p><p>Sigfried Held<\/p><p>Jupp Heynckes<\/p><p>Erwin Kremers<\/p><p>Hannes L\u00f6hr<\/p><p>Gerd M\u00fcller<\/p><p>Herbert Wimmer<\/p>\t\t\t\t\t\t\t\t<\/div>\n\t\t\t\t<\/div>\n\t\t\t\t\t<\/div>\n\t\t<\/div>\n\t\t\t\t\t<\/div>\n\t\t<\/section>\n\t\t\t\t<section class=\"elementor-section elementor-top-section elementor-element elementor-element-xlrl0g3 elementor-section-boxed elementor-section-height-default elementor-section-height-default\" data-id=\"xlrl0g3\" data-element_type=\"section\">\n\t\t\t\t\t\t<div class=\"elementor-container elementor-column-gap-default\">\n\t\t\t\t\t<div class=\"elementor-column elementor-col-100 elementor-top-column elementor-element elementor-element-kmi5i8y\" data-id=\"kmi5i8y\" data-element_type=\"column\">\n\t\t\t<div class=\"elementor-widget-wrap elementor-element-populated\">\n\t\t\t\t\t\t<div class=\"elementor-element elementor-element-eeugg0n elementor-widget elementor-widget-heading\" data-id=\"eeugg0n\" data-element_type=\"widget\" data-widget_type=\"heading.default\">\n\t\t\t\t<div class=\"elementor-widget-container\">\n\t\t\t\t\t<h2 class=\"elementor-heading-title elementor-size-large\">EM 1976: \u201eDie verh\u00e4ngnisvolle Nacht von Belgrad\"<\/h2>\t\t\t\t<\/div>\n\t\t\t\t<\/div>\n\t\t\t\t<div class=\"elementor-element elementor-element-qx9vgtn elementor-widget elementor-widget-image\" data-id=\"qx9vgtn\" data-element_type=\"widget\" data-widget_type=\"image.default\">\n\t\t\t\t<div class=\"elementor-widget-container\">\n\t\t\t\t\t\t\t\t\t\t\t\t<figure class=\"wp-caption\">\n\t\t\t\t\t\t\t\t\t\t<img decoding=\"async\" width=\"560\" height=\"315\" src=\"https:\/\/www.oddset.de\/blog\/wp-content\/uploads\/2016\/09\/EM-1976-Uli-Hoene\u00df-schiesst-seinen-Elfmeter-in-den-Belgrader-Nachthimmel.jpg\" class=\"attachment-full size-full wp-image-848\" alt=\"EM 1976 - Uli Hoene\u00df schiesst seinen Elfmeter in den Belgrader Nachthimmel\" srcset=\"https:\/\/www.oddset.de\/blog\/wp-content\/uploads\/2016\/09\/EM-1976-Uli-Hoene\u00df-schiesst-seinen-Elfmeter-in-den-Belgrader-Nachthimmel.jpg 560w, https:\/\/www.oddset.de\/blog\/wp-content\/uploads\/2016\/09\/EM-1976-Uli-Hoene\u00df-schiesst-seinen-Elfmeter-in-den-Belgrader-Nachthimmel-300x169.jpg 300w\" sizes=\"(max-width: 560px) 100vw, 560px\" \/>\t\t\t\t\t\t\t\t\t\t\t<figcaption class=\"widget-image-caption wp-caption-text\">Deutschland im Finale gegen die Tschechoslowakei. Uli Hoene\u00df schiesst seinen Elfmeter in den Belgrader Nachthimmel.<\/figcaption>\n\t\t\t\t\t\t\t\t\t\t<\/figure>\n\t\t\t\t\t\t\t\t\t<\/div>\n\t\t\t\t<\/div>\n\t\t\t\t\t<\/div>\n\t\t<\/div>\n\t\t\t\t\t<\/div>\n\t\t<\/section>\n\t\t\t\t<section class=\"elementor-section elementor-top-section elementor-element elementor-element-lcppvmz elementor-section-boxed elementor-section-height-default elementor-section-height-default\" data-id=\"lcppvmz\" data-element_type=\"section\">\n\t\t\t\t\t\t<div class=\"elementor-container elementor-column-gap-default\">\n\t\t\t\t\t<div class=\"elementor-column elementor-col-100 elementor-top-column elementor-element elementor-element-ihb1k3d\" data-id=\"ihb1k3d\" data-element_type=\"column\">\n\t\t\t<div class=\"elementor-widget-wrap elementor-element-populated\">\n\t\t\t\t\t\t<div class=\"elementor-element elementor-element-cmzb2e3 elementor-widget elementor-widget-text-editor\" data-id=\"cmzb2e3\" data-element_type=\"widget\" data-widget_type=\"text-editor.default\">\n\t\t\t\t<div class=\"elementor-widget-container\">\n\t\t\t\t\t\t\t\t\t<h3>Platzierung:<\/h3><p style=\"padding-left: 30px;\">Zweiter<\/p><h3>Qualifikation:<\/h3><p style=\"padding-left: 30px;\">Weltmeister Deutschland startete m\u00fchsam mit einem knappen Sieg gegen Malta (1:0) und insgesamt drei Unentschieden gegen Griechenland und Bulgarien. Die R\u00fcckspiele gegen die Bulgaren (1:0) und Malteser (8:0) gewann die Elf von Bundestrainer Helmut Sch\u00f6n jedoch und qualifizierte sich f\u00fcrs Viertelfinale gegen Spanien. Nach einem 1:1 in Madrid siegte man in M\u00fcnchen mit 2:0 und qualifizierte sich f\u00fcr die Endrunde in Jugoslawien.<\/p><h3>Endrunde:<\/h3><p style=\"padding-left: 30px;\">Nach einem 0:2-R\u00fcckstand gegen Gastgeber Jugoslawien wechselte Trainer Sch\u00f6n Dieter M\u00fcller ein. Der K\u00f6lner erzielte insgesamt drei Treffer und sorgte ma\u00dfgeblich daf\u00fcr, dass Deutschland 4:2 nach Verl\u00e4ngerung gewann.<\/p><p style=\"padding-left: 30px;\">Im Finale gegen die Tschechoslowakei geriet der amtierende Welt- und Europameister erneut in der ersten Halbzeit mit 0:2 ins Hintertreffen. Nach dem Anschluss durch Dieter M\u00fcller (28.) gelang Bernd H\u00f6lzenbein in der 90. Minute noch der Ausgleich. Nach einer torlosen Verl\u00e4ngerung musste erstmals bei einem gro\u00dfen internationalen Turnier ein Elfmeterschie\u00dfen entscheiden. Dort schoss Uli Hoene\u00df seinen Elfmeter in den Belgrader Nachthimmel, w\u00e4hrend der Tscheche Antonin Panenka den letzten Elfmeter souver\u00e4n in die Tormitte lupfte.<\/p><h3>Der Trainer:<\/h3><p style=\"padding-left: 30px;\">Helmut Sch\u00f6n<\/p><h3>Die Mannschaft:<\/h3>\t\t\t\t\t\t\t\t<\/div>\n\t\t\t\t<\/div>\n\t\t\t\t\t<\/div>\n\t\t<\/div>\n\t\t\t\t\t<\/div>\n\t\t<\/section>\n\t\t\t\t<section class=\"elementor-section elementor-top-section elementor-element elementor-element-cr53v3t elementor-section-boxed elementor-section-height-default elementor-section-height-default\" data-id=\"cr53v3t\" data-element_type=\"section\">\n\t\t\t\t\t\t<div class=\"elementor-container elementor-column-gap-default\">\n\t\t\t\t\t<div class=\"elementor-column elementor-col-50 elementor-top-column elementor-element elementor-element-nilu7b5\" data-id=\"nilu7b5\" data-element_type=\"column\">\n\t\t\t<div class=\"elementor-widget-wrap elementor-element-populated\">\n\t\t\t\t\t\t<div class=\"elementor-element elementor-element-i3p1szv elementor-widget elementor-widget-text-editor\" data-id=\"i3p1szv\" data-element_type=\"widget\" data-widget_type=\"text-editor.default\">\n\t\t\t\t<div class=\"elementor-widget-container\">\n\t\t\t\t\t\t\t\t\t<h4>Torh\u00fcter<\/h4><p>Sepp Maier<\/p><p>Rudi Kargus<\/p>\t\t\t\t\t\t\t\t<\/div>\n\t\t\t\t<\/div>\n\t\t\t\t<div class=\"elementor-element elementor-element-knrxrnq elementor-widget elementor-widget-text-editor\" data-id=\"knrxrnq\" data-element_type=\"widget\" data-widget_type=\"text-editor.default\">\n\t\t\t\t<div class=\"elementor-widget-container\">\n\t\t\t\t\t\t\t\t\t<h4>Abwehr<\/h4><p>Franz Beckenbauer<\/p><p>Rainer Bonhof<\/p><p>Bernard Dietz<\/p><p>Manfred Kaltz<\/p><p>Peter Nogly<\/p><p>Georg Schwarzenbeck<\/p><p>Berti Vogts<\/p>\t\t\t\t\t\t\t\t<\/div>\n\t\t\t\t<\/div>\n\t\t\t\t\t<\/div>\n\t\t<\/div>\n\t\t\t\t<div class=\"elementor-column elementor-col-50 elementor-top-column elementor-element elementor-element-nspzyjp\" data-id=\"nspzyjp\" data-element_type=\"column\">\n\t\t\t<div class=\"elementor-widget-wrap elementor-element-populated\">\n\t\t\t\t\t\t<div class=\"elementor-element elementor-element-240z3hh elementor-widget elementor-widget-text-editor\" data-id=\"240z3hh\" data-element_type=\"widget\" data-widget_type=\"text-editor.default\">\n\t\t\t\t<div class=\"elementor-widget-container\">\n\t\t\t\t\t\t\t\t\t<h4>Mittelfeld<\/h4><p>Erich Beer<\/p><p>Hannes Bongartz<\/p><p>Dietmar Danner<\/p><p>Heinz Flohe<\/p><p>Uli Hoene\u00df<\/p><p>Bernd H\u00f6lzenbein<\/p>\t\t\t\t\t\t\t\t<\/div>\n\t\t\t\t<\/div>\n\t\t\t\t<div class=\"elementor-element elementor-element-17pw41b elementor-widget elementor-widget-text-editor\" data-id=\"17pw41b\" data-element_type=\"widget\" data-widget_type=\"text-editor.default\">\n\t\t\t\t<div class=\"elementor-widget-container\">\n\t\t\t\t\t\t\t\t\t<h4>Sturm<\/h4><p>Dieter M\u00fcller<\/p><p>Herbert Wimmer<\/p><p>Ronnie Worm<\/p>\t\t\t\t\t\t\t\t<\/div>\n\t\t\t\t<\/div>\n\t\t\t\t\t<\/div>\n\t\t<\/div>\n\t\t\t\t\t<\/div>\n\t\t<\/section>\n\t\t\t\t<section class=\"elementor-section elementor-top-section elementor-element elementor-element-r7ccgo7 elementor-section-boxed elementor-section-height-default elementor-section-height-default\" data-id=\"r7ccgo7\" data-element_type=\"section\">\n\t\t\t\t\t\t<div class=\"elementor-container elementor-column-gap-default\">\n\t\t\t\t\t<div class=\"elementor-column elementor-col-100 elementor-top-column elementor-element elementor-element-or544xi\" data-id=\"or544xi\" data-element_type=\"column\">\n\t\t\t<div class=\"elementor-widget-wrap elementor-element-populated\">\n\t\t\t\t\t\t<div class=\"elementor-element elementor-element-m2uih4g elementor-widget elementor-widget-heading\" data-id=\"m2uih4g\" data-element_type=\"widget\" data-widget_type=\"heading.default\">\n\t\t\t\t<div class=\"elementor-widget-container\">\n\t\t\t\t\t<h2 class=\"elementor-heading-title elementor-size-large\">EM 1980: \u201eDer Triumph des Jupp D.\"<\/h2>\t\t\t\t<\/div>\n\t\t\t\t<\/div>\n\t\t\t\t<div class=\"elementor-element elementor-element-q2ytsof elementor-widget elementor-widget-image\" data-id=\"q2ytsof\" data-element_type=\"widget\" data-widget_type=\"image.default\">\n\t\t\t\t<div class=\"elementor-widget-container\">\n\t\t\t\t\t\t\t\t\t\t\t\t<figure class=\"wp-caption\">\n\t\t\t\t\t\t\t\t\t\t<img decoding=\"async\" width=\"560\" height=\"315\" src=\"https:\/\/www.oddset.de\/blog\/wp-content\/uploads\/2016\/09\/EM-1980-in-Italien-Deutschland-wird-Europameister.jpg\" class=\"attachment-full size-full wp-image-867\" alt=\"EM 1980 in Italien - Deutschland wird Europameister\" srcset=\"https:\/\/www.oddset.de\/blog\/wp-content\/uploads\/2016\/09\/EM-1980-in-Italien-Deutschland-wird-Europameister.jpg 560w, https:\/\/www.oddset.de\/blog\/wp-content\/uploads\/2016\/09\/EM-1980-in-Italien-Deutschland-wird-Europameister-300x169.jpg 300w\" sizes=\"(max-width: 560px) 100vw, 560px\" \/>\t\t\t\t\t\t\t\t\t\t\t<figcaption class=\"widget-image-caption wp-caption-text\">EM 1980 in Italien - Deutschland wird Europameister<\/figcaption>\n\t\t\t\t\t\t\t\t\t\t<\/figure>\n\t\t\t\t\t\t\t\t\t<\/div>\n\t\t\t\t<\/div>\n\t\t\t\t\t<\/div>\n\t\t<\/div>\n\t\t\t\t\t<\/div>\n\t\t<\/section>\n\t\t\t\t<section class=\"elementor-section elementor-top-section elementor-element elementor-element-kcckmcj elementor-section-boxed elementor-section-height-default elementor-section-height-default\" data-id=\"kcckmcj\" data-element_type=\"section\">\n\t\t\t\t\t\t<div class=\"elementor-container elementor-column-gap-default\">\n\t\t\t\t\t<div class=\"elementor-column elementor-col-100 elementor-top-column elementor-element elementor-element-wqa8vwh\" data-id=\"wqa8vwh\" data-element_type=\"column\">\n\t\t\t<div class=\"elementor-widget-wrap elementor-element-populated\">\n\t\t\t\t\t\t<div class=\"elementor-element elementor-element-x444cm4 elementor-widget elementor-widget-text-editor\" data-id=\"x444cm4\" data-element_type=\"widget\" data-widget_type=\"text-editor.default\">\n\t\t\t\t<div class=\"elementor-widget-container\">\n\t\t\t\t\t\t\t\t\t<h3>Platzierung:<\/h3><p style=\"padding-left: 30px;\">Europameister<\/p><h3>Vorrunde:<\/h3><p style=\"padding-left: 30px;\">Erstmals gab es bei einer EM acht Teilnehmer \u2013 die auf zwei Gruppen aufgeteilt wurden. Nach einem 1:0 im Auftaktspiel gegen die Tschechoslowakei (Tor Karl-Heinz Rummenigge) besiegte die Elf von Coach Jupp Derwall Erzrivale Niederlande mit 3:2, wobei Klaus Allofs alle drei deutschen Tore erzielte. Deutschland war bereits f\u00fcr das Finale qualifiziert und verzichtete im bedeutungslosen letzten Gruppenspiel gegen Griechenland (0:0) auf viele Stammspieler.<\/p><h3>Finale:<\/h3><p style=\"padding-left: 30px;\">Deutschland stand zum dritten Mal in Folge in einem EM-Finale. Gegner dieses Mal war Belgien, das unter Trainer Guy Thys die Abseitsfalle perfektioniert hatte und so auch Gastgeber Italien hinter sich gelassen hatte.<\/p><p style=\"padding-left: 30px;\">Im Endspiel ging Deutschland fr\u00fch durch HSV-St\u00fcrmer Horst Hrubesch in F\u00fchrung (10. Minute). Die DFB-Elf schaffte es in der Folge jedoch nicht, den Sack zuzumachen. Stattdessen verwandelte Ren\u00e9 Vandereycken einen Elfmeter zum Ausgleich f\u00fcnfzehn Minuten vor Schluss. Doch in der 88. Minute schlug Deutschland zur\u00fcck, als sich Hrubesch in die Luft schraubte und eine Ecke von Rummenigge ins Tor wuchtete.<\/p><h3>Der Trainer:<\/h3><p style=\"padding-left: 30px;\">Jupp Derwall<\/p><h3>Die Mannschaft:<\/h3>\t\t\t\t\t\t\t\t<\/div>\n\t\t\t\t<\/div>\n\t\t\t\t\t<\/div>\n\t\t<\/div>\n\t\t\t\t\t<\/div>\n\t\t<\/section>\n\t\t\t\t<section class=\"elementor-section elementor-top-section elementor-element elementor-element-yemwsqb elementor-section-boxed elementor-section-height-default elementor-section-height-default\" data-id=\"yemwsqb\" data-element_type=\"section\">\n\t\t\t\t\t\t<div class=\"elementor-container elementor-column-gap-default\">\n\t\t\t\t\t<div class=\"elementor-column elementor-col-50 elementor-top-column elementor-element elementor-element-w6jeugb\" data-id=\"w6jeugb\" data-element_type=\"column\">\n\t\t\t<div class=\"elementor-widget-wrap elementor-element-populated\">\n\t\t\t\t\t\t<div class=\"elementor-element elementor-element-l8pzi1e elementor-widget elementor-widget-text-editor\" data-id=\"l8pzi1e\" data-element_type=\"widget\" data-widget_type=\"text-editor.default\">\n\t\t\t\t<div class=\"elementor-widget-container\">\n\t\t\t\t\t\t\t\t\t<h4>Torh\u00fcter<\/h4><p>Toni Schumacher<\/p><p>Eike Immel<\/p><p>Walter Junghans<\/p>\t\t\t\t\t\t\t\t<\/div>\n\t\t\t\t<\/div>\n\t\t\t\t<div class=\"elementor-element elementor-element-tkvl4m6 elementor-widget elementor-widget-text-editor\" data-id=\"tkvl4m6\" data-element_type=\"widget\" data-widget_type=\"text-editor.default\">\n\t\t\t\t<div class=\"elementor-widget-container\">\n\t\t\t\t\t\t\t\t\t<h4>Abwehr<\/h4><p>Rainer Bonhof<\/p><p>Hans-Peter Briegel<\/p><p>Bernd Cullmann<\/p><p>Bernard Dietz<\/p><p>Bernd F\u00f6rster<\/p><p>Karlheinz F\u00f6rster<\/p><p>Manfred Kaltz<\/p><p>Herbert Zimmermann<\/p>\t\t\t\t\t\t\t\t<\/div>\n\t\t\t\t<\/div>\n\t\t\t\t\t<\/div>\n\t\t<\/div>\n\t\t\t\t<div class=\"elementor-column elementor-col-50 elementor-top-column elementor-element elementor-element-y21vfip\" data-id=\"y21vfip\" data-element_type=\"column\">\n\t\t\t<div class=\"elementor-widget-wrap elementor-element-populated\">\n\t\t\t\t\t\t<div class=\"elementor-element elementor-element-tdv58va elementor-widget elementor-widget-text-editor\" data-id=\"tdv58va\" data-element_type=\"widget\" data-widget_type=\"text-editor.default\">\n\t\t\t\t<div class=\"elementor-widget-container\">\n\t\t\t\t\t\t\t\t\t<h4>Mittelfeld<\/h4><p>Felix Magath<\/p><p>Lothar Matth\u00e4us<\/p><p>Caspar Memering<\/p><p>Hansi M\u00fcller<\/p><p>Bernd Schuster<\/p><p>Uli Stielike<\/p><p>Mirko Votava<\/p>\t\t\t\t\t\t\t\t<\/div>\n\t\t\t\t<\/div>\n\t\t\t\t<div class=\"elementor-element elementor-element-jjl0ns3 elementor-widget elementor-widget-text-editor\" data-id=\"jjl0ns3\" data-element_type=\"widget\" data-widget_type=\"text-editor.default\">\n\t\t\t\t<div class=\"elementor-widget-container\">\n\t\t\t\t\t\t\t\t\t<h4>Sturm<\/h4><p>Klaus Allofs<\/p><p>Kalle Del&#8217;Haye<\/p><p>Horst Hrubesch<\/p><p>Karl-Heinz Rummenigge<\/p>\t\t\t\t\t\t\t\t<\/div>\n\t\t\t\t<\/div>\n\t\t\t\t\t<\/div>\n\t\t<\/div>\n\t\t\t\t\t<\/div>\n\t\t<\/section>\n\t\t\t\t<section class=\"elementor-section elementor-top-section elementor-element elementor-element-npopisq elementor-section-boxed elementor-section-height-default elementor-section-height-default\" data-id=\"npopisq\" data-element_type=\"section\">\n\t\t\t\t\t\t<div class=\"elementor-container elementor-column-gap-default\">\n\t\t\t\t\t<div class=\"elementor-column elementor-col-100 elementor-top-column elementor-element elementor-element-q119ztw\" data-id=\"q119ztw\" data-element_type=\"column\">\n\t\t\t<div class=\"elementor-widget-wrap elementor-element-populated\">\n\t\t\t\t\t\t<div class=\"elementor-element elementor-element-ggh6uzh elementor-widget elementor-widget-heading\" data-id=\"ggh6uzh\" data-element_type=\"widget\" data-widget_type=\"heading.default\">\n\t\t\t\t<div class=\"elementor-widget-container\">\n\t\t\t\t\t<h2 class=\"elementor-heading-title elementor-size-large\">EM 1984: \u201eDas Ende der Amtszeit von Jupp Derwall\"<\/h2>\t\t\t\t<\/div>\n\t\t\t\t<\/div>\n\t\t\t\t<div class=\"elementor-element elementor-element-674n1dl elementor-widget elementor-widget-image\" data-id=\"674n1dl\" data-element_type=\"widget\" data-widget_type=\"image.default\">\n\t\t\t\t<div class=\"elementor-widget-container\">\n\t\t\t\t\t\t\t\t\t\t\t\t<figure class=\"wp-caption\">\n\t\t\t\t\t\t\t\t\t\t<img loading=\"lazy\" decoding=\"async\" width=\"560\" height=\"315\" src=\"https:\/\/www.oddset.de\/blog\/wp-content\/uploads\/2016\/09\/EM-1984-Karl-Heinz-Rummenigge-in-Aktion.jpg\" class=\"attachment-full size-full wp-image-873\" alt=\"EM 1984 - Karl-Heinz Rummenigge in Aktion\" srcset=\"https:\/\/www.oddset.de\/blog\/wp-content\/uploads\/2016\/09\/EM-1984-Karl-Heinz-Rummenigge-in-Aktion.jpg 560w, https:\/\/www.oddset.de\/blog\/wp-content\/uploads\/2016\/09\/EM-1984-Karl-Heinz-Rummenigge-in-Aktion-300x169.jpg 300w\" sizes=\"(max-width: 560px) 100vw, 560px\" \/>\t\t\t\t\t\t\t\t\t\t\t<figcaption class=\"widget-image-caption wp-caption-text\">EM 1984 - Karl-Heinz Rummenigge in Aktion<\/figcaption>\n\t\t\t\t\t\t\t\t\t\t<\/figure>\n\t\t\t\t\t\t\t\t\t<\/div>\n\t\t\t\t<\/div>\n\t\t\t\t\t<\/div>\n\t\t<\/div>\n\t\t\t\t\t<\/div>\n\t\t<\/section>\n\t\t\t\t<section class=\"elementor-section elementor-top-section elementor-element elementor-element-5ycstwt elementor-section-boxed elementor-section-height-default elementor-section-height-default\" data-id=\"5ycstwt\" data-element_type=\"section\">\n\t\t\t\t\t\t<div class=\"elementor-container elementor-column-gap-default\">\n\t\t\t\t\t<div class=\"elementor-column elementor-col-100 elementor-top-column elementor-element elementor-element-hm3uqvm\" data-id=\"hm3uqvm\" data-element_type=\"column\">\n\t\t\t<div class=\"elementor-widget-wrap elementor-element-populated\">\n\t\t\t\t\t\t<div class=\"elementor-element elementor-element-w4iqcth elementor-widget elementor-widget-text-editor\" data-id=\"w4iqcth\" data-element_type=\"widget\" data-widget_type=\"text-editor.default\">\n\t\t\t\t<div class=\"elementor-widget-container\">\n\t\t\t\t\t\t\t\t\t<h3>Platzierung:<\/h3><p style=\"padding-left: 30px;\">Vorrunden-Dritter<\/p><h3>Vorrunde:<\/h3><p style=\"padding-left: 30px;\">Titelverteidiger Deutschland startete schwach ins Turnier. In Stra\u00dfburg erreichte die Elf von Trainer Jupp Derwall nur ein 0:0 gegen Portugal.<\/p><p style=\"padding-left: 30px;\">Im zweiten Gruppenspiel in Lens lief es deutlich besser: Rudi V\u00f6ller sorgte beim 2:1 \u00fcber Rum\u00e4nien f\u00fcr beide Tore. Aus dem dritten Gruppenspiel gegen Spanien in Paris brauchte die DFB-Elf nur noch ein Unentschieden, um ins Halbfinale zu kommen. Bis zur 89. Minute hielt Deutschland das Remis, wobei Toni Schumacher sogar einen Elfmeter parieren konnte. Doch dann traf Spaniens Libero Antonio Maceda kurz vor Schluss mit dem Kopf \u2013 Deutschland war ausgeschieden und Jupp Derwall wurde durch Franz Beckenbauer ersetzt.<\/p><h3>K.-O.-Runde:<\/h3><p style=\"padding-left: 30px;\">Im Halbfinale gegen Portugal bog Gastgeber Frankreich in der Verl\u00e4ngerung einen 1:2-R\u00fcckstand in einen 3:2-Erfolg um.<\/p><p style=\"padding-left: 30px;\">Spanien kam gegen D\u00e4nemark nach Elfmeterschie\u00dfen weiter. Im Finale gewann Frankreich mit 2:0, wobei Superstar Michel Platini die F\u00fchrung und damit seinen neunten Turniertreffer markierte. Die Franzosen wurden erstmals Europameister und holten sich damit auch den ersten wichtigen internationalen Titel.<\/p><h3>Der Trainer:<\/h3><p style=\"padding-left: 30px;\">Jupp Derwall<\/p><h3>Die Mannschaft:<\/h3>\t\t\t\t\t\t\t\t<\/div>\n\t\t\t\t<\/div>\n\t\t\t\t\t<\/div>\n\t\t<\/div>\n\t\t\t\t\t<\/div>\n\t\t<\/section>\n\t\t\t\t<section class=\"elementor-section elementor-top-section elementor-element elementor-element-dkq28wi elementor-section-boxed elementor-section-height-default elementor-section-height-default\" data-id=\"dkq28wi\" data-element_type=\"section\">\n\t\t\t\t\t\t<div class=\"elementor-container elementor-column-gap-default\">\n\t\t\t\t\t<div class=\"elementor-column elementor-col-50 elementor-top-column elementor-element elementor-element-0mumd5t\" data-id=\"0mumd5t\" data-element_type=\"column\">\n\t\t\t<div class=\"elementor-widget-wrap elementor-element-populated\">\n\t\t\t\t\t\t<div class=\"elementor-element elementor-element-32xg82d elementor-widget elementor-widget-text-editor\" data-id=\"32xg82d\" data-element_type=\"widget\" data-widget_type=\"text-editor.default\">\n\t\t\t\t<div class=\"elementor-widget-container\">\n\t\t\t\t\t\t\t\t\t<h4>Torh\u00fcter<\/h4><p>Dieter Burdenski<\/p><p>Helmut Roleder<\/p><p>Toni Schumacher<\/p>\t\t\t\t\t\t\t\t<\/div>\n\t\t\t\t<\/div>\n\t\t\t\t<div class=\"elementor-element elementor-element-jqzlisn elementor-widget elementor-widget-text-editor\" data-id=\"jqzlisn\" data-element_type=\"widget\" data-widget_type=\"text-editor.default\">\n\t\t\t\t<div class=\"elementor-widget-container\">\n\t\t\t\t\t\t\t\t\t<h4>Abwehr<\/h4><p>Andreas Brehme<\/p><p>Hans-Peter Briegel<\/p><p>Guido Buchwald<\/p><p>Bernd F\u00f6rster<\/p><p>Karlheinz F\u00f6rster<\/p><p>Gerd Strack<\/p>\t\t\t\t\t\t\t\t<\/div>\n\t\t\t\t<\/div>\n\t\t\t\t\t<\/div>\n\t\t<\/div>\n\t\t\t\t<div class=\"elementor-column elementor-col-50 elementor-top-column elementor-element elementor-element-3aej4bh\" data-id=\"3aej4bh\" data-element_type=\"column\">\n\t\t\t<div class=\"elementor-widget-wrap elementor-element-populated\">\n\t\t\t\t\t\t<div class=\"elementor-element elementor-element-dwfa7pf elementor-widget elementor-widget-text-editor\" data-id=\"dwfa7pf\" data-element_type=\"widget\" data-widget_type=\"text-editor.default\">\n\t\t\t\t<div class=\"elementor-widget-container\">\n\t\t\t\t\t\t\t\t\t<h4>Mittelfeld<\/h4><p>Rudi Bommer<\/p><p>Hans-G\u00fcnter Bruns<\/p><p>Ralf Falkenmayer<\/p><p>Pierre Littbarski<\/p><p>Lothar Matth\u00e4us<\/p><p>Wolfgang Rolff<\/p><p>Uli Stielike<\/p>\t\t\t\t\t\t\t\t<\/div>\n\t\t\t\t<\/div>\n\t\t\t\t<div class=\"elementor-element elementor-element-nymwuwk elementor-widget elementor-widget-text-editor\" data-id=\"nymwuwk\" data-element_type=\"widget\" data-widget_type=\"text-editor.default\">\n\t\t\t\t<div class=\"elementor-widget-container\">\n\t\t\t\t\t\t\t\t\t<h4>Sturm<\/h4><p>Klaus Allofs<\/p><p>Norbert Meier<\/p><p>Karl-Heinz Rummenigge<\/p><p>Rudi V\u00f6ller<\/p>\t\t\t\t\t\t\t\t<\/div>\n\t\t\t\t<\/div>\n\t\t\t\t\t<\/div>\n\t\t<\/div>\n\t\t\t\t\t<\/div>\n\t\t<\/section>\n\t\t\t\t<section class=\"elementor-section elementor-top-section elementor-element elementor-element-r9t1i3r elementor-section-boxed elementor-section-height-default elementor-section-height-default\" data-id=\"r9t1i3r\" data-element_type=\"section\">\n\t\t\t\t\t\t<div class=\"elementor-container elementor-column-gap-default\">\n\t\t\t\t\t<div class=\"elementor-column elementor-col-100 elementor-top-column elementor-element elementor-element-bgb8dx5\" data-id=\"bgb8dx5\" data-element_type=\"column\">\n\t\t\t<div class=\"elementor-widget-wrap elementor-element-populated\">\n\t\t\t\t\t\t<div class=\"elementor-element elementor-element-73s1nj2 elementor-widget elementor-widget-heading\" data-id=\"73s1nj2\" data-element_type=\"widget\" data-widget_type=\"heading.default\">\n\t\t\t\t<div class=\"elementor-widget-container\">\n\t\t\t\t\t<h2 class=\"elementor-heading-title elementor-size-large\">EM 1988: \u201eHeimpleite gegen Holland\"<\/h2>\t\t\t\t<\/div>\n\t\t\t\t<\/div>\n\t\t\t\t<div class=\"elementor-element elementor-element-mdkqcm3 elementor-widget elementor-widget-image\" data-id=\"mdkqcm3\" data-element_type=\"widget\" data-widget_type=\"image.default\">\n\t\t\t\t<div class=\"elementor-widget-container\">\n\t\t\t\t\t\t\t\t\t\t\t\t<figure class=\"wp-caption\">\n\t\t\t\t\t\t\t\t\t\t<img loading=\"lazy\" decoding=\"async\" width=\"560\" height=\"315\" src=\"https:\/\/www.oddset.de\/blog\/wp-content\/uploads\/2016\/09\/EM-1988-Im-Halbfinale-Deutschland-gegen-Niederlande-entscheidet-Mittelstu\u0308rmer-Marco-van-Basten-die-Partie-in-der-88.-Minute-mit-dem-2-1.-.jpg\" class=\"attachment-full size-full wp-image-877\" alt=\"EM 1988 Im Halbfinale Deutschland gegen Niederlande entscheidet Mittelst\u00fcrmer Marco van Basten die Partie in der 88. Minute mit dem 2-1.\" srcset=\"https:\/\/www.oddset.de\/blog\/wp-content\/uploads\/2016\/09\/EM-1988-Im-Halbfinale-Deutschland-gegen-Niederlande-entscheidet-Mittelstu\u0308rmer-Marco-van-Basten-die-Partie-in-der-88.-Minute-mit-dem-2-1.-.jpg 560w, https:\/\/www.oddset.de\/blog\/wp-content\/uploads\/2016\/09\/EM-1988-Im-Halbfinale-Deutschland-gegen-Niederlande-entscheidet-Mittelstu\u0308rmer-Marco-van-Basten-die-Partie-in-der-88.-Minute-mit-dem-2-1.--300x169.jpg 300w\" sizes=\"(max-width: 560px) 100vw, 560px\" \/>\t\t\t\t\t\t\t\t\t\t\t<figcaption class=\"widget-image-caption wp-caption-text\">EM 1988 - Im Halbfinale Deutschland gegen Niederlande entscheidet Mittelst\u00fcrmer Marco van Basten die Partie in der 88. Minute mit dem 2-1. J\u00fcrgen Kohler und Eike Immel haben das Nachssehen.<\/figcaption>\n\t\t\t\t\t\t\t\t\t\t<\/figure>\n\t\t\t\t\t\t\t\t\t<\/div>\n\t\t\t\t<\/div>\n\t\t\t\t\t<\/div>\n\t\t<\/div>\n\t\t\t\t\t<\/div>\n\t\t<\/section>\n\t\t\t\t<section class=\"elementor-section elementor-top-section elementor-element elementor-element-3ytcrwp elementor-section-boxed elementor-section-height-default elementor-section-height-default\" data-id=\"3ytcrwp\" data-element_type=\"section\">\n\t\t\t\t\t\t<div class=\"elementor-container elementor-column-gap-default\">\n\t\t\t\t\t<div class=\"elementor-column elementor-col-100 elementor-top-column elementor-element elementor-element-yw7qke8\" data-id=\"yw7qke8\" data-element_type=\"column\">\n\t\t\t<div class=\"elementor-widget-wrap elementor-element-populated\">\n\t\t\t\t\t\t<div class=\"elementor-element elementor-element-pilksoa elementor-widget elementor-widget-text-editor\" data-id=\"pilksoa\" data-element_type=\"widget\" data-widget_type=\"text-editor.default\">\n\t\t\t\t<div class=\"elementor-widget-container\">\n\t\t\t\t\t\t\t\t\t<h3>Platzierung:<\/h3><p style=\"padding-left: 30px;\">Halbfinale<\/p><h3>Vorrunde:<\/h3><p style=\"padding-left: 30px;\">Unter der Regie von Teamchef Franz Beckenbauer startete Gastgeber Deutschland mit einem 1:1 gegen Italien, es folgten jeweils 2:0-Erfolge \u00fcber D\u00e4nemark und Spanien. Die Tore zum Gruppensieg erzielten V\u00f6ller (2), Brehme, Klinsmann und Thon.<\/p><h3>K.-O.-Runde:<\/h3><p style=\"padding-left: 30px;\">Das Halbfinale entschieden die Niederlande in der 88. Minute zu ihren Gunsten. Mit einem langen Bein traf Mittelst\u00fcrmer Marco van Basten zum nicht unverdienten 2:1-Sieg.<\/p><p style=\"padding-left: 30px;\">Im Finale setzte er noch einen drauf: van Bastens phantastischer Volleyschuss zum 2:0-Endstand gegen die UDSSR ist eines der sch\u00f6nsten Tore der EM-Geschichte.<\/p>\t\t\t\t\t\t\t\t<\/div>\n\t\t\t\t<\/div>\n\t\t\t\t\t<\/div>\n\t\t<\/div>\n\t\t\t\t\t<\/div>\n\t\t<\/section>\n\t\t\t\t<section class=\"elementor-section elementor-top-section elementor-element elementor-element-in6jbz9 elementor-section-boxed elementor-section-height-default elementor-section-height-default\" data-id=\"in6jbz9\" data-element_type=\"section\">\n\t\t\t\t\t\t<div class=\"elementor-container elementor-column-gap-default\">\n\t\t\t\t\t<div class=\"elementor-column elementor-col-100 elementor-top-column elementor-element elementor-element-4ufx5mm\" data-id=\"4ufx5mm\" data-element_type=\"column\">\n\t\t\t<div class=\"elementor-widget-wrap elementor-element-populated\">\n\t\t\t\t\t\t<div class=\"elementor-element elementor-element-dgbaumj elementor-widget elementor-widget-video\" data-id=\"dgbaumj\" data-element_type=\"widget\" data-settings=\"{&quot;video_type&quot;:&quot;youtube&quot;,&quot;show_image_overlay&quot;:&quot;no&quot;,&quot;autoplay&quot;:&quot;no&quot;,&quot;controls&quot;:&quot;yes&quot;,&quot;youtube_url&quot;:&quot;https:\\\/\\\/www.youtube.com\\\/watch?v=D0U3pT-icnk&quot;}\" data-widget_type=\"video.default\">\n\t\t\t\t<div class=\"elementor-widget-container\">\n\t\t\t\t\t\t\t<div class=\"elementor-wrapper elementor-open-inline\">\n\t\t\t<div class=\"elementor-video\"><\/div>\t\t<\/div>\n\t\t\t\t\t\t<\/div>\n\t\t\t\t<\/div>\n\t\t\t\t\t<\/div>\n\t\t<\/div>\n\t\t\t\t\t<\/div>\n\t\t<\/section>\n\t\t\t\t<section class=\"elementor-section elementor-top-section elementor-element elementor-element-hmjo41l elementor-section-boxed elementor-section-height-default elementor-section-height-default\" data-id=\"hmjo41l\" data-element_type=\"section\">\n\t\t\t\t\t\t<div class=\"elementor-container elementor-column-gap-default\">\n\t\t\t\t\t<div class=\"elementor-column elementor-col-100 elementor-top-column elementor-element elementor-element-yp4afds\" data-id=\"yp4afds\" data-element_type=\"column\">\n\t\t\t<div class=\"elementor-widget-wrap elementor-element-populated\">\n\t\t\t\t\t\t<div class=\"elementor-element elementor-element-5jg2kwe elementor-widget elementor-widget-text-editor\" data-id=\"5jg2kwe\" data-element_type=\"widget\" data-widget_type=\"text-editor.default\">\n\t\t\t\t<div class=\"elementor-widget-container\">\n\t\t\t\t\t\t\t\t\t<h3>Der Trainer:<\/h3><p style=\"padding-left: 30px;\">Teamchef Franz Beckenbauer<\/p><h3>Die Mannschaft:<\/h3>\t\t\t\t\t\t\t\t<\/div>\n\t\t\t\t<\/div>\n\t\t\t\t\t<\/div>\n\t\t<\/div>\n\t\t\t\t\t<\/div>\n\t\t<\/section>\n\t\t\t\t<section class=\"elementor-section elementor-top-section elementor-element elementor-element-zgtoyn2 elementor-section-boxed elementor-section-height-default elementor-section-height-default\" data-id=\"zgtoyn2\" data-element_type=\"section\">\n\t\t\t\t\t\t<div class=\"elementor-container elementor-column-gap-default\">\n\t\t\t\t\t<div class=\"elementor-column elementor-col-50 elementor-top-column elementor-element elementor-element-tj2l76n\" data-id=\"tj2l76n\" data-element_type=\"column\">\n\t\t\t<div class=\"elementor-widget-wrap elementor-element-populated\">\n\t\t\t\t\t\t<div class=\"elementor-element elementor-element-c3gb7d3 elementor-widget elementor-widget-text-editor\" data-id=\"c3gb7d3\" data-element_type=\"widget\" data-widget_type=\"text-editor.default\">\n\t\t\t\t<div class=\"elementor-widget-container\">\n\t\t\t\t\t\t\t\t\t<h4>Torh\u00fcter<\/h4><p>Bodo Illgner<\/p><p>Eike Immel<\/p>\t\t\t\t\t\t\t\t<\/div>\n\t\t\t\t<\/div>\n\t\t\t\t<div class=\"elementor-element elementor-element-c24hzen elementor-widget elementor-widget-text-editor\" data-id=\"c24hzen\" data-element_type=\"widget\" data-widget_type=\"text-editor.default\">\n\t\t\t\t<div class=\"elementor-widget-container\">\n\t\t\t\t\t\t\t\t\t<h4>Abwehr<\/h4><p>Thomas Berthold<\/p><p>Uli Borowka<\/p><p>Andreas Brehme<\/p><p>Guido Buchwald<\/p><p>Matthias Herget<\/p><p>J\u00fcrgen Kohler<\/p><p>Hans Pfl\u00fcgler<\/p><p>Gunnar Sauer<\/p>\t\t\t\t\t\t\t\t<\/div>\n\t\t\t\t<\/div>\n\t\t\t\t\t<\/div>\n\t\t<\/div>\n\t\t\t\t<div class=\"elementor-column elementor-col-50 elementor-top-column elementor-element elementor-element-73tv1fv\" data-id=\"73tv1fv\" data-element_type=\"column\">\n\t\t\t<div class=\"elementor-widget-wrap elementor-element-populated\">\n\t\t\t\t\t\t<div class=\"elementor-element elementor-element-kijuld2 elementor-widget elementor-widget-text-editor\" data-id=\"kijuld2\" data-element_type=\"widget\" data-widget_type=\"text-editor.default\">\n\t\t\t\t<div class=\"elementor-widget-container\">\n\t\t\t\t\t\t\t\t\t<h4>Mittelfeld<\/h4><p>Hans Dorfner<\/p><p>Pierre Littbarski<\/p><p>Lothar Matth\u00e4us<\/p><p>Wolfgang Rolff<\/p><p>Olaf Thon<\/p><p>Wolfram Wuttke<\/p>\t\t\t\t\t\t\t\t<\/div>\n\t\t\t\t<\/div>\n\t\t\t\t<div class=\"elementor-element elementor-element-xs0mhg3 elementor-widget elementor-widget-text-editor\" data-id=\"xs0mhg3\" data-element_type=\"widget\" data-widget_type=\"text-editor.default\">\n\t\t\t\t<div class=\"elementor-widget-container\">\n\t\t\t\t\t\t\t\t\t<h4>Sturm<\/h4><p>Dieter Eckstein<\/p><p>J\u00fcrgen Klinsmann<\/p><p>Frank Mill<\/p><p>Rudi V\u00f6ller<\/p>\t\t\t\t\t\t\t\t<\/div>\n\t\t\t\t<\/div>\n\t\t\t\t\t<\/div>\n\t\t<\/div>\n\t\t\t\t\t<\/div>\n\t\t<\/section>\n\t\t\t\t<section class=\"elementor-section elementor-top-section elementor-element elementor-element-s5o6kit elementor-section-boxed elementor-section-height-default elementor-section-height-default\" data-id=\"s5o6kit\" data-element_type=\"section\">\n\t\t\t\t\t\t<div class=\"elementor-container elementor-column-gap-default\">\n\t\t\t\t\t<div class=\"elementor-column elementor-col-100 elementor-top-column elementor-element elementor-element-naz5z9b\" data-id=\"naz5z9b\" data-element_type=\"column\">\n\t\t\t<div class=\"elementor-widget-wrap elementor-element-populated\">\n\t\t\t\t\t\t<div class=\"elementor-element elementor-element-tkmwx4z elementor-widget elementor-widget-heading\" data-id=\"tkmwx4z\" data-element_type=\"widget\" data-widget_type=\"heading.default\">\n\t\t\t\t<div class=\"elementor-widget-container\">\n\t\t\t\t\t<h2 class=\"elementor-heading-title elementor-size-large\">EM 1992: \u201eDanish Dynamite und die erfolgreiche Revanche\"<\/h2>\t\t\t\t<\/div>\n\t\t\t\t<\/div>\n\t\t\t\t<div class=\"elementor-element elementor-element-4d5961y elementor-widget elementor-widget-image\" data-id=\"4d5961y\" data-element_type=\"widget\" data-widget_type=\"image.default\">\n\t\t\t\t<div class=\"elementor-widget-container\">\n\t\t\t\t\t\t\t\t\t\t\t\t<figure class=\"wp-caption\">\n\t\t\t\t\t\t\t\t\t\t<img loading=\"lazy\" decoding=\"async\" width=\"560\" height=\"315\" src=\"https:\/\/www.oddset.de\/blog\/wp-content\/uploads\/2016\/09\/EM-1992-Da\u0308nemarkt-\u201eDanish-Dynamite\u201e-wird-Europameister-.jpg\" class=\"attachment-full size-full wp-image-881\" alt=\"EM 1992 - D\u00e4nemarkt \u201eDanish Dynamite\u201e wird Europameister. Peter Schmeichel fischt den Ball vor J\u00fcrgen Klinsmann weg.\" srcset=\"https:\/\/www.oddset.de\/blog\/wp-content\/uploads\/2016\/09\/EM-1992-Da\u0308nemarkt-\u201eDanish-Dynamite\u201e-wird-Europameister-.jpg 560w, https:\/\/www.oddset.de\/blog\/wp-content\/uploads\/2016\/09\/EM-1992-Da\u0308nemarkt-\u201eDanish-Dynamite\u201e-wird-Europameister--300x169.jpg 300w\" sizes=\"(max-width: 560px) 100vw, 560px\" \/>\t\t\t\t\t\t\t\t\t\t\t<figcaption class=\"widget-image-caption wp-caption-text\">EM 1992 - D\u00e4nemarkt \u201eDanish Dynamite\u201e wird Europameister. Peter Schmeichel fischt den Ball vor J\u00fcrgen Klinsmann weg.<\/figcaption>\n\t\t\t\t\t\t\t\t\t\t<\/figure>\n\t\t\t\t\t\t\t\t\t<\/div>\n\t\t\t\t<\/div>\n\t\t\t\t\t<\/div>\n\t\t<\/div>\n\t\t\t\t\t<\/div>\n\t\t<\/section>\n\t\t\t\t<section class=\"elementor-section elementor-top-section elementor-element elementor-element-ktm1vqw elementor-section-boxed elementor-section-height-default elementor-section-height-default\" data-id=\"ktm1vqw\" data-element_type=\"section\">\n\t\t\t\t\t\t<div class=\"elementor-container elementor-column-gap-default\">\n\t\t\t\t\t<div class=\"elementor-column elementor-col-100 elementor-top-column elementor-element elementor-element-l4l219q\" data-id=\"l4l219q\" data-element_type=\"column\">\n\t\t\t<div class=\"elementor-widget-wrap elementor-element-populated\">\n\t\t\t\t\t\t<div class=\"elementor-element elementor-element-p9v890i elementor-widget elementor-widget-text-editor\" data-id=\"p9v890i\" data-element_type=\"widget\" data-widget_type=\"text-editor.default\">\n\t\t\t\t<div class=\"elementor-widget-container\">\n\t\t\t\t\t\t\t\t\t<h3>Platzierung:<\/h3><p style=\"padding-left: 30px;\">Zweiter<\/p><h3>Vorrunde:<\/h3><p style=\"padding-left: 30px;\">Einem gl\u00fccklichen 1:1 gegen die GUS (ehemals Sowjetunion) folgte ein verdienter 2:0-Sieg gegen Schottland.<\/p><p style=\"padding-left: 30px;\">Trotz der 1:3-Klatsche gegen die Niederlande reichte es noch zum zweiten Gruppenplatz. Denn zeitgleich schlugen die bereits ausgeschiedenen Schotten die GUS mit 3:0.<\/p><h3>K.-O.-Runde:<\/h3><p style=\"padding-left: 30px;\">Mit einer starken Leistung gewann die DFB-Elf das Halbfinale gegen Gastgeber Schweden. Im anderen Spiel warfen die f\u00fcr die ausgeschlossenen Jugoslawen ins Turnier geholten D\u00e4nen \u00fcberraschend Titelverteidiger Niederlande raus.<\/p><p style=\"padding-left: 30px;\">Die Paarung Deutschland &#8211; D\u00e4nemark gab es bereits bei der EM 1988 als Gruppenspiel, Deutschland siegte 2:0. Jetzt dreht Danish Dynamite den Spie\u00df um, holt sich mit 2:0 den EM-Titel.<\/p><h3>Der Trainer:<\/h3><p style=\"padding-left: 30px;\">\u00a0Berti Vogts<\/p><h3>Die Mannschaft:<\/h3>\t\t\t\t\t\t\t\t<\/div>\n\t\t\t\t<\/div>\n\t\t\t\t\t<\/div>\n\t\t<\/div>\n\t\t\t\t\t<\/div>\n\t\t<\/section>\n\t\t\t\t<section class=\"elementor-section elementor-top-section elementor-element elementor-element-3eehn3h elementor-section-boxed elementor-section-height-default elementor-section-height-default\" data-id=\"3eehn3h\" data-element_type=\"section\">\n\t\t\t\t\t\t<div class=\"elementor-container elementor-column-gap-default\">\n\t\t\t\t\t<div class=\"elementor-column elementor-col-50 elementor-top-column elementor-element elementor-element-scyj394\" data-id=\"scyj394\" data-element_type=\"column\">\n\t\t\t<div class=\"elementor-widget-wrap elementor-element-populated\">\n\t\t\t\t\t\t<div class=\"elementor-element elementor-element-09lmdg3 elementor-widget elementor-widget-text-editor\" data-id=\"09lmdg3\" data-element_type=\"widget\" data-widget_type=\"text-editor.default\">\n\t\t\t\t<div class=\"elementor-widget-container\">\n\t\t\t\t\t\t\t\t\t<h4>Torh\u00fcter<\/h4><p>Bodo Illgner<\/p><p>Andreas K\u00f6pke<\/p>\t\t\t\t\t\t\t\t<\/div>\n\t\t\t\t<\/div>\n\t\t\t\t<div class=\"elementor-element elementor-element-ktcple6 elementor-widget elementor-widget-text-editor\" data-id=\"ktcple6\" data-element_type=\"widget\" data-widget_type=\"text-editor.default\">\n\t\t\t\t<div class=\"elementor-widget-container\">\n\t\t\t\t\t\t\t\t\t<h4>Abwehr<\/h4><p>Manfred Binz<\/p><p>Andreas Brehme<\/p><p>Guido Buchwald<\/p><p>Thomas Helmer<\/p><p>J\u00fcrgen Kohler<\/p><p>Stefan Reuter<\/p><p>Michael Schulz<\/p><p>Christian W\u00f6rns<\/p>\t\t\t\t\t\t\t\t<\/div>\n\t\t\t\t<\/div>\n\t\t\t\t\t<\/div>\n\t\t<\/div>\n\t\t\t\t<div class=\"elementor-column elementor-col-50 elementor-top-column elementor-element elementor-element-rfxu5e6\" data-id=\"rfxu5e6\" data-element_type=\"column\">\n\t\t\t<div class=\"elementor-widget-wrap elementor-element-populated\">\n\t\t\t\t\t\t<div class=\"elementor-element elementor-element-zd86bbq elementor-widget elementor-widget-text-editor\" data-id=\"zd86bbq\" data-element_type=\"widget\" data-widget_type=\"text-editor.default\">\n\t\t\t\t<div class=\"elementor-widget-container\">\n\t\t\t\t\t\t\t\t\t<h4>Mittelfeld<\/h4><p>Thomas Doll<\/p><p>Stefan Effenberg<\/p><p>Michael Frontzeck<\/p><p>Thomas H\u00e4\u00dfler<\/p><p>Andreas M\u00f6ller<\/p><p>Matthias Sammer<\/p>\t\t\t\t\t\t\t\t<\/div>\n\t\t\t\t<\/div>\n\t\t\t\t<div class=\"elementor-element elementor-element-aweqa79 elementor-widget elementor-widget-text-editor\" data-id=\"aweqa79\" data-element_type=\"widget\" data-widget_type=\"text-editor.default\">\n\t\t\t\t<div class=\"elementor-widget-container\">\n\t\t\t\t\t\t\t\t\t<h4>Sturm<\/h4><p>J\u00fcrgen Klinsmann<\/p><p>Karl-Heinz Riedle<\/p><p>Andreas Thom<\/p><p>Rudi V\u00f6ller<\/p>\t\t\t\t\t\t\t\t<\/div>\n\t\t\t\t<\/div>\n\t\t\t\t\t<\/div>\n\t\t<\/div>\n\t\t\t\t\t<\/div>\n\t\t<\/section>\n\t\t\t\t<section class=\"elementor-section elementor-top-section elementor-element elementor-element-ijd0t3v elementor-section-boxed elementor-section-height-default elementor-section-height-default\" data-id=\"ijd0t3v\" data-element_type=\"section\">\n\t\t\t\t\t\t<div class=\"elementor-container elementor-column-gap-default\">\n\t\t\t\t\t<div class=\"elementor-column elementor-col-100 elementor-top-column elementor-element elementor-element-sjuachb\" data-id=\"sjuachb\" data-element_type=\"column\">\n\t\t\t<div class=\"elementor-widget-wrap elementor-element-populated\">\n\t\t\t\t\t\t<div class=\"elementor-element elementor-element-0jow6gn elementor-widget elementor-widget-heading\" data-id=\"0jow6gn\" data-element_type=\"widget\" data-widget_type=\"heading.default\">\n\t\t\t\t<div class=\"elementor-widget-container\">\n\t\t\t\t\t<h2 class=\"elementor-heading-title elementor-size-large\">EM 1996: \u201eDas Golden Goal des Oliver Bierhoff\"<\/h2>\t\t\t\t<\/div>\n\t\t\t\t<\/div>\n\t\t\t\t<div class=\"elementor-element elementor-element-wdytwne elementor-widget elementor-widget-image\" data-id=\"wdytwne\" data-element_type=\"widget\" data-widget_type=\"image.default\">\n\t\t\t\t<div class=\"elementor-widget-container\">\n\t\t\t\t\t\t\t\t\t\t\t\t<figure class=\"wp-caption\">\n\t\t\t\t\t\t\t\t\t\t<img loading=\"lazy\" decoding=\"async\" width=\"560\" height=\"315\" src=\"https:\/\/www.oddset.de\/blog\/wp-content\/uploads\/2016\/09\/EM-1996-Oliver-Bierhoff-Thomas-Ha\u0308ssler-und-Ju\u0308rgen-Klinsmann-freuen-sich-u\u0308ber-das-erste-golden-goal-der-EM-Geschichte.jpg\" class=\"attachment-full size-full wp-image-886\" alt=\"EM 1996 - Oliver Bierhoff Thomas H\u00e4ssler und J\u00fcrgen Klinsmann freuen sich \u00fcber das erste golden goal der EM-Geschichte\" srcset=\"https:\/\/www.oddset.de\/blog\/wp-content\/uploads\/2016\/09\/EM-1996-Oliver-Bierhoff-Thomas-Ha\u0308ssler-und-Ju\u0308rgen-Klinsmann-freuen-sich-u\u0308ber-das-erste-golden-goal-der-EM-Geschichte.jpg 560w, https:\/\/www.oddset.de\/blog\/wp-content\/uploads\/2016\/09\/EM-1996-Oliver-Bierhoff-Thomas-Ha\u0308ssler-und-Ju\u0308rgen-Klinsmann-freuen-sich-u\u0308ber-das-erste-golden-goal-der-EM-Geschichte-300x169.jpg 300w\" sizes=\"(max-width: 560px) 100vw, 560px\" \/>\t\t\t\t\t\t\t\t\t\t\t<figcaption class=\"widget-image-caption wp-caption-text\">EM 1996 - Oliver Bierhoff Thomas H\u00e4ssler und J\u00fcrgen Klinsmann freuen sich \u00fcber das erste Golden Goal der EM-Geschichte.<\/figcaption>\n\t\t\t\t\t\t\t\t\t\t<\/figure>\n\t\t\t\t\t\t\t\t\t<\/div>\n\t\t\t\t<\/div>\n\t\t\t\t\t<\/div>\n\t\t<\/div>\n\t\t\t\t\t<\/div>\n\t\t<\/section>\n\t\t\t\t<section class=\"elementor-section elementor-top-section elementor-element elementor-element-3un3l16 elementor-section-boxed elementor-section-height-default elementor-section-height-default\" data-id=\"3un3l16\" data-element_type=\"section\">\n\t\t\t\t\t\t<div class=\"elementor-container elementor-column-gap-default\">\n\t\t\t\t\t<div class=\"elementor-column elementor-col-100 elementor-top-column elementor-element elementor-element-37d78gn\" data-id=\"37d78gn\" data-element_type=\"column\">\n\t\t\t<div class=\"elementor-widget-wrap elementor-element-populated\">\n\t\t\t\t\t\t<div class=\"elementor-element elementor-element-0qmtkze elementor-widget elementor-widget-text-editor\" data-id=\"0qmtkze\" data-element_type=\"widget\" data-widget_type=\"text-editor.default\">\n\t\t\t\t<div class=\"elementor-widget-container\">\n\t\t\t\t\t\t\t\t\t<h2>Platzierung:<\/h2><p style=\"padding-left: 30px;\">Europameister<\/p><h3>Vorrunde:<\/h3><p style=\"padding-left: 30px;\">Ohne ein Gegentor mit Siegen \u00fcber Tschechien und Russland sowie einem Unentschieden gegen Vizeweltmeister Italien dominierte das Team von Berti Vogts souver\u00e4n die Gruppe 3. Die Tore erzielten Klinsmann (2), M\u00f6ller, Sammer und Ziege.<\/p><h3>K.-O.-Runde:<\/h3><p style=\"padding-left: 30px;\">Im Viertelfinale konnte Kroatien den deutschen Siegeszug auch mit unfairen Mitteln nicht stoppen. Mit 2:1 gewannen Sammer &#038; Co.<\/p><p style=\"padding-left: 30px;\">Im Halbfinale wurde wie bei der WM 1990 in Italien Gastgeber England per Elfmeterschie\u00dfen besiegt.<\/p><p style=\"padding-left: 30px;\">Im Finale wartete erneut Gruppengegner Tschechien. Den R\u00fcckstand durch einen unberechtigten Elfmeter egalisierte der eingewechselte Bierhoff per Kopf, in der Verl\u00e4ngerung erzielte er per Fu\u00df das Golden Goal und schoss Deutschland zum dritten EM-Titel.<\/p><h3>Der Trainer:<\/h3><p style=\"padding-left: 30px;\">Berti Vogts<\/p><h3>Die Mannschaft:<\/h3>\t\t\t\t\t\t\t\t<\/div>\n\t\t\t\t<\/div>\n\t\t\t\t\t<\/div>\n\t\t<\/div>\n\t\t\t\t\t<\/div>\n\t\t<\/section>\n\t\t\t\t<section class=\"elementor-section elementor-top-section elementor-element elementor-element-wfu4i5e elementor-section-boxed elementor-section-height-default elementor-section-height-default\" data-id=\"wfu4i5e\" data-element_type=\"section\">\n\t\t\t\t\t\t<div class=\"elementor-container elementor-column-gap-default\">\n\t\t\t\t\t<div class=\"elementor-column elementor-col-50 elementor-top-column elementor-element elementor-element-j8bytsq\" data-id=\"j8bytsq\" data-element_type=\"column\">\n\t\t\t<div class=\"elementor-widget-wrap elementor-element-populated\">\n\t\t\t\t\t\t<div class=\"elementor-element elementor-element-52g5m5r elementor-widget elementor-widget-text-editor\" data-id=\"52g5m5r\" data-element_type=\"widget\" data-widget_type=\"text-editor.default\">\n\t\t\t\t<div class=\"elementor-widget-container\">\n\t\t\t\t\t\t\t\t\t<h4>Torh\u00fcter<\/h4><p>Oliver Kahn<\/p><p>Andreas K\u00f6pke<\/p><p>Oliver Reck<\/p>\t\t\t\t\t\t\t\t<\/div>\n\t\t\t\t<\/div>\n\t\t\t\t<div class=\"elementor-element elementor-element-9fkmi5v elementor-widget elementor-widget-text-editor\" data-id=\"9fkmi5v\" data-element_type=\"widget\" data-widget_type=\"text-editor.default\">\n\t\t\t\t<div class=\"elementor-widget-container\">\n\t\t\t\t\t\t\t\t\t<h4>Abwehr<\/h4><p>Markus Babbel<\/p><p>Thomas Helmer<\/p><p>J\u00fcrgen Kohler<\/p><p>Stefan Reuter<\/p><p>Rene Schneider<\/p>\t\t\t\t\t\t\t\t<\/div>\n\t\t\t\t<\/div>\n\t\t\t\t\t<\/div>\n\t\t<\/div>\n\t\t\t\t<div class=\"elementor-column elementor-col-50 elementor-top-column elementor-element elementor-element-b9yt5rn\" data-id=\"b9yt5rn\" data-element_type=\"column\">\n\t\t\t<div class=\"elementor-widget-wrap elementor-element-populated\">\n\t\t\t\t\t\t<div class=\"elementor-element elementor-element-v3dc3ex elementor-widget elementor-widget-text-editor\" data-id=\"v3dc3ex\" data-element_type=\"widget\" data-widget_type=\"text-editor.default\">\n\t\t\t\t<div class=\"elementor-widget-container\">\n\t\t\t\t\t\t\t\t\t<h4>Mittelfeld<\/h4><p>Mario Basler<\/p><p>Marco Bode<\/p><p>Dieter Eilts<\/p><p>Steffen Freund<\/p><p>Thomas H\u00e4\u00dfler<\/p><p>Andreas M\u00f6ller<\/p><p>Matthias Sammer<\/p><p>Mehmet Scholl<\/p><p>Thomas Strunz<\/p><p>Jens Todt<\/p><p>Christian Ziege<\/p>\t\t\t\t\t\t\t\t<\/div>\n\t\t\t\t<\/div>\n\t\t\t\t<div class=\"elementor-element elementor-element-i213u21 elementor-widget elementor-widget-text-editor\" data-id=\"i213u21\" data-element_type=\"widget\" data-widget_type=\"text-editor.default\">\n\t\t\t\t<div class=\"elementor-widget-container\">\n\t\t\t\t\t\t\t\t\t<h4>Sturm<\/h4><p>Oliver Bierhoff<\/p><p>Fredi Bobic<\/p><p>J\u00fcrgen Klinsmann<\/p><p>Stefan Kuntz<\/p>\t\t\t\t\t\t\t\t<\/div>\n\t\t\t\t<\/div>\n\t\t\t\t\t<\/div>\n\t\t<\/div>\n\t\t\t\t\t<\/div>\n\t\t<\/section>\n\t\t\t\t<section class=\"elementor-section elementor-top-section elementor-element elementor-element-7umslar elementor-section-boxed elementor-section-height-default elementor-section-height-default\" data-id=\"7umslar\" data-element_type=\"section\">\n\t\t\t\t\t\t<div class=\"elementor-container elementor-column-gap-default\">\n\t\t\t\t\t<div class=\"elementor-column elementor-col-100 elementor-top-column elementor-element elementor-element-4r18pub\" data-id=\"4r18pub\" data-element_type=\"column\">\n\t\t\t<div class=\"elementor-widget-wrap elementor-element-populated\">\n\t\t\t\t\t\t<div class=\"elementor-element elementor-element-wd98xq5 elementor-widget elementor-widget-heading\" data-id=\"wd98xq5\" data-element_type=\"widget\" data-widget_type=\"heading.default\">\n\t\t\t\t<div class=\"elementor-widget-container\">\n\t\t\t\t\t<h2 class=\"elementor-heading-title elementor-size-large\">EM 2000: \u201eGruppenletzter \u2013 und Erich Ribbeck muss gehen\"<\/h2>\t\t\t\t<\/div>\n\t\t\t\t<\/div>\n\t\t\t\t<div class=\"elementor-element elementor-element-4sbljx8 elementor-widget elementor-widget-image\" data-id=\"4sbljx8\" data-element_type=\"widget\" data-widget_type=\"image.default\">\n\t\t\t\t<div class=\"elementor-widget-container\">\n\t\t\t\t\t\t\t\t\t\t\t\t<figure class=\"wp-caption\">\n\t\t\t\t\t\t\t\t\t\t<img loading=\"lazy\" decoding=\"async\" width=\"560\" height=\"315\" src=\"https:\/\/www.oddset.de\/blog\/wp-content\/uploads\/2016\/09\/EM-2000-Lothar-Mattha\u0308us-und-Erich-Ribbeck-ratlos-nach-dem-Vorrundenaus-1.jpg\" class=\"attachment-full size-full wp-image-1475\" alt=\"\" srcset=\"https:\/\/www.oddset.de\/blog\/wp-content\/uploads\/2016\/09\/EM-2000-Lothar-Mattha\u0308us-und-Erich-Ribbeck-ratlos-nach-dem-Vorrundenaus-1.jpg 560w, https:\/\/www.oddset.de\/blog\/wp-content\/uploads\/2016\/09\/EM-2000-Lothar-Mattha\u0308us-und-Erich-Ribbeck-ratlos-nach-dem-Vorrundenaus-1-300x169.jpg 300w\" sizes=\"(max-width: 560px) 100vw, 560px\" \/>\t\t\t\t\t\t\t\t\t\t\t<figcaption class=\"widget-image-caption wp-caption-text\">EM 2000 - Lothar Matth\u00e4us und Erich Ribbeck ratlos nach dem blamablen Vorrundenaus.<\/figcaption>\n\t\t\t\t\t\t\t\t\t\t<\/figure>\n\t\t\t\t\t\t\t\t\t<\/div>\n\t\t\t\t<\/div>\n\t\t\t\t\t<\/div>\n\t\t<\/div>\n\t\t\t\t\t<\/div>\n\t\t<\/section>\n\t\t\t\t<section class=\"elementor-section elementor-top-section elementor-element elementor-element-2v5p0tz elementor-section-boxed elementor-section-height-default elementor-section-height-default\" data-id=\"2v5p0tz\" data-element_type=\"section\">\n\t\t\t\t\t\t<div class=\"elementor-container elementor-column-gap-default\">\n\t\t\t\t\t<div class=\"elementor-column elementor-col-100 elementor-top-column elementor-element elementor-element-ivka3s8\" data-id=\"ivka3s8\" data-element_type=\"column\">\n\t\t\t<div class=\"elementor-widget-wrap elementor-element-populated\">\n\t\t\t\t\t\t<div class=\"elementor-element elementor-element-vucjzxl elementor-widget elementor-widget-text-editor\" data-id=\"vucjzxl\" data-element_type=\"widget\" data-widget_type=\"text-editor.default\">\n\t\t\t\t<div class=\"elementor-widget-container\">\n\t\t\t\t\t\t\t\t\t<h3>Platzierung:<\/h3><p style=\"padding-left: 30px;\">Vorrunden-Vierter<\/p><h3>Qualifikation:<\/h3><p style=\"padding-left: 30px;\">Die Elf um Bundestrainer Erich Ribbeck zitterte sich durch die Quali, am Ende reichte ein 0:0 gegen die T\u00fcrkei.<\/p><h3>Vorrunde:<\/h3><p style=\"padding-left: 30px;\">Genauso schwach verlief auch die Vorrunde: dem Unentschieden gegen Rum\u00e4nien folgten Niederlagen gegen England und Portugal. Dabei wurde nur ein mickriges Tor bejubelt (Scholl).<\/p><p style=\"padding-left: 30px;\">Am Tag nach der Pleite gegen Portugal und dem damit verbundenen EM-Aus trat Coach Ribbeck zur\u00fcck.<\/p><h3>K.-O.-Runde:<\/h3><p style=\"padding-left: 30px;\">Mit Frankreich holte erstmals der Weltmeister auch den Europameister-Titel. Im Finale in Rotterdam gewann die Equipe Tricolore gegen Italien mit 2:1 nach Verl\u00e4ngerung. 30 Sekunden vor Ende der regul\u00e4ren Spielzeit egalisierte Wiltord Italiens F\u00fchrung durch Delvecchio, in der 103. Minute schoss Trezeguet Frankreich per Golden Goal zum Titel. Sechs Jahre sp\u00e4ter beim WM-Endspiel in Berlin gelang Italien die Final-Revanche.<\/p><h3>Der Trainer:<\/h3><p style=\"padding-left: 30px;\">Erich Ribbeck<\/p><h3>Die Mannschaft:<\/h3>\t\t\t\t\t\t\t\t<\/div>\n\t\t\t\t<\/div>\n\t\t\t\t\t<\/div>\n\t\t<\/div>\n\t\t\t\t\t<\/div>\n\t\t<\/section>\n\t\t\t\t<section class=\"elementor-section elementor-top-section elementor-element elementor-element-cklsh0w elementor-section-boxed elementor-section-height-default elementor-section-height-default\" data-id=\"cklsh0w\" data-element_type=\"section\">\n\t\t\t\t\t\t<div class=\"elementor-container elementor-column-gap-default\">\n\t\t\t\t\t<div class=\"elementor-column elementor-col-50 elementor-top-column elementor-element elementor-element-c4k8xnu\" data-id=\"c4k8xnu\" data-element_type=\"column\">\n\t\t\t<div class=\"elementor-widget-wrap elementor-element-populated\">\n\t\t\t\t\t\t<div class=\"elementor-element elementor-element-gntbs1b elementor-widget elementor-widget-text-editor\" data-id=\"gntbs1b\" data-element_type=\"widget\" data-widget_type=\"text-editor.default\">\n\t\t\t\t<div class=\"elementor-widget-container\">\n\t\t\t\t\t\t\t\t\t<h4>Torh\u00fcter<\/h4><p>Hans J\u00f6rg Butt<\/p><p>Oliver Kahn<\/p><p>Jens Lehmann<\/p>\t\t\t\t\t\t\t\t<\/div>\n\t\t\t\t<\/div>\n\t\t\t\t<div class=\"elementor-element elementor-element-wjbq3e2 elementor-widget elementor-widget-text-editor\" data-id=\"wjbq3e2\" data-element_type=\"widget\" data-widget_type=\"text-editor.default\">\n\t\t\t\t<div class=\"elementor-widget-container\">\n\t\t\t\t\t\t\t\t\t<h4>Abwehr<\/h4><p>Markus Babbel<\/p><p>Thomas Linke<\/p><p>Lothar Matth\u00e4us<\/p><p>Jens Nowotny<\/p><p>Marko Rehmer<\/p>\t\t\t\t\t\t\t\t<\/div>\n\t\t\t\t<\/div>\n\t\t\t\t\t<\/div>\n\t\t<\/div>\n\t\t\t\t<div class=\"elementor-column elementor-col-50 elementor-top-column elementor-element elementor-element-p6v0ym6\" data-id=\"p6v0ym6\" data-element_type=\"column\">\n\t\t\t<div class=\"elementor-widget-wrap elementor-element-populated\">\n\t\t\t\t\t\t<div class=\"elementor-element elementor-element-0y1qpb7 elementor-widget elementor-widget-text-editor\" data-id=\"0y1qpb7\" data-element_type=\"widget\" data-widget_type=\"text-editor.default\">\n\t\t\t\t<div class=\"elementor-widget-container\">\n\t\t\t\t\t\t\t\t\t<h4>Mittelfeld<\/h4><p>Michael Ballack<\/p><p>Marco Bode<\/p><p>Sebastian Deisler<\/p><p>Dietmar Hamann<\/p><p>Thomas H\u00e4\u00dfler<\/p><p>Jens Jeremies<\/p><p>Carsten Ramelow<\/p><p>Mehmet Scholl<\/p><p>Dariusz Wosz<\/p><p>Christian Ziege<\/p>\t\t\t\t\t\t\t\t<\/div>\n\t\t\t\t<\/div>\n\t\t\t\t<div class=\"elementor-element elementor-element-i97fx12 elementor-widget elementor-widget-text-editor\" data-id=\"i97fx12\" data-element_type=\"widget\" data-widget_type=\"text-editor.default\">\n\t\t\t\t<div class=\"elementor-widget-container\">\n\t\t\t\t\t\t\t\t\t<h4>Sturm<\/h4><p>Oliver Bierhoff<\/p><p>Carsten Jancker<\/p><p>Ulf Kirsten<\/p><p>Paulo Rink<\/p>\t\t\t\t\t\t\t\t<\/div>\n\t\t\t\t<\/div>\n\t\t\t\t\t<\/div>\n\t\t<\/div>\n\t\t\t\t\t<\/div>\n\t\t<\/section>\n\t\t\t\t<section class=\"elementor-section elementor-top-section elementor-element elementor-element-t0yot2y elementor-section-boxed elementor-section-height-default elementor-section-height-default\" data-id=\"t0yot2y\" data-element_type=\"section\">\n\t\t\t\t\t\t<div class=\"elementor-container elementor-column-gap-default\">\n\t\t\t\t\t<div class=\"elementor-column elementor-col-100 elementor-top-column elementor-element elementor-element-jyateju\" data-id=\"jyateju\" data-element_type=\"column\">\n\t\t\t<div class=\"elementor-widget-wrap elementor-element-populated\">\n\t\t\t\t\t\t<div class=\"elementor-element elementor-element-utgfk0y elementor-widget elementor-widget-heading\" data-id=\"utgfk0y\" data-element_type=\"widget\" data-widget_type=\"heading.default\">\n\t\t\t\t<div class=\"elementor-widget-container\">\n\t\t\t\t\t<h2 class=\"elementor-heading-title elementor-size-large\">EM 2004: \u201eWieder Vorrunden-Aus \u2013 und Rudi V\u00f6ller muss gehen\"<\/h2>\t\t\t\t<\/div>\n\t\t\t\t<\/div>\n\t\t\t\t<div class=\"elementor-element elementor-element-i2ycr9d elementor-widget elementor-widget-image\" data-id=\"i2ycr9d\" data-element_type=\"widget\" data-widget_type=\"image.default\">\n\t\t\t\t<div class=\"elementor-widget-container\">\n\t\t\t\t\t\t\t\t\t\t\t\t<figure class=\"wp-caption\">\n\t\t\t\t\t\t\t\t\t\t<img loading=\"lazy\" decoding=\"async\" width=\"560\" height=\"315\" src=\"https:\/\/www.oddset.de\/blog\/wp-content\/uploads\/2016\/09\/EM-2004-Bittere-Enta\u0308uschung-bei-Miroslav-Klose-Jens-Nowotny-Oliver-Kahn-Michael-Ballack-und-Rudi-Vo\u0308ller-nach-dem-Vorrundenaus.jpg\" class=\"attachment-full size-full wp-image-926\" alt=\"EM 2004 - Bittere Ent\u00e4uschung bei Miroslav Klose, Jens Nowotny, Oliver Kahn, Michael Ballack und Rudi V\u00f6ller nach dem Vorrundenaus\" srcset=\"https:\/\/www.oddset.de\/blog\/wp-content\/uploads\/2016\/09\/EM-2004-Bittere-Enta\u0308uschung-bei-Miroslav-Klose-Jens-Nowotny-Oliver-Kahn-Michael-Ballack-und-Rudi-Vo\u0308ller-nach-dem-Vorrundenaus.jpg 560w, https:\/\/www.oddset.de\/blog\/wp-content\/uploads\/2016\/09\/EM-2004-Bittere-Enta\u0308uschung-bei-Miroslav-Klose-Jens-Nowotny-Oliver-Kahn-Michael-Ballack-und-Rudi-Vo\u0308ller-nach-dem-Vorrundenaus-300x169.jpg 300w\" sizes=\"(max-width: 560px) 100vw, 560px\" \/>\t\t\t\t\t\t\t\t\t\t\t<figcaption class=\"widget-image-caption wp-caption-text\">EM 2004 - ent\u00e4uscht troten Miroslav Klose, Jens Nowotny, Oliver Kahn, Michael Ballack und Rudi V\u00f6ller nach dem bitteren Vorrundenaus vom Platz.<\/figcaption>\n\t\t\t\t\t\t\t\t\t\t<\/figure>\n\t\t\t\t\t\t\t\t\t<\/div>\n\t\t\t\t<\/div>\n\t\t\t\t\t<\/div>\n\t\t<\/div>\n\t\t\t\t\t<\/div>\n\t\t<\/section>\n\t\t\t\t<section class=\"elementor-section elementor-top-section elementor-element elementor-element-w5tq1he elementor-section-boxed elementor-section-height-default elementor-section-height-default\" data-id=\"w5tq1he\" data-element_type=\"section\">\n\t\t\t\t\t\t<div class=\"elementor-container elementor-column-gap-default\">\n\t\t\t\t\t<div class=\"elementor-column elementor-col-100 elementor-top-column elementor-element elementor-element-j4rdmki\" data-id=\"j4rdmki\" data-element_type=\"column\">\n\t\t\t<div class=\"elementor-widget-wrap elementor-element-populated\">\n\t\t\t\t\t\t<div class=\"elementor-element elementor-element-cfonwln elementor-widget elementor-widget-text-editor\" data-id=\"cfonwln\" data-element_type=\"widget\" data-widget_type=\"text-editor.default\">\n\t\t\t\t<div class=\"elementor-widget-container\">\n\t\t\t\t\t\t\t\t\t<h3>Platzierung:<\/h3><p style=\"padding-left: 30px;\">Vorrunden-Dritter<\/p><h3>Vorrunde:<\/h3><p style=\"padding-left: 30px;\">Nach der holprigen Qualifikation inklusive V\u00f6llers legend\u00e4rer Wutrede bei \u201eWei\u00dfbier-Waldi&#8220; reichte es bei der EM nur zu zwei Unentschieden gegen die Niederlande und Lettland &#8211; im letzten Gruppenspiel gegen Tschechien musste ein Dreier her.<\/p><p style=\"padding-left: 30px;\">Der Gegner war bereits f\u00fcr die K.-o.-Phase qualifiziert und schickte seine \u201eB-Elf&#8220;. Ungl\u00fccklich verlor Deutschland 1:2 und am n\u00e4chsten Morgen r\u00e4umte Rudi V\u00f6ller seinen Trainerstuhl.<\/p><h3>K.-O.-Runde:<\/h3><p style=\"padding-left: 30px;\">Ein anderer deutscher Trainer erlebte bessere Zeiten in Portugal: V\u00f6llig \u00fcberraschend holten die von Otto Rehhagel gecoachten Griechen den Titel. Im Finale schlug Hellas den Gastgeber Portugal mit 1:0, wie in den K.-o.-Spielen zuvor reichte den Griechen ein einziges Kopfballtor durch Angelos Charisteas (57.) zum Sieg.<\/p><h3>Die Mannschaft:<\/h3>\t\t\t\t\t\t\t\t<\/div>\n\t\t\t\t<\/div>\n\t\t\t\t\t<\/div>\n\t\t<\/div>\n\t\t\t\t\t<\/div>\n\t\t<\/section>\n\t\t\t\t<section class=\"elementor-section elementor-top-section elementor-element elementor-element-n1foick elementor-section-boxed elementor-section-height-default elementor-section-height-default\" data-id=\"n1foick\" data-element_type=\"section\">\n\t\t\t\t\t\t<div class=\"elementor-container elementor-column-gap-default\">\n\t\t\t\t\t<div class=\"elementor-column elementor-col-50 elementor-top-column elementor-element elementor-element-34upmiq\" data-id=\"34upmiq\" data-element_type=\"column\">\n\t\t\t<div class=\"elementor-widget-wrap elementor-element-populated\">\n\t\t\t\t\t\t<div class=\"elementor-element elementor-element-u50536r elementor-widget elementor-widget-text-editor\" data-id=\"u50536r\" data-element_type=\"widget\" data-widget_type=\"text-editor.default\">\n\t\t\t\t<div class=\"elementor-widget-container\">\n\t\t\t\t\t\t\t\t\t<h4>Torh\u00fcter<\/h4><p>Timo Hildebrand<\/p><p>Oliver Kahn<\/p><p>Jens Lehmann<\/p>\t\t\t\t\t\t\t\t<\/div>\n\t\t\t\t<\/div>\n\t\t\t\t<div class=\"elementor-element elementor-element-p5pet3k elementor-widget elementor-widget-text-editor\" data-id=\"p5pet3k\" data-element_type=\"widget\" data-widget_type=\"text-editor.default\">\n\t\t\t\t<div class=\"elementor-widget-container\">\n\t\t\t\t\t\t\t\t\t<h4>Abwehr<\/h4><p>Frank Baumann<\/p><p>Arne Friedrich<\/p><p>Andreas Hinkel<\/p><p>Philipp Lahm<\/p><p>Jens Nowotny<\/p><p>Christian W\u00f6rns<\/p>\t\t\t\t\t\t\t\t<\/div>\n\t\t\t\t<\/div>\n\t\t\t\t\t<\/div>\n\t\t<\/div>\n\t\t\t\t<div class=\"elementor-column elementor-col-50 elementor-top-column elementor-element elementor-element-fbv8sn1\" data-id=\"fbv8sn1\" data-element_type=\"column\">\n\t\t\t<div class=\"elementor-widget-wrap elementor-element-populated\">\n\t\t\t\t\t\t<div class=\"elementor-element elementor-element-dsyswbv elementor-widget elementor-widget-text-editor\" data-id=\"dsyswbv\" data-element_type=\"widget\" data-widget_type=\"text-editor.default\">\n\t\t\t\t<div class=\"elementor-widget-container\">\n\t\t\t\t\t\t\t\t\t<h4>Mittelfeld<\/h4><p>Michael Ballack<\/p><p>Fabian Ernst<\/p><p>Torsten Frings<\/p><p>Dietmar Hamann<\/p><p>Jens Jeremies<\/p><p>Sebastian Kehl<\/p><p>Bernd Schneider<\/p><p>Bastian Schweinsteiger<\/p><p>Christian Ziege<\/p>\t\t\t\t\t\t\t\t<\/div>\n\t\t\t\t<\/div>\n\t\t\t\t<div class=\"elementor-element elementor-element-l6ey6nm elementor-widget elementor-widget-text-editor\" data-id=\"l6ey6nm\" data-element_type=\"widget\" data-widget_type=\"text-editor.default\">\n\t\t\t\t<div class=\"elementor-widget-container\">\n\t\t\t\t\t\t\t\t\t<h4>Sturm<\/h4><p>Fredi Bobic<\/p><p>Thomas Brdaric<\/p><p>Miroslav Klose<\/p><p>Kevin Kuranyi<\/p><p>Lukas Podolski<\/p>\t\t\t\t\t\t\t\t<\/div>\n\t\t\t\t<\/div>\n\t\t\t\t\t<\/div>\n\t\t<\/div>\n\t\t\t\t\t<\/div>\n\t\t<\/section>\n\t\t\t\t<section class=\"elementor-section elementor-top-section elementor-element elementor-element-vwcr8mp elementor-section-boxed elementor-section-height-default elementor-section-height-default\" data-id=\"vwcr8mp\" data-element_type=\"section\">\n\t\t\t\t\t\t<div class=\"elementor-container elementor-column-gap-default\">\n\t\t\t\t\t<div class=\"elementor-column elementor-col-100 elementor-top-column elementor-element elementor-element-dnx077d\" data-id=\"dnx077d\" data-element_type=\"column\">\n\t\t\t<div class=\"elementor-widget-wrap elementor-element-populated\">\n\t\t\t\t\t\t<div class=\"elementor-element elementor-element-4mn911l elementor-widget elementor-widget-heading\" data-id=\"4mn911l\" data-element_type=\"widget\" data-widget_type=\"heading.default\">\n\t\t\t\t<div class=\"elementor-widget-container\">\n\t\t\t\t\t<h2 class=\"elementor-heading-title elementor-size-large\">EM 2008: \u201eFinaleinzug Nummer sechs\"<\/h2>\t\t\t\t<\/div>\n\t\t\t\t<\/div>\n\t\t\t\t<div class=\"elementor-element elementor-element-mny724u elementor-widget elementor-widget-image\" data-id=\"mny724u\" data-element_type=\"widget\" data-widget_type=\"image.default\">\n\t\t\t\t<div class=\"elementor-widget-container\">\n\t\t\t\t\t\t\t\t\t\t\t\t<figure class=\"wp-caption\">\n\t\t\t\t\t\t\t\t\t\t<img loading=\"lazy\" decoding=\"async\" width=\"560\" height=\"315\" src=\"https:\/\/www.oddset.de\/blog\/wp-content\/uploads\/2016\/09\/EM-2008-Miroslav-Klose-und-Bastian-Schweinsteiger-jubeln.jpg\" class=\"attachment-full size-full wp-image-933\" alt=\"EM 2008 - Miroslav Klose und Bastian Schweinsteiger jubeln\" srcset=\"https:\/\/www.oddset.de\/blog\/wp-content\/uploads\/2016\/09\/EM-2008-Miroslav-Klose-und-Bastian-Schweinsteiger-jubeln.jpg 560w, https:\/\/www.oddset.de\/blog\/wp-content\/uploads\/2016\/09\/EM-2008-Miroslav-Klose-und-Bastian-Schweinsteiger-jubeln-300x169.jpg 300w\" sizes=\"(max-width: 560px) 100vw, 560px\" \/>\t\t\t\t\t\t\t\t\t\t\t<figcaption class=\"widget-image-caption wp-caption-text\">EM 2008 - Miroslav Klose und Bastian Schweinsteiger jubeln.<\/figcaption>\n\t\t\t\t\t\t\t\t\t\t<\/figure>\n\t\t\t\t\t\t\t\t\t<\/div>\n\t\t\t\t<\/div>\n\t\t\t\t\t<\/div>\n\t\t<\/div>\n\t\t\t\t\t<\/div>\n\t\t<\/section>\n\t\t\t\t<section class=\"elementor-section elementor-top-section elementor-element elementor-element-xkou0kv elementor-section-boxed elementor-section-height-default elementor-section-height-default\" data-id=\"xkou0kv\" data-element_type=\"section\">\n\t\t\t\t\t\t<div class=\"elementor-container elementor-column-gap-default\">\n\t\t\t\t\t<div class=\"elementor-column elementor-col-100 elementor-top-column elementor-element elementor-element-ix0qjhz\" data-id=\"ix0qjhz\" data-element_type=\"column\">\n\t\t\t<div class=\"elementor-widget-wrap elementor-element-populated\">\n\t\t\t\t\t\t<div class=\"elementor-element elementor-element-nbdfv2o elementor-widget elementor-widget-text-editor\" data-id=\"nbdfv2o\" data-element_type=\"widget\" data-widget_type=\"text-editor.default\">\n\t\t\t\t<div class=\"elementor-widget-container\">\n\t\t\t\t\t\t\t\t\t<h3>Platzierung:<\/h3><p style=\"padding-left: 30px;\">Zweiter<\/p><h3>Vorrunde:<\/h3><p style=\"padding-left: 30px;\">Nach einem Sieg \u00fcber Polen sowie einer Niederlage gegen Kroatien musste die Mannschaft von Trainer L\u00f6w gegen Gastgeber \u00d6sterreich unbedingt gewinnen. Per Freisto\u00dfhammer aus 25 Metern in den Winkel beseitigte Kapit\u00e4n Ballack alle Zweifel.<\/p><h3>K.-O.-Runde:<\/h3><p style=\"padding-left: 30px;\">Zuerst wurde hochverdient Portugal mit 3:2 geschlagen, f\u00fcr Deutschland trafen Schweinsteiger, Klose und Ballack. Es folgte ein gl\u00fcckliches 3:2 \u00fcber die T\u00fcrkei, die Tore schossen Schweinsteiger, Klose und Lahm.<\/p><p style=\"padding-left: 30px;\">Zum sechsten Mal im Finale, trotzdem kam die deutsche Offensive nie richtig auf Touren: Spanien siegte knapp aber verdient 1:0.<\/p><h3>Der Trainer:<\/h3><p style=\"padding-left: 30px;\">Joachim L\u00f6w<\/p><h3>Die Mannschaft:<\/h3>\t\t\t\t\t\t\t\t<\/div>\n\t\t\t\t<\/div>\n\t\t\t\t\t<\/div>\n\t\t<\/div>\n\t\t\t\t\t<\/div>\n\t\t<\/section>\n\t\t\t\t<section class=\"elementor-section elementor-top-section elementor-element elementor-element-h4h7jc7 elementor-section-boxed elementor-section-height-default elementor-section-height-default\" data-id=\"h4h7jc7\" data-element_type=\"section\">\n\t\t\t\t\t\t<div class=\"elementor-container elementor-column-gap-default\">\n\t\t\t\t\t<div class=\"elementor-column elementor-col-50 elementor-top-column elementor-element elementor-element-0zni9cd\" data-id=\"0zni9cd\" data-element_type=\"column\">\n\t\t\t<div class=\"elementor-widget-wrap elementor-element-populated\">\n\t\t\t\t\t\t<div class=\"elementor-element elementor-element-zemb6m1 elementor-widget elementor-widget-text-editor\" data-id=\"zemb6m1\" data-element_type=\"widget\" data-widget_type=\"text-editor.default\">\n\t\t\t\t<div class=\"elementor-widget-container\">\n\t\t\t\t\t\t\t\t\t<h4>Torh\u00fcter<\/h4><p>Rene Adler<\/p><p>Robert Enke<\/p><p>Jens Lehmann<\/p>\t\t\t\t\t\t\t\t<\/div>\n\t\t\t\t<\/div>\n\t\t\t\t<div class=\"elementor-element elementor-element-ydth4i0 elementor-widget elementor-widget-text-editor\" data-id=\"ydth4i0\" data-element_type=\"widget\" data-widget_type=\"text-editor.default\">\n\t\t\t\t<div class=\"elementor-widget-container\">\n\t\t\t\t\t\t\t\t\t<h4>Abwehr<\/h4><p>Arne Friedrich<\/p><p>Clemens Fritz<\/p><p>Marcell Jansen<\/p><p>Philipp Lahm<\/p><p>Per Mertesacker<\/p><p>Christoph Metzelder<\/p><p>Heiko Westermann<\/p>\t\t\t\t\t\t\t\t<\/div>\n\t\t\t\t<\/div>\n\t\t\t\t\t<\/div>\n\t\t<\/div>\n\t\t\t\t<div class=\"elementor-column elementor-col-50 elementor-top-column elementor-element elementor-element-wsluua5\" data-id=\"wsluua5\" data-element_type=\"column\">\n\t\t\t<div class=\"elementor-widget-wrap elementor-element-populated\">\n\t\t\t\t\t\t<div class=\"elementor-element elementor-element-sbdpb9j elementor-widget elementor-widget-text-editor\" data-id=\"sbdpb9j\" data-element_type=\"widget\" data-widget_type=\"text-editor.default\">\n\t\t\t\t<div class=\"elementor-widget-container\">\n\t\t\t\t\t\t\t\t\t<h4>Mittelfeld<\/h4><p>Michael Ballack<\/p><p>Tim Borowski<\/p><p>Torsten Frings<\/p><p>Thomas Hitzlsperger<\/p><p>Simon Rolfes<\/p><p>Bastian Schweinsteiger<\/p><p>Piotr Trochowski<\/p>\t\t\t\t\t\t\t\t<\/div>\n\t\t\t\t<\/div>\n\t\t\t\t<div class=\"elementor-element elementor-element-ndkb52z elementor-widget elementor-widget-text-editor\" data-id=\"ndkb52z\" data-element_type=\"widget\" data-widget_type=\"text-editor.default\">\n\t\t\t\t<div class=\"elementor-widget-container\">\n\t\t\t\t\t\t\t\t\t<h4>Sturm<\/h4><p>Mario Gomez<\/p><p>Miroslav Klose<\/p><p>Kevin Kuranyi<\/p><p>Oliver Neuville<\/p><p>David Odonkor<\/p><p>Lukas Podolski<\/p>\t\t\t\t\t\t\t\t<\/div>\n\t\t\t\t<\/div>\n\t\t\t\t\t<\/div>\n\t\t<\/div>\n\t\t\t\t\t<\/div>\n\t\t<\/section>\n\t\t\t\t<section class=\"elementor-section elementor-top-section elementor-element elementor-element-2ymkauj elementor-section-boxed elementor-section-height-default elementor-section-height-default\" data-id=\"2ymkauj\" data-element_type=\"section\">\n\t\t\t\t\t\t<div class=\"elementor-container elementor-column-gap-default\">\n\t\t\t\t\t<div class=\"elementor-column elementor-col-100 elementor-top-column elementor-element elementor-element-n6eg3q6\" data-id=\"n6eg3q6\" data-element_type=\"column\">\n\t\t\t<div class=\"elementor-widget-wrap elementor-element-populated\">\n\t\t\t\t\t\t<div class=\"elementor-element elementor-element-3u3jn20 elementor-widget elementor-widget-heading\" data-id=\"3u3jn20\" data-element_type=\"widget\" data-widget_type=\"heading.default\">\n\t\t\t\t<div class=\"elementor-widget-container\">\n\t\t\t\t\t<h2 class=\"elementor-heading-title elementor-size-large\">EM 2012: \u201e15 Siege in Serie und trotzdem kein Titel\"<\/h2>\t\t\t\t<\/div>\n\t\t\t\t<\/div>\n\t\t\t\t<div class=\"elementor-element elementor-element-vnnk7r8 elementor-widget elementor-widget-image\" data-id=\"vnnk7r8\" data-element_type=\"widget\" data-widget_type=\"image.default\">\n\t\t\t\t<div class=\"elementor-widget-container\">\n\t\t\t\t\t\t\t\t\t\t\t\t<figure class=\"wp-caption\">\n\t\t\t\t\t\t\t\t\t\t<img loading=\"lazy\" decoding=\"async\" width=\"560\" height=\"315\" src=\"https:\/\/www.oddset.de\/blog\/wp-content\/uploads\/2016\/09\/EM-2012-Halfinale-Deutschland-gegen-Italien.-Philipp-Lahm-kommt-beim-Treffer-von-Balotelli-einen-Schritt-zu-spa\u0308t.jpg\" class=\"attachment-full size-full wp-image-940\" alt=\"EM 2012 - Halfinale Deutschland gegen Italien. Philipp Lahm kommt beim Treffer von Balotelli einen Schritt zu sp\u00e4t\" srcset=\"https:\/\/www.oddset.de\/blog\/wp-content\/uploads\/2016\/09\/EM-2012-Halfinale-Deutschland-gegen-Italien.-Philipp-Lahm-kommt-beim-Treffer-von-Balotelli-einen-Schritt-zu-spa\u0308t.jpg 560w, https:\/\/www.oddset.de\/blog\/wp-content\/uploads\/2016\/09\/EM-2012-Halfinale-Deutschland-gegen-Italien.-Philipp-Lahm-kommt-beim-Treffer-von-Balotelli-einen-Schritt-zu-spa\u0308t-300x169.jpg 300w\" sizes=\"(max-width: 560px) 100vw, 560px\" \/>\t\t\t\t\t\t\t\t\t\t\t<figcaption class=\"widget-image-caption wp-caption-text\">EM 2012 - Halbfinale Deutschland gegen Italien. Philipp Lahm kommt beim Treffer von Balotelli einen Schritt zu sp\u00e4t.<\/figcaption>\n\t\t\t\t\t\t\t\t\t\t<\/figure>\n\t\t\t\t\t\t\t\t\t<\/div>\n\t\t\t\t<\/div>\n\t\t\t\t\t<\/div>\n\t\t<\/div>\n\t\t\t\t\t<\/div>\n\t\t<\/section>\n\t\t\t\t<section class=\"elementor-section elementor-top-section elementor-element elementor-element-bx6icw3 elementor-section-boxed elementor-section-height-default elementor-section-height-default\" data-id=\"bx6icw3\" data-element_type=\"section\">\n\t\t\t\t\t\t<div class=\"elementor-container elementor-column-gap-default\">\n\t\t\t\t\t<div class=\"elementor-column elementor-col-100 elementor-top-column elementor-element elementor-element-63w5qui\" data-id=\"63w5qui\" data-element_type=\"column\">\n\t\t\t<div class=\"elementor-widget-wrap elementor-element-populated\">\n\t\t\t\t\t\t<div class=\"elementor-element elementor-element-w45ua0q elementor-widget elementor-widget-text-editor\" data-id=\"w45ua0q\" data-element_type=\"widget\" data-widget_type=\"text-editor.default\">\n\t\t\t\t<div class=\"elementor-widget-container\">\n\t\t\t\t\t\t\t\t\t<h3>Platzierung:<\/h3><p style=\"padding-left: 30px;\">Halbfinale<\/p><h3>Vorrunde:<\/h3><p style=\"padding-left: 30px;\">Die Truppe von Jogi L\u00f6w qualifizierte sich souver\u00e4n mit drei Siegen (5:2 Tore) \u00fcber Portugal, die Niederlande und D\u00e4nemark als Gruppenerster vor Portugal f\u00fcr die K.-o.-Phase. Die Tore schossen Gomez (3), Podolski und Lars Bender.<\/p><h3>K.-O.-Runde:<\/h3><p style=\"padding-left: 30px;\">Im Viertelfinale gab es ein souver\u00e4nes 4:2 gegen Griechenland. Der Sieg war gleichbedeutend mit einem Weltrekord: Die DFB-Elf hatte ihr 15. Spiel in Folge gewonnen. Trotzdem war im Halbfinale gegen Italien, genau wie bei der Heim-WM 2006, Endstadion: die Azzurri siegten 2:1. Der Titel ging jedoch nicht an Italien, denn Spanien gewann das Endspiel (4:0).<\/p><h3>Der Trainer:<\/h3><p style=\"padding-left: 30px;\">Joachim L\u00f6w<\/p><h3>Die Mannschaft:<\/h3>\t\t\t\t\t\t\t\t<\/div>\n\t\t\t\t<\/div>\n\t\t\t\t\t<\/div>\n\t\t<\/div>\n\t\t\t\t\t<\/div>\n\t\t<\/section>\n\t\t\t\t<section class=\"elementor-section elementor-top-section elementor-element elementor-element-ehnr6c2 elementor-section-boxed elementor-section-height-default elementor-section-height-default\" data-id=\"ehnr6c2\" data-element_type=\"section\">\n\t\t\t\t\t\t<div class=\"elementor-container elementor-column-gap-default\">\n\t\t\t\t\t<div class=\"elementor-column elementor-col-50 elementor-top-column elementor-element elementor-element-yxap79w\" data-id=\"yxap79w\" data-element_type=\"column\">\n\t\t\t<div class=\"elementor-widget-wrap elementor-element-populated\">\n\t\t\t\t\t\t<div class=\"elementor-element elementor-element-kids1a8 elementor-widget elementor-widget-text-editor\" data-id=\"kids1a8\" data-element_type=\"widget\" data-widget_type=\"text-editor.default\">\n\t\t\t\t<div class=\"elementor-widget-container\">\n\t\t\t\t\t\t\t\t\t<h4>Torh\u00fcter<\/h4><p>Manuel Neuer<\/p><p>Tim Wiese<\/p><p>Ron-Robert Zieler<\/p>\t\t\t\t\t\t\t\t<\/div>\n\t\t\t\t<\/div>\n\t\t\t\t<div class=\"elementor-element elementor-element-zg5gwt9 elementor-widget elementor-widget-text-editor\" data-id=\"zg5gwt9\" data-element_type=\"widget\" data-widget_type=\"text-editor.default\">\n\t\t\t\t<div class=\"elementor-widget-container\">\n\t\t\t\t\t\t\t\t\t<h4>Abwehr<\/h4><p>Holger Badstuber<\/p><p>Jerome Boateng<\/p><p>Benedikt H\u00f6wedes<\/p><p>Mats Hummels<\/p><p>Philipp Lahm<\/p><p>Per Mertesacker<\/p><p>Marcel Schmelzer<\/p>\t\t\t\t\t\t\t\t<\/div>\n\t\t\t\t<\/div>\n\t\t\t\t\t<\/div>\n\t\t<\/div>\n\t\t\t\t<div class=\"elementor-column elementor-col-50 elementor-top-column elementor-element elementor-element-8u21bmg\" data-id=\"8u21bmg\" data-element_type=\"column\">\n\t\t\t<div class=\"elementor-widget-wrap elementor-element-populated\">\n\t\t\t\t\t\t<div class=\"elementor-element elementor-element-qmmzi4r elementor-widget elementor-widget-text-editor\" data-id=\"qmmzi4r\" data-element_type=\"widget\" data-widget_type=\"text-editor.default\">\n\t\t\t\t<div class=\"elementor-widget-container\">\n\t\t\t\t\t\t\t\t\t<h4>Mittelfeld<\/h4><p>Lars Bender<\/p><p>Mario G\u00f6tze<\/p><p>Ilkay G\u00fcndogan<\/p><p>Sami Khedira<\/p><p>Toni Kroos<\/p><p>Mesut \u00d6zil<\/p><p>Marco Reus<\/p><p>Bastian Schweinsteiger<\/p>\t\t\t\t\t\t\t\t<\/div>\n\t\t\t\t<\/div>\n\t\t\t\t<div class=\"elementor-element elementor-element-l3bew4w elementor-widget elementor-widget-text-editor\" data-id=\"l3bew4w\" data-element_type=\"widget\" data-widget_type=\"text-editor.default\">\n\t\t\t\t<div class=\"elementor-widget-container\">\n\t\t\t\t\t\t\t\t\t<h4>Sturm<\/h4><p>Mario Gomez<\/p><p>Miroslav Klose<\/p><p>Thomas M\u00fcller<\/p><p>Lukas Podolski<\/p><p>Andre Sch\u00fcrrle<\/p>\t\t\t\t\t\t\t\t<\/div>\n\t\t\t\t<\/div>\n\t\t\t\t\t<\/div>\n\t\t<\/div>\n\t\t\t\t\t<\/div>\n\t\t<\/section>\n\t\t\t\t<section class=\"elementor-section elementor-top-section elementor-element elementor-element-1135hvo elementor-section-boxed elementor-section-height-default elementor-section-height-default\" data-id=\"1135hvo\" data-element_type=\"section\">\n\t\t\t\t\t\t<div class=\"elementor-container elementor-column-gap-default\">\n\t\t\t\t\t<div class=\"elementor-column elementor-col-100 elementor-top-column elementor-element elementor-element-5fceuv1\" data-id=\"5fceuv1\" data-element_type=\"column\">\n\t\t\t<div class=\"elementor-widget-wrap\">\n\t\t\t\t\t\t\t<\/div>\n\t\t<\/div>\n\t\t\t\t\t<\/div>\n\t\t<\/section>\n\t\t\t\t<section class=\"elementor-section elementor-top-section elementor-element elementor-element-gy0gy3i elementor-section-boxed elementor-section-height-default elementor-section-height-default\" data-id=\"gy0gy3i\" data-element_type=\"section\">\n\t\t\t\t\t\t<div class=\"elementor-container elementor-column-gap-default\">\n\t\t\t\t\t<div class=\"elementor-column elementor-col-100 elementor-top-column elementor-element elementor-element-9xqnzc3\" data-id=\"9xqnzc3\" data-element_type=\"column\">\n\t\t\t<div class=\"elementor-widget-wrap\">\n\t\t\t\t\t\t\t<\/div>\n\t\t<\/div>\n\t\t\t\t\t<\/div>\n\t\t<\/section>\n\t\t\t\t<\/div>\n\t\t","protected":false},"excerpt":{"rendered":"<p>EM 1960 bis 1968: \u201eDie Schmach von Tirana&#8220; Platzierung 1960: keine Teilnahme (Europa-Nationenpokal in Frankreich) 1964: keine Teilnahme (Europa-Nationenpokal in Spanien) 1968: Scheitern in der Qualifikation (Erste offizielle Europameisterschaft in Italien) 1960 1960 fand erstmals ein \u201eEuropapokal der L\u00e4nder&#8220; statt. Doch arrivierte Nationen wie Deutschland oder England nahmen nicht teil. Bundestrainer Helmut Sch\u00f6n bezeichnete das [&hellip;]<\/p>\n","protected":false},"author":3,"featured_media":288,"comment_status":"closed","ping_status":"closed","sticky":false,"template":"","format":"standard","meta":{"_acf_changed":false,"footnotes":""},"categories":[74,3],"tags":[],"class_list":["post-287","post","type-post","status-publish","format-standard","has-post-thumbnail","hentry","category-dfb-team","category-fussball"],"acf":[],"yoast_head":"<!-- This site is optimized with the Yoast SEO plugin v26.0 - https:\/\/yoast.com\/wordpress\/plugins\/seo\/ -->\n<title>EM-Geschichte der deutschen Nationalmannschaft - ODDSET<\/title>\n<meta name=\"description\" content=\"\u2730 [Heimteam] - \u2730 [Ausw\u00e4rtsteam] (1,5 | 3,1 | 2,5) DFB-Team ODDSET Wetten \u2705 Quoten \u2705 Tipps \u2705 H2H \u2705 Vorschau \u2705 JETZT wetten \u27a4\" \/>\n<meta name=\"robots\" content=\"index, follow, max-snippet:-1, max-image-preview:large, max-video-preview:-1\" \/>\n<link rel=\"canonical\" href=\"https:\/\/www.oddset.de\/blog\/fussball\/dfb-team\/em-geschichte-der-deutschen-nationalmannschaft\/\" \/>\n<meta property=\"og:locale\" content=\"de_DE\" \/>\n<meta property=\"og:type\" content=\"article\" \/>\n<meta property=\"og:title\" content=\"EM-Geschichte der deutschen Nationalmannschaft - ODDSET\" \/>\n<meta property=\"og:description\" content=\"\u2730 [Heimteam] - \u2730 [Ausw\u00e4rtsteam] (1,5 | 3,1 | 2,5) DFB-Team ODDSET Wetten \u2705 Quoten \u2705 Tipps \u2705 H2H \u2705 Vorschau \u2705 JETZT wetten \u27a4\" \/>\n<meta property=\"og:url\" content=\"https:\/\/www.oddset.de\/blog\/fussball\/dfb-team\/em-geschichte-der-deutschen-nationalmannschaft\/\" \/>\n<meta property=\"og:site_name\" content=\"ODDSET FANZONE\" \/>\n<meta property=\"article:publisher\" content=\"https:\/\/www.facebook.com\/ODDSETwetten\/\" \/>\n<meta property=\"article:author\" content=\"https:\/\/www.facebook.com\/ODDSETwetten\/\" \/>\n<meta property=\"article:published_time\" content=\"2016-09-02T11:39:15+00:00\" \/>\n<meta property=\"article:modified_time\" content=\"2016-10-21T09:03:02+00:00\" \/>\n<meta property=\"og:image\" content=\"https:\/\/www.oddset.de\/blog\/wp-content\/uploads\/2016\/08\/image_gallery.jpg\" \/>\n\t<meta property=\"og:image:width\" content=\"1160\" \/>\n\t<meta property=\"og:image:height\" content=\"200\" \/>\n\t<meta property=\"og:image:type\" content=\"image\/jpeg\" \/>\n<meta name=\"author\" content=\"ODDSET Toni\" \/>\n<meta name=\"twitter:card\" content=\"summary_large_image\" \/>\n<meta name=\"twitter:creator\" content=\"@ODDSETsport\" \/>\n<meta name=\"twitter:site\" content=\"@ODDSETsport\" \/>\n<meta name=\"twitter:label1\" content=\"Verfasst von\" \/>\n\t<meta name=\"twitter:data1\" content=\"ODDSET Toni\" \/>\n\t<meta name=\"twitter:label2\" content=\"Gesch\u00e4tzte Lesezeit\" \/>\n\t<meta name=\"twitter:data2\" content=\"11\u00a0Minuten\" \/>\n<!-- \/ Yoast SEO plugin. -->","yoast_head_json":{"title":"EM-Geschichte der deutschen Nationalmannschaft - ODDSET","description":"\u2730 [Heimteam] - \u2730 [Ausw\u00e4rtsteam] (1,5 | 3,1 | 2,5) DFB-Team ODDSET Wetten \u2705 Quoten \u2705 Tipps \u2705 H2H \u2705 Vorschau \u2705 JETZT wetten \u27a4","robots":{"index":"index","follow":"follow","max-snippet":"max-snippet:-1","max-image-preview":"max-image-preview:large","max-video-preview":"max-video-preview:-1"},"canonical":"https:\/\/www.oddset.de\/blog\/fussball\/dfb-team\/em-geschichte-der-deutschen-nationalmannschaft\/","og_locale":"de_DE","og_type":"article","og_title":"EM-Geschichte der deutschen Nationalmannschaft - ODDSET","og_description":"\u2730 [Heimteam] - \u2730 [Ausw\u00e4rtsteam] (1,5 | 3,1 | 2,5) DFB-Team ODDSET Wetten \u2705 Quoten \u2705 Tipps \u2705 H2H \u2705 Vorschau \u2705 JETZT wetten \u27a4","og_url":"https:\/\/www.oddset.de\/blog\/fussball\/dfb-team\/em-geschichte-der-deutschen-nationalmannschaft\/","og_site_name":"ODDSET FANZONE","article_publisher":"https:\/\/www.facebook.com\/ODDSETwetten\/","article_author":"https:\/\/www.facebook.com\/ODDSETwetten\/","article_published_time":"2016-09-02T11:39:15+00:00","article_modified_time":"2016-10-21T09:03:02+00:00","og_image":[{"width":1160,"height":200,"url":"https:\/\/www.oddset.de\/blog\/wp-content\/uploads\/2016\/08\/image_gallery.jpg","type":"image\/jpeg"}],"author":"ODDSET Toni","twitter_card":"summary_large_image","twitter_creator":"@ODDSETsport","twitter_site":"@ODDSETsport","twitter_misc":{"Verfasst von":"ODDSET Toni","Gesch\u00e4tzte Lesezeit":"11\u00a0Minuten"},"schema":{"@context":"https:\/\/schema.org","@graph":[{"@type":"Article","@id":"https:\/\/www.oddset.de\/blog\/fussball\/dfb-team\/em-geschichte-der-deutschen-nationalmannschaft\/#article","isPartOf":{"@id":"https:\/\/www.oddset.de\/blog\/fussball\/dfb-team\/em-geschichte-der-deutschen-nationalmannschaft\/"},"author":{"name":"ODDSET Toni","@id":"https:\/\/www.oddset.de\/blog\/#\/schema\/person\/1ed279ebc2b2730994c2a1ab545b86b4"},"headline":"EM-Geschichte der deutschen Nationalmannschaft","datePublished":"2016-09-02T11:39:15+00:00","dateModified":"2016-10-21T09:03:02+00:00","mainEntityOfPage":{"@id":"https:\/\/www.oddset.de\/blog\/fussball\/dfb-team\/em-geschichte-der-deutschen-nationalmannschaft\/"},"wordCount":2494,"publisher":{"@id":"https:\/\/www.oddset.de\/blog\/#organization"},"image":{"@id":"https:\/\/www.oddset.de\/blog\/fussball\/dfb-team\/em-geschichte-der-deutschen-nationalmannschaft\/#primaryimage"},"thumbnailUrl":"https:\/\/www.oddset.de\/blog\/wp-content\/uploads\/2016\/08\/image_gallery.jpg","articleSection":["DFB-Team","Fu\u00dfball"],"inLanguage":"de"},{"@type":"WebPage","@id":"https:\/\/www.oddset.de\/blog\/fussball\/dfb-team\/em-geschichte-der-deutschen-nationalmannschaft\/","url":"https:\/\/www.oddset.de\/blog\/fussball\/dfb-team\/em-geschichte-der-deutschen-nationalmannschaft\/","name":"EM-Geschichte der deutschen Nationalmannschaft - ODDSET","isPartOf":{"@id":"https:\/\/www.oddset.de\/blog\/#website"},"primaryImageOfPage":{"@id":"https:\/\/www.oddset.de\/blog\/fussball\/dfb-team\/em-geschichte-der-deutschen-nationalmannschaft\/#primaryimage"},"image":{"@id":"https:\/\/www.oddset.de\/blog\/fussball\/dfb-team\/em-geschichte-der-deutschen-nationalmannschaft\/#primaryimage"},"thumbnailUrl":"https:\/\/www.oddset.de\/blog\/wp-content\/uploads\/2016\/08\/image_gallery.jpg","datePublished":"2016-09-02T11:39:15+00:00","dateModified":"2016-10-21T09:03:02+00:00","description":"\u2730 [Heimteam] - \u2730 [Ausw\u00e4rtsteam] (1,5 | 3,1 | 2,5) DFB-Team ODDSET Wetten \u2705 Quoten \u2705 Tipps \u2705 H2H \u2705 Vorschau \u2705 JETZT wetten \u27a4","breadcrumb":{"@id":"https:\/\/www.oddset.de\/blog\/fussball\/dfb-team\/em-geschichte-der-deutschen-nationalmannschaft\/#breadcrumb"},"inLanguage":"de","potentialAction":[{"@type":"ReadAction","target":["https:\/\/www.oddset.de\/blog\/fussball\/dfb-team\/em-geschichte-der-deutschen-nationalmannschaft\/"]}]},{"@type":"ImageObject","inLanguage":"de","@id":"https:\/\/www.oddset.de\/blog\/fussball\/dfb-team\/em-geschichte-der-deutschen-nationalmannschaft\/#primaryimage","url":"https:\/\/www.oddset.de\/blog\/wp-content\/uploads\/2016\/08\/image_gallery.jpg","contentUrl":"https:\/\/www.oddset.de\/blog\/wp-content\/uploads\/2016\/08\/image_gallery.jpg","width":1160,"height":200},{"@type":"BreadcrumbList","@id":"https:\/\/www.oddset.de\/blog\/fussball\/dfb-team\/em-geschichte-der-deutschen-nationalmannschaft\/#breadcrumb","itemListElement":[{"@type":"ListItem","position":1,"name":"Startseite","item":"https:\/\/www.oddset.de\/blog\/"},{"@type":"ListItem","position":2,"name":"EM-Geschichte der deutschen Nationalmannschaft"}]},{"@type":"WebSite","@id":"https:\/\/www.oddset.de\/blog\/#website","url":"https:\/\/www.oddset.de\/blog\/","name":"ODDSET FANZONE","description":"Der Fu\u00dfball &amp; Sportwetten Blog","publisher":{"@id":"https:\/\/www.oddset.de\/blog\/#organization"},"potentialAction":[{"@type":"SearchAction","target":{"@type":"EntryPoint","urlTemplate":"https:\/\/www.oddset.de\/blog\/?s={search_term_string}"},"query-input":{"@type":"PropertyValueSpecification","valueRequired":true,"valueName":"search_term_string"}}],"inLanguage":"de"},{"@type":"Organization","@id":"https:\/\/www.oddset.de\/blog\/#organization","name":"ODDSET FANZONE","url":"https:\/\/www.oddset.de\/blog\/","logo":{"@type":"ImageObject","inLanguage":"de","@id":"https:\/\/www.oddset.de\/blog\/#\/schema\/logo\/image\/","url":"https:\/\/www.oddset.de\/blog\/wp-content\/uploads\/2020\/05\/tb_logo.png","contentUrl":"https:\/\/www.oddset.de\/blog\/wp-content\/uploads\/2020\/05\/tb_logo.png","width":1171,"height":400,"caption":"ODDSET FANZONE"},"image":{"@id":"https:\/\/www.oddset.de\/blog\/#\/schema\/logo\/image\/"},"sameAs":["https:\/\/www.facebook.com\/ODDSETwetten\/","https:\/\/x.com\/ODDSETsport","https:\/\/www.youtube.com\/channel\/UC_vWGAocu28RqdyhzCPf9ZQ"]},{"@type":"Person","@id":"https:\/\/www.oddset.de\/blog\/#\/schema\/person\/1ed279ebc2b2730994c2a1ab545b86b4","name":"ODDSET Toni","image":{"@type":"ImageObject","inLanguage":"de","@id":"https:\/\/www.oddset.de\/blog\/#\/schema\/person\/image\/","url":"https:\/\/secure.gravatar.com\/avatar\/ec90f36188cf555290343bad6bcfc8855c515ed08d4a481bc6ddad98c9615f74?s=96&d=mm&r=g","contentUrl":"https:\/\/secure.gravatar.com\/avatar\/ec90f36188cf555290343bad6bcfc8855c515ed08d4a481bc6ddad98c9615f74?s=96&d=mm&r=g","caption":"ODDSET Toni"},"description":"ODDSET ist seit 1999 der kompetente und vertrauensw\u00fcrdige Anbieter von Sportwetten in Deutschland. Dank der jahrelangen Erfahrung bietet ODDSET ein verantwortungsvolles und seri\u00f6ses Wettangebot. ODDSET z\u00e4hlt zu den gr\u00f6\u00dften staatlichen Wettanbietern Europas und fungiert als Partner des Sports. ODDSET \u2013 Sportwetten aus Tradition.","sameAs":["https:\/\/www.facebook.com\/ODDSETwetten\/","https:\/\/x.com\/ODDSETsport"],"url":"https:\/\/www.oddset.de\/blog\/blogger\/oddset-toni\/"}]}},"amp_enabled":true,"_links":{"self":[{"href":"https:\/\/www.oddset.de\/blog\/wp-json\/wp\/v2\/posts\/287","targetHints":{"allow":["GET"]}}],"collection":[{"href":"https:\/\/www.oddset.de\/blog\/wp-json\/wp\/v2\/posts"}],"about":[{"href":"https:\/\/www.oddset.de\/blog\/wp-json\/wp\/v2\/types\/post"}],"author":[{"embeddable":true,"href":"https:\/\/www.oddset.de\/blog\/wp-json\/wp\/v2\/users\/3"}],"replies":[{"embeddable":true,"href":"https:\/\/www.oddset.de\/blog\/wp-json\/wp\/v2\/comments?post=287"}],"version-history":[{"count":77,"href":"https:\/\/www.oddset.de\/blog\/wp-json\/wp\/v2\/posts\/287\/revisions"}],"predecessor-version":[{"id":2587,"href":"https:\/\/www.oddset.de\/blog\/wp-json\/wp\/v2\/posts\/287\/revisions\/2587"}],"wp:featuredmedia":[{"embeddable":true,"href":"https:\/\/www.oddset.de\/blog\/wp-json\/wp\/v2\/media\/288"}],"wp:attachment":[{"href":"https:\/\/www.oddset.de\/blog\/wp-json\/wp\/v2\/media?parent=287"}],"wp:term":[{"taxonomy":"category","embeddable":true,"href":"https:\/\/www.oddset.de\/blog\/wp-json\/wp\/v2\/categories?post=287"},{"taxonomy":"post_tag","embeddable":true,"href":"https:\/\/www.oddset.de\/blog\/wp-json\/wp\/v2\/tags?post=287"}],"curies":[{"name":"wp","href":"https:\/\/api.w.org\/{rel}","templated":true}]}}