{"id":24931,"date":"2019-07-12T12:39:33","date_gmt":"2019-07-12T10:39:33","guid":{"rendered":"https:\/\/fanzone.oddset.de\/?p=24931"},"modified":"2019-07-17T09:07:28","modified_gmt":"2019-07-17T07:07:28","slug":"faehrt-thomas-erneut-in-gelb-nach-paris","status":"publish","type":"post","link":"https:\/\/www.oddset.de\/blog\/radsport\/tour-de-france\/faehrt-thomas-erneut-in-gelb-nach-paris\/","title":{"rendered":"F\u00e4hrt Thomas erneut in Gelb nach Paris?"},"content":{"rendered":"\t\t<div data-elementor-type=\"wp-post\" data-elementor-id=\"24931\" class=\"elementor elementor-24931 elementor-bc-flex-widget\">\n\t\t\t\t\t\t<section class=\"elementor-section elementor-top-section elementor-element elementor-element-227548b elementor-section-boxed elementor-section-height-default elementor-section-height-default\" data-id=\"227548b\" data-element_type=\"section\">\n\t\t\t\t\t\t<div class=\"elementor-container elementor-column-gap-default\">\n\t\t\t\t\t<div class=\"elementor-column elementor-col-100 elementor-top-column elementor-element elementor-element-9d08bce\" data-id=\"9d08bce\" data-element_type=\"column\">\n\t\t\t<div class=\"elementor-widget-wrap elementor-element-populated\">\n\t\t\t\t\t\t<div class=\"elementor-element elementor-element-d628786 elementor-widget elementor-widget-text-editor\" data-id=\"d628786\" data-element_type=\"widget\" data-widget_type=\"text-editor.default\">\n\t\t\t\t<div class=\"elementor-widget-container\">\n\t\t\t\t\t\t\t\t\t<p>Drei Wochen lang sind wieder die Sportler auf den Rennr\u00e4dern die Helden auf Frankreichs Stra\u00dfen. Bis sie endlich Ende Juli \u00fcber die Alleen und Kopfsteinpflaster von Paris rollen d\u00fcrfen, haben sie \u00fcber 3400 Kilometer in den Beinen. 23 Tage am St\u00fcck, unterbrochen nur von zwei Ruhetagen, radeln sie mit ihren extrem schmalen Reifen t\u00e4glich bis zu sechs Stunden lang. Es gehen 22 Teams in Br\u00fcssel an den Start. Jedes ist acht Fahrer stark. Und jeder Radler geht mit unterschiedlichen Zielen ins Rennen. Gelbes Trikot f\u00fcr die Gesamtwertung, Gr\u00fcnes f\u00fcr die Sprintwertung oder Rotgepunktes f\u00fcr die Bergwertung. Oder das Wei\u00dfe Trikot f\u00fcr den besten Nachwuchsfahrer. Vielleicht hat man aber auch &#8222;nur&#8220; das Ziel, mindestens eine Etappe zu gewinnen.<\/p>\t\t\t\t\t\t\t\t<\/div>\n\t\t\t\t<\/div>\n\t\t\t\t\t<\/div>\n\t\t<\/div>\n\t\t\t\t\t<\/div>\n\t\t<\/section>\n\t\t\t\t<section class=\"elementor-section elementor-top-section elementor-element elementor-element-7a95501c elementor-section-boxed elementor-section-height-default elementor-section-height-default\" data-id=\"7a95501c\" data-element_type=\"section\">\n\t\t\t\t\t\t<div class=\"elementor-container elementor-column-gap-default\">\n\t\t\t\t\t<div class=\"elementor-column elementor-col-100 elementor-top-column elementor-element elementor-element-2ddbff0f\" data-id=\"2ddbff0f\" data-element_type=\"column\">\n\t\t\t<div class=\"elementor-widget-wrap elementor-element-populated\">\n\t\t\t\t\t\t<div class=\"elementor-element elementor-element-43a235d5 elementor-position-left elementor-view-default elementor-mobile-position-top elementor-widget elementor-widget-icon-box\" data-id=\"43a235d5\" data-element_type=\"widget\" data-widget_type=\"icon-box.default\">\n\t\t\t\t<div class=\"elementor-widget-container\">\n\t\t\t\t\t\t\t<div class=\"elementor-icon-box-wrapper\">\n\n\t\t\t\t\t\t<div class=\"elementor-icon-box-icon\">\n\t\t\t\t<span  class=\"elementor-icon\">\n\t\t\t\t<i class=\"fa fa-tv\" aria-hidden=\"true\"><\/i>\t\t\t\t<\/span>\n\t\t\t<\/div>\n\t\t\t\n\t\t\t\t\t\t<div class=\"elementor-icon-box-content\">\n\n\t\t\t\t\t\t\t\t\t<h3 class=\"elementor-icon-box-title\">\n\t\t\t\t\t\t<span  >\n\t\t\t\t\t\t\tTour de France im TV oder Livestream\t\t\t\t\t\t<\/span>\n\t\t\t\t\t<\/h3>\n\t\t\t\t\n\t\t\t\t\t\t\t\t\t<p class=\"elementor-icon-box-description\">\n\t\t\t\t\t\tZu sehen gibt es die Etappen live in der <b>ARD<\/b> und bei <b>Eurosport<\/b>.\t\t\t\t\t<\/p>\n\t\t\t\t\n\t\t\t<\/div>\n\t\t\t\n\t\t<\/div>\n\t\t\t\t\t\t<\/div>\n\t\t\t\t<\/div>\n\t\t\t\t\t<\/div>\n\t\t<\/div>\n\t\t\t\t\t<\/div>\n\t\t<\/section>\n\t\t\t\t<section class=\"elementor-section elementor-top-section elementor-element elementor-element-fee1dd1 elementor-section-boxed elementor-section-height-default elementor-section-height-default\" data-id=\"fee1dd1\" data-element_type=\"section\">\n\t\t\t\t\t\t<div class=\"elementor-container elementor-column-gap-default\">\n\t\t\t\t\t<div class=\"elementor-column elementor-col-100 elementor-top-column elementor-element elementor-element-f3ac217\" data-id=\"f3ac217\" data-element_type=\"column\">\n\t\t\t<div class=\"elementor-widget-wrap elementor-element-populated\">\n\t\t\t\t\t\t<div class=\"elementor-element elementor-element-871de2b elementor-widget elementor-widget-text-editor\" data-id=\"871de2b\" data-element_type=\"widget\" data-widget_type=\"text-editor.default\">\n\t\t\t\t<div class=\"elementor-widget-container\">\n\t\t\t\t\t\t\t\t\t<h2>Vorjahressieger Geraint Thomas<\/h2><p> Der Brite vom Team Ineos sollte letztes Jahr eigentlich Teamkollege Chris Froome zum vierten Toursieg in Folge verhelfen. Doch da besser in Form als sein Landsmann, durfte Thomas selbst nach dem Gelben greifen. Das gelang ihm eindrucksvoll, am Ende hatte er in Paris 1:51 Minuten Vorsprung auf den Niederl\u00e4nder Tom Dumoulin. Sowie 2:24 Minuten auf Titelverteidiger Froome. Jetzt ist er wieder ein Anw\u00e4rter auf den Gesamtsieg. Zumal drei der besten f\u00fcnf des Vorjahres nicht am Start sind. Dumoulin hat sich von einem Unfall beim diesj\u00e4hrigen Giro noch nicht wieder erholt. Teamkollege Froome zog sich schwere Verletzungen beim Sturz in der Vorbereitung aufs Crit\u00e9rium du Dauphin\u00e9 zu. Der Vierte <span class=\"tname\">Primoz Roglic sollte eigentlich dabei sein, wurde jedoch von seinem Team Jumbo-Visma nicht f\u00fcr die Tour nominiert. Beim Giro im Mai hat der Slowene wohl zu viele K\u00f6rner gelassen. <\/span><\/p>\t\t\t\t\t\t\t\t<\/div>\n\t\t\t\t<\/div>\n\t\t\t\t\t<\/div>\n\t\t<\/div>\n\t\t\t\t\t<\/div>\n\t\t<\/section>\n\t\t\t\t<section class=\"elementor-section elementor-top-section elementor-element elementor-element-1766c8d elementor-section-boxed elementor-section-height-default elementor-section-height-default\" data-id=\"1766c8d\" data-element_type=\"section\">\n\t\t\t\t\t\t<div class=\"elementor-container elementor-column-gap-default\">\n\t\t\t\t\t<div class=\"elementor-column elementor-col-100 elementor-top-column elementor-element elementor-element-0b1fa98\" data-id=\"0b1fa98\" data-element_type=\"column\">\n\t\t\t<div class=\"elementor-widget-wrap elementor-element-populated\">\n\t\t\t\t\t\t<div class=\"elementor-element elementor-element-5de9082 elementor-widget elementor-widget-text-editor\" data-id=\"5de9082\" data-element_type=\"widget\" data-widget_type=\"text-editor.default\">\n\t\t\t\t<div class=\"elementor-widget-container\">\n\t\t\t\t\t\t\t\t\t<h2>Egan Bernal in Gelb?<\/h2><p> Der erst 22 Jahre alte Kolumbianer ist der Mann der Stunde im Radsport. Bereits zwei Rundfahrten hat er in diesem Jahr gewonnen. Der Fahrer vom Team Ineos war bei Paris-Nizza der Schnellste. Im M\u00e4rz f\u00fchrte diese Rundfahrt \u00fcber acht Etappen. Und dann zuletzt im Juni bei der Tour de Suisse. Hier hatte Bernal nach neun Etappen 19 Sekunden Vorsprung vor Rohan Dennis vom Team Bahrain-Merida. Durch diesen Erfolg sehen die Experten ihn als gr\u00f6\u00dften Herausforderer des letztj\u00e4hrigen Toursiegers Thomas. Allerdings ist es seine erste Schleife durch Frankreich. Deswegen muss man erst einmal abwarten, wie der junge Radprofi mit der dreiw\u00f6chigen Belastung zurechtkommt.<\/p>\t\t\t\t\t\t\t\t<\/div>\n\t\t\t\t<\/div>\n\t\t\t\t\t<\/div>\n\t\t<\/div>\n\t\t\t\t\t<\/div>\n\t\t<\/section>\n\t\t\t\t<section class=\"elementor-section elementor-top-section elementor-element elementor-element-ebc872e elementor-section-boxed elementor-section-height-default elementor-section-height-default\" data-id=\"ebc872e\" data-element_type=\"section\">\n\t\t\t\t\t\t<div class=\"elementor-container elementor-column-gap-default\">\n\t\t\t\t\t<div class=\"elementor-column elementor-col-100 elementor-top-column elementor-element elementor-element-7fb4f4c\" data-id=\"7fb4f4c\" data-element_type=\"column\">\n\t\t\t<div class=\"elementor-widget-wrap elementor-element-populated\">\n\t\t\t\t\t\t<div class=\"elementor-element elementor-element-1c0b397 elementor-widget elementor-widget-text-editor\" data-id=\"1c0b397\" data-element_type=\"widget\" data-widget_type=\"text-editor.default\">\n\t\t\t\t<div class=\"elementor-widget-container\">\n\t\t\t\t\t\t\t\t\t<h2>Jakob Fuglsang \u2013 der neue Riis?<\/h2><p> 1996 gewann der D\u00e4ne Bj\u00e4rne Riis die Tour. Nun k\u00f6nnte ein 34 Jahre alter Landsmann in seinen Spuren radeln. Jakob Fuglsang vom Team Astana hat sich mit seinem Erfolg beim Crit\u00e9rium du Dauphin\u00e9 in den Favoritenkreis gefahren. Nach den acht Etappen der franz\u00f6sischen Rundfahrt hatte er 20 Sekunden Vorsprung auf Tejay Van Garderen vom Team Education First. Der deutsche <strong>Emanuel Buchmann<\/strong> von Bora-Hansgrohe wurde \u00fcbrigens Dritter und peilt bei der Tour einen Platz in den Top 5 an. <\/p><h2>Heimvorteil f\u00fcr Thibaut Pinot<\/h2><p> Der Franzose Pinot kommt mit der Auszeichnung f\u00fcnfter Platz beim Crit\u00e9rium du Dauphin\u00e9 zur Tour. Letztes Jahr musste er beim &#8222;Heimrennen&#8220; passen; eine Lungenentz\u00fcndung verdonnerte ihn zum Fernsehzuschauer. Jetzt ist dem Kletterspezialist einiges zuzutrauen. Zumal sein Team Groupama-FDJ in diesem Jahr Sprinter Arnaud D\u00e9mare nicht nominierte. Seine sieben Teamkollegen k\u00f6nnen sich also komplett auf die Unterst\u00fctzung ihres Kapit\u00e4ns Pinot konzentrieren.<\/p>\t\t\t\t\t\t\t\t<\/div>\n\t\t\t\t<\/div>\n\t\t\t\t\t<\/div>\n\t\t<\/div>\n\t\t\t\t\t<\/div>\n\t\t<\/section>\n\t\t\t\t<section class=\"elementor-section elementor-top-section elementor-element elementor-element-0c2789e elementor-section-boxed elementor-section-height-default elementor-section-height-default\" data-id=\"0c2789e\" data-element_type=\"section\">\n\t\t\t\t\t\t<div class=\"elementor-container elementor-column-gap-default\">\n\t\t\t\t\t<div class=\"elementor-column elementor-col-100 elementor-top-column elementor-element elementor-element-680c454\" data-id=\"680c454\" data-element_type=\"column\">\n\t\t\t<div class=\"elementor-widget-wrap elementor-element-populated\">\n\t\t\t\t\t\t<div class=\"elementor-element elementor-element-950832d elementor-align-center elementor-widget elementor-widget-button\" data-id=\"950832d\" data-element_type=\"widget\" data-widget_type=\"button.default\">\n\t\t\t\t<div class=\"elementor-widget-container\">\n\t\t\t\t\t\t\t\t\t<div class=\"elementor-button-wrapper\">\n\t\t\t\t\t<a class=\"elementor-button elementor-button-link elementor-size-md\" href=\"https:\/\/oddset.de\/blog\/tour-de-france\/\">\n\t\t\t\t\t\t<span class=\"elementor-button-content-wrapper\">\n\t\t\t\t\t\t<span class=\"elementor-button-icon\">\n\t\t\t\t\t\t\t\t\t<i class=\"fa fa-info-circle\" aria-hidden=\"true\"><\/i>\n\t\t\t\t\t\t\t<\/span>\n\t\t\t\t\t\t\t\t\t<span class=\"elementor-button-text\">Mehr zur Tour<\/span>\n\t\t\t\t\t<\/span>\n\t\t\t\t\t<\/a>\n\t\t\t\t<\/div>\n\t\t\t\t\t\t\t\t<\/div>\n\t\t\t\t<\/div>\n\t\t\t\t\t<\/div>\n\t\t<\/div>\n\t\t\t\t\t<\/div>\n\t\t<\/section>\n\t\t\t\t<\/div>\n\t\t","protected":false},"excerpt":{"rendered":"<p>Drei Wochen lang sind wieder die Sportler auf den Rennr\u00e4dern die Helden auf Frankreichs Stra\u00dfen. Bis sie endlich Ende Juli \u00fcber die Alleen und Kopfsteinpflaster von Paris rollen d\u00fcrfen, haben sie \u00fcber 3400 Kilometer in den Beinen. 23 Tage am St\u00fcck, unterbrochen nur von zwei Ruhetagen, radeln sie mit ihren extrem schmalen Reifen t\u00e4glich bis [&hellip;]<\/p>\n","protected":false},"author":21,"featured_media":24932,"comment_status":"closed","ping_status":"closed","sticky":false,"template":"","format":"standard","meta":{"_acf_changed":false,"footnotes":""},"categories":[578],"tags":[966,1238,583],"class_list":["post-24931","post","type-post","status-publish","format-standard","has-post-thumbnail","hentry","category-tour-de-france","tag-gelbes-trikot","tag-geraint-thomas","tag-tour-de-france"],"acf":[],"yoast_head":"<!-- This site is optimized with the Yoast SEO plugin v26.0 - https:\/\/yoast.com\/wordpress\/plugins\/seo\/ -->\n<title>F\u00e4hrt Thomas erneut in Gelb nach Paris? - ODDSET<\/title>\n<meta name=\"description\" content=\"\u2730 Tour de France 2019 \u2730 Gelbes Trikot nach Paris ( Bernal 2,75 | Thomas 3,5 | Fuglsang 6,5 | Yates 11 | Quintana 16 | Porte 16 | Pinot 18 ... ) Tour de France ODDSET Wetten \u2705 Quoten \u2705 Tipps \u2705 H2H \u2705 Vorschau \u2705 JETZT ODDSET wetten bei LOTTO \u27a4\" \/>\n<meta name=\"robots\" content=\"index, follow, max-snippet:-1, max-image-preview:large, max-video-preview:-1\" \/>\n<link rel=\"canonical\" href=\"https:\/\/www.oddset.de\/blog\/radsport\/tour-de-france\/faehrt-thomas-erneut-in-gelb-nach-paris\/\" \/>\n<meta property=\"og:locale\" content=\"de_DE\" \/>\n<meta property=\"og:type\" content=\"article\" \/>\n<meta property=\"og:title\" content=\"F\u00e4hrt Thomas erneut in Gelb nach Paris? - ODDSET\" \/>\n<meta property=\"og:description\" content=\"\u2730 Tour de France 2019 \u2730 Gelbes Trikot nach Paris ( Bernal 2,75 | Thomas 3,5 | Fuglsang 6,5 | Yates 11 | Quintana 16 | Porte 16 | Pinot 18 ... ) Tour de France ODDSET Wetten \u2705 Quoten \u2705 Tipps \u2705 H2H \u2705 Vorschau \u2705 JETZT ODDSET wetten bei LOTTO \u27a4\" \/>\n<meta property=\"og:url\" content=\"https:\/\/www.oddset.de\/blog\/radsport\/tour-de-france\/faehrt-thomas-erneut-in-gelb-nach-paris\/\" \/>\n<meta property=\"og:site_name\" content=\"ODDSET FANZONE\" \/>\n<meta property=\"article:publisher\" content=\"https:\/\/www.facebook.com\/ODDSETwetten\/\" \/>\n<meta property=\"article:published_time\" content=\"2019-07-12T10:39:33+00:00\" \/>\n<meta property=\"article:modified_time\" content=\"2019-07-17T07:07:28+00:00\" \/>\n<meta property=\"og:image\" content=\"https:\/\/www.oddset.de\/blog\/wp-content\/uploads\/2019\/07\/tour-de-france.jpg\" \/>\n\t<meta property=\"og:image:width\" content=\"1024\" \/>\n\t<meta property=\"og:image:height\" content=\"640\" \/>\n\t<meta property=\"og:image:type\" content=\"image\/jpeg\" \/>\n<meta name=\"author\" content=\"Burkhard Gru\u00df\" \/>\n<meta name=\"twitter:card\" content=\"summary_large_image\" \/>\n<meta name=\"twitter:creator\" content=\"@ODDSETsport\" \/>\n<meta name=\"twitter:site\" content=\"@ODDSETsport\" \/>\n<meta name=\"twitter:label1\" content=\"Verfasst von\" \/>\n\t<meta name=\"twitter:data1\" content=\"Burkhard Gru\u00df\" \/>\n\t<meta name=\"twitter:label2\" content=\"Gesch\u00e4tzte Lesezeit\" \/>\n\t<meta name=\"twitter:data2\" content=\"3\u00a0Minuten\" \/>\n<!-- \/ Yoast SEO plugin. -->","yoast_head_json":{"title":"F\u00e4hrt Thomas erneut in Gelb nach Paris? - ODDSET","description":"\u2730 Tour de France 2019 \u2730 Gelbes Trikot nach Paris ( Bernal 2,75 | Thomas 3,5 | Fuglsang 6,5 | Yates 11 | Quintana 16 | Porte 16 | Pinot 18 ... ) Tour de France ODDSET Wetten \u2705 Quoten \u2705 Tipps \u2705 H2H \u2705 Vorschau \u2705 JETZT ODDSET wetten bei LOTTO \u27a4","robots":{"index":"index","follow":"follow","max-snippet":"max-snippet:-1","max-image-preview":"max-image-preview:large","max-video-preview":"max-video-preview:-1"},"canonical":"https:\/\/www.oddset.de\/blog\/radsport\/tour-de-france\/faehrt-thomas-erneut-in-gelb-nach-paris\/","og_locale":"de_DE","og_type":"article","og_title":"F\u00e4hrt Thomas erneut in Gelb nach Paris? - ODDSET","og_description":"\u2730 Tour de France 2019 \u2730 Gelbes Trikot nach Paris ( Bernal 2,75 | Thomas 3,5 | Fuglsang 6,5 | Yates 11 | Quintana 16 | Porte 16 | Pinot 18 ... ) Tour de France ODDSET Wetten \u2705 Quoten \u2705 Tipps \u2705 H2H \u2705 Vorschau \u2705 JETZT ODDSET wetten bei LOTTO \u27a4","og_url":"https:\/\/www.oddset.de\/blog\/radsport\/tour-de-france\/faehrt-thomas-erneut-in-gelb-nach-paris\/","og_site_name":"ODDSET FANZONE","article_publisher":"https:\/\/www.facebook.com\/ODDSETwetten\/","article_published_time":"2019-07-12T10:39:33+00:00","article_modified_time":"2019-07-17T07:07:28+00:00","og_image":[{"width":1024,"height":640,"url":"https:\/\/www.oddset.de\/blog\/wp-content\/uploads\/2019\/07\/tour-de-france.jpg","type":"image\/jpeg"}],"author":"Burkhard Gru\u00df","twitter_card":"summary_large_image","twitter_creator":"@ODDSETsport","twitter_site":"@ODDSETsport","twitter_misc":{"Verfasst von":"Burkhard Gru\u00df","Gesch\u00e4tzte Lesezeit":"3\u00a0Minuten"},"schema":{"@context":"https:\/\/schema.org","@graph":[{"@type":"Article","@id":"https:\/\/www.oddset.de\/blog\/radsport\/tour-de-france\/faehrt-thomas-erneut-in-gelb-nach-paris\/#article","isPartOf":{"@id":"https:\/\/www.oddset.de\/blog\/radsport\/tour-de-france\/faehrt-thomas-erneut-in-gelb-nach-paris\/"},"author":{"name":"Burkhard Gru\u00df","@id":"https:\/\/www.oddset.de\/blog\/#\/schema\/person\/271af54cf9072f7b7015b57c2dab6fba"},"headline":"F\u00e4hrt Thomas erneut in Gelb nach Paris?","datePublished":"2019-07-12T10:39:33+00:00","dateModified":"2019-07-17T07:07:28+00:00","mainEntityOfPage":{"@id":"https:\/\/www.oddset.de\/blog\/radsport\/tour-de-france\/faehrt-thomas-erneut-in-gelb-nach-paris\/"},"wordCount":582,"publisher":{"@id":"https:\/\/www.oddset.de\/blog\/#organization"},"image":{"@id":"https:\/\/www.oddset.de\/blog\/radsport\/tour-de-france\/faehrt-thomas-erneut-in-gelb-nach-paris\/#primaryimage"},"thumbnailUrl":"https:\/\/www.oddset.de\/blog\/wp-content\/uploads\/2019\/07\/tour-de-france.jpg","keywords":["Gelbes Trikot","Geraint Thomas","Tour de France"],"articleSection":["Tour de France"],"inLanguage":"de"},{"@type":"WebPage","@id":"https:\/\/www.oddset.de\/blog\/radsport\/tour-de-france\/faehrt-thomas-erneut-in-gelb-nach-paris\/","url":"https:\/\/www.oddset.de\/blog\/radsport\/tour-de-france\/faehrt-thomas-erneut-in-gelb-nach-paris\/","name":"F\u00e4hrt Thomas erneut in Gelb nach Paris? - ODDSET","isPartOf":{"@id":"https:\/\/www.oddset.de\/blog\/#website"},"primaryImageOfPage":{"@id":"https:\/\/www.oddset.de\/blog\/radsport\/tour-de-france\/faehrt-thomas-erneut-in-gelb-nach-paris\/#primaryimage"},"image":{"@id":"https:\/\/www.oddset.de\/blog\/radsport\/tour-de-france\/faehrt-thomas-erneut-in-gelb-nach-paris\/#primaryimage"},"thumbnailUrl":"https:\/\/www.oddset.de\/blog\/wp-content\/uploads\/2019\/07\/tour-de-france.jpg","datePublished":"2019-07-12T10:39:33+00:00","dateModified":"2019-07-17T07:07:28+00:00","description":"\u2730 Tour de France 2019 \u2730 Gelbes Trikot nach Paris ( Bernal 2,75 | Thomas 3,5 | Fuglsang 6,5 | Yates 11 | Quintana 16 | Porte 16 | Pinot 18 ... ) Tour de France ODDSET Wetten \u2705 Quoten \u2705 Tipps \u2705 H2H \u2705 Vorschau \u2705 JETZT ODDSET wetten bei LOTTO \u27a4","breadcrumb":{"@id":"https:\/\/www.oddset.de\/blog\/radsport\/tour-de-france\/faehrt-thomas-erneut-in-gelb-nach-paris\/#breadcrumb"},"inLanguage":"de","potentialAction":[{"@type":"ReadAction","target":["https:\/\/www.oddset.de\/blog\/radsport\/tour-de-france\/faehrt-thomas-erneut-in-gelb-nach-paris\/"]}]},{"@type":"ImageObject","inLanguage":"de","@id":"https:\/\/www.oddset.de\/blog\/radsport\/tour-de-france\/faehrt-thomas-erneut-in-gelb-nach-paris\/#primaryimage","url":"https:\/\/www.oddset.de\/blog\/wp-content\/uploads\/2019\/07\/tour-de-france.jpg","contentUrl":"https:\/\/www.oddset.de\/blog\/wp-content\/uploads\/2019\/07\/tour-de-france.jpg","width":1024,"height":640,"caption":"Erneut in Gelb durch Paris? Geraint Thomas, Toursieger 2018"},{"@type":"BreadcrumbList","@id":"https:\/\/www.oddset.de\/blog\/radsport\/tour-de-france\/faehrt-thomas-erneut-in-gelb-nach-paris\/#breadcrumb","itemListElement":[{"@type":"ListItem","position":1,"name":"Startseite","item":"https:\/\/www.oddset.de\/blog\/"},{"@type":"ListItem","position":2,"name":"F\u00e4hrt Thomas erneut in Gelb nach Paris?"}]},{"@type":"WebSite","@id":"https:\/\/www.oddset.de\/blog\/#website","url":"https:\/\/www.oddset.de\/blog\/","name":"ODDSET FANZONE","description":"Der Fu\u00dfball &amp; Sportwetten Blog","publisher":{"@id":"https:\/\/www.oddset.de\/blog\/#organization"},"potentialAction":[{"@type":"SearchAction","target":{"@type":"EntryPoint","urlTemplate":"https:\/\/www.oddset.de\/blog\/?s={search_term_string}"},"query-input":{"@type":"PropertyValueSpecification","valueRequired":true,"valueName":"search_term_string"}}],"inLanguage":"de"},{"@type":"Organization","@id":"https:\/\/www.oddset.de\/blog\/#organization","name":"ODDSET FANZONE","url":"https:\/\/www.oddset.de\/blog\/","logo":{"@type":"ImageObject","inLanguage":"de","@id":"https:\/\/www.oddset.de\/blog\/#\/schema\/logo\/image\/","url":"https:\/\/www.oddset.de\/blog\/wp-content\/uploads\/2020\/05\/tb_logo.png","contentUrl":"https:\/\/www.oddset.de\/blog\/wp-content\/uploads\/2020\/05\/tb_logo.png","width":1171,"height":400,"caption":"ODDSET FANZONE"},"image":{"@id":"https:\/\/www.oddset.de\/blog\/#\/schema\/logo\/image\/"},"sameAs":["https:\/\/www.facebook.com\/ODDSETwetten\/","https:\/\/x.com\/ODDSETsport","https:\/\/www.youtube.com\/channel\/UC_vWGAocu28RqdyhzCPf9ZQ"]},{"@type":"Person","@id":"https:\/\/www.oddset.de\/blog\/#\/schema\/person\/271af54cf9072f7b7015b57c2dab6fba","name":"Burkhard Gru\u00df","image":{"@type":"ImageObject","inLanguage":"de","@id":"https:\/\/www.oddset.de\/blog\/#\/schema\/person\/image\/","url":"https:\/\/www.oddset.de\/blog\/wp-content\/uploads\/2022\/06\/zlatan-150x150.jpg","contentUrl":"https:\/\/www.oddset.de\/blog\/wp-content\/uploads\/2022\/06\/zlatan-150x150.jpg","caption":"Burkhard Gru\u00df"},"description":"Am 14. November 2012 besiegte Schweden in einem Freundschaftskick England. 4:2 \u2013 s\u00e4mtliche 4 Tore erzielte Zlatan Ibrahimovic f\u00fcr die Wikinger. Sein 4:2 war f\u00fcr mich das Tor des Jahrzehnts. Mit einem Fallr\u00fcckzieher aus \u00fcber 30 Metern Entfernung drosch er den Ball in die Maschen. Sensationell! Mit seinem phantastischen Treffer nutzte er einen Fehler des englischen Keepers Joe Hart. Keine Ahnung, wie oft ich mir dieses Tor auf Video angesehen habe. Immer wieder wundersch\u00f6n. Und f\u00fcr mich unvergesslich. Danke Zlatan f\u00fcr diesen tollen Sportmoment! Selbst trete ich gelegentlich auch gegen den Ball. Aber nicht ansatzweise so gut wie Ibra. Daf\u00fcr begleite ich ihn und seine Kollegen seit vielen Jahren journalistisch bis runter in den Amateurbereich. Auch mit anderen Teamsportarten besch\u00e4ftige ich mich beruflich. Genauso wie mit Radsportlern der Tour de France, Bezwingern der Streif in Kitzb\u00fchel oder olympischen Zehnk\u00e4mpfern. Mich interessiert eben alles rund um den Sport.","url":"https:\/\/www.oddset.de\/blog\/blogger\/burkhard-gruss\/"}]}},"amp_enabled":true,"_links":{"self":[{"href":"https:\/\/www.oddset.de\/blog\/wp-json\/wp\/v2\/posts\/24931","targetHints":{"allow":["GET"]}}],"collection":[{"href":"https:\/\/www.oddset.de\/blog\/wp-json\/wp\/v2\/posts"}],"about":[{"href":"https:\/\/www.oddset.de\/blog\/wp-json\/wp\/v2\/types\/post"}],"author":[{"embeddable":true,"href":"https:\/\/www.oddset.de\/blog\/wp-json\/wp\/v2\/users\/21"}],"replies":[{"embeddable":true,"href":"https:\/\/www.oddset.de\/blog\/wp-json\/wp\/v2\/comments?post=24931"}],"version-history":[{"count":27,"href":"https:\/\/www.oddset.de\/blog\/wp-json\/wp\/v2\/posts\/24931\/revisions"}],"predecessor-version":[{"id":26262,"href":"https:\/\/www.oddset.de\/blog\/wp-json\/wp\/v2\/posts\/24931\/revisions\/26262"}],"wp:featuredmedia":[{"embeddable":true,"href":"https:\/\/www.oddset.de\/blog\/wp-json\/wp\/v2\/media\/24932"}],"wp:attachment":[{"href":"https:\/\/www.oddset.de\/blog\/wp-json\/wp\/v2\/media?parent=24931"}],"wp:term":[{"taxonomy":"category","embeddable":true,"href":"https:\/\/www.oddset.de\/blog\/wp-json\/wp\/v2\/categories?post=24931"},{"taxonomy":"post_tag","embeddable":true,"href":"https:\/\/www.oddset.de\/blog\/wp-json\/wp\/v2\/tags?post=24931"}],"curies":[{"name":"wp","href":"https:\/\/api.w.org\/{rel}","templated":true}]}}