{"id":20898,"date":"2019-02-08T16:23:45","date_gmt":"2019-02-08T15:23:45","guid":{"rendered":"https:\/\/fanzone.oddset.de\/?p=20898"},"modified":"2019-02-08T22:49:42","modified_gmt":"2019-02-08T21:49:42","slug":"ski-wm-schnappt-sich-paris-auch-die-abfahrt","status":"publish","type":"post","link":"https:\/\/www.oddset.de\/blog\/wintersport\/ski-alpin\/ski-wm-schnappt-sich-paris-auch-die-abfahrt\/","title":{"rendered":"Ski-WM: Schnappt sich Paris auch die Abfahrt?"},"content":{"rendered":"\t\t<div data-elementor-type=\"wp-post\" data-elementor-id=\"20898\" class=\"elementor elementor-20898 elementor-bc-flex-widget\">\n\t\t\t\t\t\t<section class=\"elementor-section elementor-top-section elementor-element elementor-element-fbb1732 elementor-section-boxed elementor-section-height-default elementor-section-height-default\" data-id=\"fbb1732\" data-element_type=\"section\">\n\t\t\t\t\t\t<div class=\"elementor-container elementor-column-gap-default\">\n\t\t\t\t\t<div class=\"elementor-column elementor-col-100 elementor-top-column elementor-element elementor-element-c19e56b\" data-id=\"c19e56b\" data-element_type=\"column\">\n\t\t\t<div class=\"elementor-widget-wrap elementor-element-populated\">\n\t\t\t\t\t\t<div class=\"elementor-element elementor-element-3b9b7b5 elementor-widget elementor-widget-text-editor\" data-id=\"3b9b7b5\" data-element_type=\"widget\" data-widget_type=\"text-editor.default\">\n\t\t\t\t<div class=\"elementor-widget-container\">\n\t\t\t\t\t\t\t\t\t<p>In den letzten Tagen hat sich Dominik Paris zum hei\u00dfesten Anw\u00e4rter auf Gold in der Abfahrt gemausert. Denn dem Italiener scheint der schwedische Schnee am besten zu liegen. Zuerst fuhr er am Mittwoch aufs oberste Stockerl im Super G. Das ist bei den alpinen nach der Abfahrt die zweitschnellste Disziplin. Und dann war er auch beim Abschlusstraining am Freitagmittag der schnellste Abfahrer. Sieht beinahe so aus, als k\u00f6nnte sich der 29 Jahre alte S\u00fcdtiroler nur selbst schlagen.<\/p>\t\t\t\t\t\t\t\t<\/div>\n\t\t\t\t<\/div>\n\t\t\t\t\t<\/div>\n\t\t<\/div>\n\t\t\t\t\t<\/div>\n\t\t<\/section>\n\t\t\t\t<section class=\"elementor-section elementor-top-section elementor-element elementor-element-32f810d9 elementor-section-boxed elementor-section-height-default elementor-section-height-default\" data-id=\"32f810d9\" data-element_type=\"section\">\n\t\t\t\t\t\t<div class=\"elementor-container elementor-column-gap-default\">\n\t\t\t\t\t<div class=\"elementor-column elementor-col-100 elementor-top-column elementor-element elementor-element-10750c11\" data-id=\"10750c11\" data-element_type=\"column\">\n\t\t\t<div class=\"elementor-widget-wrap elementor-element-populated\">\n\t\t\t\t\t\t<div class=\"elementor-element elementor-element-4f1a6f5c elementor-position-left elementor-view-default elementor-mobile-position-top elementor-widget elementor-widget-icon-box\" data-id=\"4f1a6f5c\" data-element_type=\"widget\" data-widget_type=\"icon-box.default\">\n\t\t\t\t<div class=\"elementor-widget-container\">\n\t\t\t\t\t\t\t<div class=\"elementor-icon-box-wrapper\">\n\n\t\t\t\t\t\t<div class=\"elementor-icon-box-icon\">\n\t\t\t\t<span  class=\"elementor-icon\">\n\t\t\t\t<i class=\"fa fa-tv\" aria-hidden=\"true\"><\/i>\t\t\t\t<\/span>\n\t\t\t<\/div>\n\t\t\t\n\t\t\t\t\t\t<div class=\"elementor-icon-box-content\">\n\n\t\t\t\t\t\t\t\t\t<h3 class=\"elementor-icon-box-title\">\n\t\t\t\t\t\t<span  >\n\t\t\t\t\t\t\tDie Abfahrt der Herren im TV oder Livestream\t\t\t\t\t\t<\/span>\n\t\t\t\t\t<\/h3>\n\t\t\t\t\n\t\t\t\t\t\t\t\t\t<p class=\"elementor-icon-box-description\">\n\t\t\t\t\t\tZu sehen live ab <b>12:20 Uhr<\/b> in der <b>ARD<\/b> und bei <b>Eurosport<\/b>.\t\t\t\t\t<\/p>\n\t\t\t\t\n\t\t\t<\/div>\n\t\t\t\n\t\t<\/div>\n\t\t\t\t\t\t<\/div>\n\t\t\t\t<\/div>\n\t\t\t\t\t<\/div>\n\t\t<\/div>\n\t\t\t\t\t<\/div>\n\t\t<\/section>\n\t\t\t\t<section class=\"elementor-section elementor-top-section elementor-element elementor-element-02d2727 elementor-section-boxed elementor-section-height-default elementor-section-height-default\" data-id=\"02d2727\" data-element_type=\"section\">\n\t\t\t\t\t\t<div class=\"elementor-container elementor-column-gap-default\">\n\t\t\t\t\t<div class=\"elementor-column elementor-col-100 elementor-top-column elementor-element elementor-element-1a637f2\" data-id=\"1a637f2\" data-element_type=\"column\">\n\t\t\t<div class=\"elementor-widget-wrap elementor-element-populated\">\n\t\t\t\t\t\t<div class=\"elementor-element elementor-element-5e56e70 elementor-widget elementor-widget-text-editor\" data-id=\"5e56e70\" data-element_type=\"widget\" data-widget_type=\"text-editor.default\">\n\t\t\t\t<div class=\"elementor-widget-container\">\n\t\t\t\t\t\t\t\t\t<h2>Topfavorit Dominik Paris\/ITA | Siegquote 3,30<\/h2><p>Paris hat in diesem Winter bereits zwei Abfahrten gewonnen. Der S\u00fcdtiroler siegte in Bormio und in Kitzb\u00fchel. Damit liegt er in der Weltcupwertung der schnellen M\u00e4nner auf Rang zwei. Nicht zu vergessen sein Sieg vor wenigen Tagen im Super G. Und au\u00dferdem war er beim Abschlusstraining der schnellste. Mehr geht nicht, oder?<\/p><h2>Favorit Beat Feuz\/SUI | Siegquote 6,00<\/h2><p>Das Schweizer Kraftpaket ist als Weltcupf\u00fchrender in der Abfahrt nach Are gereist. Feuz ist der konstanteste Downhiller des Winters, gewinnen konnte er allerdings nur in Beaver Creek. Beim WM-Test im letzten Jahr wurde er in Are Dritter. Aktuell kommt er mit den schwedischen Verh\u00e4ltnissen noch nicht so gut zurecht. Im Super G nur Platz 18, beim Training nicht unter den ersten 25! Allerdings wird Feuz beim WM-Rennen sicherlich eine gro\u00dfe Sch\u00fcppe drauf legen.<\/p><h2>Favorit Vincent Kriechmayr\/AUT | Siegquote 6,00<\/h2><p>Der \u00d6sterreicher ist die Nummer vier in der Weltcupwertung der Abfahrer. Gewonnen hat der 27-J\u00e4hrige in diesem Winter das Lauberhornrennen in Wengen. Und im letzten Winter das Finale in Are \u2013 gemeinsam mit seinem zeitgleichen Teamkollegen Matthias Mayer. Mit zeitgleichen Rennausg\u00e4ngen kennt sich Kriechmayr bestens aus: Am Mittwoch fuhr er im Super G gemeinsam mit dem Franzosen Johan Clarey auf Platz zwei. Beide hatten nur 0,09 Sekunden R\u00fcckstand auf Sieger Paris. Im finalen Abfahrtstraining fuhr der \u00d6sterreicher \u00fcbrigens die siebtschnellste Zeit.<\/p>\t\t\t\t\t\t\t\t<\/div>\n\t\t\t\t<\/div>\n\t\t\t\t\t<\/div>\n\t\t<\/div>\n\t\t\t\t\t<\/div>\n\t\t<\/section>\n\t\t\t\t<section class=\"elementor-section elementor-top-section elementor-element elementor-element-f974b15 elementor-section-boxed elementor-section-height-default elementor-section-height-default\" data-id=\"f974b15\" data-element_type=\"section\">\n\t\t\t\t\t\t<div class=\"elementor-container elementor-column-gap-default\">\n\t\t\t\t\t<div class=\"elementor-column elementor-col-100 elementor-top-column elementor-element elementor-element-6845712\" data-id=\"6845712\" data-element_type=\"column\">\n\t\t\t<div class=\"elementor-widget-wrap elementor-element-populated\">\n\t\t\t\t\t\t<section class=\"elementor-section elementor-inner-section elementor-element elementor-element-e14db7c elementor-section-boxed elementor-section-height-default elementor-section-height-default\" data-id=\"e14db7c\" data-element_type=\"section\">\n\t\t\t\t\t\t<div class=\"elementor-container elementor-column-gap-default\">\n\t\t\t\t\t<div class=\"elementor-column elementor-col-50 elementor-inner-column elementor-element elementor-element-ea7d7b6\" data-id=\"ea7d7b6\" data-element_type=\"column\">\n\t\t\t<div class=\"elementor-widget-wrap elementor-element-populated\">\n\t\t\t\t\t\t<div class=\"elementor-element elementor-element-ed2dece elementor-widget elementor-widget-text-editor\" data-id=\"ed2dece\" data-element_type=\"widget\" data-widget_type=\"text-editor.default\">\n\t\t\t\t<div class=\"elementor-widget-container\">\n\t\t\t\t\t\t\t\t\t<h3>Die besten Abfahrer dieses Winters<\/h3>\n<div class=\"table-responsive\"><table  style=\"width:100%; \"  class=\"easy-table easy-table-default \" >\n<thead>\r\n<tr><th >PO<\/th>\n<th >Wer<\/th>\n<th >Land<\/th>\n<th >Punkte<\/th>\n<\/tr>\n<\/thead>\n<tbody>\r\n<tr><td >1)<\/td>\n<td >BeatFeuz<\/td>\n<td >SUI<\/td>\n<td >420<\/td>\n<\/tr>\n\r\n<tr><td >2)<\/td>\n<td >Dominik Paris<\/td>\n<td >ITA<\/td>\n<td >320<\/td>\n<\/tr>\n\r\n<tr><td >3)<\/td>\n<td >Christof Innerhofer<\/td>\n<td >ITA<\/td>\n<td >260<\/td>\n<\/tr>\n\r\n<tr><td >4)<\/td>\n<td >Vincent Kriechmayr<\/td>\n<td >AUT<\/td>\n<td >249<\/td>\n<\/tr>\n\r\n<tr><td >5)<\/td>\n<td >Aleksander Aamodt Kilde<\/td>\n<td >NOR<\/td>\n<td >228<\/td>\n<\/tr>\n<\/tbody><\/table><\/div>\t\t\t\t\t\t\t\t<\/div>\n\t\t\t\t<\/div>\n\t\t\t\t\t<\/div>\n\t\t<\/div>\n\t\t\t\t<div class=\"elementor-column elementor-col-50 elementor-inner-column elementor-element elementor-element-996c734\" data-id=\"996c734\" data-element_type=\"column\">\n\t\t\t<div class=\"elementor-widget-wrap elementor-element-populated\">\n\t\t\t\t\t\t<div class=\"elementor-element elementor-element-f7e1364 elementor-widget elementor-widget-text-editor\" data-id=\"f7e1364\" data-element_type=\"widget\" data-widget_type=\"text-editor.default\">\n\t\t\t\t<div class=\"elementor-widget-container\">\n\t\t\t\t\t\t\t\t\t<div class=\"table-responsive\"><table  style=\"width:100%; \"  class=\"easy-table easy-table-default \" >\n<thead>\r\n<tr><th >PO<\/th>\n<th >Wer<\/th>\n<th >Land<\/th>\n<th >Punkte<\/th>\n<\/tr>\n<\/thead>\n<tbody>\r\n<tr><td >6)<\/td>\n<td >Max Franz<\/td>\n<td >AUT<\/td>\n<td >222<\/td>\n<\/tr>\n\r\n<tr><td >&#8230;<\/td>\n<td ><\/td>\n<td ><\/td>\n<td ><\/td>\n<\/tr>\n\r\n<tr><td >8)<\/td>\n<td >Aksel Lund Svindal<\/td>\n<td >NOR<\/td>\n<td >200<\/td>\n<\/tr>\n\r\n<tr><td >9)<\/td>\n<td >Johan Clarey<\/td>\n<td >FRA<\/td>\n<td >188<\/td>\n<\/tr>\n\r\n<tr><td >&#8230;<\/td>\n<\/tr>\n\r\n<tr><td >14)<\/td>\n<td >Matthias Mayer<\/td>\n<td >AUT<\/td>\n<td >113<\/td>\n<\/tr>\n\r\n<tr><td >16)<\/td>\n<td >Josef Ferstl<\/td>\n<td >GER<\/td>\n<td >105<\/td>\n<\/tr>\n<\/tbody><\/table><\/div>\t\t\t\t\t\t\t\t<\/div>\n\t\t\t\t<\/div>\n\t\t\t\t\t<\/div>\n\t\t<\/div>\n\t\t\t\t\t<\/div>\n\t\t<\/section>\n\t\t\t\t\t<\/div>\n\t\t<\/div>\n\t\t\t\t\t<\/div>\n\t\t<\/section>\n\t\t\t\t<section class=\"elementor-section elementor-top-section elementor-element elementor-element-43c0297 elementor-section-boxed elementor-section-height-default elementor-section-height-default\" data-id=\"43c0297\" data-element_type=\"section\">\n\t\t\t\t\t\t<div class=\"elementor-container elementor-column-gap-default\">\n\t\t\t\t\t<div class=\"elementor-column elementor-col-100 elementor-top-column elementor-element elementor-element-c95dc17\" data-id=\"c95dc17\" data-element_type=\"column\">\n\t\t\t<div class=\"elementor-widget-wrap\">\n\t\t\t\t\t\t\t<\/div>\n\t\t<\/div>\n\t\t\t\t\t<\/div>\n\t\t<\/section>\n\t\t\t\t<section class=\"elementor-section elementor-top-section elementor-element elementor-element-ce5e379 elementor-section-boxed elementor-section-height-default elementor-section-height-default\" data-id=\"ce5e379\" data-element_type=\"section\">\n\t\t\t\t\t\t<div class=\"elementor-container elementor-column-gap-default\">\n\t\t\t\t\t<div class=\"elementor-column elementor-col-100 elementor-top-column elementor-element elementor-element-0ffcfb8\" data-id=\"0ffcfb8\" data-element_type=\"column\">\n\t\t\t<div class=\"elementor-widget-wrap\">\n\t\t\t\t\t\t\t<\/div>\n\t\t<\/div>\n\t\t\t\t\t<\/div>\n\t\t<\/section>\n\t\t\t\t<\/div>\n\t\t","protected":false},"excerpt":{"rendered":"<p>In den letzten Tagen hat sich Dominik Paris zum hei\u00dfesten Anw\u00e4rter auf Gold in der Abfahrt gemausert. Denn dem Italiener scheint der schwedische Schnee am besten zu liegen. Zuerst fuhr er am Mittwoch aufs oberste Stockerl im Super G. Das ist bei den alpinen nach der Abfahrt die zweitschnellste Disziplin. Und dann war er auch [&hellip;]<\/p>\n","protected":false},"author":21,"featured_media":20901,"comment_status":"closed","ping_status":"closed","sticky":false,"template":"","format":"standard","meta":{"_acf_changed":false,"footnotes":""},"categories":[199],"tags":[394,1138,1137,1136,200,1135],"class_list":["post-20898","post","type-post","status-publish","format-standard","has-post-thumbnail","hentry","category-ski-alpin","tag-abfahrt","tag-are","tag-dominik-paris","tag-downhill","tag-ski-alpin","tag-ski-wm"],"acf":[],"yoast_head":"<!-- This site is optimized with the Yoast SEO plugin v26.0 - https:\/\/yoast.com\/wordpress\/plugins\/seo\/ -->\n<title>Ski-WM: Schnappt sich Paris auch die Abfahrt? - ODDSET<\/title>\n<meta name=\"description\" content=\"ODDSET Wetten \u2705 Quoten \u2705 Tipps \u2705 H2H \u2705 Vorschau \u2705 zur alpinen Ski-WM in Are: \u2730 Abfahrt der Herren \u2730 ( Paris 3,30 | Feuz 6,00 | Kriechmayr 6,00 | Mayer 6,00 | Svindal 10,00 | Kilde 15,00 | Innerhofer 10,00 | Clarey 12,00 | Ferstl 50,00 ) \u2705 JETZT bei ODDSET auf die schnellsten Abfahrer der Welt wetten \u21db\" \/>\n<meta name=\"robots\" content=\"index, follow, max-snippet:-1, max-image-preview:large, max-video-preview:-1\" \/>\n<link rel=\"canonical\" href=\"https:\/\/www.oddset.de\/blog\/wintersport\/ski-alpin\/ski-wm-schnappt-sich-paris-auch-die-abfahrt\/\" \/>\n<meta property=\"og:locale\" content=\"de_DE\" \/>\n<meta property=\"og:type\" content=\"article\" \/>\n<meta property=\"og:title\" content=\"Ski-WM: Schnappt sich Paris auch die Abfahrt? - ODDSET\" \/>\n<meta property=\"og:description\" content=\"ODDSET Wetten \u2705 Quoten \u2705 Tipps \u2705 H2H \u2705 Vorschau \u2705 zur alpinen Ski-WM in Are: \u2730 Abfahrt der Herren \u2730 ( Paris 3,30 | Feuz 6,00 | Kriechmayr 6,00 | Mayer 6,00 | Svindal 10,00 | Kilde 15,00 | Innerhofer 10,00 | Clarey 12,00 | Ferstl 50,00 ) \u2705 JETZT bei ODDSET auf die schnellsten Abfahrer der Welt wetten \u21db\" \/>\n<meta property=\"og:url\" content=\"https:\/\/www.oddset.de\/blog\/wintersport\/ski-alpin\/ski-wm-schnappt-sich-paris-auch-die-abfahrt\/\" \/>\n<meta property=\"og:site_name\" content=\"ODDSET FANZONE\" \/>\n<meta property=\"article:publisher\" content=\"https:\/\/www.facebook.com\/ODDSETwetten\/\" \/>\n<meta property=\"article:published_time\" content=\"2019-02-08T15:23:45+00:00\" \/>\n<meta property=\"article:modified_time\" content=\"2019-02-08T21:49:42+00:00\" \/>\n<meta property=\"og:image\" content=\"https:\/\/www.oddset.de\/blog\/wp-content\/uploads\/2019\/02\/skialpin-wm-abfahrt-fz.jpg\" \/>\n\t<meta property=\"og:image:width\" content=\"1024\" \/>\n\t<meta property=\"og:image:height\" content=\"640\" \/>\n\t<meta property=\"og:image:type\" content=\"image\/jpeg\" \/>\n<meta name=\"author\" content=\"Burkhard Gru\u00df\" \/>\n<meta name=\"twitter:card\" content=\"summary_large_image\" \/>\n<meta name=\"twitter:creator\" content=\"@ODDSETsport\" \/>\n<meta name=\"twitter:site\" content=\"@ODDSETsport\" \/>\n<meta name=\"twitter:label1\" content=\"Verfasst von\" \/>\n\t<meta name=\"twitter:data1\" content=\"Burkhard Gru\u00df\" \/>\n\t<meta name=\"twitter:label2\" content=\"Gesch\u00e4tzte Lesezeit\" \/>\n\t<meta name=\"twitter:data2\" content=\"2\u00a0Minuten\" \/>\n<!-- \/ Yoast SEO plugin. -->","yoast_head_json":{"title":"Ski-WM: Schnappt sich Paris auch die Abfahrt? - ODDSET","description":"ODDSET Wetten \u2705 Quoten \u2705 Tipps \u2705 H2H \u2705 Vorschau \u2705 zur alpinen Ski-WM in Are: \u2730 Abfahrt der Herren \u2730 ( Paris 3,30 | Feuz 6,00 | Kriechmayr 6,00 | Mayer 6,00 | Svindal 10,00 | Kilde 15,00 | Innerhofer 10,00 | Clarey 12,00 | Ferstl 50,00 ) \u2705 JETZT bei ODDSET auf die schnellsten Abfahrer der Welt wetten \u21db","robots":{"index":"index","follow":"follow","max-snippet":"max-snippet:-1","max-image-preview":"max-image-preview:large","max-video-preview":"max-video-preview:-1"},"canonical":"https:\/\/www.oddset.de\/blog\/wintersport\/ski-alpin\/ski-wm-schnappt-sich-paris-auch-die-abfahrt\/","og_locale":"de_DE","og_type":"article","og_title":"Ski-WM: Schnappt sich Paris auch die Abfahrt? - ODDSET","og_description":"ODDSET Wetten \u2705 Quoten \u2705 Tipps \u2705 H2H \u2705 Vorschau \u2705 zur alpinen Ski-WM in Are: \u2730 Abfahrt der Herren \u2730 ( Paris 3,30 | Feuz 6,00 | Kriechmayr 6,00 | Mayer 6,00 | Svindal 10,00 | Kilde 15,00 | Innerhofer 10,00 | Clarey 12,00 | Ferstl 50,00 ) \u2705 JETZT bei ODDSET auf die schnellsten Abfahrer der Welt wetten \u21db","og_url":"https:\/\/www.oddset.de\/blog\/wintersport\/ski-alpin\/ski-wm-schnappt-sich-paris-auch-die-abfahrt\/","og_site_name":"ODDSET FANZONE","article_publisher":"https:\/\/www.facebook.com\/ODDSETwetten\/","article_published_time":"2019-02-08T15:23:45+00:00","article_modified_time":"2019-02-08T21:49:42+00:00","og_image":[{"width":1024,"height":640,"url":"https:\/\/www.oddset.de\/blog\/wp-content\/uploads\/2019\/02\/skialpin-wm-abfahrt-fz.jpg","type":"image\/jpeg"}],"author":"Burkhard Gru\u00df","twitter_card":"summary_large_image","twitter_creator":"@ODDSETsport","twitter_site":"@ODDSETsport","twitter_misc":{"Verfasst von":"Burkhard Gru\u00df","Gesch\u00e4tzte Lesezeit":"2\u00a0Minuten"},"schema":{"@context":"https:\/\/schema.org","@graph":[{"@type":"Article","@id":"https:\/\/www.oddset.de\/blog\/wintersport\/ski-alpin\/ski-wm-schnappt-sich-paris-auch-die-abfahrt\/#article","isPartOf":{"@id":"https:\/\/www.oddset.de\/blog\/wintersport\/ski-alpin\/ski-wm-schnappt-sich-paris-auch-die-abfahrt\/"},"author":{"name":"Burkhard Gru\u00df","@id":"https:\/\/www.oddset.de\/blog\/#\/schema\/person\/271af54cf9072f7b7015b57c2dab6fba"},"headline":"Ski-WM: Schnappt sich Paris auch die Abfahrt?","datePublished":"2019-02-08T15:23:45+00:00","dateModified":"2019-02-08T21:49:42+00:00","mainEntityOfPage":{"@id":"https:\/\/www.oddset.de\/blog\/wintersport\/ski-alpin\/ski-wm-schnappt-sich-paris-auch-die-abfahrt\/"},"wordCount":382,"publisher":{"@id":"https:\/\/www.oddset.de\/blog\/#organization"},"image":{"@id":"https:\/\/www.oddset.de\/blog\/wintersport\/ski-alpin\/ski-wm-schnappt-sich-paris-auch-die-abfahrt\/#primaryimage"},"thumbnailUrl":"https:\/\/www.oddset.de\/blog\/wp-content\/uploads\/2019\/02\/skialpin-wm-abfahrt-fz.jpg","keywords":["Abfahrt","Are","Dominik Paris","Downhill","Ski alpin","Ski-WM"],"articleSection":["Ski alpin"],"inLanguage":"de"},{"@type":"WebPage","@id":"https:\/\/www.oddset.de\/blog\/wintersport\/ski-alpin\/ski-wm-schnappt-sich-paris-auch-die-abfahrt\/","url":"https:\/\/www.oddset.de\/blog\/wintersport\/ski-alpin\/ski-wm-schnappt-sich-paris-auch-die-abfahrt\/","name":"Ski-WM: Schnappt sich Paris auch die Abfahrt? - ODDSET","isPartOf":{"@id":"https:\/\/www.oddset.de\/blog\/#website"},"primaryImageOfPage":{"@id":"https:\/\/www.oddset.de\/blog\/wintersport\/ski-alpin\/ski-wm-schnappt-sich-paris-auch-die-abfahrt\/#primaryimage"},"image":{"@id":"https:\/\/www.oddset.de\/blog\/wintersport\/ski-alpin\/ski-wm-schnappt-sich-paris-auch-die-abfahrt\/#primaryimage"},"thumbnailUrl":"https:\/\/www.oddset.de\/blog\/wp-content\/uploads\/2019\/02\/skialpin-wm-abfahrt-fz.jpg","datePublished":"2019-02-08T15:23:45+00:00","dateModified":"2019-02-08T21:49:42+00:00","description":"ODDSET Wetten \u2705 Quoten \u2705 Tipps \u2705 H2H \u2705 Vorschau \u2705 zur alpinen Ski-WM in Are: \u2730 Abfahrt der Herren \u2730 ( Paris 3,30 | Feuz 6,00 | Kriechmayr 6,00 | Mayer 6,00 | Svindal 10,00 | Kilde 15,00 | Innerhofer 10,00 | Clarey 12,00 | Ferstl 50,00 ) \u2705 JETZT bei ODDSET auf die schnellsten Abfahrer der Welt wetten \u21db","breadcrumb":{"@id":"https:\/\/www.oddset.de\/blog\/wintersport\/ski-alpin\/ski-wm-schnappt-sich-paris-auch-die-abfahrt\/#breadcrumb"},"inLanguage":"de","potentialAction":[{"@type":"ReadAction","target":["https:\/\/www.oddset.de\/blog\/wintersport\/ski-alpin\/ski-wm-schnappt-sich-paris-auch-die-abfahrt\/"]}]},{"@type":"ImageObject","inLanguage":"de","@id":"https:\/\/www.oddset.de\/blog\/wintersport\/ski-alpin\/ski-wm-schnappt-sich-paris-auch-die-abfahrt\/#primaryimage","url":"https:\/\/www.oddset.de\/blog\/wp-content\/uploads\/2019\/02\/skialpin-wm-abfahrt-fz.jpg","contentUrl":"https:\/\/www.oddset.de\/blog\/wp-content\/uploads\/2019\/02\/skialpin-wm-abfahrt-fz.jpg","width":1024,"height":640,"caption":"Zweiter Start, zweites Gold f\u00fcr Paris?"},{"@type":"BreadcrumbList","@id":"https:\/\/www.oddset.de\/blog\/wintersport\/ski-alpin\/ski-wm-schnappt-sich-paris-auch-die-abfahrt\/#breadcrumb","itemListElement":[{"@type":"ListItem","position":1,"name":"Startseite","item":"https:\/\/www.oddset.de\/blog\/"},{"@type":"ListItem","position":2,"name":"Ski-WM: Schnappt sich Paris auch die Abfahrt?"}]},{"@type":"WebSite","@id":"https:\/\/www.oddset.de\/blog\/#website","url":"https:\/\/www.oddset.de\/blog\/","name":"ODDSET FANZONE","description":"Der Fu\u00dfball &amp; Sportwetten Blog","publisher":{"@id":"https:\/\/www.oddset.de\/blog\/#organization"},"potentialAction":[{"@type":"SearchAction","target":{"@type":"EntryPoint","urlTemplate":"https:\/\/www.oddset.de\/blog\/?s={search_term_string}"},"query-input":{"@type":"PropertyValueSpecification","valueRequired":true,"valueName":"search_term_string"}}],"inLanguage":"de"},{"@type":"Organization","@id":"https:\/\/www.oddset.de\/blog\/#organization","name":"ODDSET FANZONE","url":"https:\/\/www.oddset.de\/blog\/","logo":{"@type":"ImageObject","inLanguage":"de","@id":"https:\/\/www.oddset.de\/blog\/#\/schema\/logo\/image\/","url":"https:\/\/www.oddset.de\/blog\/wp-content\/uploads\/2020\/05\/tb_logo.png","contentUrl":"https:\/\/www.oddset.de\/blog\/wp-content\/uploads\/2020\/05\/tb_logo.png","width":1171,"height":400,"caption":"ODDSET FANZONE"},"image":{"@id":"https:\/\/www.oddset.de\/blog\/#\/schema\/logo\/image\/"},"sameAs":["https:\/\/www.facebook.com\/ODDSETwetten\/","https:\/\/x.com\/ODDSETsport","https:\/\/www.youtube.com\/channel\/UC_vWGAocu28RqdyhzCPf9ZQ"]},{"@type":"Person","@id":"https:\/\/www.oddset.de\/blog\/#\/schema\/person\/271af54cf9072f7b7015b57c2dab6fba","name":"Burkhard Gru\u00df","image":{"@type":"ImageObject","inLanguage":"de","@id":"https:\/\/www.oddset.de\/blog\/#\/schema\/person\/image\/","url":"https:\/\/www.oddset.de\/blog\/wp-content\/uploads\/2022\/06\/zlatan-150x150.jpg","contentUrl":"https:\/\/www.oddset.de\/blog\/wp-content\/uploads\/2022\/06\/zlatan-150x150.jpg","caption":"Burkhard Gru\u00df"},"description":"Am 14. November 2012 besiegte Schweden in einem Freundschaftskick England. 4:2 \u2013 s\u00e4mtliche 4 Tore erzielte Zlatan Ibrahimovic f\u00fcr die Wikinger. Sein 4:2 war f\u00fcr mich das Tor des Jahrzehnts. Mit einem Fallr\u00fcckzieher aus \u00fcber 30 Metern Entfernung drosch er den Ball in die Maschen. Sensationell! Mit seinem phantastischen Treffer nutzte er einen Fehler des englischen Keepers Joe Hart. Keine Ahnung, wie oft ich mir dieses Tor auf Video angesehen habe. Immer wieder wundersch\u00f6n. Und f\u00fcr mich unvergesslich. Danke Zlatan f\u00fcr diesen tollen Sportmoment! Selbst trete ich gelegentlich auch gegen den Ball. Aber nicht ansatzweise so gut wie Ibra. Daf\u00fcr begleite ich ihn und seine Kollegen seit vielen Jahren journalistisch bis runter in den Amateurbereich. Auch mit anderen Teamsportarten besch\u00e4ftige ich mich beruflich. Genauso wie mit Radsportlern der Tour de France, Bezwingern der Streif in Kitzb\u00fchel oder olympischen Zehnk\u00e4mpfern. Mich interessiert eben alles rund um den Sport.","url":"https:\/\/www.oddset.de\/blog\/blogger\/burkhard-gruss\/"}]}},"amp_enabled":true,"_links":{"self":[{"href":"https:\/\/www.oddset.de\/blog\/wp-json\/wp\/v2\/posts\/20898","targetHints":{"allow":["GET"]}}],"collection":[{"href":"https:\/\/www.oddset.de\/blog\/wp-json\/wp\/v2\/posts"}],"about":[{"href":"https:\/\/www.oddset.de\/blog\/wp-json\/wp\/v2\/types\/post"}],"author":[{"embeddable":true,"href":"https:\/\/www.oddset.de\/blog\/wp-json\/wp\/v2\/users\/21"}],"replies":[{"embeddable":true,"href":"https:\/\/www.oddset.de\/blog\/wp-json\/wp\/v2\/comments?post=20898"}],"version-history":[{"count":16,"href":"https:\/\/www.oddset.de\/blog\/wp-json\/wp\/v2\/posts\/20898\/revisions"}],"predecessor-version":[{"id":20927,"href":"https:\/\/www.oddset.de\/blog\/wp-json\/wp\/v2\/posts\/20898\/revisions\/20927"}],"wp:featuredmedia":[{"embeddable":true,"href":"https:\/\/www.oddset.de\/blog\/wp-json\/wp\/v2\/media\/20901"}],"wp:attachment":[{"href":"https:\/\/www.oddset.de\/blog\/wp-json\/wp\/v2\/media?parent=20898"}],"wp:term":[{"taxonomy":"category","embeddable":true,"href":"https:\/\/www.oddset.de\/blog\/wp-json\/wp\/v2\/categories?post=20898"},{"taxonomy":"post_tag","embeddable":true,"href":"https:\/\/www.oddset.de\/blog\/wp-json\/wp\/v2\/tags?post=20898"}],"curies":[{"name":"wp","href":"https:\/\/api.w.org\/{rel}","templated":true}]}}