{"id":20642,"date":"2019-02-01T10:59:52","date_gmt":"2019-02-01T09:59:52","guid":{"rendered":"https:\/\/fanzone.oddset.de\/?p=20642"},"modified":"2023-09-28T16:17:41","modified_gmt":"2023-09-28T14:17:41","slug":"setzt-pepi-ferstl-in-garmisch-noch-einen-drauf","status":"publish","type":"post","link":"https:\/\/www.oddset.de\/blog\/wintersport\/ski-alpin\/setzt-pepi-ferstl-in-garmisch-noch-einen-drauf\/","title":{"rendered":"Setzt Pepi Ferstl in Garmisch noch einen drauf?"},"content":{"rendered":"\t\t<div data-elementor-type=\"wp-post\" data-elementor-id=\"20642\" class=\"elementor elementor-20642 elementor-bc-flex-widget\">\n\t\t\t\t\t\t<section class=\"elementor-section elementor-top-section elementor-element elementor-element-06c7023 elementor-section-boxed elementor-section-height-default elementor-section-height-default\" data-id=\"06c7023\" data-element_type=\"section\">\n\t\t\t\t\t\t<div class=\"elementor-container elementor-column-gap-default\">\n\t\t\t\t\t<div class=\"elementor-column elementor-col-100 elementor-top-column elementor-element elementor-element-23cd50f\" data-id=\"23cd50f\" data-element_type=\"column\">\n\t\t\t<div class=\"elementor-widget-wrap elementor-element-populated\">\n\t\t\t\t\t\t<div class=\"elementor-element elementor-element-563e1ab elementor-widget elementor-widget-text-editor\" data-id=\"563e1ab\" data-element_type=\"widget\" data-widget_type=\"text-editor.default\">\n\t\t\t\t<div class=\"elementor-widget-container\">\n\t\t\t\t\t\t\t\t\t<h2>R\u00fcckblick:<\/h2><p>Josef Ferstl kommt mit gro\u00dfem Selbstbewusstsein nach Garmisch. Denn am Sonntag siegte er beim Super-G in Kitzb\u00fchel. Dort, wo sein Vater mit zwei Abfahrtssiegen bereits eine Legende ist. Nun m\u00f6chte der Junior seinen Triumph auf der Streif best\u00e4tigen und auch auf der Kandahar um den Sieg mitfahren.<\/p><p>Im vergangenen Jahr gewann Beat Feuz auf der Kandahar. Der Kitzb\u00fchel-Sieger vom vergangenen Freitag, Dominik Paris, wurde zeitgleich Zweiter mit Vincent Kriechmayr aus \u00d6sterreich. F\u00fcr Feuz, der in Kitzb\u00fchel bei der Abfahrt Zweiter wurde, ist dies ein gutes Omen. Denn auch vor einem Jahr war er auf der Streif hinter Thomas Dre\u00dfen Zweiter geworden. Eine Woche sp\u00e4ter triumphierte er dann in Garmisch.<\/p><p>\u00a0<\/p><h2>Die Strecke<\/h2><p>H\u00f6hepunkt auf der Kandahar-Strecke ist der &#8222;freie Fall&#8220;. Mit einem Gef\u00e4lle von 92 Prozent ist er die steilste Stelle im Weltcup. Seit der WM 2011 geh\u00f6rt er zur Abfahrtsstrecke und befindet sich unmittelbar vor dem Ziel. \u00c4hnlich wie bei der &#8222;Mausefalle&#8220; in Kitzb\u00fchel springen die L\u00e4ufer weit in den Hang hinein. Von seiner Steilheit bekommen sie gar nicht so viel mit.<\/p><p>Nach dem Start auf 1690 Meter, dem Kreuzeck, ist der steile &#8222;Tr\u00f6glhang&#8220; das erste Kriterium auf der Kandahar. Danach folgen &#8222;Olympia-Kurve&#8220;, &#8222;Panorama-Sprung&#8220;, &#8222;Alte Quelle&#8220; und schlie\u00dflich der &#8222;Eishang&#8220;. Anschlie\u00dfend kommen drei Spr\u00fcnge auf die L\u00e4ufer zu, der &#8222;Seilbahnstadelsprung&#8220;, der &#8222;Kramersprung&#8220; und eben der Flug in den &#8222;freien Fall&#8220;. Nach dem Steilst\u00fcck folgen nur noch &#8222;Tauberschuss und &#8222;Zielsprung&#8220;.<\/p><p>\u00a0<\/p><h2>Siegt Ferstl auch in Garmisch \u2013 Quote 25,00<\/h2><p>Im vergangenen Jahr hatte der DSV drei hei\u00dfe Eisen im Feuer. Kitzb\u00fchel-Sieger Dre\u00dfen, Andreas Sander und Pepi Ferstl, der damals den Super-G in Gr\u00f6den gewonnen hatte. Nun sind Dre\u00dfen und Sander verletzt. Daf\u00fcr ist Ferstl am Sonntag in Kitzb\u00fchel in die Bresche gesprungen. Kann er seinen Triumph wiederholen und auf der Kandahar siegen? Daf\u00fcr steht die Quote bei 25,00. Es w\u00e4re der erste Heimsieg seit Markus Wasmeier im Januar 1992.<\/p><p>Auch Dominik Schwaiger zeigte mit Rang 12 im Super-G auf der Streif und Platz 17 in der Abfahrt schon mal, was er draufhat. Dritter im Bunde beim DSV ist Manuel Schmid. Er wurde in Kitzb\u00fchel 28., in Wengen holte er Rang 18 und in Bormio Platz 21.<\/p><p>\u00a0<\/p><h2>Paris (3,25) und Feuz (3,75) sind die hei\u00dfesten Sieganw\u00e4rter<\/h2><p>Die Top-Favoriten auf den Sieg hei\u00dfen Dominik Paris und Beat Feuz. Die beiden landeten ja schon in Kitzb\u00fchel auf den ersten beiden Pl\u00e4tzen und waren dort eine Klasse f\u00fcr sich. Feuz wei\u00df, wie es ist, auf der Kandahar zu siegen. Im vergangenen Jahr gewann er hier. Paris, der bereits dreimal auf der Streif triumphierte, hat in Garmisch noch nie gewonnen. Immerhin wurde er im Vorjahr Zweiter.<\/p><p>Zeitgleich damals war Vincent Kriechmayr aus \u00d6sterreich. In diesem Jahr gewann er schon in Wengen. Seine Quote auf einen Sieg betr\u00e4gt 6,00. Gleich dahinter folgt Alexander Aamodt Kilde (9,00). Er liebt die Strecke in Garmisch. Dort gewann er vor drei Jahren. Er muss die Kohlen f\u00fcr die Wikinger aus dem Feuer holen, denn die anderen Top-Fahrer aus Norwegen, Kjetil Jansrud und Aksel Lund Svindal, fehlen verletzt.<\/p><p>Zu beachten ist auch Hannes Reichelt, der bereits 2015 und 2017 in Garmisch vorne war. Allerdings ist der \u00d6sterreicher (Quote 30,00) derzeit nicht so gut in Form. Besser drauf ist der S\u00fcdtiroler Christof Innerhofer. F\u00fcr ihn ist Garmisch das Wohnzimmer (Quote 12,00). Bei der WM 2011 triumphierte er im Super-G und wurde Zweiter in der Kombination und Dritter in der Abfahrt. 2013 holte er in Garmisch seinen bisher letzten Weltcupsieg.<\/p>\t\t\t\t\t\t\t\t<\/div>\n\t\t\t\t<\/div>\n\t\t\t\t\t<\/div>\n\t\t<\/div>\n\t\t\t\t\t<\/div>\n\t\t<\/section>\n\t\t\t\t<section class=\"elementor-section elementor-top-section elementor-element elementor-element-37d550e9 elementor-section-boxed elementor-section-height-default elementor-section-height-default\" data-id=\"37d550e9\" data-element_type=\"section\">\n\t\t\t\t\t\t<div class=\"elementor-container elementor-column-gap-default\">\n\t\t\t\t\t<div class=\"elementor-column elementor-col-100 elementor-top-column elementor-element elementor-element-6c06295c\" data-id=\"6c06295c\" data-element_type=\"column\">\n\t\t\t<div class=\"elementor-widget-wrap elementor-element-populated\">\n\t\t\t\t\t\t<div class=\"elementor-element elementor-element-4514ec48 elementor-position-left elementor-view-default elementor-mobile-position-top elementor-widget elementor-widget-icon-box\" data-id=\"4514ec48\" data-element_type=\"widget\" data-widget_type=\"icon-box.default\">\n\t\t\t\t<div class=\"elementor-widget-container\">\n\t\t\t\t\t\t\t<div class=\"elementor-icon-box-wrapper\">\n\n\t\t\t\t\t\t<div class=\"elementor-icon-box-icon\">\n\t\t\t\t<span  class=\"elementor-icon\">\n\t\t\t\t<i class=\"fa fa-tv\" aria-hidden=\"true\"><\/i>\t\t\t\t<\/span>\n\t\t\t<\/div>\n\t\t\t\n\t\t\t\t\t\t<div class=\"elementor-icon-box-content\">\n\n\t\t\t\t\t\t\t\t\t<h3 class=\"elementor-icon-box-title\">\n\t\t\t\t\t\t<span  >\n\t\t\t\t\t\t\tAbfahrt der Herren in Garmisch im TV oder Livestream\t\t\t\t\t\t<\/span>\n\t\t\t\t\t<\/h3>\n\t\t\t\t\n\t\t\t\t\t\t\t\t\t<p class=\"elementor-icon-box-description\">\n\t\t\t\t\t\tZu sehen gibt es die Abfahrt live ab 11:30 Uhr in der ARD und bei Eurosport.\t\t\t\t\t<\/p>\n\t\t\t\t\n\t\t\t<\/div>\n\t\t\t\n\t\t<\/div>\n\t\t\t\t\t\t<\/div>\n\t\t\t\t<\/div>\n\t\t\t\t\t<\/div>\n\t\t<\/div>\n\t\t\t\t\t<\/div>\n\t\t<\/section>\n\t\t\t\t<section class=\"elementor-section elementor-top-section elementor-element elementor-element-3d956ac0 elementor-section-boxed elementor-section-height-default elementor-section-height-default\" data-id=\"3d956ac0\" data-element_type=\"section\">\n\t\t\t\t\t\t<div class=\"elementor-container elementor-column-gap-default\">\n\t\t\t\t\t<div class=\"elementor-column elementor-col-100 elementor-top-column elementor-element elementor-element-1780794d\" data-id=\"1780794d\" data-element_type=\"column\">\n\t\t\t<div class=\"elementor-widget-wrap elementor-element-populated\">\n\t\t\t\t\t\t<div class=\"elementor-element elementor-element-384ee89a elementor-widget elementor-widget-text-editor\" data-id=\"384ee89a\" data-element_type=\"widget\" data-widget_type=\"text-editor.default\">\n\t\t\t\t<div class=\"elementor-widget-container\">\n\t\t\t\t\t\t\t\t\t<h2 style=\"text-align: center;\">Mein Tipp<\/h2>\t\t\t\t\t\t\t\t<\/div>\n\t\t\t\t<\/div>\n\t\t\t\t<div class=\"elementor-element elementor-element-684d4260 elementor-widget elementor-widget-testimonial\" data-id=\"684d4260\" data-element_type=\"widget\" data-widget_type=\"testimonial.default\">\n\t\t\t\t<div class=\"elementor-widget-container\">\n\t\t\t\t\t\t\t<div class=\"elementor-testimonial-wrapper\">\n\t\t\t\t\t\t\t<div class=\"elementor-testimonial-content\">Pepi Ferstls ist hochmotiviert nach seinem Sieg in Kitzb\u00fchel. Doch der Sieg geht nicht an den Deutschen. Den holt sich wie im Vorjahr auch  <b>Beat Feuz<\/b> \u2013 bei einer Quote von <b>3,75<\/b>. <\/div>\n\t\t\t\n\t\t\t\t\t\t<div class=\"elementor-testimonial-meta\">\n\t\t\t\t<div class=\"elementor-testimonial-meta-inner\">\n\t\t\t\t\t\n\t\t\t\t\t\t\t\t\t\t<div class=\"elementor-testimonial-details\">\n\t\t\t\t\t\t\t\t\t\t\t\t\t\t<a class=\"elementor-testimonial-name\" href=\"https:\/\/oddset.de\/blog\/\">mm<\/a>\n\t\t\t\t\t\t\t\t\t\t\t\t\t\t\t\t\t\t\t<\/div>\n\t\t\t\t\t\t\t\t\t<\/div>\n\t\t\t<\/div>\n\t\t\t\t\t<\/div>\n\t\t\t\t\t\t<\/div>\n\t\t\t\t<\/div>\n\t\t\t\t\t<\/div>\n\t\t<\/div>\n\t\t\t\t\t<\/div>\n\t\t<\/section>\n\t\t\t\t<section class=\"elementor-section elementor-top-section elementor-element elementor-element-c41dc62 elementor-section-boxed elementor-section-height-default elementor-section-height-default\" data-id=\"c41dc62\" data-element_type=\"section\">\n\t\t\t\t\t\t<div class=\"elementor-container elementor-column-gap-default\">\n\t\t\t\t\t<div class=\"elementor-column elementor-col-100 elementor-top-column elementor-element elementor-element-f769dff\" data-id=\"f769dff\" data-element_type=\"column\">\n\t\t\t<div class=\"elementor-widget-wrap\">\n\t\t\t\t\t\t\t<\/div>\n\t\t<\/div>\n\t\t\t\t\t<\/div>\n\t\t<\/section>\n\t\t\t\t<\/div>\n\t\t","protected":false},"excerpt":{"rendered":"<p>R\u00fcckblick: Josef Ferstl kommt mit gro\u00dfem Selbstbewusstsein nach Garmisch. Denn am Sonntag siegte er beim Super-G in Kitzb\u00fchel. Dort, wo sein Vater mit zwei Abfahrtssiegen bereits eine Legende ist. Nun m\u00f6chte der Junior seinen Triumph auf der Streif best\u00e4tigen und auch auf der Kandahar um den Sieg mitfahren. Im vergangenen Jahr gewann Beat Feuz auf [&hellip;]<\/p>\n","protected":false},"author":20,"featured_media":20646,"comment_status":"closed","ping_status":"closed","sticky":false,"template":"","format":"standard","meta":{"_acf_changed":false,"footnotes":""},"categories":[199],"tags":[790,1128,832,200],"class_list":["post-20642","post","type-post","status-publish","format-standard","has-post-thumbnail","hentry","category-ski-alpin","tag-garmisch","tag-josef-ferstl","tag-kandahar","tag-ski-alpin"],"acf":[],"yoast_head":"<!-- This site is optimized with the Yoast SEO plugin v26.0 - https:\/\/yoast.com\/wordpress\/plugins\/seo\/ -->\n<title>Setzt Pepi Ferstl in Garmisch noch einen drauf? - ODDSET<\/title>\n<meta name=\"description\" content=\"ODDSET Wetten \u2705 Quoten \u2705 Tipps \u2705 Vorschau \u2705 zur Herrenabfahrt in Garmisch (Paris 3,25 | Feuz 3,75 | Ferstl 25) \u2705 JETZT bei ODDSET wetten \u21db\" \/>\n<meta name=\"robots\" content=\"index, follow, max-snippet:-1, max-image-preview:large, max-video-preview:-1\" \/>\n<link rel=\"canonical\" href=\"https:\/\/www.oddset.de\/blog\/wintersport\/ski-alpin\/setzt-pepi-ferstl-in-garmisch-noch-einen-drauf\/\" \/>\n<meta property=\"og:locale\" content=\"de_DE\" \/>\n<meta property=\"og:type\" content=\"article\" \/>\n<meta property=\"og:title\" content=\"Setzt Pepi Ferstl in Garmisch noch einen drauf? - ODDSET\" \/>\n<meta property=\"og:description\" content=\"ODDSET Wetten \u2705 Quoten \u2705 Tipps \u2705 Vorschau \u2705 zur Herrenabfahrt in Garmisch (Paris 3,25 | Feuz 3,75 | Ferstl 25) \u2705 JETZT bei ODDSET wetten \u21db\" \/>\n<meta property=\"og:url\" content=\"https:\/\/www.oddset.de\/blog\/wintersport\/ski-alpin\/setzt-pepi-ferstl-in-garmisch-noch-einen-drauf\/\" \/>\n<meta property=\"og:site_name\" content=\"ODDSET FANZONE\" \/>\n<meta property=\"article:publisher\" content=\"https:\/\/www.facebook.com\/ODDSETwetten\/\" \/>\n<meta property=\"article:published_time\" content=\"2019-02-01T09:59:52+00:00\" \/>\n<meta property=\"article:modified_time\" content=\"2023-09-28T14:17:41+00:00\" \/>\n<meta property=\"og:image\" content=\"https:\/\/www.oddset.de\/blog\/wp-content\/uploads\/2019\/02\/abfahrt-garmisch-fz.jpg\" \/>\n\t<meta property=\"og:image:width\" content=\"1024\" \/>\n\t<meta property=\"og:image:height\" content=\"640\" \/>\n\t<meta property=\"og:image:type\" content=\"image\/jpeg\" \/>\n<meta name=\"author\" content=\"Manuel Minsheim\" \/>\n<meta name=\"twitter:card\" content=\"summary_large_image\" \/>\n<meta name=\"twitter:creator\" content=\"@ODDSETsport\" \/>\n<meta name=\"twitter:site\" content=\"@ODDSETsport\" \/>\n<meta name=\"twitter:label1\" content=\"Verfasst von\" \/>\n\t<meta name=\"twitter:data1\" content=\"Manuel Minsheim\" \/>\n\t<meta name=\"twitter:label2\" content=\"Gesch\u00e4tzte Lesezeit\" \/>\n\t<meta name=\"twitter:data2\" content=\"3\u00a0Minuten\" \/>\n<!-- \/ Yoast SEO plugin. -->","yoast_head_json":{"title":"Setzt Pepi Ferstl in Garmisch noch einen drauf? - ODDSET","description":"ODDSET Wetten \u2705 Quoten \u2705 Tipps \u2705 Vorschau \u2705 zur Herrenabfahrt in Garmisch (Paris 3,25 | Feuz 3,75 | Ferstl 25) \u2705 JETZT bei ODDSET wetten \u21db","robots":{"index":"index","follow":"follow","max-snippet":"max-snippet:-1","max-image-preview":"max-image-preview:large","max-video-preview":"max-video-preview:-1"},"canonical":"https:\/\/www.oddset.de\/blog\/wintersport\/ski-alpin\/setzt-pepi-ferstl-in-garmisch-noch-einen-drauf\/","og_locale":"de_DE","og_type":"article","og_title":"Setzt Pepi Ferstl in Garmisch noch einen drauf? - ODDSET","og_description":"ODDSET Wetten \u2705 Quoten \u2705 Tipps \u2705 Vorschau \u2705 zur Herrenabfahrt in Garmisch (Paris 3,25 | Feuz 3,75 | Ferstl 25) \u2705 JETZT bei ODDSET wetten \u21db","og_url":"https:\/\/www.oddset.de\/blog\/wintersport\/ski-alpin\/setzt-pepi-ferstl-in-garmisch-noch-einen-drauf\/","og_site_name":"ODDSET FANZONE","article_publisher":"https:\/\/www.facebook.com\/ODDSETwetten\/","article_published_time":"2019-02-01T09:59:52+00:00","article_modified_time":"2023-09-28T14:17:41+00:00","og_image":[{"width":1024,"height":640,"url":"https:\/\/www.oddset.de\/blog\/wp-content\/uploads\/2019\/02\/abfahrt-garmisch-fz.jpg","type":"image\/jpeg"}],"author":"Manuel Minsheim","twitter_card":"summary_large_image","twitter_creator":"@ODDSETsport","twitter_site":"@ODDSETsport","twitter_misc":{"Verfasst von":"Manuel Minsheim","Gesch\u00e4tzte Lesezeit":"3\u00a0Minuten"},"schema":{"@context":"https:\/\/schema.org","@graph":[{"@type":"Article","@id":"https:\/\/www.oddset.de\/blog\/wintersport\/ski-alpin\/setzt-pepi-ferstl-in-garmisch-noch-einen-drauf\/#article","isPartOf":{"@id":"https:\/\/www.oddset.de\/blog\/wintersport\/ski-alpin\/setzt-pepi-ferstl-in-garmisch-noch-einen-drauf\/"},"author":{"name":"Manuel Minsheim","@id":"https:\/\/www.oddset.de\/blog\/#\/schema\/person\/3fa61f387f9775dacf40b2a02c649d6f"},"headline":"Setzt Pepi Ferstl in Garmisch noch einen drauf?","datePublished":"2019-02-01T09:59:52+00:00","dateModified":"2023-09-28T14:17:41+00:00","mainEntityOfPage":{"@id":"https:\/\/www.oddset.de\/blog\/wintersport\/ski-alpin\/setzt-pepi-ferstl-in-garmisch-noch-einen-drauf\/"},"wordCount":651,"publisher":{"@id":"https:\/\/www.oddset.de\/blog\/#organization"},"image":{"@id":"https:\/\/www.oddset.de\/blog\/wintersport\/ski-alpin\/setzt-pepi-ferstl-in-garmisch-noch-einen-drauf\/#primaryimage"},"thumbnailUrl":"https:\/\/www.oddset.de\/blog\/wp-content\/uploads\/2019\/02\/abfahrt-garmisch-fz.jpg","keywords":["Garmisch","Josef Ferstl","Kandahar","Ski alpin"],"articleSection":["Ski alpin"],"inLanguage":"de"},{"@type":"WebPage","@id":"https:\/\/www.oddset.de\/blog\/wintersport\/ski-alpin\/setzt-pepi-ferstl-in-garmisch-noch-einen-drauf\/","url":"https:\/\/www.oddset.de\/blog\/wintersport\/ski-alpin\/setzt-pepi-ferstl-in-garmisch-noch-einen-drauf\/","name":"Setzt Pepi Ferstl in Garmisch noch einen drauf? - ODDSET","isPartOf":{"@id":"https:\/\/www.oddset.de\/blog\/#website"},"primaryImageOfPage":{"@id":"https:\/\/www.oddset.de\/blog\/wintersport\/ski-alpin\/setzt-pepi-ferstl-in-garmisch-noch-einen-drauf\/#primaryimage"},"image":{"@id":"https:\/\/www.oddset.de\/blog\/wintersport\/ski-alpin\/setzt-pepi-ferstl-in-garmisch-noch-einen-drauf\/#primaryimage"},"thumbnailUrl":"https:\/\/www.oddset.de\/blog\/wp-content\/uploads\/2019\/02\/abfahrt-garmisch-fz.jpg","datePublished":"2019-02-01T09:59:52+00:00","dateModified":"2023-09-28T14:17:41+00:00","description":"ODDSET Wetten \u2705 Quoten \u2705 Tipps \u2705 Vorschau \u2705 zur Herrenabfahrt in Garmisch (Paris 3,25 | Feuz 3,75 | Ferstl 25) \u2705 JETZT bei ODDSET wetten \u21db","breadcrumb":{"@id":"https:\/\/www.oddset.de\/blog\/wintersport\/ski-alpin\/setzt-pepi-ferstl-in-garmisch-noch-einen-drauf\/#breadcrumb"},"inLanguage":"de","potentialAction":[{"@type":"ReadAction","target":["https:\/\/www.oddset.de\/blog\/wintersport\/ski-alpin\/setzt-pepi-ferstl-in-garmisch-noch-einen-drauf\/"]}]},{"@type":"ImageObject","inLanguage":"de","@id":"https:\/\/www.oddset.de\/blog\/wintersport\/ski-alpin\/setzt-pepi-ferstl-in-garmisch-noch-einen-drauf\/#primaryimage","url":"https:\/\/www.oddset.de\/blog\/wp-content\/uploads\/2019\/02\/abfahrt-garmisch-fz.jpg","contentUrl":"https:\/\/www.oddset.de\/blog\/wp-content\/uploads\/2019\/02\/abfahrt-garmisch-fz.jpg","width":1024,"height":640,"caption":"Imago\/Eibner Europa: In Kitzb\u00fchel siegte Josef Ferstl in Super-G. Gewinnt er auch die Abfahrt von Garmisch?"},{"@type":"BreadcrumbList","@id":"https:\/\/www.oddset.de\/blog\/wintersport\/ski-alpin\/setzt-pepi-ferstl-in-garmisch-noch-einen-drauf\/#breadcrumb","itemListElement":[{"@type":"ListItem","position":1,"name":"Startseite","item":"https:\/\/www.oddset.de\/blog\/"},{"@type":"ListItem","position":2,"name":"Setzt Pepi Ferstl in Garmisch noch einen drauf?"}]},{"@type":"WebSite","@id":"https:\/\/www.oddset.de\/blog\/#website","url":"https:\/\/www.oddset.de\/blog\/","name":"ODDSET FANZONE","description":"Der Fu\u00dfball &amp; Sportwetten Blog","publisher":{"@id":"https:\/\/www.oddset.de\/blog\/#organization"},"potentialAction":[{"@type":"SearchAction","target":{"@type":"EntryPoint","urlTemplate":"https:\/\/www.oddset.de\/blog\/?s={search_term_string}"},"query-input":{"@type":"PropertyValueSpecification","valueRequired":true,"valueName":"search_term_string"}}],"inLanguage":"de"},{"@type":"Organization","@id":"https:\/\/www.oddset.de\/blog\/#organization","name":"ODDSET FANZONE","url":"https:\/\/www.oddset.de\/blog\/","logo":{"@type":"ImageObject","inLanguage":"de","@id":"https:\/\/www.oddset.de\/blog\/#\/schema\/logo\/image\/","url":"https:\/\/www.oddset.de\/blog\/wp-content\/uploads\/2020\/05\/tb_logo.png","contentUrl":"https:\/\/www.oddset.de\/blog\/wp-content\/uploads\/2020\/05\/tb_logo.png","width":1171,"height":400,"caption":"ODDSET FANZONE"},"image":{"@id":"https:\/\/www.oddset.de\/blog\/#\/schema\/logo\/image\/"},"sameAs":["https:\/\/www.facebook.com\/ODDSETwetten\/","https:\/\/x.com\/ODDSETsport","https:\/\/www.youtube.com\/channel\/UC_vWGAocu28RqdyhzCPf9ZQ"]},{"@type":"Person","@id":"https:\/\/www.oddset.de\/blog\/#\/schema\/person\/3fa61f387f9775dacf40b2a02c649d6f","name":"Manuel Minsheim","image":{"@type":"ImageObject","inLanguage":"de","@id":"https:\/\/www.oddset.de\/blog\/#\/schema\/person\/image\/","url":"https:\/\/www.oddset.de\/blog\/wp-content\/uploads\/2021\/04\/imago0001177047h-150x150.jpg","contentUrl":"https:\/\/www.oddset.de\/blog\/wp-content\/uploads\/2021\/04\/imago0001177047h-150x150.jpg","caption":"Manuel Minsheim"},"description":"Ich war als Kind gl\u00fchender Fan von Lothar Matth\u00e4us. Auf mein knielanges Bayerntrikot lie\u00df ich damals meine Mutter eine Acht draufn\u00e4hen. Von Beflocken hatte ich noch nichts geh\u00f6rt. Als Puma den Schuh des damaligen Bayern-Spielers auch f\u00fcr Kindergr\u00f6\u00dfen verkaufte, musste er sofort her. Da war es egal, dass die restlichen E-Jugend-Mannschaftskollegen weiter mit Adidas-Tretern aufliefen. Als Matth\u00e4us ab den 1990er Jahren immer \u00f6fter mit seinen Frauen-Geschichten als mit seinen Leistungen als Spieler und Trainer auffiel, erkaltete die Liebe zum bisher einzigen deutschen Weltfu\u00dfballer. Mittlerweile finde ich aber, dass Matth\u00e4us als Fernseh-Experte eine passable Rolle spielt. Noch heute kicke ich selbst gerne gegen den Ball, bin aber weiter vorne als Lothar Matth\u00e4us zu finden.","url":"https:\/\/www.oddset.de\/blog\/blogger\/manuel-minsheim\/"}]}},"amp_enabled":true,"_links":{"self":[{"href":"https:\/\/www.oddset.de\/blog\/wp-json\/wp\/v2\/posts\/20642","targetHints":{"allow":["GET"]}}],"collection":[{"href":"https:\/\/www.oddset.de\/blog\/wp-json\/wp\/v2\/posts"}],"about":[{"href":"https:\/\/www.oddset.de\/blog\/wp-json\/wp\/v2\/types\/post"}],"author":[{"embeddable":true,"href":"https:\/\/www.oddset.de\/blog\/wp-json\/wp\/v2\/users\/20"}],"replies":[{"embeddable":true,"href":"https:\/\/www.oddset.de\/blog\/wp-json\/wp\/v2\/comments?post=20642"}],"version-history":[{"count":10,"href":"https:\/\/www.oddset.de\/blog\/wp-json\/wp\/v2\/posts\/20642\/revisions"}],"predecessor-version":[{"id":80157,"href":"https:\/\/www.oddset.de\/blog\/wp-json\/wp\/v2\/posts\/20642\/revisions\/80157"}],"wp:featuredmedia":[{"embeddable":true,"href":"https:\/\/www.oddset.de\/blog\/wp-json\/wp\/v2\/media\/20646"}],"wp:attachment":[{"href":"https:\/\/www.oddset.de\/blog\/wp-json\/wp\/v2\/media?parent=20642"}],"wp:term":[{"taxonomy":"category","embeddable":true,"href":"https:\/\/www.oddset.de\/blog\/wp-json\/wp\/v2\/categories?post=20642"},{"taxonomy":"post_tag","embeddable":true,"href":"https:\/\/www.oddset.de\/blog\/wp-json\/wp\/v2\/tags?post=20642"}],"curies":[{"name":"wp","href":"https:\/\/api.w.org\/{rel}","templated":true}]}}