{"id":15697,"date":"2018-07-05T12:52:48","date_gmt":"2018-07-05T10:52:48","guid":{"rendered":"https:\/\/fanzone.oddset.de\/?p=15697"},"modified":"2023-09-28T15:31:37","modified_gmt":"2023-09-28T13:31:37","slug":"tour-2018-die-jagd-auf-das-gelbe-trikot-ist-eroeffnet","status":"publish","type":"post","link":"https:\/\/www.oddset.de\/blog\/radsport\/tour-de-france\/tour-2018-die-jagd-auf-das-gelbe-trikot-ist-eroeffnet\/","title":{"rendered":"Tour 2018: Die Jagd auf das Gelbe Trikot"},"content":{"rendered":"\t\t<div data-elementor-type=\"wp-post\" data-elementor-id=\"15697\" class=\"elementor elementor-15697 elementor-bc-flex-widget\">\n\t\t\t\t\t\t<section class=\"elementor-section elementor-top-section elementor-element elementor-element-32232ea elementor-section-boxed elementor-section-height-default elementor-section-height-default\" data-id=\"32232ea\" data-element_type=\"section\">\n\t\t\t\t\t\t<div class=\"elementor-container elementor-column-gap-default\">\n\t\t\t\t\t<div class=\"elementor-column elementor-col-100 elementor-top-column elementor-element elementor-element-44ffd91\" data-id=\"44ffd91\" data-element_type=\"column\">\n\t\t\t<div class=\"elementor-widget-wrap elementor-element-populated\">\n\t\t\t\t\t\t<div class=\"elementor-element elementor-element-fbcb119 elementor-widget elementor-widget-text-editor\" data-id=\"fbcb119\" data-element_type=\"widget\" data-widget_type=\"text-editor.default\">\n\t\t\t\t<div class=\"elementor-widget-container\">\n\t\t\t\t\t\t\t\t\t<p>Parallel zur Fu\u00dfball-WM startete mit dem h\u00e4rtesten Radrennen der Welt das n\u00e4chste sportliche Gro\u00dfereignis \u2013 die 105. Ausgabe der Tour de France. Aufgrund der Fu\u00dfball-WM wurde der Tour-Start um eine Woche nach hinten verschoben, sie dauert nun vom 7. bis 29. Juli. Die Frankreich-Rundfahrt lockt jeden Sommer Millionen von Zuschauern an die Strecke und gilt\u00a0 \u2013 nach den Olympischen Spielen und der Fu\u00dfball-Weltmeisterschaft \u2013 als drittgr\u00f6\u00dftes Sportereignis der Welt.<\/p><p>Im ODDSET Wettprogramm werden zahlreiche Wetten rund um die Grande Boucle angeboten. Neben der Wette auf den Gesamtsieger kann auch auf den Gewinner des Gr\u00fcnen (Sieger Sprintwertung) sowie des Gepunkteten Trikots (Sieger Bergwertung) getippt werden. Nat\u00fcrlich werden auch einzelne Etappen, wie die mythische Bergankunft in Alpe d`Huez angeboten.<\/p><p><em>Unser Autor <strong>Thomas H\u00e4nsler <\/strong>stellt euch die Anw\u00e4rter auf Gelb, Gr\u00fcn und Gepunktet vor: <\/em><\/p>\t\t\t\t\t\t\t\t<\/div>\n\t\t\t\t<\/div>\n\t\t\t\t<div class=\"elementor-element elementor-element-b81c3f5 elementor-align-center elementor-widget elementor-widget-button\" data-id=\"b81c3f5\" data-element_type=\"widget\" data-widget_type=\"button.default\">\n\t\t\t\t<div class=\"elementor-widget-container\">\n\t\t\t\t\t\t\t\t\t<div class=\"elementor-button-wrapper\">\n\t\t\t\t\t<a class=\"elementor-button elementor-button-link elementor-size-md\" href=\"https:\/\/oddset.de\/blog\/radsport\/tour-de-france\/tour-2018-die-jagd-auf-das-gelbe-trikot-ist-eroeffnet\/\">\n\t\t\t\t\t\t<span class=\"elementor-button-content-wrapper\">\n\t\t\t\t\t\t<span class=\"elementor-button-icon\">\n\t\t\t\t\t\t\t\t\t<i class=\"fa fa-bicycle\" aria-hidden=\"true\"><\/i>\n\t\t\t\t\t\t\t<\/span>\n\t\t\t\t\t\t\t\t\t<span class=\"elementor-button-text\">Etappenplan<\/span>\n\t\t\t\t\t<\/span>\n\t\t\t\t\t<\/a>\n\t\t\t\t<\/div>\n\t\t\t\t\t\t\t\t<\/div>\n\t\t\t\t<\/div>\n\t\t\t\t\t<\/div>\n\t\t<\/div>\n\t\t\t\t\t<\/div>\n\t\t<\/section>\n\t\t\t\t<section class=\"elementor-section elementor-top-section elementor-element elementor-element-9fc74d8 elementor-section-boxed elementor-section-height-default elementor-section-height-default\" data-id=\"9fc74d8\" data-element_type=\"section\">\n\t\t\t\t\t\t<div class=\"elementor-container elementor-column-gap-default\">\n\t\t\t\t\t<div class=\"elementor-column elementor-col-100 elementor-top-column elementor-element elementor-element-f4dc814\" data-id=\"f4dc814\" data-element_type=\"column\">\n\t\t\t<div class=\"elementor-widget-wrap elementor-element-populated\">\n\t\t\t\t\t\t<div class=\"elementor-element elementor-element-9b5294b elementor-widget elementor-widget-heading\" data-id=\"9b5294b\" data-element_type=\"widget\" data-widget_type=\"heading.default\">\n\t\t\t\t<div class=\"elementor-widget-container\">\n\t\t\t\t\t<h2 class=\"elementor-heading-title elementor-size-default\">Die Favoriten auf den Gesamtsieg (Gelbes Trikot) | PLUS Nr. 059 <\/h2>\t\t\t\t<\/div>\n\t\t\t\t<\/div>\n\t\t\t\t<section class=\"elementor-section elementor-inner-section elementor-element elementor-element-7daee2c elementor-section-boxed elementor-section-height-default elementor-section-height-default\" data-id=\"7daee2c\" data-element_type=\"section\">\n\t\t\t\t\t\t<div class=\"elementor-container elementor-column-gap-default\">\n\t\t\t\t\t<div class=\"elementor-column elementor-col-50 elementor-inner-column elementor-element elementor-element-4d8fd7e\" data-id=\"4d8fd7e\" data-element_type=\"column\">\n\t\t\t<div class=\"elementor-widget-wrap\">\n\t\t\t\t\t\t\t<\/div>\n\t\t<\/div>\n\t\t\t\t<div class=\"elementor-column elementor-col-50 elementor-inner-column elementor-element elementor-element-f036a64\" data-id=\"f036a64\" data-element_type=\"column\">\n\t\t\t<div class=\"elementor-widget-wrap elementor-element-populated\">\n\t\t\t\t\t\t<div class=\"elementor-element elementor-element-bcb0381 elementor-widget elementor-widget-text-editor\" data-id=\"bcb0381\" data-element_type=\"widget\" data-widget_type=\"text-editor.default\">\n\t\t\t\t<div class=\"elementor-widget-container\">\n\t\t\t\t\t\t\t\t\t<h3>Christopher Froome (GBR) | Tipp Nr. 100<\/h3><p style=\"padding-left: 30px;\">Im Vorfeld stand ein gro\u00dfes Fragezeichen hinter dem Start des Titelverteidigers und viermaligen Toursiegers Christopher Froome. Bei der letzten Spanien-Rundfahrt \u00fcberschritt der Brite den erlaubten Grenzwert seines Asthmamittels Salbutamol. Am Dienstag wurde dann aber vom Radsportweltverband UCI das Verfahren gegen Froome eingestellt. Der diesj\u00e4hrige Sieger des Giro d`Italia kann somit sein Unterfangen f\u00fcnfter Tour-Sieg in Angriff nehmen.<\/p><p style=\"padding-left: 30px;\">Christopher Froome k\u00f6nnte mit dem f\u00fcnften Tour-de-France-Sieg gleichzeitig auch seinen vierten Grand Tour-Erfolg in Folge erreichen. Nach seinem Toursieg aus dem Vorjahr gewann er auch die beiden anderen gro\u00dfen Rundfahrten (Vuelta 2017, Giro d`Italia 2018).<\/p><p style=\"padding-left: 30px;\"><strong>Ergebnis Gesamtklassement Tour de France 2017:<\/strong> Sieger<\/p><p style=\"padding-left: 30px;\"><strong>Etappensiege Tour de France:<\/strong> 7<\/p>\t\t\t\t\t\t\t\t<\/div>\n\t\t\t\t<\/div>\n\t\t\t\t\t<\/div>\n\t\t<\/div>\n\t\t\t\t\t<\/div>\n\t\t<\/section>\n\t\t\t\t<section class=\"elementor-section elementor-inner-section elementor-element elementor-element-ad599e1 elementor-section-boxed elementor-section-height-default elementor-section-height-default\" data-id=\"ad599e1\" data-element_type=\"section\">\n\t\t\t\t\t\t<div class=\"elementor-container elementor-column-gap-default\">\n\t\t\t\t\t<div class=\"elementor-column elementor-col-50 elementor-inner-column elementor-element elementor-element-adfe0d7\" data-id=\"adfe0d7\" data-element_type=\"column\">\n\t\t\t<div class=\"elementor-widget-wrap\">\n\t\t\t\t\t\t\t<\/div>\n\t\t<\/div>\n\t\t\t\t<div class=\"elementor-column elementor-col-50 elementor-inner-column elementor-element elementor-element-0cdb016\" data-id=\"0cdb016\" data-element_type=\"column\">\n\t\t\t<div class=\"elementor-widget-wrap elementor-element-populated\">\n\t\t\t\t\t\t<div class=\"elementor-element elementor-element-b631702 elementor-widget elementor-widget-text-editor\" data-id=\"b631702\" data-element_type=\"widget\" data-widget_type=\"text-editor.default\">\n\t\t\t\t<div class=\"elementor-widget-container\">\n\t\t\t\t\t\t\t\t\t<h3><strong>Nairo Quintana (COL) |<\/strong> Tipp Nr. 102<\/h3><p style=\"padding-left: 30px;\">2013 feierte der Kolumbianer bei seinem Tour-Deb\u00fct gleich einen herausragenden zweiten Platz hinter dem Sieger Christopher Froome. Sein Palmar\u00e8s umfasste in der Folge u.a.: Sieger Giro d` Italia 2014, Zweiter Tour de France 2013, 2015, Sieger Vuelta 2016, Dritter Tour de Suisse 2018.<\/p><p style=\"padding-left: 30px;\">Im vergangen Jahr fuhr er den Giro d` Italia, was ihm f\u00fcr die Tour de France allerdings nicht zugute kam. Er hinterlie\u00df einen geschw\u00e4chten Eindruck und belegte in der Endabrechnung nur Rang zw\u00f6lf. In diesem Jahr verzichtete er deshalb auf den Giro und hofft nun wieder in den Kampf ums Podium eingreifen zu k\u00f6nnen.<\/p><p style=\"padding-left: 30px;\"><strong>Ergebnis Gesamtklassement Tour de France 2017:<\/strong> 12.<\/p><p style=\"padding-left: 30px;\"><strong>Etappensiege Tour de France:<\/strong> 1<\/p>\t\t\t\t\t\t\t\t<\/div>\n\t\t\t\t<\/div>\n\t\t\t\t\t<\/div>\n\t\t<\/div>\n\t\t\t\t\t<\/div>\n\t\t<\/section>\n\t\t\t\t<section class=\"elementor-section elementor-inner-section elementor-element elementor-element-7c6b161 elementor-section-boxed elementor-section-height-default elementor-section-height-default\" data-id=\"7c6b161\" data-element_type=\"section\">\n\t\t\t\t\t\t<div class=\"elementor-container elementor-column-gap-default\">\n\t\t\t\t\t<div class=\"elementor-column elementor-col-50 elementor-inner-column elementor-element elementor-element-38326c0\" data-id=\"38326c0\" data-element_type=\"column\">\n\t\t\t<div class=\"elementor-widget-wrap\">\n\t\t\t\t\t\t\t<\/div>\n\t\t<\/div>\n\t\t\t\t<div class=\"elementor-column elementor-col-50 elementor-inner-column elementor-element elementor-element-c3d6222\" data-id=\"c3d6222\" data-element_type=\"column\">\n\t\t\t<div class=\"elementor-widget-wrap elementor-element-populated\">\n\t\t\t\t\t\t<div class=\"elementor-element elementor-element-8140065 elementor-widget elementor-widget-text-editor\" data-id=\"8140065\" data-element_type=\"widget\" data-widget_type=\"text-editor.default\">\n\t\t\t\t<div class=\"elementor-widget-container\">\n\t\t\t\t\t\t\t\t\t<h3><strong>Vincenzo Nibali (ITA): <\/strong>Tipp Nr. 103<\/h3><p style=\"padding-left: 30px;\">Mit 33 Jahren ist der Italiener neben Froome einer der erfahrensten Teilnehmer im Fahrerfeld. Zudem geh\u00f6rt er zu den wenigen Fahrern, die bereits alle drei gro\u00dfen Landesrundfahrten f\u00fcr sich entscheiden konnte (Tour de France 2014, Giro d`Italia 2013 und 2016, Vuelta 2010). Einen Saisonh\u00f6hepunkt konnte er mit dem Fr\u00fchjahrsklassiker Mailand \u2013 Sanremo bereits gewinnen.<\/p><p style=\"padding-left: 30px;\"><strong>Ergebnis Gesamtklassement Tour de France 2017:<\/strong> nicht teilgenommen<\/p><p style=\"padding-left: 30px;\"><strong>Etappensiege Tour de France:<\/strong> 5<\/p>\t\t\t\t\t\t\t\t<\/div>\n\t\t\t\t<\/div>\n\t\t\t\t<div class=\"elementor-element elementor-element-2084082 elementor-align-center elementor-widget elementor-widget-button\" data-id=\"2084082\" data-element_type=\"widget\" data-widget_type=\"button.default\">\n\t\t\t\t<div class=\"elementor-widget-container\">\n\t\t\t\t\t\t\t\t\t<div class=\"elementor-button-wrapper\">\n\t\t\t\t\t<a class=\"elementor-button elementor-button-link elementor-size-sm\" href=\"https:\/\/oddset.de\/blog\/radsport\/tour-de-france\/tour-2018-die-jagd-auf-das-gelbe-trikot-ist-eroeffnet\/\">\n\t\t\t\t\t\t<span class=\"elementor-button-content-wrapper\">\n\t\t\t\t\t\t<span class=\"elementor-button-icon\">\n\t\t\t\t\t\t\t\t\t<i class=\"fa fa-bicycle\" aria-hidden=\"true\"><\/i>\n\t\t\t\t\t\t\t<\/span>\n\t\t\t\t\t\t\t\t\t<span class=\"elementor-button-text\">Etappenplan<\/span>\n\t\t\t\t\t<\/span>\n\t\t\t\t\t<\/a>\n\t\t\t\t<\/div>\n\t\t\t\t\t\t\t\t<\/div>\n\t\t\t\t<\/div>\n\t\t\t\t\t<\/div>\n\t\t<\/div>\n\t\t\t\t\t<\/div>\n\t\t<\/section>\n\t\t\t\t\t<\/div>\n\t\t<\/div>\n\t\t\t\t\t<\/div>\n\t\t<\/section>\n\t\t\t\t<section class=\"elementor-section elementor-top-section elementor-element elementor-element-6999f7e elementor-section-boxed elementor-section-height-default elementor-section-height-default\" data-id=\"6999f7e\" data-element_type=\"section\">\n\t\t\t\t\t\t<div class=\"elementor-container elementor-column-gap-default\">\n\t\t\t\t\t<div class=\"elementor-column elementor-col-100 elementor-top-column elementor-element elementor-element-fa4201d\" data-id=\"fa4201d\" data-element_type=\"column\">\n\t\t\t<div class=\"elementor-widget-wrap elementor-element-populated\">\n\t\t\t\t\t\t<div class=\"elementor-element elementor-element-f3490ec elementor-widget elementor-widget-heading\" data-id=\"f3490ec\" data-element_type=\"widget\" data-widget_type=\"heading.default\">\n\t\t\t\t<div class=\"elementor-widget-container\">\n\t\t\t\t\t<h2 class=\"elementor-heading-title elementor-size-default\">Favorit Sprintwertung (Gr\u00fcnes Trikot) | PLUS Nr. 060<\/h2>\t\t\t\t<\/div>\n\t\t\t\t<\/div>\n\t\t\t\t<section class=\"elementor-section elementor-inner-section elementor-element elementor-element-694a142 elementor-section-boxed elementor-section-height-default elementor-section-height-default\" data-id=\"694a142\" data-element_type=\"section\">\n\t\t\t\t\t\t<div class=\"elementor-container elementor-column-gap-default\">\n\t\t\t\t\t<div class=\"elementor-column elementor-col-50 elementor-inner-column elementor-element elementor-element-bb01f09\" data-id=\"bb01f09\" data-element_type=\"column\">\n\t\t\t<div class=\"elementor-widget-wrap\">\n\t\t\t\t\t\t\t<\/div>\n\t\t<\/div>\n\t\t\t\t<div class=\"elementor-column elementor-col-50 elementor-inner-column elementor-element elementor-element-b8304a8\" data-id=\"b8304a8\" data-element_type=\"column\">\n\t\t\t<div class=\"elementor-widget-wrap elementor-element-populated\">\n\t\t\t\t\t\t<div class=\"elementor-element elementor-element-aa6b52c elementor-widget elementor-widget-text-editor\" data-id=\"aa6b52c\" data-element_type=\"widget\" data-widget_type=\"text-editor.default\">\n\t\t\t\t<div class=\"elementor-widget-container\">\n\t\t\t\t\t\t\t\t\t<h3>Peter Sagan (SVK) | Tipp Nr. 200<\/h3><p style=\"padding-left: 30px;\">Der Slowake in Diensten des deutschen Teams Bora-hansgrohe ist der Top-Favorit auf den Gewinn der Sprintwertung. Seit seinem Tour-Deb\u00fct 2012 konnte er f\u00fcnfmal in Folge das gr\u00fcne Trikot erobern. Auch im letzten Jahr schien das Trikot bereits f\u00fcr ihn reserviert zu sein. Allerdings wurde er nach der 4. Etappe disqualifiziert, als er seinen Kontrahenten Mark Cavendish beim Zielsprint in die Absperrung dr\u00e4ngte. Mit einem sechsten Sieg k\u00f6nnte er mit Rekordhalter Erik Zabel gleichziehen, der von 1996 bis 2001 Sprinterk\u00f6nig der Tour wurde.<\/p><p style=\"padding-left: 30px;\"><strong>Ergebnis Sprintwertung Tour de France 2017:<\/strong> disqualifiziert<\/p><p style=\"padding-left: 30px;\"><strong>Etappensiege Tour de France:<\/strong> 5<\/p>\t\t\t\t\t\t\t\t<\/div>\n\t\t\t\t<\/div>\n\t\t\t\t\t<\/div>\n\t\t<\/div>\n\t\t\t\t\t<\/div>\n\t\t<\/section>\n\t\t\t\t<div class=\"elementor-element elementor-element-986e45f elementor-align-center elementor-widget elementor-widget-button\" data-id=\"986e45f\" data-element_type=\"widget\" data-widget_type=\"button.default\">\n\t\t\t\t<div class=\"elementor-widget-container\">\n\t\t\t\t\t\t\t\t\t<div class=\"elementor-button-wrapper\">\n\t\t\t\t\t<a class=\"elementor-button elementor-button-link elementor-size-sm\" href=\"https:\/\/oddset.de\/blog\/radsport\/tour-de-france\/tour-2018-die-jagd-auf-das-gelbe-trikot-ist-eroeffnet\/\">\n\t\t\t\t\t\t<span class=\"elementor-button-content-wrapper\">\n\t\t\t\t\t\t<span class=\"elementor-button-icon\">\n\t\t\t\t\t\t\t\t\t<i class=\"fa fa-bicycle\" aria-hidden=\"true\"><\/i>\n\t\t\t\t\t\t\t<\/span>\n\t\t\t\t\t\t\t\t\t<span class=\"elementor-button-text\">Etappenplan<\/span>\n\t\t\t\t\t<\/span>\n\t\t\t\t\t<\/a>\n\t\t\t\t<\/div>\n\t\t\t\t\t\t\t\t<\/div>\n\t\t\t\t<\/div>\n\t\t\t\t\t<\/div>\n\t\t<\/div>\n\t\t\t\t\t<\/div>\n\t\t<\/section>\n\t\t\t\t<section class=\"elementor-section elementor-top-section elementor-element elementor-element-9c6bad3 elementor-section-boxed elementor-section-height-default elementor-section-height-default\" data-id=\"9c6bad3\" data-element_type=\"section\">\n\t\t\t\t\t\t<div class=\"elementor-container elementor-column-gap-default\">\n\t\t\t\t\t<div class=\"elementor-column elementor-col-100 elementor-top-column elementor-element elementor-element-b1065ea\" data-id=\"b1065ea\" data-element_type=\"column\">\n\t\t\t<div class=\"elementor-widget-wrap elementor-element-populated\">\n\t\t\t\t\t\t<div class=\"elementor-element elementor-element-3595008 elementor-widget elementor-widget-heading\" data-id=\"3595008\" data-element_type=\"widget\" data-widget_type=\"heading.default\">\n\t\t\t\t<div class=\"elementor-widget-container\">\n\t\t\t\t\t<h2 class=\"elementor-heading-title elementor-size-default\">Favoriten Bergwertung (Gepunktetes Trikot) | PLUS Nr. 061<\/h2>\t\t\t\t<\/div>\n\t\t\t\t<\/div>\n\t\t\t\t<section class=\"elementor-section elementor-inner-section elementor-element elementor-element-3b0b3b3 elementor-section-boxed elementor-section-height-default elementor-section-height-default\" data-id=\"3b0b3b3\" data-element_type=\"section\">\n\t\t\t\t\t\t<div class=\"elementor-container elementor-column-gap-default\">\n\t\t\t\t\t<div class=\"elementor-column elementor-col-50 elementor-inner-column elementor-element elementor-element-444a2f1\" data-id=\"444a2f1\" data-element_type=\"column\">\n\t\t\t<div class=\"elementor-widget-wrap\">\n\t\t\t\t\t\t\t<\/div>\n\t\t<\/div>\n\t\t\t\t<div class=\"elementor-column elementor-col-50 elementor-inner-column elementor-element elementor-element-655f49f\" data-id=\"655f49f\" data-element_type=\"column\">\n\t\t\t<div class=\"elementor-widget-wrap elementor-element-populated\">\n\t\t\t\t\t\t<div class=\"elementor-element elementor-element-4626be7 elementor-widget elementor-widget-text-editor\" data-id=\"4626be7\" data-element_type=\"widget\" data-widget_type=\"text-editor.default\">\n\t\t\t\t<div class=\"elementor-widget-container\">\n\t\t\t\t\t\t\t\t\t<h3>Warren Barguil (FRA) | Tipp Nr. 300<\/h3><p style=\"padding-left: 30px;\">Im letzten Jahr feierte der junge Franzose mit dem Gewinn der Bergwertung der Tour den gr\u00f6\u00dften Erfolg seiner bisherigen Karriere. In die Herzen seiner Landsleute fuhr sich Barguil, als er am franz\u00f6sischen Nationalfeiertag die 13. Etappe gewann.<\/p><p style=\"padding-left: 30px;\">Auch in diesem Jahr ist zu erwarten, dass sich sein Augenmerk auf den Gewinn einzelner Etappen und das Bergtrikot richten wird.<\/p><p style=\"padding-left: 30px;\"><strong>Ergebnis Bergwertung 2017:<\/strong> 1.<\/p><p style=\"padding-left: 30px;\"><strong>Etappensiege Tour de France:<\/strong> 2<\/p><p style=\"padding-left: 30px;\"><strong>Ergebnis Gesamtklassement 2017:<\/strong> 10.<\/p>\t\t\t\t\t\t\t\t<\/div>\n\t\t\t\t<\/div>\n\t\t\t\t\t<\/div>\n\t\t<\/div>\n\t\t\t\t\t<\/div>\n\t\t<\/section>\n\t\t\t\t<section class=\"elementor-section elementor-inner-section elementor-element elementor-element-cd590b5 elementor-section-boxed elementor-section-height-default elementor-section-height-default\" data-id=\"cd590b5\" data-element_type=\"section\">\n\t\t\t\t\t\t<div class=\"elementor-container elementor-column-gap-default\">\n\t\t\t\t\t<div class=\"elementor-column elementor-col-50 elementor-inner-column elementor-element elementor-element-7e9fdf8\" data-id=\"7e9fdf8\" data-element_type=\"column\">\n\t\t\t<div class=\"elementor-widget-wrap\">\n\t\t\t\t\t\t\t<\/div>\n\t\t<\/div>\n\t\t\t\t<div class=\"elementor-column elementor-col-50 elementor-inner-column elementor-element elementor-element-5841ded\" data-id=\"5841ded\" data-element_type=\"column\">\n\t\t\t<div class=\"elementor-widget-wrap elementor-element-populated\">\n\t\t\t\t\t\t<div class=\"elementor-element elementor-element-a87cd03 elementor-widget elementor-widget-text-editor\" data-id=\"a87cd03\" data-element_type=\"widget\" data-widget_type=\"text-editor.default\">\n\t\t\t\t<div class=\"elementor-widget-container\">\n\t\t\t\t\t\t\t\t\t<h3>Mikel Landa (ESP) | Tipp Nr. 301<\/h3><p style=\"padding-left: 30px;\">Im letzten Jahr noch Edelhelfer f\u00fcr den Toursieger Chris Froome im Team Sky, wechselte der Spanier in dieser Saison zu Movistar, der Mannschaft von Nairo Quintana. Es wird erwartet, dass die teaminterne Rollenverteilung einen Toursieg des Kolumbianers vorsieht und Landa um das gepunktete Trikot k\u00e4mpfen soll. Sollte Quintana aber schw\u00e4cheln, k\u00f6nnte auch Landa um das Gelbe Trikot k\u00e4mpfen.<\/p><p style=\"padding-left: 30px;\"><strong>Ergebnis Bergwertung 2017:<\/strong> 7.<\/p><p style=\"padding-left: 30px;\"><strong>Etappensiege Tour de France:<\/strong> 0<\/p><p style=\"padding-left: 30px;\"><strong>Ergebnis Gesamtklassement 2017:<\/strong> 4.<\/p>\t\t\t\t\t\t\t\t<\/div>\n\t\t\t\t<\/div>\n\t\t\t\t\t<\/div>\n\t\t<\/div>\n\t\t\t\t\t<\/div>\n\t\t<\/section>\n\t\t\t\t<section class=\"elementor-section elementor-inner-section elementor-element elementor-element-ec8b3b8 elementor-section-boxed elementor-section-height-default elementor-section-height-default\" data-id=\"ec8b3b8\" data-element_type=\"section\">\n\t\t\t\t\t\t<div class=\"elementor-container elementor-column-gap-default\">\n\t\t\t\t\t<div class=\"elementor-column elementor-col-50 elementor-inner-column elementor-element elementor-element-0e93c54\" data-id=\"0e93c54\" data-element_type=\"column\">\n\t\t\t<div class=\"elementor-widget-wrap\">\n\t\t\t\t\t\t\t<\/div>\n\t\t<\/div>\n\t\t\t\t<div class=\"elementor-column elementor-col-50 elementor-inner-column elementor-element elementor-element-df93579\" data-id=\"df93579\" data-element_type=\"column\">\n\t\t\t<div class=\"elementor-widget-wrap elementor-element-populated\">\n\t\t\t\t\t\t<div class=\"elementor-element elementor-element-f087cd4 elementor-widget elementor-widget-text-editor\" data-id=\"f087cd4\" data-element_type=\"widget\" data-widget_type=\"text-editor.default\">\n\t\t\t\t<div class=\"elementor-widget-container\">\n\t\t\t\t\t\t\t\t\t<h3>Thomas De Gendt (BEL) | Tipp Nr. 302<\/h3><p style=\"padding-left: 30px;\">2016 wurde De Gendt Zweiter der Bergwertung, im vergangenen Jahr reichte es mit Platz drei ebenfalls f\u00fcr das Podium in dieser Spezialwertung. Er gilt als Mann der Fluchtgruppen, was ihn zum flei\u00dfigen Punktesammler macht, da er h\u00e4ufig als einer der ersten die Bergwertungen erreicht. Bei der Tour de France konnte er bisher eine Etappe gewinnen, mit dem Sieg 2016 bei der Etappe auf den Mont Ventoux auch eine der wichtigsten.<\/p><p style=\"padding-left: 30px;\"><strong>Ergebnis Bergwertung 2017:<\/strong> 3.<\/p><p style=\"padding-left: 30px;\"><strong>Etappensiege Tour de France:<\/strong> 1<\/p><p style=\"padding-left: 30px;\"><strong>Ergebnis Gesamtklassement 2017:<\/strong> 51.<\/p>\t\t\t\t\t\t\t\t<\/div>\n\t\t\t\t<\/div>\n\t\t\t\t\t<\/div>\n\t\t<\/div>\n\t\t\t\t\t<\/div>\n\t\t<\/section>\n\t\t\t\t<section class=\"elementor-section elementor-inner-section elementor-element elementor-element-686f865 elementor-section-boxed elementor-section-height-default elementor-section-height-default\" data-id=\"686f865\" data-element_type=\"section\">\n\t\t\t\t\t\t<div class=\"elementor-container elementor-column-gap-default\">\n\t\t\t\t\t<div class=\"elementor-column elementor-col-50 elementor-inner-column elementor-element elementor-element-4e3e210\" data-id=\"4e3e210\" data-element_type=\"column\">\n\t\t\t<div class=\"elementor-widget-wrap\">\n\t\t\t\t\t\t\t<\/div>\n\t\t<\/div>\n\t\t\t\t<div class=\"elementor-column elementor-col-50 elementor-inner-column elementor-element elementor-element-129fe96\" data-id=\"129fe96\" data-element_type=\"column\">\n\t\t\t<div class=\"elementor-widget-wrap elementor-element-populated\">\n\t\t\t\t\t\t<div class=\"elementor-element elementor-element-405444e elementor-widget elementor-widget-text-editor\" data-id=\"405444e\" data-element_type=\"widget\" data-widget_type=\"text-editor.default\">\n\t\t\t\t<div class=\"elementor-widget-container\">\n\t\t\t\t\t\t\t\t\t<h3>Rafal Majka (POL) | Tipp Nr. 303<\/h3><p style=\"padding-left: 30px;\">Der Teamkollege von Peter Sagan ist bei Bora-hansgrohe der Mann f\u00fcrs Gesamtklassement. Da es f\u00fcr ihn f\u00fcr ganz oben wohl nicht reichen wird, k\u00f6nnte er wie bereits in den Jahren 2014 und 2016 den Gewinn des Bergtrikots ins Visier nehmen.<\/p><p style=\"padding-left: 30px;\"><strong>Ergebnis Bergwertung 2017:<\/strong> ausgefallen (2016: 1.)<\/p><p style=\"padding-left: 30px;\"><strong>Etappensiege Tour de France:<\/strong> 3<\/p><p style=\"padding-left: 30px;\"><strong>Ergebnis Gesamtklassement 2017:<\/strong> ausgefallen (2016: 27.)<\/p>\t\t\t\t\t\t\t\t<\/div>\n\t\t\t\t<\/div>\n\t\t\t\t\t<\/div>\n\t\t<\/div>\n\t\t\t\t\t<\/div>\n\t\t<\/section>\n\t\t\t\t\t<\/div>\n\t\t<\/div>\n\t\t\t\t\t<\/div>\n\t\t<\/section>\n\t\t\t\t<section class=\"elementor-section elementor-top-section elementor-element elementor-element-2cbc66e elementor-section-boxed elementor-section-height-default elementor-section-height-default\" data-id=\"2cbc66e\" data-element_type=\"section\">\n\t\t\t\t\t\t<div class=\"elementor-container elementor-column-gap-default\">\n\t\t\t\t\t<div class=\"elementor-column elementor-col-100 elementor-top-column elementor-element elementor-element-e1b0499\" data-id=\"e1b0499\" data-element_type=\"column\">\n\t\t\t<div class=\"elementor-widget-wrap\">\n\t\t\t\t\t\t\t<\/div>\n\t\t<\/div>\n\t\t\t\t\t<\/div>\n\t\t<\/section>\n\t\t\t\t<\/div>\n\t\t","protected":false},"excerpt":{"rendered":"<p>Parallel zur Fu\u00dfball-WM startete mit dem h\u00e4rtesten Radrennen der Welt das n\u00e4chste sportliche Gro\u00dfereignis \u2013 die 105. Ausgabe der Tour de France. Aufgrund der Fu\u00dfball-WM wurde der Tour-Start um eine Woche nach hinten verschoben, sie dauert nun vom 7. bis 29. Juli. Die Frankreich-Rundfahrt lockt jeden Sommer Millionen von Zuschauern an die Strecke und gilt\u00a0 [&hellip;]<\/p>\n","protected":false},"author":3,"featured_media":15915,"comment_status":"closed","ping_status":"closed","sticky":false,"template":"","format":"standard","meta":{"_acf_changed":false,"footnotes":""},"categories":[578],"tags":[965,585,966,583],"class_list":["post-15697","post","type-post","status-publish","format-standard","has-post-thumbnail","hentry","category-tour-de-france","tag-christopher-froome","tag-etappe","tag-gelbes-trikot","tag-tour-de-france"],"acf":[],"yoast_head":"<!-- This site is optimized with the Yoast SEO plugin v26.0 - https:\/\/yoast.com\/wordpress\/plugins\/seo\/ -->\n<title>Tour 2018: Die Jagd auf das Gelbe Trikot - ODDSET<\/title>\n<meta name=\"description\" content=\"Alle ODDSET Wetten und Tipps zur Tour de France 2018. Wer gewinnt die Tour dieses Jahr \u2013 Froome, Nibali, Quintana ...? Jetzt bei ODDSET tippen &gt;&gt;\" \/>\n<meta name=\"robots\" content=\"index, follow, max-snippet:-1, max-image-preview:large, max-video-preview:-1\" \/>\n<link rel=\"canonical\" href=\"https:\/\/www.oddset.de\/blog\/radsport\/tour-de-france\/tour-2018-die-jagd-auf-das-gelbe-trikot-ist-eroeffnet\/\" \/>\n<meta property=\"og:locale\" content=\"de_DE\" \/>\n<meta property=\"og:type\" content=\"article\" \/>\n<meta property=\"og:title\" content=\"Tour 2018: Die Jagd auf das Gelbe Trikot - ODDSET\" \/>\n<meta property=\"og:description\" content=\"Alle ODDSET Wetten und Tipps zur Tour de France 2018. Wer gewinnt die Tour dieses Jahr \u2013 Froome, Nibali, Quintana ...? Jetzt bei ODDSET tippen &gt;&gt;\" \/>\n<meta property=\"og:url\" content=\"https:\/\/www.oddset.de\/blog\/radsport\/tour-de-france\/tour-2018-die-jagd-auf-das-gelbe-trikot-ist-eroeffnet\/\" \/>\n<meta property=\"og:site_name\" content=\"ODDSET FANZONE\" \/>\n<meta property=\"article:publisher\" content=\"https:\/\/www.facebook.com\/ODDSETwetten\/\" \/>\n<meta property=\"article:author\" content=\"https:\/\/www.facebook.com\/ODDSETwetten\/\" \/>\n<meta property=\"article:published_time\" content=\"2018-07-05T10:52:48+00:00\" \/>\n<meta property=\"article:modified_time\" content=\"2023-09-28T13:31:37+00:00\" \/>\n<meta property=\"og:image\" content=\"https:\/\/www.oddset.de\/blog\/wp-content\/uploads\/2018\/07\/tdf2018-degenkolb.jpg\" \/>\n\t<meta property=\"og:image:width\" content=\"1024\" \/>\n\t<meta property=\"og:image:height\" content=\"640\" \/>\n\t<meta property=\"og:image:type\" content=\"image\/jpeg\" \/>\n<meta name=\"author\" content=\"ODDSET Toni\" \/>\n<meta name=\"twitter:card\" content=\"summary_large_image\" \/>\n<meta name=\"twitter:creator\" content=\"@ODDSETsport\" \/>\n<meta name=\"twitter:site\" content=\"@ODDSETsport\" \/>\n<meta name=\"twitter:label1\" content=\"Verfasst von\" \/>\n\t<meta name=\"twitter:data1\" content=\"ODDSET Toni\" \/>\n\t<meta name=\"twitter:label2\" content=\"Gesch\u00e4tzte Lesezeit\" \/>\n\t<meta name=\"twitter:data2\" content=\"4\u00a0Minuten\" \/>\n<!-- \/ Yoast SEO plugin. -->","yoast_head_json":{"title":"Tour 2018: Die Jagd auf das Gelbe Trikot - ODDSET","description":"Alle ODDSET Wetten und Tipps zur Tour de France 2018. Wer gewinnt die Tour dieses Jahr \u2013 Froome, Nibali, Quintana ...? Jetzt bei ODDSET tippen >>","robots":{"index":"index","follow":"follow","max-snippet":"max-snippet:-1","max-image-preview":"max-image-preview:large","max-video-preview":"max-video-preview:-1"},"canonical":"https:\/\/www.oddset.de\/blog\/radsport\/tour-de-france\/tour-2018-die-jagd-auf-das-gelbe-trikot-ist-eroeffnet\/","og_locale":"de_DE","og_type":"article","og_title":"Tour 2018: Die Jagd auf das Gelbe Trikot - ODDSET","og_description":"Alle ODDSET Wetten und Tipps zur Tour de France 2018. Wer gewinnt die Tour dieses Jahr \u2013 Froome, Nibali, Quintana ...? Jetzt bei ODDSET tippen >>","og_url":"https:\/\/www.oddset.de\/blog\/radsport\/tour-de-france\/tour-2018-die-jagd-auf-das-gelbe-trikot-ist-eroeffnet\/","og_site_name":"ODDSET FANZONE","article_publisher":"https:\/\/www.facebook.com\/ODDSETwetten\/","article_author":"https:\/\/www.facebook.com\/ODDSETwetten\/","article_published_time":"2018-07-05T10:52:48+00:00","article_modified_time":"2023-09-28T13:31:37+00:00","og_image":[{"width":1024,"height":640,"url":"https:\/\/www.oddset.de\/blog\/wp-content\/uploads\/2018\/07\/tdf2018-degenkolb.jpg","type":"image\/jpeg"}],"author":"ODDSET Toni","twitter_card":"summary_large_image","twitter_creator":"@ODDSETsport","twitter_site":"@ODDSETsport","twitter_misc":{"Verfasst von":"ODDSET Toni","Gesch\u00e4tzte Lesezeit":"4\u00a0Minuten"},"schema":{"@context":"https:\/\/schema.org","@graph":[{"@type":"Article","@id":"https:\/\/www.oddset.de\/blog\/radsport\/tour-de-france\/tour-2018-die-jagd-auf-das-gelbe-trikot-ist-eroeffnet\/#article","isPartOf":{"@id":"https:\/\/www.oddset.de\/blog\/radsport\/tour-de-france\/tour-2018-die-jagd-auf-das-gelbe-trikot-ist-eroeffnet\/"},"author":{"name":"ODDSET Toni","@id":"https:\/\/www.oddset.de\/blog\/#\/schema\/person\/1ed279ebc2b2730994c2a1ab545b86b4"},"headline":"Tour 2018: Die Jagd auf das Gelbe Trikot","datePublished":"2018-07-05T10:52:48+00:00","dateModified":"2023-09-28T13:31:37+00:00","mainEntityOfPage":{"@id":"https:\/\/www.oddset.de\/blog\/radsport\/tour-de-france\/tour-2018-die-jagd-auf-das-gelbe-trikot-ist-eroeffnet\/"},"wordCount":855,"publisher":{"@id":"https:\/\/www.oddset.de\/blog\/#organization"},"image":{"@id":"https:\/\/www.oddset.de\/blog\/radsport\/tour-de-france\/tour-2018-die-jagd-auf-das-gelbe-trikot-ist-eroeffnet\/#primaryimage"},"thumbnailUrl":"https:\/\/www.oddset.de\/blog\/wp-content\/uploads\/2018\/07\/tdf2018-degenkolb.jpg","keywords":["Christopher Froome","Etappe","Gelbes Trikot","Tour de France"],"articleSection":["Tour de France"],"inLanguage":"de"},{"@type":"WebPage","@id":"https:\/\/www.oddset.de\/blog\/radsport\/tour-de-france\/tour-2018-die-jagd-auf-das-gelbe-trikot-ist-eroeffnet\/","url":"https:\/\/www.oddset.de\/blog\/radsport\/tour-de-france\/tour-2018-die-jagd-auf-das-gelbe-trikot-ist-eroeffnet\/","name":"Tour 2018: Die Jagd auf das Gelbe Trikot - ODDSET","isPartOf":{"@id":"https:\/\/www.oddset.de\/blog\/#website"},"primaryImageOfPage":{"@id":"https:\/\/www.oddset.de\/blog\/radsport\/tour-de-france\/tour-2018-die-jagd-auf-das-gelbe-trikot-ist-eroeffnet\/#primaryimage"},"image":{"@id":"https:\/\/www.oddset.de\/blog\/radsport\/tour-de-france\/tour-2018-die-jagd-auf-das-gelbe-trikot-ist-eroeffnet\/#primaryimage"},"thumbnailUrl":"https:\/\/www.oddset.de\/blog\/wp-content\/uploads\/2018\/07\/tdf2018-degenkolb.jpg","datePublished":"2018-07-05T10:52:48+00:00","dateModified":"2023-09-28T13:31:37+00:00","description":"Alle ODDSET Wetten und Tipps zur Tour de France 2018. Wer gewinnt die Tour dieses Jahr \u2013 Froome, Nibali, Quintana ...? Jetzt bei ODDSET tippen >>","breadcrumb":{"@id":"https:\/\/www.oddset.de\/blog\/radsport\/tour-de-france\/tour-2018-die-jagd-auf-das-gelbe-trikot-ist-eroeffnet\/#breadcrumb"},"inLanguage":"de","potentialAction":[{"@type":"ReadAction","target":["https:\/\/www.oddset.de\/blog\/radsport\/tour-de-france\/tour-2018-die-jagd-auf-das-gelbe-trikot-ist-eroeffnet\/"]}]},{"@type":"ImageObject","inLanguage":"de","@id":"https:\/\/www.oddset.de\/blog\/radsport\/tour-de-france\/tour-2018-die-jagd-auf-das-gelbe-trikot-ist-eroeffnet\/#primaryimage","url":"https:\/\/www.oddset.de\/blog\/wp-content\/uploads\/2018\/07\/tdf2018-degenkolb.jpg","contentUrl":"https:\/\/www.oddset.de\/blog\/wp-content\/uploads\/2018\/07\/tdf2018-degenkolb.jpg","width":1024,"height":640,"caption":"9. Etappe der Tour de France 2018: John Degenkolb gewinnt den Zielsprint."},{"@type":"BreadcrumbList","@id":"https:\/\/www.oddset.de\/blog\/radsport\/tour-de-france\/tour-2018-die-jagd-auf-das-gelbe-trikot-ist-eroeffnet\/#breadcrumb","itemListElement":[{"@type":"ListItem","position":1,"name":"Startseite","item":"https:\/\/www.oddset.de\/blog\/"},{"@type":"ListItem","position":2,"name":"Tour 2018: Die Jagd auf das Gelbe Trikot"}]},{"@type":"WebSite","@id":"https:\/\/www.oddset.de\/blog\/#website","url":"https:\/\/www.oddset.de\/blog\/","name":"ODDSET FANZONE","description":"Der Fu\u00dfball &amp; Sportwetten Blog","publisher":{"@id":"https:\/\/www.oddset.de\/blog\/#organization"},"potentialAction":[{"@type":"SearchAction","target":{"@type":"EntryPoint","urlTemplate":"https:\/\/www.oddset.de\/blog\/?s={search_term_string}"},"query-input":{"@type":"PropertyValueSpecification","valueRequired":true,"valueName":"search_term_string"}}],"inLanguage":"de"},{"@type":"Organization","@id":"https:\/\/www.oddset.de\/blog\/#organization","name":"ODDSET FANZONE","url":"https:\/\/www.oddset.de\/blog\/","logo":{"@type":"ImageObject","inLanguage":"de","@id":"https:\/\/www.oddset.de\/blog\/#\/schema\/logo\/image\/","url":"https:\/\/www.oddset.de\/blog\/wp-content\/uploads\/2020\/05\/tb_logo.png","contentUrl":"https:\/\/www.oddset.de\/blog\/wp-content\/uploads\/2020\/05\/tb_logo.png","width":1171,"height":400,"caption":"ODDSET FANZONE"},"image":{"@id":"https:\/\/www.oddset.de\/blog\/#\/schema\/logo\/image\/"},"sameAs":["https:\/\/www.facebook.com\/ODDSETwetten\/","https:\/\/x.com\/ODDSETsport","https:\/\/www.youtube.com\/channel\/UC_vWGAocu28RqdyhzCPf9ZQ"]},{"@type":"Person","@id":"https:\/\/www.oddset.de\/blog\/#\/schema\/person\/1ed279ebc2b2730994c2a1ab545b86b4","name":"ODDSET Toni","image":{"@type":"ImageObject","inLanguage":"de","@id":"https:\/\/www.oddset.de\/blog\/#\/schema\/person\/image\/","url":"https:\/\/secure.gravatar.com\/avatar\/ec90f36188cf555290343bad6bcfc8855c515ed08d4a481bc6ddad98c9615f74?s=96&d=mm&r=g","contentUrl":"https:\/\/secure.gravatar.com\/avatar\/ec90f36188cf555290343bad6bcfc8855c515ed08d4a481bc6ddad98c9615f74?s=96&d=mm&r=g","caption":"ODDSET Toni"},"description":"ODDSET ist seit 1999 der kompetente und vertrauensw\u00fcrdige Anbieter von Sportwetten in Deutschland. Dank der jahrelangen Erfahrung bietet ODDSET ein verantwortungsvolles und seri\u00f6ses Wettangebot. ODDSET z\u00e4hlt zu den gr\u00f6\u00dften staatlichen Wettanbietern Europas und fungiert als Partner des Sports. ODDSET \u2013 Sportwetten aus Tradition.","sameAs":["https:\/\/www.facebook.com\/ODDSETwetten\/","https:\/\/x.com\/ODDSETsport"],"url":"https:\/\/www.oddset.de\/blog\/blogger\/oddset-toni\/"}]}},"amp_enabled":true,"_links":{"self":[{"href":"https:\/\/www.oddset.de\/blog\/wp-json\/wp\/v2\/posts\/15697","targetHints":{"allow":["GET"]}}],"collection":[{"href":"https:\/\/www.oddset.de\/blog\/wp-json\/wp\/v2\/posts"}],"about":[{"href":"https:\/\/www.oddset.de\/blog\/wp-json\/wp\/v2\/types\/post"}],"author":[{"embeddable":true,"href":"https:\/\/www.oddset.de\/blog\/wp-json\/wp\/v2\/users\/3"}],"replies":[{"embeddable":true,"href":"https:\/\/www.oddset.de\/blog\/wp-json\/wp\/v2\/comments?post=15697"}],"version-history":[{"count":27,"href":"https:\/\/www.oddset.de\/blog\/wp-json\/wp\/v2\/posts\/15697\/revisions"}],"predecessor-version":[{"id":80068,"href":"https:\/\/www.oddset.de\/blog\/wp-json\/wp\/v2\/posts\/15697\/revisions\/80068"}],"wp:featuredmedia":[{"embeddable":true,"href":"https:\/\/www.oddset.de\/blog\/wp-json\/wp\/v2\/media\/15915"}],"wp:attachment":[{"href":"https:\/\/www.oddset.de\/blog\/wp-json\/wp\/v2\/media?parent=15697"}],"wp:term":[{"taxonomy":"category","embeddable":true,"href":"https:\/\/www.oddset.de\/blog\/wp-json\/wp\/v2\/categories?post=15697"},{"taxonomy":"post_tag","embeddable":true,"href":"https:\/\/www.oddset.de\/blog\/wp-json\/wp\/v2\/tags?post=15697"}],"curies":[{"name":"wp","href":"https:\/\/api.w.org\/{rel}","templated":true}]}}