{"id":12609,"date":"2018-03-16T15:03:15","date_gmt":"2018-03-16T14:03:15","guid":{"rendered":"https:\/\/fanzone.oddset.de\/?p=12609"},"modified":"2023-09-28T15:28:53","modified_gmt":"2023-09-28T13:28:53","slug":"finaltag-der-amateure","status":"publish","type":"post","link":"https:\/\/www.oddset.de\/blog\/fussball\/finaltag-der-amateure\/","title":{"rendered":"Finaltag der Amateure 2018"},"content":{"rendered":"\t\t<div data-elementor-type=\"wp-post\" data-elementor-id=\"12609\" class=\"elementor elementor-12609\">\n\t\t\t\t\t\t<section class=\"elementor-section elementor-top-section elementor-element elementor-element-3738c1a elementor-section-boxed elementor-section-height-default elementor-section-height-default\" data-id=\"3738c1a\" data-element_type=\"section\">\n\t\t\t\t\t\t<div class=\"elementor-container elementor-column-gap-default\">\n\t\t\t\t\t<div class=\"elementor-column elementor-col-100 elementor-top-column elementor-element elementor-element-58052e6\" data-id=\"58052e6\" data-element_type=\"column\">\n\t\t\t<div class=\"elementor-widget-wrap elementor-element-populated\">\n\t\t\t\t\t\t<div class=\"elementor-element elementor-element-9cae5e9 elementor-widget elementor-widget-heading\" data-id=\"9cae5e9\" data-element_type=\"widget\" data-widget_type=\"heading.default\">\n\t\t\t\t<div class=\"elementor-widget-container\">\n\t\t\t\t\t<h2 class=\"elementor-heading-title elementor-size-default\">Finaltag der Amateure 2018<\/h2>\t\t\t\t<\/div>\n\t\t\t\t<\/div>\n\t\t\t\t<section class=\"elementor-section elementor-inner-section elementor-element elementor-element-e9b946a elementor-section-boxed elementor-section-height-default elementor-section-height-default\" data-id=\"e9b946a\" data-element_type=\"section\">\n\t\t\t\t\t\t<div class=\"elementor-container elementor-column-gap-default\">\n\t\t\t\t\t<div class=\"elementor-column elementor-col-50 elementor-inner-column elementor-element elementor-element-f76d54c\" data-id=\"f76d54c\" data-element_type=\"column\">\n\t\t\t<div class=\"elementor-widget-wrap elementor-element-populated\">\n\t\t\t\t\t\t<div class=\"elementor-element elementor-element-cb274f3 elementor-widget elementor-widget-text-editor\" data-id=\"cb274f3\" data-element_type=\"widget\" data-widget_type=\"text-editor.default\">\n\t\t\t\t<div class=\"elementor-widget-container\">\n\t\t\t\t\t\t\t\t\t<p>\u2714 <strong>Wann:<\/strong> Montag, 21. Mai 2018<\/p><p>\u2714 <strong>Ansto\u00dfzeiten: <\/strong>jeweils 7 Spiele um 12:30 Uhr, 14:30 Uhr und 17:00 Uhr<\/p>\t\t\t\t\t\t\t\t<\/div>\n\t\t\t\t<\/div>\n\t\t\t\t\t<\/div>\n\t\t<\/div>\n\t\t\t\t<div class=\"elementor-column elementor-col-50 elementor-inner-column elementor-element elementor-element-deeb223\" data-id=\"deeb223\" data-element_type=\"column\">\n\t\t\t<div class=\"elementor-widget-wrap elementor-element-populated\">\n\t\t\t\t\t\t<div class=\"elementor-element elementor-element-767b19e elementor-widget elementor-widget-text-editor\" data-id=\"767b19e\" data-element_type=\"widget\" data-widget_type=\"text-editor.default\">\n\t\t\t\t<div class=\"elementor-widget-container\">\n\t\t\t\t\t\t\t\t\t<p>\u2714 <strong>Wer \u00fcbertr\u00e4gt <span style=\"color: #ff0000;\">live<\/span> im TV: <\/strong>ARD<\/p><p>\u2714 <strong>Anzahl der Endspiele: <\/strong>21<strong><br \/> <\/strong><\/p>\t\t\t\t\t\t\t\t<\/div>\n\t\t\t\t<\/div>\n\t\t\t\t\t<\/div>\n\t\t<\/div>\n\t\t\t\t\t<\/div>\n\t\t<\/section>\n\t\t\t\t\t<\/div>\n\t\t<\/div>\n\t\t\t\t\t<\/div>\n\t\t<\/section>\n\t\t\t\t<section class=\"elementor-section elementor-top-section elementor-element elementor-element-aaa1c85 elementor-section-boxed elementor-section-height-default elementor-section-height-default\" data-id=\"aaa1c85\" data-element_type=\"section\">\n\t\t\t\t\t\t<div class=\"elementor-container elementor-column-gap-default\">\n\t\t\t\t\t<div class=\"elementor-column elementor-col-100 elementor-top-column elementor-element elementor-element-b785700\" data-id=\"b785700\" data-element_type=\"column\">\n\t\t\t<div class=\"elementor-widget-wrap elementor-element-populated\">\n\t\t\t\t\t\t<div class=\"elementor-element elementor-element-ebffbd1 elementor-widget elementor-widget-counter\" data-id=\"ebffbd1\" data-element_type=\"widget\" data-widget_type=\"counter.default\">\n\t\t\t\t<div class=\"elementor-widget-container\">\n\t\t\t\t\t\t\t<div class=\"elementor-counter\">\n\t\t\t<div class=\"elementor-counter-title\">Euro Antrittspr\u00e4mie gibt es f\u00fcr die Sieger der 21 Landespokalendspiele.<\/div>\t\t\t<div class=\"elementor-counter-number-wrapper\">\n\t\t\t\t<span class=\"elementor-counter-number-prefix\"><\/span>\n\t\t\t\t<span class=\"elementor-counter-number\" data-duration=\"2000\" data-to-value=\"100000\" data-from-value=\"\" data-delimiter=\",\"><\/span>\n\t\t\t\t<span class=\"elementor-counter-number-suffix\"><\/span>\n\t\t\t<\/div>\n\t\t<\/div>\n\t\t\t\t\t\t<\/div>\n\t\t\t\t<\/div>\n\t\t\t\t\t<\/div>\n\t\t<\/div>\n\t\t\t\t\t<\/div>\n\t\t<\/section>\n\t\t\t\t<section class=\"elementor-section elementor-top-section elementor-element elementor-element-ccbbdfa elementor-section-boxed elementor-section-height-default elementor-section-height-default\" data-id=\"ccbbdfa\" data-element_type=\"section\">\n\t\t\t\t\t\t<div class=\"elementor-container elementor-column-gap-default\">\n\t\t\t\t\t<div class=\"elementor-column elementor-col-100 elementor-top-column elementor-element elementor-element-79b3a5d\" data-id=\"79b3a5d\" data-element_type=\"column\">\n\t\t\t<div class=\"elementor-widget-wrap elementor-element-populated\">\n\t\t\t\t\t\t<div class=\"elementor-element elementor-element-447b09f elementor-widget elementor-widget-text-editor\" data-id=\"447b09f\" data-element_type=\"widget\" data-widget_type=\"text-editor.default\">\n\t\t\t\t<div class=\"elementor-widget-container\">\n\t\t\t\t\t\t\t\t\t<p>Finaltag der Amateure: Wer schafft es in die 1. Runde des DFB-Pokals? In jeder Saison d\u00fcrfen auch die Kleinen im Kampf um einen Platz im Duell mit einem Gro\u00dfen mitmischen. Die Jagd um einen der begehrten Pl\u00e4tze im DFB-Pokal ist bereits voll im Gange. \u00dcber den Landespokal in den DFB-Pokal: Hier findet ihr die 21 Endspiele des Finaltags der Amateure!<\/p>\t\t\t\t\t\t\t\t<\/div>\n\t\t\t\t<\/div>\n\t\t\t\t\t<\/div>\n\t\t<\/div>\n\t\t\t\t\t<\/div>\n\t\t<\/section>\n\t\t\t\t<section class=\"elementor-section elementor-top-section elementor-element elementor-element-5c42922 elementor-section-boxed elementor-section-height-default elementor-section-height-default\" data-id=\"5c42922\" data-element_type=\"section\">\n\t\t\t\t\t\t<div class=\"elementor-container elementor-column-gap-default\">\n\t\t\t\t\t<div class=\"elementor-column elementor-col-50 elementor-top-column elementor-element elementor-element-ec64ee4\" data-id=\"ec64ee4\" data-element_type=\"column\">\n\t\t\t<div class=\"elementor-widget-wrap elementor-element-populated\">\n\t\t\t\t\t\t<div class=\"elementor-element elementor-element-c30a0ba elementor-widget elementor-widget-text-editor\" data-id=\"c30a0ba\" data-element_type=\"widget\" data-widget_type=\"text-editor.default\">\n\t\t\t\t<div class=\"elementor-widget-container\">\n\t\t\t\t\t\t\t\t\t<h3>Amateure live im TV<\/h3><p>\u00dcbrigens wird man s\u00e4mtliche Finalisten in einer siebenst\u00fcndigen Konferenzschaltung im Fernsehen erleben. Denn der DFB plant die Spiele auf drei Ansto\u00dfzeiten \u00fcber den Tag zu verteilen, sodass die ARD ihre Live-\u00dcbertragung in drei Phasen unterteilen kann. Wie in den vergangenen beiden Jahren \u00fcbernimmt der WDR die Koordinierung der Livekonferenz. Steffen Simon, Sportchef des WDR, freut sich auf den Finaltag der Amateure:<\/p><blockquote><p>&#8222;Die Gegens\u00e4tze machen den besonderen Reiz dieser Veranstaltung aus \u2013 einerseits haben wir Traditionsklubs mit klangvollen Namen, auf der anderen Seite sind auch kleinere Amateurklubs vertreten, die den vielleicht gr\u00f6\u00dften Tag ihrer Vereinsgeschichte erleben. Das Gesamtpaket, das der Finaltag der Amateure bietet, passt einfach.&#8220;<\/p><\/blockquote>\t\t\t\t\t\t\t\t<\/div>\n\t\t\t\t<\/div>\n\t\t\t\t\t<\/div>\n\t\t<\/div>\n\t\t\t\t<div class=\"elementor-column elementor-col-50 elementor-top-column elementor-element elementor-element-0d2290e\" data-id=\"0d2290e\" data-element_type=\"column\">\n\t\t\t<div class=\"elementor-widget-wrap elementor-element-populated\">\n\t\t\t\t\t\t<div class=\"elementor-element elementor-element-c1458fd elementor-widget elementor-widget-html\" data-id=\"c1458fd\" data-element_type=\"widget\" data-widget_type=\"html.default\">\n\t\t\t\t<div class=\"elementor-widget-container\">\n\t\t\t\t\t           <a class=\"twitter-timeline\"  href=\"https:\/\/twitter.com\/search?q=%23Finaltag%20der%20Amateure\" data-widget-id=\"862962663034413056\">Tweets \u00fcber #Finaltag der Amateure <\/a>\n            <script>!function(d,s,id){var js,fjs=d.getElementsByTagName(s)[0],p=\/^http:\/.test(d.location)?'http':'https';if(!d.getElementById(id)){js=d.createElement(s);js.id=id;js.src=p+\":\/\/platform.twitter.com\/widgets.js\";fjs.parentNode.insertBefore(js,fjs);}}(document,\"script\",\"twitter-wjs\");<\/script>\n          \n          \t\t\t\t<\/div>\n\t\t\t\t<\/div>\n\t\t\t\t\t<\/div>\n\t\t<\/div>\n\t\t\t\t\t<\/div>\n\t\t<\/section>\n\t\t\t\t<section class=\"elementor-section elementor-top-section elementor-element elementor-element-54389a6 elementor-section-boxed elementor-section-height-default elementor-section-height-default\" data-id=\"54389a6\" data-element_type=\"section\">\n\t\t\t\t\t\t<div class=\"elementor-container elementor-column-gap-default\">\n\t\t\t\t\t<div class=\"elementor-column elementor-col-100 elementor-top-column elementor-element elementor-element-462aa69\" data-id=\"462aa69\" data-element_type=\"column\">\n\t\t\t<div class=\"elementor-widget-wrap elementor-element-populated\">\n\t\t\t\t\t\t<div class=\"elementor-element elementor-element-955815f elementor-widget elementor-widget-text-editor\" data-id=\"955815f\" data-element_type=\"widget\" data-widget_type=\"text-editor.default\">\n\t\t\t\t<div class=\"elementor-widget-container\">\n\t\t\t\t\t\t\t\t\t<h2>Welche Teams haben es in die Landespokal-Endspiele geschafft?<\/h2>\t\t\t\t\t\t\t\t<\/div>\n\t\t\t\t<\/div>\n\t\t\t\t<div class=\"elementor-element elementor-element-e29de15 elementor-widget elementor-widget-text-editor\" data-id=\"e29de15\" data-element_type=\"widget\" data-widget_type=\"text-editor.default\">\n\t\t\t\t<div class=\"elementor-widget-container\">\n\t\t\t\t\t\t\t\t\t<h3>bfv-Rothaus-Pokal (Baden)<\/h3><p><strong>Finale in N\u00f6ttingen, 12:30 Uhr:<\/strong><\/p><p><strong><span style=\"color: #ff0000;\">1. CfR Pforzheim<\/span><\/strong> (Oberliga) <strong><span style=\"color: #ff0000;\">\u2013<\/span> <span style=\"color: #ff0000;\">Karlsruher SC<\/span><\/strong> (3. Liga) <strong>5:6 (1:1, 0:1) n.E.<\/strong><\/p>\t\t\t\t\t\t\t\t<\/div>\n\t\t\t\t<\/div>\n\t\t\t\t<div class=\"elementor-element elementor-element-1f8caeb elementor-widget-divider--view-line elementor-widget elementor-widget-divider\" data-id=\"1f8caeb\" data-element_type=\"widget\" data-widget_type=\"divider.default\">\n\t\t\t\t<div class=\"elementor-widget-container\">\n\t\t\t\t\t\t\t<div class=\"elementor-divider\">\n\t\t\t<span class=\"elementor-divider-separator\">\n\t\t\t\t\t\t<\/span>\n\t\t<\/div>\n\t\t\t\t\t\t<\/div>\n\t\t\t\t<\/div>\n\t\t\t\t<div class=\"elementor-element elementor-element-59bce4e elementor-widget elementor-widget-text-editor\" data-id=\"59bce4e\" data-element_type=\"widget\" data-widget_type=\"text-editor.default\">\n\t\t\t\t<div class=\"elementor-widget-container\">\n\t\t\t\t\t\t\t\t\t<h3>Totopokal (Bayern)<\/h3><p><strong>Finale in Bayreuth, 14:30 Uhr:<\/strong><\/p><p><strong><span style=\"color: #ff0000;\">1. FC Schweinfurt 05 \u2013 SpVgg Bayreuth <\/span><\/strong>(beide Regionalliga) <strong>3:1 (2:1)<\/strong><\/p>\t\t\t\t\t\t\t\t<\/div>\n\t\t\t\t<\/div>\n\t\t\t\t<div class=\"elementor-element elementor-element-5c34b8c elementor-widget-divider--view-line elementor-widget elementor-widget-divider\" data-id=\"5c34b8c\" data-element_type=\"widget\" data-widget_type=\"divider.default\">\n\t\t\t\t<div class=\"elementor-widget-container\">\n\t\t\t\t\t\t\t<div class=\"elementor-divider\">\n\t\t\t<span class=\"elementor-divider-separator\">\n\t\t\t\t\t\t<\/span>\n\t\t<\/div>\n\t\t\t\t\t\t<\/div>\n\t\t\t\t<\/div>\n\t\t\t\t<div class=\"elementor-element elementor-element-35a9737 elementor-widget elementor-widget-text-editor\" data-id=\"35a9737\" data-element_type=\"widget\" data-widget_type=\"text-editor.default\">\n\t\t\t\t<div class=\"elementor-widget-container\">\n\t\t\t\t\t\t\t\t\t<h3>Berliner Pilsner-Pokal (Berlin)<\/h3><p><strong>Finale im Friedrich-Ludwig-Jahn-Sportpark, 17:00 Uhr:<\/strong><\/p><p><span style=\"color: #ff0000;\"><strong>BFC Dynamo<\/strong><\/span> (Regionalliga) <strong><span style=\"color: #ff0000;\">\u2013 Berliner SC<\/span><\/strong> (Verbandsliga) <strong>2:1 (1:0)<\/strong><\/p>\t\t\t\t\t\t\t\t<\/div>\n\t\t\t\t<\/div>\n\t\t\t\t<div class=\"elementor-element elementor-element-3ba19a7 elementor-widget-divider--view-line elementor-widget elementor-widget-divider\" data-id=\"3ba19a7\" data-element_type=\"widget\" data-widget_type=\"divider.default\">\n\t\t\t\t<div class=\"elementor-widget-container\">\n\t\t\t\t\t\t\t<div class=\"elementor-divider\">\n\t\t\t<span class=\"elementor-divider-separator\">\n\t\t\t\t\t\t<\/span>\n\t\t<\/div>\n\t\t\t\t\t\t<\/div>\n\t\t\t\t<\/div>\n\t\t\t\t<div class=\"elementor-element elementor-element-1b8415b elementor-widget elementor-widget-text-editor\" data-id=\"1b8415b\" data-element_type=\"widget\" data-widget_type=\"text-editor.default\">\n\t\t\t\t<div class=\"elementor-widget-container\">\n\t\t\t\t\t\t\t\t\t<h3>AOK-Landespokal (Brandenburg)<\/h3><p><strong>Finale in Babelsberg, 17:00 Uhr:<\/strong><\/p><p><span style=\"color: #ff0000;\"><strong>FC Energie Cottbus<\/strong> <strong>\u2013<\/strong> <strong>SV Babelsberg 03 <\/strong><\/span>(beide Regionalliga)<strong> 1:0 (0:0)<\/strong><\/p>\t\t\t\t\t\t\t\t<\/div>\n\t\t\t\t<\/div>\n\t\t\t\t<div class=\"elementor-element elementor-element-98c5e6d elementor-widget-divider--view-line elementor-widget elementor-widget-divider\" data-id=\"98c5e6d\" data-element_type=\"widget\" data-widget_type=\"divider.default\">\n\t\t\t\t<div class=\"elementor-widget-container\">\n\t\t\t\t\t\t\t<div class=\"elementor-divider\">\n\t\t\t<span class=\"elementor-divider-separator\">\n\t\t\t\t\t\t<\/span>\n\t\t<\/div>\n\t\t\t\t\t\t<\/div>\n\t\t\t\t<\/div>\n\t\t\t\t<div class=\"elementor-element elementor-element-2301d6b elementor-widget elementor-widget-text-editor\" data-id=\"2301d6b\" data-element_type=\"widget\" data-widget_type=\"text-editor.default\">\n\t\t\t\t<div class=\"elementor-widget-container\">\n\t\t\t\t\t\t\t\t\t<h3>LOTTO-Pokal (Bremen)<\/h3><p><strong>Finale im Stadion Obervieland, Bremen, 14:30 Uhr:<\/strong><\/p><p><strong><span style=\"color: #ff0000;\">Blumenthaler SV \u2013 BSC Hastedt<\/span><\/strong> (beide Verbandsliga) <strong>0:3 (0:1)<\/strong><\/p>\t\t\t\t\t\t\t\t<\/div>\n\t\t\t\t<\/div>\n\t\t\t\t<div class=\"elementor-element elementor-element-9c31e76 elementor-widget-divider--view-line elementor-widget elementor-widget-divider\" data-id=\"9c31e76\" data-element_type=\"widget\" data-widget_type=\"divider.default\">\n\t\t\t\t<div class=\"elementor-widget-container\">\n\t\t\t\t\t\t\t<div class=\"elementor-divider\">\n\t\t\t<span class=\"elementor-divider-separator\">\n\t\t\t\t\t\t<\/span>\n\t\t<\/div>\n\t\t\t\t\t\t<\/div>\n\t\t\t\t<\/div>\n\t\t\t\t<div class=\"elementor-element elementor-element-9d277fd elementor-widget elementor-widget-text-editor\" data-id=\"9d277fd\" data-element_type=\"widget\" data-widget_type=\"text-editor.default\">\n\t\t\t\t<div class=\"elementor-widget-container\">\n\t\t\t\t\t\t\t\t\t<h3>ODDSET-Pokal (Hamburg)<\/h3><p><strong>Finale im Stadion Hoheluft, Victoria Hamburg, 12:30 Uhr:<\/strong><\/p><p><strong><span style=\"color: red;\">TuS Dassendorf \u2013 Niendorfer TSV<\/span><\/strong> (beide Oberliga) <strong>2:0 (0:0)<\/strong><\/p>\t\t\t\t\t\t\t\t<\/div>\n\t\t\t\t<\/div>\n\t\t\t\t<div class=\"elementor-element elementor-element-51f5377 elementor-widget-divider--view-line elementor-widget elementor-widget-divider\" data-id=\"51f5377\" data-element_type=\"widget\" data-widget_type=\"divider.default\">\n\t\t\t\t<div class=\"elementor-widget-container\">\n\t\t\t\t\t\t\t<div class=\"elementor-divider\">\n\t\t\t<span class=\"elementor-divider-separator\">\n\t\t\t\t\t\t<\/span>\n\t\t<\/div>\n\t\t\t\t\t\t<\/div>\n\t\t\t\t<\/div>\n\t\t\t\t<div class=\"elementor-element elementor-element-f9402e4 elementor-widget elementor-widget-text-editor\" data-id=\"f9402e4\" data-element_type=\"widget\" data-widget_type=\"text-editor.default\">\n\t\t\t\t<div class=\"elementor-widget-container\">\n\t\t\t\t\t\t\t\t\t<h3>Krombacher Hessenpokal (Hessen)<\/h3><p><strong>Finale in Stadtallendorf, 17:00 Uhr:<\/strong><\/p><p><span style=\"color: #ff0000;\"><strong>KSV Hessen Kasse<span style=\"color: #ff0000;\">l<\/span> \u2013 <\/strong><\/span><strong><span style=\"color: #ff0000;\">TSV Steinbach <\/span><\/strong>(beide Regionalliga)<strong> 0:2 (0:0)<\/strong><\/p>\t\t\t\t\t\t\t\t<\/div>\n\t\t\t\t<\/div>\n\t\t\t\t<div class=\"elementor-element elementor-element-c8fc15e elementor-widget-divider--view-line elementor-widget elementor-widget-divider\" data-id=\"c8fc15e\" data-element_type=\"widget\" data-widget_type=\"divider.default\">\n\t\t\t\t<div class=\"elementor-widget-container\">\n\t\t\t\t\t\t\t<div class=\"elementor-divider\">\n\t\t\t<span class=\"elementor-divider-separator\">\n\t\t\t\t\t\t<\/span>\n\t\t<\/div>\n\t\t\t\t\t\t<\/div>\n\t\t\t\t<\/div>\n\t\t\t\t<div class=\"elementor-element elementor-element-cff46b1 elementor-widget elementor-widget-text-editor\" data-id=\"cff46b1\" data-element_type=\"widget\" data-widget_type=\"text-editor.default\">\n\t\t\t\t<div class=\"elementor-widget-container\">\n\t\t\t\t\t\t\t\t\t<h3>L\u00fcbzer Pils Cup (Mecklenburg-Vorpommern)<\/h3><p><strong>Finale in Neustrelitz, 14:30 Uhr:<\/strong><\/p><p><span style=\"color: #ff0000;\"><strong>Hansa Rostock<\/strong><\/span> (3.Liga) <span style=\"color: #ff0000;\"><strong>\u2013 FC Mecklenburg Schwerin<\/strong><\/span> (Oberliga) <strong>2:1 (1:0)<\/strong><\/p>\t\t\t\t\t\t\t\t<\/div>\n\t\t\t\t<\/div>\n\t\t\t\t<div class=\"elementor-element elementor-element-b6cb314 elementor-widget-divider--view-line elementor-widget elementor-widget-divider\" data-id=\"b6cb314\" data-element_type=\"widget\" data-widget_type=\"divider.default\">\n\t\t\t\t<div class=\"elementor-widget-container\">\n\t\t\t\t\t\t\t<div class=\"elementor-divider\">\n\t\t\t<span class=\"elementor-divider-separator\">\n\t\t\t\t\t\t<\/span>\n\t\t<\/div>\n\t\t\t\t\t\t<\/div>\n\t\t\t\t<\/div>\n\t\t\t\t<div class=\"elementor-element elementor-element-b5e1b43 elementor-widget elementor-widget-text-editor\" data-id=\"b5e1b43\" data-element_type=\"widget\" data-widget_type=\"text-editor.default\">\n\t\t\t\t<div class=\"elementor-widget-container\">\n\t\t\t\t\t\t\t\t\t<h3>Bitburger-Pokal (Mittelrhein)<\/h3><p><strong>Finale in Bonn, 17:00 Uhr:<\/strong><\/p><p><strong><span style=\"color: #ff0000;\">Alemannia Aachen<\/span> <\/strong><span style=\"color: #ff0000;\"><strong>\u2013<\/strong><\/span> <strong><span style=\"color: #ff0000;\">Viktoria K\u00f6ln<\/span><\/strong> (beide Regionalliga) <strong>0:2 (0:0) n.V.<\/strong><\/p>\t\t\t\t\t\t\t\t<\/div>\n\t\t\t\t<\/div>\n\t\t\t\t<div class=\"elementor-element elementor-element-d98615e elementor-widget-divider--view-line elementor-widget elementor-widget-divider\" data-id=\"d98615e\" data-element_type=\"widget\" data-widget_type=\"divider.default\">\n\t\t\t\t<div class=\"elementor-widget-container\">\n\t\t\t\t\t\t\t<div class=\"elementor-divider\">\n\t\t\t<span class=\"elementor-divider-separator\">\n\t\t\t\t\t\t<\/span>\n\t\t<\/div>\n\t\t\t\t\t\t<\/div>\n\t\t\t\t<\/div>\n\t\t\t\t<div class=\"elementor-element elementor-element-81f677d elementor-widget elementor-widget-text-editor\" data-id=\"81f677d\" data-element_type=\"widget\" data-widget_type=\"text-editor.default\">\n\t\t\t\t<div class=\"elementor-widget-container\">\n\t\t\t\t\t\t\t\t\t<h3>DerWesten.de-Niederrheinpokal (Niederrhein)<\/h3><p><strong>Finale in Oberhausen, 17:00 Uhr:<\/strong><\/p><p><span style=\"color: #ff0000;\"><strong>Rot-Weiss Essen<\/strong><\/span> <span style=\"color: #ff0000;\"><strong>\u2013 Rot-Wei\u00df Oberhausen<\/strong><\/span> (beide Regionalliga) <strong>1:2 (0:1)<\/strong><\/p>\t\t\t\t\t\t\t\t<\/div>\n\t\t\t\t<\/div>\n\t\t\t\t<div class=\"elementor-element elementor-element-c215c1b elementor-widget-divider--view-line elementor-widget elementor-widget-divider\" data-id=\"c215c1b\" data-element_type=\"widget\" data-widget_type=\"divider.default\">\n\t\t\t\t<div class=\"elementor-widget-container\">\n\t\t\t\t\t\t\t<div class=\"elementor-divider\">\n\t\t\t<span class=\"elementor-divider-separator\">\n\t\t\t\t\t\t<\/span>\n\t\t<\/div>\n\t\t\t\t\t\t<\/div>\n\t\t\t\t<\/div>\n\t\t\t\t<div class=\"elementor-element elementor-element-929fbf6 elementor-widget elementor-widget-text-editor\" data-id=\"929fbf6\" data-element_type=\"widget\" data-widget_type=\"text-editor.default\">\n\t\t\t\t<div class=\"elementor-widget-container\">\n\t\t\t\t\t\t\t\t\t<h3>Krombacher Niedersachsenpokal (Niedersachsen)<\/h3><p><strong>Finale in Drochtersen, 12:30 Uhr:<\/strong><\/p><p><strong> <span style=\"color: red;\">SSV Jeddeloh II \u2013 SpVgg Drochtersen\/Assel <\/span><\/strong>(beide Regionalliga) <strong>1:5 (1:2)<\/strong><\/p>\t\t\t\t\t\t\t\t<\/div>\n\t\t\t\t<\/div>\n\t\t\t\t<div class=\"elementor-element elementor-element-f9bce9c elementor-widget-divider--view-line elementor-widget elementor-widget-divider\" data-id=\"f9bce9c\" data-element_type=\"widget\" data-widget_type=\"divider.default\">\n\t\t\t\t<div class=\"elementor-widget-container\">\n\t\t\t\t\t\t\t<div class=\"elementor-divider\">\n\t\t\t<span class=\"elementor-divider-separator\">\n\t\t\t\t\t\t<\/span>\n\t\t<\/div>\n\t\t\t\t\t\t<\/div>\n\t\t\t\t<\/div>\n\t\t\t\t<div class=\"elementor-element elementor-element-7cc2b6b elementor-widget elementor-widget-text-editor\" data-id=\"7cc2b6b\" data-element_type=\"widget\" data-widget_type=\"text-editor.default\">\n\t\t\t\t<div class=\"elementor-widget-container\">\n\t\t\t\t\t\t\t\t\t<h3>Bitburger-Rheinlandpokal (Rheinland)<\/h3><p><strong>Finale in Koblenz, 12:30 Uhr: <\/strong><\/p><p><strong><span style=\"color: #ff0000;\">TuS Koblenz <\/span><\/strong><span style=\"color: #ff0000;\"><span style=\"color: #000000;\">(Regionalliga)<\/span><\/span><strong><span style=\"color: #ff0000;\"> \u2013 Rot-Weiss Koblenz <\/span><\/strong><span style=\"color: #000000;\">(Oberliga)<strong> 0:1 (0:0)<\/strong><\/span><strong><span style=\"color: #ff0000;\"><br \/><\/span><\/strong><\/p>\t\t\t\t\t\t\t\t<\/div>\n\t\t\t\t<\/div>\n\t\t\t\t<div class=\"elementor-element elementor-element-70c7c7a elementor-widget-divider--view-line elementor-widget elementor-widget-divider\" data-id=\"70c7c7a\" data-element_type=\"widget\" data-widget_type=\"divider.default\">\n\t\t\t\t<div class=\"elementor-widget-container\">\n\t\t\t\t\t\t\t<div class=\"elementor-divider\">\n\t\t\t<span class=\"elementor-divider-separator\">\n\t\t\t\t\t\t<\/span>\n\t\t<\/div>\n\t\t\t\t\t\t<\/div>\n\t\t\t\t<\/div>\n\t\t\t\t<div class=\"elementor-element elementor-element-46bdb0f elementor-widget elementor-widget-text-editor\" data-id=\"46bdb0f\" data-element_type=\"widget\" data-widget_type=\"text-editor.default\">\n\t\t\t\t<div class=\"elementor-widget-container\">\n\t\t\t\t\t\t\t\t\t<h3>Sparkassen-Pokal (Saarland)<\/h3><p><strong>Finale in Elversberg, 17:00 Uhr:<\/strong><\/p><p><strong><span style=\"color: #ff0000;\">1. FC Saarbr\u00fccken \u2013 SV Elversberg<\/span><\/strong> (beide Regionalliga) <strong>0:1 (0:0)<\/strong><\/p>\t\t\t\t\t\t\t\t<\/div>\n\t\t\t\t<\/div>\n\t\t\t\t<div class=\"elementor-element elementor-element-97eccc3 elementor-widget-divider--view-line elementor-widget elementor-widget-divider\" data-id=\"97eccc3\" data-element_type=\"widget\" data-widget_type=\"divider.default\">\n\t\t\t\t<div class=\"elementor-widget-container\">\n\t\t\t\t\t\t\t<div class=\"elementor-divider\">\n\t\t\t<span class=\"elementor-divider-separator\">\n\t\t\t\t\t\t<\/span>\n\t\t<\/div>\n\t\t\t\t\t\t<\/div>\n\t\t\t\t<\/div>\n\t\t\t\t<div class=\"elementor-element elementor-element-7bcce8d elementor-widget elementor-widget-text-editor\" data-id=\"7bcce8d\" data-element_type=\"widget\" data-widget_type=\"text-editor.default\">\n\t\t\t\t<div class=\"elementor-widget-container\">\n\t\t\t\t\t\t\t\t\t<h3>Wernesgr\u00fcner Sachsenpokal (Sachsen)<\/h3><p><strong>Finale in Leipzig, 12:30 Uhr:<\/strong><\/p><p><span style=\"color: #ff0000;\"><strong>BSG Chemie Leipzig<\/strong> <strong>\u2013 <\/strong><\/span><span style=\"color: #ff0000;\"><strong>FC Oberlausitz Neugersdorf <\/strong><\/span>(beide Regionalliga) <strong>1:0 (1:0)<\/strong><\/p>\t\t\t\t\t\t\t\t<\/div>\n\t\t\t\t<\/div>\n\t\t\t\t<div class=\"elementor-element elementor-element-f8009ca elementor-widget-divider--view-line elementor-widget elementor-widget-divider\" data-id=\"f8009ca\" data-element_type=\"widget\" data-widget_type=\"divider.default\">\n\t\t\t\t<div class=\"elementor-widget-container\">\n\t\t\t\t\t\t\t<div class=\"elementor-divider\">\n\t\t\t<span class=\"elementor-divider-separator\">\n\t\t\t\t\t\t<\/span>\n\t\t<\/div>\n\t\t\t\t\t\t<\/div>\n\t\t\t\t<\/div>\n\t\t\t\t<div class=\"elementor-element elementor-element-fb93aee elementor-widget elementor-widget-text-editor\" data-id=\"fb93aee\" data-element_type=\"widget\" data-widget_type=\"text-editor.default\">\n\t\t\t\t<div class=\"elementor-widget-container\">\n\t\t\t\t\t\t\t\t\t<h3>Sachsen-Anhalt (Sachsen-Anhalt Pokal)<\/h3><p><strong>Finale um 12:30 Uhr:<\/strong><\/p><p><span style=\"color: #ff0000;\"><strong>1. FC Lok Stendal<\/strong><\/span> (Oberliga) <strong><span style=\"color: #ff0000;\">\u2013 <\/span><span style=\"color: #ff0000;\">1. FC Magdeburg<\/span><\/strong> (3. Liga)<strong> 0:1 (0:1)<\/strong><\/p>\t\t\t\t\t\t\t\t<\/div>\n\t\t\t\t<\/div>\n\t\t\t\t<div class=\"elementor-element elementor-element-43f000f elementor-widget-divider--view-line elementor-widget elementor-widget-divider\" data-id=\"43f000f\" data-element_type=\"widget\" data-widget_type=\"divider.default\">\n\t\t\t\t<div class=\"elementor-widget-container\">\n\t\t\t\t\t\t\t<div class=\"elementor-divider\">\n\t\t\t<span class=\"elementor-divider-separator\">\n\t\t\t\t\t\t<\/span>\n\t\t<\/div>\n\t\t\t\t\t\t<\/div>\n\t\t\t\t<\/div>\n\t\t\t\t<div class=\"elementor-element elementor-element-13d600d elementor-widget elementor-widget-text-editor\" data-id=\"13d600d\" data-element_type=\"widget\" data-widget_type=\"text-editor.default\">\n\t\t\t\t<div class=\"elementor-widget-container\">\n\t\t\t\t\t\t\t\t\t<h3>SHFV-Lotto-Pokal (<strong>Schleswig-Holstein<\/strong>)<\/h3><p><b>Finale in Flensburg, 14:30 Uhr:<\/b><\/p><p><span style=\"color: #ff0000;\"><strong>SC Weiche Flensburg <\/strong><\/span>(Regionalliga) <strong><span style=\"color: #ff0000;\">\u2013 <\/span><\/strong><span style=\"color: #ff0000;\"><strong>Husumer SV <\/strong><\/span>(Landesliga) <strong>3:0 (1:0)<\/strong><\/p>\t\t\t\t\t\t\t\t<\/div>\n\t\t\t\t<\/div>\n\t\t\t\t<div class=\"elementor-element elementor-element-7443bd5 elementor-widget-divider--view-line elementor-widget elementor-widget-divider\" data-id=\"7443bd5\" data-element_type=\"widget\" data-widget_type=\"divider.default\">\n\t\t\t\t<div class=\"elementor-widget-container\">\n\t\t\t\t\t\t\t<div class=\"elementor-divider\">\n\t\t\t<span class=\"elementor-divider-separator\">\n\t\t\t\t\t\t<\/span>\n\t\t<\/div>\n\t\t\t\t\t\t<\/div>\n\t\t\t\t<\/div>\n\t\t\t\t<div class=\"elementor-element elementor-element-b965fb9 elementor-widget elementor-widget-text-editor\" data-id=\"b965fb9\" data-element_type=\"widget\" data-widget_type=\"text-editor.default\">\n\t\t\t\t<div class=\"elementor-widget-container\">\n\t\t\t\t\t\t\t\t\t<h3>SBFV-Rothaus-Pokal (S\u00fcdbaden)<\/h3><p><strong>Finale in Lahr, 14:30 Uhr:<\/strong><\/p><p><strong><span style=\"color: red;\">SV Linx \u2013 FC 08 Villingen <\/span><\/strong>(beide Verbandsliga) <strong>2:1 (0:0)<\/strong><\/p>\t\t\t\t\t\t\t\t<\/div>\n\t\t\t\t<\/div>\n\t\t\t\t<div class=\"elementor-element elementor-element-bb8e6dd elementor-widget-divider--view-line elementor-widget elementor-widget-divider\" data-id=\"bb8e6dd\" data-element_type=\"widget\" data-widget_type=\"divider.default\">\n\t\t\t\t<div class=\"elementor-widget-container\">\n\t\t\t\t\t\t\t<div class=\"elementor-divider\">\n\t\t\t<span class=\"elementor-divider-separator\">\n\t\t\t\t\t\t<\/span>\n\t\t<\/div>\n\t\t\t\t\t\t<\/div>\n\t\t\t\t<\/div>\n\t\t\t\t<div class=\"elementor-element elementor-element-88ae836 elementor-widget elementor-widget-text-editor\" data-id=\"88ae836\" data-element_type=\"widget\" data-widget_type=\"text-editor.default\">\n\t\t\t\t<div class=\"elementor-widget-container\">\n\t\t\t\t\t\t\t\t\t<h3>Bitburger-Verbandspokal (S\u00fcdwest)<\/h3><p><strong>Finale in Worms, 12:30 Uhr:<\/strong><\/p><p><span style=\"color: #ff0000;\"><strong>SV Alemannia Waldalgesheim<\/strong><\/span> (Verbandsliga) <strong><span style=\"color: #ff0000;\">\u2013 <\/span><\/strong><strong><span style=\"color: #ff0000;\">VfR Wormatia Worms<\/span><\/strong> (Regionalliga) <strong>1:3 (0:1) n.V.<\/strong><\/p>\t\t\t\t\t\t\t\t<\/div>\n\t\t\t\t<\/div>\n\t\t\t\t<div class=\"elementor-element elementor-element-f7ff387 elementor-widget-divider--view-line elementor-widget elementor-widget-divider\" data-id=\"f7ff387\" data-element_type=\"widget\" data-widget_type=\"divider.default\">\n\t\t\t\t<div class=\"elementor-widget-container\">\n\t\t\t\t\t\t\t<div class=\"elementor-divider\">\n\t\t\t<span class=\"elementor-divider-separator\">\n\t\t\t\t\t\t<\/span>\n\t\t<\/div>\n\t\t\t\t\t\t<\/div>\n\t\t\t\t<\/div>\n\t\t\t\t<div class=\"elementor-element elementor-element-35baa0c elementor-widget elementor-widget-text-editor\" data-id=\"35baa0c\" data-element_type=\"widget\" data-widget_type=\"text-editor.default\">\n\t\t\t\t<div class=\"elementor-widget-container\">\n\t\t\t\t\t\t\t\t\t<h3>K\u00f6stritzer-Pokal (Th\u00fcringen)<\/h3><p><strong>Finale in Erfurt, 14:30 Uhr:<\/strong><\/p><p><span style=\"color: #ff0000;\"><strong>BSG Wismut Gera<\/strong><\/span> (Oberliga) <strong><span style=\"color: #ff0000;\">\u2013 <\/span><span style=\"color: #ff0000;\">FC Carl Zeiss Jena<\/span> <\/strong>(3. Liga) <strong>0:5 (0:2)<\/strong><\/p>\t\t\t\t\t\t\t\t<\/div>\n\t\t\t\t<\/div>\n\t\t\t\t<div class=\"elementor-element elementor-element-30f6158 elementor-widget-divider--view-line elementor-widget elementor-widget-divider\" data-id=\"30f6158\" data-element_type=\"widget\" data-widget_type=\"divider.default\">\n\t\t\t\t<div class=\"elementor-widget-container\">\n\t\t\t\t\t\t\t<div class=\"elementor-divider\">\n\t\t\t<span class=\"elementor-divider-separator\">\n\t\t\t\t\t\t<\/span>\n\t\t<\/div>\n\t\t\t\t\t\t<\/div>\n\t\t\t\t<\/div>\n\t\t\t\t<div class=\"elementor-element elementor-element-8c4a0e2 elementor-widget elementor-widget-text-editor\" data-id=\"8c4a0e2\" data-element_type=\"widget\" data-widget_type=\"text-editor.default\">\n\t\t\t\t<div class=\"elementor-widget-container\">\n\t\t\t\t\t\t\t\t\t<h3>Krombacher Westfalenpokal (Westfalen)<\/h3><p><strong>Finale in Erndtebr\u00fcck, 14:30 Uhr:<\/strong><\/p><p><strong><span style=\"color: #ff0000;\">TuS Erndtebr\u00fcck <\/span><\/strong><span style=\"color: #ff0000;\"><span style=\"color: #000000;\">(Regionalliga)<\/span><\/span><strong><span style=\"color: #ff0000;\"> \u2013 SC Paderborn 07<\/span><\/strong> (3. Liga) <strong>2:4 (0:4)<\/strong><\/p>\t\t\t\t\t\t\t\t<\/div>\n\t\t\t\t<\/div>\n\t\t\t\t<div class=\"elementor-element elementor-element-7d26dd2 elementor-widget-divider--view-line elementor-widget elementor-widget-divider\" data-id=\"7d26dd2\" data-element_type=\"widget\" data-widget_type=\"divider.default\">\n\t\t\t\t<div class=\"elementor-widget-container\">\n\t\t\t\t\t\t\t<div class=\"elementor-divider\">\n\t\t\t<span class=\"elementor-divider-separator\">\n\t\t\t\t\t\t<\/span>\n\t\t<\/div>\n\t\t\t\t\t\t<\/div>\n\t\t\t\t<\/div>\n\t\t\t\t<div class=\"elementor-element elementor-element-53018df elementor-widget elementor-widget-text-editor\" data-id=\"53018df\" data-element_type=\"widget\" data-widget_type=\"text-editor.default\">\n\t\t\t\t<div class=\"elementor-widget-container\">\n\t\t\t\t\t\t\t\t\t<h3>DB Regio-wfv-Pokal (W\u00fcrttemberg)<\/h3><p><strong>Finale in Stuttgart, 17:00 Uhr:<\/strong><\/p><p><strong><span style=\"color: #ff0000;\">TSV Illshofen 1862<\/span><\/strong> (Verbandsliga) <span style=\"color: #ff0000;\"><strong>\u2013 SSV Ulm 1846<\/strong><\/span>\u00a0 (Regionalliga)<strong> 0:3 (0:3)<\/strong><\/p>\t\t\t\t\t\t\t\t<\/div>\n\t\t\t\t<\/div>\n\t\t\t\t\t<\/div>\n\t\t<\/div>\n\t\t\t\t\t<\/div>\n\t\t<\/section>\n\t\t\t\t<section class=\"elementor-section elementor-top-section elementor-element elementor-element-f86658b elementor-section-boxed elementor-section-height-default elementor-section-height-default\" data-id=\"f86658b\" data-element_type=\"section\">\n\t\t\t\t\t\t<div class=\"elementor-container elementor-column-gap-default\">\n\t\t\t\t\t<div class=\"elementor-column elementor-col-100 elementor-top-column elementor-element elementor-element-642c8b0\" data-id=\"642c8b0\" data-element_type=\"column\">\n\t\t\t<div class=\"elementor-widget-wrap\">\n\t\t\t\t\t\t\t<\/div>\n\t\t<\/div>\n\t\t\t\t\t<\/div>\n\t\t<\/section>\n\t\t\t\t<\/div>\n\t\t","protected":false},"excerpt":{"rendered":"<p>Finaltag der Amateure 2018 \u2714 Wann: Montag, 21. Mai 2018 \u2714 Ansto\u00dfzeiten: jeweils 7 Spiele um 12:30 Uhr, 14:30 Uhr und 17:00 Uhr \u2714 Wer \u00fcbertr\u00e4gt live im TV: ARD \u2714 Anzahl der Endspiele: 21 Euro Antrittspr\u00e4mie gibt es f\u00fcr die Sieger der 21 Landespokalendspiele. Finaltag der Amateure: Wer schafft es in die 1. Runde [&hellip;]<\/p>\n","protected":false},"author":21,"featured_media":12610,"comment_status":"closed","ping_status":"closed","sticky":false,"template":"","format":"standard","meta":{"_acf_changed":false,"footnotes":""},"categories":[3],"tags":[889,173,885],"class_list":["post-12609","post","type-post","status-publish","format-standard","has-post-thumbnail","hentry","category-fussball","tag-finaltag-der-amateure","tag-fussball","tag-landespokal"],"acf":[],"yoast_head":"<!-- This site is optimized with the Yoast SEO plugin v26.0 - https:\/\/yoast.com\/wordpress\/plugins\/seo\/ -->\n<title>Finaltag der Amateure 2018 - ODDSET<\/title>\n<meta name=\"description\" content=\"ODDSET ist auch 2018 beim Finaltag der Amateure mit von der Partie. Welche 21 Teams qualifizieren sich f\u00fcr die 1. Runde des DFB-Pokals 2018\/19? Alle Infos &gt;&gt;\" \/>\n<meta name=\"robots\" content=\"index, follow, max-snippet:-1, max-image-preview:large, max-video-preview:-1\" \/>\n<link rel=\"canonical\" href=\"https:\/\/www.oddset.de\/blog\/fussball\/finaltag-der-amateure\/\" \/>\n<meta property=\"og:locale\" content=\"de_DE\" \/>\n<meta property=\"og:type\" content=\"article\" \/>\n<meta property=\"og:title\" content=\"Finaltag der Amateure 2018 - ODDSET\" \/>\n<meta property=\"og:description\" content=\"ODDSET ist auch 2018 beim Finaltag der Amateure mit von der Partie. Welche 21 Teams qualifizieren sich f\u00fcr die 1. Runde des DFB-Pokals 2018\/19? Alle Infos &gt;&gt;\" \/>\n<meta property=\"og:url\" content=\"https:\/\/www.oddset.de\/blog\/fussball\/finaltag-der-amateure\/\" \/>\n<meta property=\"og:site_name\" content=\"ODDSET FANZONE\" \/>\n<meta property=\"article:publisher\" content=\"https:\/\/www.facebook.com\/ODDSETwetten\/\" \/>\n<meta property=\"article:published_time\" content=\"2018-03-16T14:03:15+00:00\" \/>\n<meta property=\"article:modified_time\" content=\"2023-09-28T13:28:53+00:00\" \/>\n<meta property=\"og:image\" content=\"https:\/\/www.oddset.de\/blog\/wp-content\/uploads\/2018\/03\/finaltag-der-amateure.jpg\" \/>\n\t<meta property=\"og:image:width\" content=\"1024\" \/>\n\t<meta property=\"og:image:height\" content=\"640\" \/>\n\t<meta property=\"og:image:type\" content=\"image\/jpeg\" \/>\n<meta name=\"author\" content=\"Burkhard Gru\u00df\" \/>\n<meta name=\"twitter:card\" content=\"summary_large_image\" \/>\n<meta name=\"twitter:creator\" content=\"@ODDSETsport\" \/>\n<meta name=\"twitter:site\" content=\"@ODDSETsport\" \/>\n<meta name=\"twitter:label1\" content=\"Verfasst von\" \/>\n\t<meta name=\"twitter:data1\" content=\"Burkhard Gru\u00df\" \/>\n\t<meta name=\"twitter:label2\" content=\"Gesch\u00e4tzte Lesezeit\" \/>\n\t<meta name=\"twitter:data2\" content=\"4\u00a0Minuten\" \/>\n<!-- \/ Yoast SEO plugin. -->","yoast_head_json":{"title":"Finaltag der Amateure 2018 - ODDSET","description":"ODDSET ist auch 2018 beim Finaltag der Amateure mit von der Partie. Welche 21 Teams qualifizieren sich f\u00fcr die 1. Runde des DFB-Pokals 2018\/19? Alle Infos >>","robots":{"index":"index","follow":"follow","max-snippet":"max-snippet:-1","max-image-preview":"max-image-preview:large","max-video-preview":"max-video-preview:-1"},"canonical":"https:\/\/www.oddset.de\/blog\/fussball\/finaltag-der-amateure\/","og_locale":"de_DE","og_type":"article","og_title":"Finaltag der Amateure 2018 - ODDSET","og_description":"ODDSET ist auch 2018 beim Finaltag der Amateure mit von der Partie. Welche 21 Teams qualifizieren sich f\u00fcr die 1. Runde des DFB-Pokals 2018\/19? Alle Infos >>","og_url":"https:\/\/www.oddset.de\/blog\/fussball\/finaltag-der-amateure\/","og_site_name":"ODDSET FANZONE","article_publisher":"https:\/\/www.facebook.com\/ODDSETwetten\/","article_published_time":"2018-03-16T14:03:15+00:00","article_modified_time":"2023-09-28T13:28:53+00:00","og_image":[{"width":1024,"height":640,"url":"https:\/\/www.oddset.de\/blog\/wp-content\/uploads\/2018\/03\/finaltag-der-amateure.jpg","type":"image\/jpeg"}],"author":"Burkhard Gru\u00df","twitter_card":"summary_large_image","twitter_creator":"@ODDSETsport","twitter_site":"@ODDSETsport","twitter_misc":{"Verfasst von":"Burkhard Gru\u00df","Gesch\u00e4tzte Lesezeit":"4\u00a0Minuten"},"schema":{"@context":"https:\/\/schema.org","@graph":[{"@type":"Article","@id":"https:\/\/www.oddset.de\/blog\/fussball\/finaltag-der-amateure\/#article","isPartOf":{"@id":"https:\/\/www.oddset.de\/blog\/fussball\/finaltag-der-amateure\/"},"author":{"name":"Burkhard Gru\u00df","@id":"https:\/\/www.oddset.de\/blog\/#\/schema\/person\/271af54cf9072f7b7015b57c2dab6fba"},"headline":"Finaltag der Amateure 2018","datePublished":"2018-03-16T14:03:15+00:00","dateModified":"2023-09-28T13:28:53+00:00","mainEntityOfPage":{"@id":"https:\/\/www.oddset.de\/blog\/fussball\/finaltag-der-amateure\/"},"wordCount":525,"publisher":{"@id":"https:\/\/www.oddset.de\/blog\/#organization"},"image":{"@id":"https:\/\/www.oddset.de\/blog\/fussball\/finaltag-der-amateure\/#primaryimage"},"thumbnailUrl":"https:\/\/www.oddset.de\/blog\/wp-content\/uploads\/2018\/03\/finaltag-der-amateure.jpg","keywords":["Finaltag der Amateure","Fu\u00dfball","Landespokal"],"articleSection":["Fu\u00dfball"],"inLanguage":"de"},{"@type":"WebPage","@id":"https:\/\/www.oddset.de\/blog\/fussball\/finaltag-der-amateure\/","url":"https:\/\/www.oddset.de\/blog\/fussball\/finaltag-der-amateure\/","name":"Finaltag der Amateure 2018 - ODDSET","isPartOf":{"@id":"https:\/\/www.oddset.de\/blog\/#website"},"primaryImageOfPage":{"@id":"https:\/\/www.oddset.de\/blog\/fussball\/finaltag-der-amateure\/#primaryimage"},"image":{"@id":"https:\/\/www.oddset.de\/blog\/fussball\/finaltag-der-amateure\/#primaryimage"},"thumbnailUrl":"https:\/\/www.oddset.de\/blog\/wp-content\/uploads\/2018\/03\/finaltag-der-amateure.jpg","datePublished":"2018-03-16T14:03:15+00:00","dateModified":"2023-09-28T13:28:53+00:00","description":"ODDSET ist auch 2018 beim Finaltag der Amateure mit von der Partie. Welche 21 Teams qualifizieren sich f\u00fcr die 1. Runde des DFB-Pokals 2018\/19? Alle Infos >>","breadcrumb":{"@id":"https:\/\/www.oddset.de\/blog\/fussball\/finaltag-der-amateure\/#breadcrumb"},"inLanguage":"de","potentialAction":[{"@type":"ReadAction","target":["https:\/\/www.oddset.de\/blog\/fussball\/finaltag-der-amateure\/"]}]},{"@type":"ImageObject","inLanguage":"de","@id":"https:\/\/www.oddset.de\/blog\/fussball\/finaltag-der-amateure\/#primaryimage","url":"https:\/\/www.oddset.de\/blog\/wp-content\/uploads\/2018\/03\/finaltag-der-amateure.jpg","contentUrl":"https:\/\/www.oddset.de\/blog\/wp-content\/uploads\/2018\/03\/finaltag-der-amateure.jpg","width":1024,"height":640,"caption":"Amateure in den DFB-Pokal: Wer holt seinen Landespokal?"},{"@type":"BreadcrumbList","@id":"https:\/\/www.oddset.de\/blog\/fussball\/finaltag-der-amateure\/#breadcrumb","itemListElement":[{"@type":"ListItem","position":1,"name":"Startseite","item":"https:\/\/www.oddset.de\/blog\/"},{"@type":"ListItem","position":2,"name":"Finaltag der Amateure 2018"}]},{"@type":"WebSite","@id":"https:\/\/www.oddset.de\/blog\/#website","url":"https:\/\/www.oddset.de\/blog\/","name":"ODDSET FANZONE","description":"Der Fu\u00dfball &amp; Sportwetten Blog","publisher":{"@id":"https:\/\/www.oddset.de\/blog\/#organization"},"potentialAction":[{"@type":"SearchAction","target":{"@type":"EntryPoint","urlTemplate":"https:\/\/www.oddset.de\/blog\/?s={search_term_string}"},"query-input":{"@type":"PropertyValueSpecification","valueRequired":true,"valueName":"search_term_string"}}],"inLanguage":"de"},{"@type":"Organization","@id":"https:\/\/www.oddset.de\/blog\/#organization","name":"ODDSET FANZONE","url":"https:\/\/www.oddset.de\/blog\/","logo":{"@type":"ImageObject","inLanguage":"de","@id":"https:\/\/www.oddset.de\/blog\/#\/schema\/logo\/image\/","url":"https:\/\/www.oddset.de\/blog\/wp-content\/uploads\/2020\/05\/tb_logo.png","contentUrl":"https:\/\/www.oddset.de\/blog\/wp-content\/uploads\/2020\/05\/tb_logo.png","width":1171,"height":400,"caption":"ODDSET FANZONE"},"image":{"@id":"https:\/\/www.oddset.de\/blog\/#\/schema\/logo\/image\/"},"sameAs":["https:\/\/www.facebook.com\/ODDSETwetten\/","https:\/\/x.com\/ODDSETsport","https:\/\/www.youtube.com\/channel\/UC_vWGAocu28RqdyhzCPf9ZQ"]},{"@type":"Person","@id":"https:\/\/www.oddset.de\/blog\/#\/schema\/person\/271af54cf9072f7b7015b57c2dab6fba","name":"Burkhard Gru\u00df","image":{"@type":"ImageObject","inLanguage":"de","@id":"https:\/\/www.oddset.de\/blog\/#\/schema\/person\/image\/","url":"https:\/\/www.oddset.de\/blog\/wp-content\/uploads\/2022\/06\/zlatan-150x150.jpg","contentUrl":"https:\/\/www.oddset.de\/blog\/wp-content\/uploads\/2022\/06\/zlatan-150x150.jpg","caption":"Burkhard Gru\u00df"},"description":"Am 14. November 2012 besiegte Schweden in einem Freundschaftskick England. 4:2 \u2013 s\u00e4mtliche 4 Tore erzielte Zlatan Ibrahimovic f\u00fcr die Wikinger. Sein 4:2 war f\u00fcr mich das Tor des Jahrzehnts. Mit einem Fallr\u00fcckzieher aus \u00fcber 30 Metern Entfernung drosch er den Ball in die Maschen. Sensationell! Mit seinem phantastischen Treffer nutzte er einen Fehler des englischen Keepers Joe Hart. Keine Ahnung, wie oft ich mir dieses Tor auf Video angesehen habe. Immer wieder wundersch\u00f6n. Und f\u00fcr mich unvergesslich. Danke Zlatan f\u00fcr diesen tollen Sportmoment! Selbst trete ich gelegentlich auch gegen den Ball. Aber nicht ansatzweise so gut wie Ibra. Daf\u00fcr begleite ich ihn und seine Kollegen seit vielen Jahren journalistisch bis runter in den Amateurbereich. Auch mit anderen Teamsportarten besch\u00e4ftige ich mich beruflich. Genauso wie mit Radsportlern der Tour de France, Bezwingern der Streif in Kitzb\u00fchel oder olympischen Zehnk\u00e4mpfern. Mich interessiert eben alles rund um den Sport.","url":"https:\/\/www.oddset.de\/blog\/blogger\/burkhard-gruss\/"}]}},"amp_enabled":true,"_links":{"self":[{"href":"https:\/\/www.oddset.de\/blog\/wp-json\/wp\/v2\/posts\/12609","targetHints":{"allow":["GET"]}}],"collection":[{"href":"https:\/\/www.oddset.de\/blog\/wp-json\/wp\/v2\/posts"}],"about":[{"href":"https:\/\/www.oddset.de\/blog\/wp-json\/wp\/v2\/types\/post"}],"author":[{"embeddable":true,"href":"https:\/\/www.oddset.de\/blog\/wp-json\/wp\/v2\/users\/21"}],"replies":[{"embeddable":true,"href":"https:\/\/www.oddset.de\/blog\/wp-json\/wp\/v2\/comments?post=12609"}],"version-history":[{"count":61,"href":"https:\/\/www.oddset.de\/blog\/wp-json\/wp\/v2\/posts\/12609\/revisions"}],"predecessor-version":[{"id":80064,"href":"https:\/\/www.oddset.de\/blog\/wp-json\/wp\/v2\/posts\/12609\/revisions\/80064"}],"wp:featuredmedia":[{"embeddable":true,"href":"https:\/\/www.oddset.de\/blog\/wp-json\/wp\/v2\/media\/12610"}],"wp:attachment":[{"href":"https:\/\/www.oddset.de\/blog\/wp-json\/wp\/v2\/media?parent=12609"}],"wp:term":[{"taxonomy":"category","embeddable":true,"href":"https:\/\/www.oddset.de\/blog\/wp-json\/wp\/v2\/categories?post=12609"},{"taxonomy":"post_tag","embeddable":true,"href":"https:\/\/www.oddset.de\/blog\/wp-json\/wp\/v2\/tags?post=12609"}],"curies":[{"name":"wp","href":"https:\/\/api.w.org\/{rel}","templated":true}]}}