{"id":10718,"date":"2018-01-26T09:34:05","date_gmt":"2018-01-26T08:34:05","guid":{"rendered":"https:\/\/fanzone.oddset.de\/?p=10718"},"modified":"2018-01-26T11:39:28","modified_gmt":"2018-01-26T10:39:28","slug":"machts-thomas-dressen-gleich-noch-einmal","status":"publish","type":"post","link":"https:\/\/www.oddset.de\/blog\/wintersport\/ski-alpin\/machts-thomas-dressen-gleich-noch-einmal\/","title":{"rendered":"Macht&#8217;s Thomas Dre\u00dfen gleich noch einmal?"},"content":{"rendered":"\t\t<div data-elementor-type=\"wp-post\" data-elementor-id=\"10718\" class=\"elementor elementor-10718 elementor-bc-flex-widget\">\n\t\t\t\t\t\t<section class=\"elementor-section elementor-top-section elementor-element elementor-element-9e1791d elementor-section-boxed elementor-section-height-default elementor-section-height-default\" data-id=\"9e1791d\" data-element_type=\"section\">\n\t\t\t\t\t\t<div class=\"elementor-container elementor-column-gap-default\">\n\t\t\t\t\t<div class=\"elementor-column elementor-col-100 elementor-top-column elementor-element elementor-element-d579417\" data-id=\"d579417\" data-element_type=\"column\">\n\t\t\t<div class=\"elementor-widget-wrap elementor-element-populated\">\n\t\t\t\t\t\t<div class=\"elementor-element elementor-element-0f44e4b elementor-widget elementor-widget-text-editor\" data-id=\"0f44e4b\" data-element_type=\"widget\" data-widget_type=\"text-editor.default\">\n\t\t\t\t<div class=\"elementor-widget-container\">\n\t\t\t\t\t\t\t\t\t<h2>R\u00fcckblick<\/h2><p>39 Jahre mussten Deutschlands Skifans warten \u2013 dann gab es am Samstag den ersten Sieg bei der Abfahrt von Kitzb\u00fchel. Thomas Dre\u00dfen aus Mittenwald siegte bei der ber\u00fchmtesten Abfahrt der Welt. Und eine Woche sp\u00e4ter will er auch zuhause ein Wort um den Sieg mitreden \u2013 auf der Kandahar in Garmisch. Nur 19 Kilometer Stra\u00dfe liegen zwischen Dre\u00dfens Heimatort Mittenwald und der Rennstrecke.<\/p><p>Im vergangenen Jahr wurden dort zwei Abfahrten ausgetragen. Damals reichte es f\u00fcr den Kitzb\u00fchel-Sieger nur zu den Pl\u00e4tzen 32 und 37. Stattdessen siegten der US-Amerikaner Travis Ganong bzw. Hannes Reichelt aus \u00d6sterreich. Der S\u00fcdtiroler Peter Fill wurde einmal Zweiter und einmal Dritter. Super-G-Olympiasieger Kjetil Jansrud (Norwegen) wurde in der ersten Abfahrt Zweiter, Abfahrts-Weltmeister Beat Feuz (Schweiz) im zweiten Wettbewerb Dritter.<\/p>\t\t\t\t\t\t\t\t<\/div>\n\t\t\t\t<\/div>\n\t\t\t\t\t<\/div>\n\t\t<\/div>\n\t\t\t\t\t<\/div>\n\t\t<\/section>\n\t\t\t\t<section class=\"elementor-section elementor-top-section elementor-element elementor-element-ef15cda elementor-section-boxed elementor-section-height-default elementor-section-height-default\" data-id=\"ef15cda\" data-element_type=\"section\">\n\t\t\t\t\t\t<div class=\"elementor-container elementor-column-gap-default\">\n\t\t\t\t\t<div class=\"elementor-column elementor-col-100 elementor-top-column elementor-element elementor-element-830b21e\" data-id=\"830b21e\" data-element_type=\"column\">\n\t\t\t<div class=\"elementor-widget-wrap elementor-element-populated\">\n\t\t\t\t\t\t<div class=\"elementor-element elementor-element-5321e13 elementor-widget elementor-widget-text-editor\" data-id=\"5321e13\" data-element_type=\"widget\" data-widget_type=\"text-editor.default\">\n\t\t\t\t<div class=\"elementor-widget-container\">\n\t\t\t\t\t\t\t\t\t<h2>Die Strecke:<\/h2><p>Zur Weltmeisterschaft 2011 wurde die &#8222;Kandahar&#8220; umgebaut. Seitdem weist die Strecke die steilste Stelle im Weltcup auf: Im &#8222;freien Fall&#8220; herrscht ein Gef\u00e4lle von 92 Prozent. Doch davon bekommen die L\u00e4ufer gar nicht so viel mit. Denn \u00e4hnlich wie bei der &#8222;Mausefalle&#8220; in Kitzb\u00fchel springen sie Zig-Meter in den &#8222;freien Fall&#8220; hinein. Doch diese Passage befindet sich bereits kurz vor dem Ziel.<\/p><p>Davor m\u00fcssen die Fahrer nach dem Start auf dem Kreuzeck (1690 Meter) den steilen &#8222;Tr\u00f6glhang&#8220; passieren. Danach gelangen sie \u00fcber die &#8222;Olympia-Kurve&#8220; und den &#8222;Panorama-Sprung&#8220; in den &#8222;Stegerwald&#8220;. Es folgen &#8222;Alte Quelle&#8220;, &#8222;B\u00f6dele&#8220; und &#8222;Eishang&#8220;. Danach fliegen die L\u00e4ufer zweimal geradezu beim &#8222;Seilbahnstadelsprung&#8220; und dem &#8222;Kramersprung&#8220;. Kurz vor dem &#8222;freien Fall&#8220; k\u00f6nnen sich die Fahrer in einer flacheren Passage namens &#8222;Auf der Mauer&#8220; etwas erholen, ehe es nach dem Steilst\u00fcck \u00fcber &#8222;Tauberschuss&#8220; und &#8222;Zielsprung&#8220; ins Skistadion geht.<\/p><p>Allerdings kann es wegen der Witterungsbedingungen passieren, dass nicht auf der Originalstrecke gefahren wird. Dann wird auf die Damen-Strecke ausgewichen, die teils parallel verl\u00e4uft, teils die Herren-Piste schneidet. Doch das ist den Veranstaltern nicht so wichtig. Sie freuen sich dar\u00fcber, dass Dre\u00dfens Sieg in Kitzb\u00fchel einen Hype ausgel\u00f6st hat. So stehen die Chancen nicht schlecht, dass das Rennen ausverkauft sein wird. Das freut auch Peter Fischer, den Vorsitzenden des Skiclubs Garmisch: &#8222;Das ist f\u00fcr uns wie ein Lottogewinn. Die Stimmung steigt, die Euphorie steigt, die Arbeitsmoral steigt.&#8220;<\/p>\t\t\t\t\t\t\t\t<\/div>\n\t\t\t\t<\/div>\n\t\t\t\t\t<\/div>\n\t\t<\/div>\n\t\t\t\t\t<\/div>\n\t\t<\/section>\n\t\t\t\t<section class=\"elementor-section elementor-top-section elementor-element elementor-element-f37b726 elementor-section-boxed elementor-section-height-default elementor-section-height-default\" data-id=\"f37b726\" data-element_type=\"section\">\n\t\t\t\t\t\t<div class=\"elementor-container elementor-column-gap-default\">\n\t\t\t\t\t<div class=\"elementor-column elementor-col-50 elementor-top-column elementor-element elementor-element-8c4e2f5\" data-id=\"8c4e2f5\" data-element_type=\"column\">\n\t\t\t<div class=\"elementor-widget-wrap elementor-element-populated\">\n\t\t\t\t\t\t<div class=\"elementor-element elementor-element-bdda361 elementor-widget elementor-widget-text-editor\" data-id=\"bdda361\" data-element_type=\"widget\" data-widget_type=\"text-editor.default\">\n\t\t\t\t<div class=\"elementor-widget-container\">\n\t\t\t\t\t\t\t\t\t<h2>Die Deutschen Asse:<\/h2><p>Seit Markus Wasmeier im Januar 1992 warten die Deutschen auf einem Heimsieg auf der &#8222;Kandahar&#8220;. Durch seinen sensationellen Sieg in Kitzb\u00fchel geh\u00f6rt nat\u00fcrlich der Mittenwalder Thomas Dre\u00dfen zu den Mitfavoriten auf den Triumph am Samstag. Doch davon will er nichts wissen:<\/p><blockquote><p>&#8222;Es gibt nichts Sch\u00f6neres, als daheim einen Weltcup zu fahren. Garmisch ist nicht viel weniger herausfordernd als Kitzb\u00fchel. Ich bezeichne mich aber immer noch als Au\u00dfenseiter. Ich bin noch relativ jung und habe noch nicht die Erfahrung.&#8220;<\/p><\/blockquote><p>Chancen hat auch Andreas Sander. Sein sechster Platz in Kitzb\u00fchel war wegen des Sieges seines Mannschaftskollegen untergegangen. Dabei war er bis kurz vor dem Ziel sogar drauf und dran, selbst aufs Podest zu kommen. Doch in der Traverse verlor er etwas Zeit. \u00c4hnlich ging es Dre\u00dfen vor zwei Wochen in Wengen. Dort verspielte er das Podest im Ziel-S. Eine Woche sp\u00e4ter siegte er in Kitzb\u00fchel. Macht es Sander ihm nun in Garmisch nach?<\/p><p>Dritter im Bunde der deutschen Asse ist Beppi Ferstl. Der Sohn des Streif-Siegers von 1978 und 1979 hat in dieser Saison schon einen Super-G in Gr\u00f6den gewonnen. In der Abfahrt l\u00e4uft es bisher noch nicht so rund. Sein bestes Resultat dort war ein 14. Platz auf der Saslong in Gr\u00f6den \u2013 am Tag nach seinem Sieg dort.<\/p>\t\t\t\t\t\t\t\t<\/div>\n\t\t\t\t<\/div>\n\t\t\t\t\t<\/div>\n\t\t<\/div>\n\t\t\t\t<div class=\"elementor-column elementor-col-50 elementor-top-column elementor-element elementor-element-e65abd5\" data-id=\"e65abd5\" data-element_type=\"column\">\n\t\t\t<div class=\"elementor-widget-wrap elementor-element-populated\">\n\t\t\t\t\t\t<div class=\"elementor-element elementor-element-121745e elementor-widget elementor-widget-text-editor\" data-id=\"121745e\" data-element_type=\"widget\" data-widget_type=\"text-editor.default\">\n\t\t\t\t<div class=\"elementor-widget-container\">\n\t\t\t\t\t\t\t\t\t<h2>Die internationalen Favoriten:<\/h2><p>In Kitzb\u00fchel wurde Aksel Lund Svindal schwer geschlagen. Rang acht in der Abfahrt war sein schlechtestes Saison-Resultat. Zuvor hatte er die Schussfahrten in Beaver Creek und Gr\u00f6den gewonnen. In Wengen und Bormio war er auf Platz zwei gelandet, in Lake Louise wurde er Dritter. Jetzt m\u00f6chte der Norweger in Garmisch zur\u00fcckschlagen. Allerdings landete er auf der &#8222;Kandahar&#8220; am Ende noch nie auf dem Treppchen.<\/p><p>Ganz anders sieht das beim \u00d6sterreicher Hannes Reichelt aus. Er gewann im Vorjahr und 2015 in Garmisch. Und auch jetzt kommt der Salzburger immer besser in Form. In Bormio wurde er F\u00fcnfter, in Wengen Vierter, in Kitzb\u00fchel Dritter. Nach dem Gesetz der Serie m\u00fcsste er jetzt auf Platz zwei landen. Oder gewinnt er sogar?<\/p><p>Ein gewichtiges Wort um den Sieg mitreden m\u00f6chte auch der Schweizer Beat Feuz. Der Sieger von Wengen sah auch in Kitzb\u00fchel lange wie der Sieger aus \u2013 ehe Thomas Dre\u00dfen ihm mit Startnummer 19 den Triumph noch wegschnappte. In Garmisch belegte Weltmeister Feuz bereits 2016 und 2017 Platz drei. Geht dieses Mal sogar noch mehr?<\/p><p>Zu beachten sind auch Bormio-Sieger Dominik Paris aus Italien, der Norweger Kjetil Jansrud und Peter Fill. Der S\u00fcdtiroler belegte bei beiden Abfahrten in Garmisch im vergangenen Jahr Podestpl\u00e4tze. Auf der Rechnung sollte man auch Christof Innerhofer haben. Der Trainingsschnellste vom Donnerstag liebt die Kandahar. Dort gewann er bei der WM 2011 drei Medaillen: Gold im Super-G, Silber in der Super-Kombi und Bronze in der Abfahrt.<\/p>\t\t\t\t\t\t\t\t<\/div>\n\t\t\t\t<\/div>\n\t\t\t\t\t<\/div>\n\t\t<\/div>\n\t\t\t\t\t<\/div>\n\t\t<\/section>\n\t\t\t\t<section class=\"elementor-section elementor-top-section elementor-element elementor-element-200e406 elementor-section-boxed elementor-section-height-default elementor-section-height-default\" data-id=\"200e406\" data-element_type=\"section\">\n\t\t\t\t\t\t<div class=\"elementor-container elementor-column-gap-default\">\n\t\t\t\t\t<div class=\"elementor-column elementor-col-100 elementor-top-column elementor-element elementor-element-2be9ccd\" data-id=\"2be9ccd\" data-element_type=\"column\">\n\t\t\t<div class=\"elementor-widget-wrap elementor-element-populated\">\n\t\t\t\t\t\t<div class=\"elementor-element elementor-element-4d36eeb elementor-widget elementor-widget-text-editor\" data-id=\"4d36eeb\" data-element_type=\"widget\" data-widget_type=\"text-editor.default\">\n\t\t\t\t<div class=\"elementor-widget-container\">\n\t\t\t\t\t\t\t\t\t<h2>Mein Tipp:<\/h2><p>Thomas Dre\u00dfen best\u00e4tigt in Garmisch, dass sein Sieg in Kitzb\u00fchel kein Zufall war. Der Mittenwalder schafft es bei seinem Heimrennen in die Top 5. Der Sieg geht aber an <b>Hannes Reichelt <\/b>aus \u00d6sterreich. Er hat in Garmisch bereits zweimal gewonnen. Hinter ihm haben Beat Feuz und Aksel Lund Svindal das Nachsehen.<\/p>\t\t\t\t\t\t\t\t<\/div>\n\t\t\t\t<\/div>\n\t\t\t\t\t<\/div>\n\t\t<\/div>\n\t\t\t\t\t<\/div>\n\t\t<\/section>\n\t\t\t\t<section class=\"elementor-section elementor-top-section elementor-element elementor-element-001e9ca elementor-section-boxed elementor-section-height-default elementor-section-height-default\" data-id=\"001e9ca\" data-element_type=\"section\">\n\t\t\t\t\t\t<div class=\"elementor-container elementor-column-gap-default\">\n\t\t\t\t\t<div class=\"elementor-column elementor-col-100 elementor-top-column elementor-element elementor-element-529673d\" data-id=\"529673d\" data-element_type=\"column\">\n\t\t\t<div class=\"elementor-widget-wrap\">\n\t\t\t\t\t\t\t<\/div>\n\t\t<\/div>\n\t\t\t\t\t<\/div>\n\t\t<\/section>\n\t\t\t\t<section class=\"elementor-section elementor-top-section elementor-element elementor-element-285d096 elementor-section-boxed elementor-section-height-default elementor-section-height-default\" data-id=\"285d096\" data-element_type=\"section\">\n\t\t\t\t\t\t<div class=\"elementor-container elementor-column-gap-default\">\n\t\t\t\t\t<div class=\"elementor-column elementor-col-100 elementor-top-column elementor-element elementor-element-43d2ea5\" data-id=\"43d2ea5\" data-element_type=\"column\">\n\t\t\t<div class=\"elementor-widget-wrap\">\n\t\t\t\t\t\t\t<\/div>\n\t\t<\/div>\n\t\t\t\t\t<\/div>\n\t\t<\/section>\n\t\t\t\t<\/div>\n\t\t","protected":false},"excerpt":{"rendered":"<p>R\u00fcckblick 39 Jahre mussten Deutschlands Skifans warten \u2013 dann gab es am Samstag den ersten Sieg bei der Abfahrt von Kitzb\u00fchel. Thomas Dre\u00dfen aus Mittenwald siegte bei der ber\u00fchmtesten Abfahrt der Welt. Und eine Woche sp\u00e4ter will er auch zuhause ein Wort um den Sieg mitreden \u2013 auf der Kandahar in Garmisch. Nur 19 Kilometer [&hellip;]<\/p>\n","protected":false},"author":20,"featured_media":10720,"comment_status":"closed","ping_status":"closed","sticky":false,"template":"","format":"standard","meta":{"_acf_changed":false,"footnotes":""},"categories":[199],"tags":[394,790,832],"class_list":["post-10718","post","type-post","status-publish","format-standard","has-post-thumbnail","hentry","category-ski-alpin","tag-abfahrt","tag-garmisch","tag-kandahar"],"acf":[],"yoast_head":"<!-- This site is optimized with the Yoast SEO plugin v26.0 - https:\/\/yoast.com\/wordpress\/plugins\/seo\/ -->\n<title>Macht&#039;s Thomas Dre\u00dfen gleich noch einmal? - ODDSET<\/title>\n<meta name=\"description\" content=\"Alle Tipps und Quoten zum Abfahrts-Spektakel auf der Kandahar in Garmisch-Partenkirchen finden Sie bei ODDSET. Sieg Dre\u00dfen auch in Garmisch?\" \/>\n<meta name=\"robots\" content=\"index, follow, max-snippet:-1, max-image-preview:large, max-video-preview:-1\" \/>\n<link rel=\"canonical\" href=\"https:\/\/www.oddset.de\/blog\/wintersport\/ski-alpin\/machts-thomas-dressen-gleich-noch-einmal\/\" \/>\n<meta property=\"og:locale\" content=\"de_DE\" \/>\n<meta property=\"og:type\" content=\"article\" \/>\n<meta property=\"og:title\" content=\"Macht&#039;s Thomas Dre\u00dfen gleich noch einmal? - ODDSET\" \/>\n<meta property=\"og:description\" content=\"Alle Tipps und Quoten zum Abfahrts-Spektakel auf der Kandahar in Garmisch-Partenkirchen finden Sie bei ODDSET. Sieg Dre\u00dfen auch in Garmisch?\" \/>\n<meta property=\"og:url\" content=\"https:\/\/www.oddset.de\/blog\/wintersport\/ski-alpin\/machts-thomas-dressen-gleich-noch-einmal\/\" \/>\n<meta property=\"og:site_name\" content=\"ODDSET FANZONE\" \/>\n<meta property=\"article:publisher\" content=\"https:\/\/www.facebook.com\/ODDSETwetten\/\" \/>\n<meta property=\"article:published_time\" content=\"2018-01-26T08:34:05+00:00\" \/>\n<meta property=\"article:modified_time\" content=\"2018-01-26T10:39:28+00:00\" \/>\n<meta property=\"og:image\" content=\"https:\/\/www.oddset.de\/blog\/wp-content\/uploads\/2018\/01\/imago32181932h_optimized.jpg\" \/>\n\t<meta property=\"og:image:width\" content=\"1024\" \/>\n\t<meta property=\"og:image:height\" content=\"640\" \/>\n\t<meta property=\"og:image:type\" content=\"image\/jpeg\" \/>\n<meta name=\"author\" content=\"Manuel Minsheim\" \/>\n<meta name=\"twitter:card\" content=\"summary_large_image\" \/>\n<meta name=\"twitter:creator\" content=\"@ODDSETsport\" \/>\n<meta name=\"twitter:site\" content=\"@ODDSETsport\" \/>\n<meta name=\"twitter:label1\" content=\"Verfasst von\" \/>\n\t<meta name=\"twitter:data1\" content=\"Manuel Minsheim\" \/>\n\t<meta name=\"twitter:label2\" content=\"Gesch\u00e4tzte Lesezeit\" \/>\n\t<meta name=\"twitter:data2\" content=\"4\u00a0Minuten\" \/>\n<!-- \/ Yoast SEO plugin. -->","yoast_head_json":{"title":"Macht's Thomas Dre\u00dfen gleich noch einmal? - ODDSET","description":"Alle Tipps und Quoten zum Abfahrts-Spektakel auf der Kandahar in Garmisch-Partenkirchen finden Sie bei ODDSET. Sieg Dre\u00dfen auch in Garmisch?","robots":{"index":"index","follow":"follow","max-snippet":"max-snippet:-1","max-image-preview":"max-image-preview:large","max-video-preview":"max-video-preview:-1"},"canonical":"https:\/\/www.oddset.de\/blog\/wintersport\/ski-alpin\/machts-thomas-dressen-gleich-noch-einmal\/","og_locale":"de_DE","og_type":"article","og_title":"Macht's Thomas Dre\u00dfen gleich noch einmal? - ODDSET","og_description":"Alle Tipps und Quoten zum Abfahrts-Spektakel auf der Kandahar in Garmisch-Partenkirchen finden Sie bei ODDSET. Sieg Dre\u00dfen auch in Garmisch?","og_url":"https:\/\/www.oddset.de\/blog\/wintersport\/ski-alpin\/machts-thomas-dressen-gleich-noch-einmal\/","og_site_name":"ODDSET FANZONE","article_publisher":"https:\/\/www.facebook.com\/ODDSETwetten\/","article_published_time":"2018-01-26T08:34:05+00:00","article_modified_time":"2018-01-26T10:39:28+00:00","og_image":[{"width":1024,"height":640,"url":"https:\/\/www.oddset.de\/blog\/wp-content\/uploads\/2018\/01\/imago32181932h_optimized.jpg","type":"image\/jpeg"}],"author":"Manuel Minsheim","twitter_card":"summary_large_image","twitter_creator":"@ODDSETsport","twitter_site":"@ODDSETsport","twitter_misc":{"Verfasst von":"Manuel Minsheim","Gesch\u00e4tzte Lesezeit":"4\u00a0Minuten"},"schema":{"@context":"https:\/\/schema.org","@graph":[{"@type":"Article","@id":"https:\/\/www.oddset.de\/blog\/wintersport\/ski-alpin\/machts-thomas-dressen-gleich-noch-einmal\/#article","isPartOf":{"@id":"https:\/\/www.oddset.de\/blog\/wintersport\/ski-alpin\/machts-thomas-dressen-gleich-noch-einmal\/"},"author":{"name":"Manuel Minsheim","@id":"https:\/\/www.oddset.de\/blog\/#\/schema\/person\/3fa61f387f9775dacf40b2a02c649d6f"},"headline":"Macht&#8217;s Thomas Dre\u00dfen gleich noch einmal?","datePublished":"2018-01-26T08:34:05+00:00","dateModified":"2018-01-26T10:39:28+00:00","mainEntityOfPage":{"@id":"https:\/\/www.oddset.de\/blog\/wintersport\/ski-alpin\/machts-thomas-dressen-gleich-noch-einmal\/"},"wordCount":899,"publisher":{"@id":"https:\/\/www.oddset.de\/blog\/#organization"},"image":{"@id":"https:\/\/www.oddset.de\/blog\/wintersport\/ski-alpin\/machts-thomas-dressen-gleich-noch-einmal\/#primaryimage"},"thumbnailUrl":"https:\/\/www.oddset.de\/blog\/wp-content\/uploads\/2018\/01\/imago32181932h_optimized.jpg","keywords":["Abfahrt","Garmisch","Kandahar"],"articleSection":["Ski alpin"],"inLanguage":"de"},{"@type":"WebPage","@id":"https:\/\/www.oddset.de\/blog\/wintersport\/ski-alpin\/machts-thomas-dressen-gleich-noch-einmal\/","url":"https:\/\/www.oddset.de\/blog\/wintersport\/ski-alpin\/machts-thomas-dressen-gleich-noch-einmal\/","name":"Macht's Thomas Dre\u00dfen gleich noch einmal? - ODDSET","isPartOf":{"@id":"https:\/\/www.oddset.de\/blog\/#website"},"primaryImageOfPage":{"@id":"https:\/\/www.oddset.de\/blog\/wintersport\/ski-alpin\/machts-thomas-dressen-gleich-noch-einmal\/#primaryimage"},"image":{"@id":"https:\/\/www.oddset.de\/blog\/wintersport\/ski-alpin\/machts-thomas-dressen-gleich-noch-einmal\/#primaryimage"},"thumbnailUrl":"https:\/\/www.oddset.de\/blog\/wp-content\/uploads\/2018\/01\/imago32181932h_optimized.jpg","datePublished":"2018-01-26T08:34:05+00:00","dateModified":"2018-01-26T10:39:28+00:00","description":"Alle Tipps und Quoten zum Abfahrts-Spektakel auf der Kandahar in Garmisch-Partenkirchen finden Sie bei ODDSET. Sieg Dre\u00dfen auch in Garmisch?","breadcrumb":{"@id":"https:\/\/www.oddset.de\/blog\/wintersport\/ski-alpin\/machts-thomas-dressen-gleich-noch-einmal\/#breadcrumb"},"inLanguage":"de","potentialAction":[{"@type":"ReadAction","target":["https:\/\/www.oddset.de\/blog\/wintersport\/ski-alpin\/machts-thomas-dressen-gleich-noch-einmal\/"]}]},{"@type":"ImageObject","inLanguage":"de","@id":"https:\/\/www.oddset.de\/blog\/wintersport\/ski-alpin\/machts-thomas-dressen-gleich-noch-einmal\/#primaryimage","url":"https:\/\/www.oddset.de\/blog\/wp-content\/uploads\/2018\/01\/imago32181932h_optimized.jpg","contentUrl":"https:\/\/www.oddset.de\/blog\/wp-content\/uploads\/2018\/01\/imago32181932h_optimized.jpg","width":1024,"height":640,"caption":"Imago\/Oryk Haist: Triumphiert Kitzb\u00fchel-Sieger Thomas Dre\u00dfen auch zuhause in Garmisch?"},{"@type":"BreadcrumbList","@id":"https:\/\/www.oddset.de\/blog\/wintersport\/ski-alpin\/machts-thomas-dressen-gleich-noch-einmal\/#breadcrumb","itemListElement":[{"@type":"ListItem","position":1,"name":"Startseite","item":"https:\/\/www.oddset.de\/blog\/"},{"@type":"ListItem","position":2,"name":"Macht&#8217;s Thomas Dre\u00dfen gleich noch einmal?"}]},{"@type":"WebSite","@id":"https:\/\/www.oddset.de\/blog\/#website","url":"https:\/\/www.oddset.de\/blog\/","name":"ODDSET FANZONE","description":"Der Fu\u00dfball &amp; Sportwetten Blog","publisher":{"@id":"https:\/\/www.oddset.de\/blog\/#organization"},"potentialAction":[{"@type":"SearchAction","target":{"@type":"EntryPoint","urlTemplate":"https:\/\/www.oddset.de\/blog\/?s={search_term_string}"},"query-input":{"@type":"PropertyValueSpecification","valueRequired":true,"valueName":"search_term_string"}}],"inLanguage":"de"},{"@type":"Organization","@id":"https:\/\/www.oddset.de\/blog\/#organization","name":"ODDSET FANZONE","url":"https:\/\/www.oddset.de\/blog\/","logo":{"@type":"ImageObject","inLanguage":"de","@id":"https:\/\/www.oddset.de\/blog\/#\/schema\/logo\/image\/","url":"https:\/\/www.oddset.de\/blog\/wp-content\/uploads\/2020\/05\/tb_logo.png","contentUrl":"https:\/\/www.oddset.de\/blog\/wp-content\/uploads\/2020\/05\/tb_logo.png","width":1171,"height":400,"caption":"ODDSET FANZONE"},"image":{"@id":"https:\/\/www.oddset.de\/blog\/#\/schema\/logo\/image\/"},"sameAs":["https:\/\/www.facebook.com\/ODDSETwetten\/","https:\/\/x.com\/ODDSETsport","https:\/\/www.youtube.com\/channel\/UC_vWGAocu28RqdyhzCPf9ZQ"]},{"@type":"Person","@id":"https:\/\/www.oddset.de\/blog\/#\/schema\/person\/3fa61f387f9775dacf40b2a02c649d6f","name":"Manuel Minsheim","image":{"@type":"ImageObject","inLanguage":"de","@id":"https:\/\/www.oddset.de\/blog\/#\/schema\/person\/image\/","url":"https:\/\/www.oddset.de\/blog\/wp-content\/uploads\/2021\/04\/imago0001177047h-150x150.jpg","contentUrl":"https:\/\/www.oddset.de\/blog\/wp-content\/uploads\/2021\/04\/imago0001177047h-150x150.jpg","caption":"Manuel Minsheim"},"description":"Ich war als Kind gl\u00fchender Fan von Lothar Matth\u00e4us. Auf mein knielanges Bayerntrikot lie\u00df ich damals meine Mutter eine Acht draufn\u00e4hen. Von Beflocken hatte ich noch nichts geh\u00f6rt. Als Puma den Schuh des damaligen Bayern-Spielers auch f\u00fcr Kindergr\u00f6\u00dfen verkaufte, musste er sofort her. Da war es egal, dass die restlichen E-Jugend-Mannschaftskollegen weiter mit Adidas-Tretern aufliefen. Als Matth\u00e4us ab den 1990er Jahren immer \u00f6fter mit seinen Frauen-Geschichten als mit seinen Leistungen als Spieler und Trainer auffiel, erkaltete die Liebe zum bisher einzigen deutschen Weltfu\u00dfballer. Mittlerweile finde ich aber, dass Matth\u00e4us als Fernseh-Experte eine passable Rolle spielt. Noch heute kicke ich selbst gerne gegen den Ball, bin aber weiter vorne als Lothar Matth\u00e4us zu finden.","url":"https:\/\/www.oddset.de\/blog\/blogger\/manuel-minsheim\/"}]}},"amp_enabled":true,"_links":{"self":[{"href":"https:\/\/www.oddset.de\/blog\/wp-json\/wp\/v2\/posts\/10718","targetHints":{"allow":["GET"]}}],"collection":[{"href":"https:\/\/www.oddset.de\/blog\/wp-json\/wp\/v2\/posts"}],"about":[{"href":"https:\/\/www.oddset.de\/blog\/wp-json\/wp\/v2\/types\/post"}],"author":[{"embeddable":true,"href":"https:\/\/www.oddset.de\/blog\/wp-json\/wp\/v2\/users\/20"}],"replies":[{"embeddable":true,"href":"https:\/\/www.oddset.de\/blog\/wp-json\/wp\/v2\/comments?post=10718"}],"version-history":[{"count":10,"href":"https:\/\/www.oddset.de\/blog\/wp-json\/wp\/v2\/posts\/10718\/revisions"}],"predecessor-version":[{"id":10914,"href":"https:\/\/www.oddset.de\/blog\/wp-json\/wp\/v2\/posts\/10718\/revisions\/10914"}],"wp:featuredmedia":[{"embeddable":true,"href":"https:\/\/www.oddset.de\/blog\/wp-json\/wp\/v2\/media\/10720"}],"wp:attachment":[{"href":"https:\/\/www.oddset.de\/blog\/wp-json\/wp\/v2\/media?parent=10718"}],"wp:term":[{"taxonomy":"category","embeddable":true,"href":"https:\/\/www.oddset.de\/blog\/wp-json\/wp\/v2\/categories?post=10718"},{"taxonomy":"post_tag","embeddable":true,"href":"https:\/\/www.oddset.de\/blog\/wp-json\/wp\/v2\/tags?post=10718"}],"curies":[{"name":"wp","href":"https:\/\/api.w.org\/{rel}","templated":true}]}}