{"id":10053,"date":"2017-12-28T09:37:12","date_gmt":"2017-12-28T08:37:12","guid":{"rendered":"https:\/\/fanzone.oddset.de\/?p=10053"},"modified":"2018-01-04T16:54:36","modified_gmt":"2018-01-04T15:54:36","slug":"vierschanzentournee-fliegt-freitag-allen-davon","status":"publish","type":"post","link":"https:\/\/www.oddset.de\/blog\/wintersport\/skispringen\/vierschanzentournee-fliegt-freitag-allen-davon\/","title":{"rendered":"Vierschanzentournee: Fliegt Freitag allen davon?"},"content":{"rendered":"\t\t<div data-elementor-type=\"wp-post\" data-elementor-id=\"10053\" class=\"elementor elementor-10053 elementor-bc-flex-widget\">\n\t\t\t\t\t\t<section class=\"elementor-section elementor-top-section elementor-element elementor-element-rqlusss elementor-section-boxed elementor-section-height-default elementor-section-height-default\" data-id=\"rqlusss\" data-element_type=\"section\">\n\t\t\t\t\t\t<div class=\"elementor-container elementor-column-gap-default\">\n\t\t\t\t\t<div class=\"elementor-column elementor-col-100 elementor-top-column elementor-element elementor-element-d845rvw\" data-id=\"d845rvw\" data-element_type=\"column\">\n\t\t\t<div class=\"elementor-widget-wrap elementor-element-populated\">\n\t\t\t\t\t\t<div class=\"elementor-element elementor-element-2ca6y7v elementor-widget elementor-widget-text-editor\" data-id=\"2ca6y7v\" data-element_type=\"widget\" data-widget_type=\"text-editor.default\">\n\t\t\t\t<div class=\"elementor-widget-container\">\n\t\t\t\t\t\t\t\t\t<p>Wenn am Samstag die 66. Auflage der Vierschanzentournee mit dem Springen in Oberstdorf<br \/> (16:30) beginnt, dann ist ein deutscher Athlet hei\u00dfer Kandidat auf den Gesamtsieg: Richard Freitag. Der Sachse feierte in diesem Winter schon drei Weltcup-Einzelsiege, war niemals schlechter als auf Rang sechs platziert und f\u00fchrt mit 151 Punkten Vorsprung souver\u00e4n die Weltcup-Einzelwertung 2017\/18 an.<\/p>\t\t\t\t\t\t\t\t<\/div>\n\t\t\t\t<\/div>\n\t\t\t\t\t<\/div>\n\t\t<\/div>\n\t\t\t\t\t<\/div>\n\t\t<\/section>\n\t\t\t\t<section class=\"elementor-section elementor-top-section elementor-element elementor-element-idg7o5x elementor-section-boxed elementor-section-height-default elementor-section-height-default\" data-id=\"idg7o5x\" data-element_type=\"section\">\n\t\t\t\t\t\t<div class=\"elementor-container elementor-column-gap-default\">\n\t\t\t\t\t<div class=\"elementor-column elementor-col-100 elementor-top-column elementor-element elementor-element-x5te6mf\" data-id=\"x5te6mf\" data-element_type=\"column\">\n\t\t\t<div class=\"elementor-widget-wrap elementor-element-populated\">\n\t\t\t\t\t\t<div class=\"elementor-element elementor-element-ej3wg1f elementor-widget elementor-widget-heading\" data-id=\"ej3wg1f\" data-element_type=\"widget\" data-widget_type=\"heading.default\">\n\t\t\t\t<div class=\"elementor-widget-container\">\n\t\t\t\t\t<h2 class=\"elementor-heading-title elementor-size-default\">Konkurrenz ist dem Favoriten auf den Fersen<\/h2>\t\t\t\t<\/div>\n\t\t\t\t<\/div>\n\t\t\t\t<div class=\"elementor-element elementor-element-g3003cu elementor-widget elementor-widget-text-editor\" data-id=\"g3003cu\" data-element_type=\"widget\" data-widget_type=\"text-editor.default\">\n\t\t\t\t<div class=\"elementor-widget-container\">\n\t\t\t\t\t\t\t\t\t<p>Aber ausruhen gilt nicht f\u00fcr Freitag, denn zwei Tournee-Gesamtsieger aus den vergangenen Jahren sind in Lauerstellung: Titelverteidiger Kamil Stoch (Polen) und Stefan Kraft (\u00d6sterreich), Gewinner 2014\/15, sind aktuell Vierter beziehungsweise F\u00fcnfter im Weltcup-Klassement. Dazu kommt weitere Konkurrenz aus<br \/>dem eigenen Lager:\u00a0 Andreas Wellinger (Ruhpolding) sprang in diesem Winter einen Einzelerfolg ein und ist Weltcup-Zweiter. Au\u00dferdem zu beachten ist Daniel-Andre Tande (Dritter). Der Norweger gewann mit Garmisch und Innsbruck im letzten Winter zwei Tournee-Einzelspringen.<\/p>\t\t\t\t\t\t\t\t<\/div>\n\t\t\t\t<\/div>\n\t\t\t\t\t<\/div>\n\t\t<\/div>\n\t\t\t\t\t<\/div>\n\t\t<\/section>\n\t\t\t\t<section class=\"elementor-section elementor-top-section elementor-element elementor-element-ns9n8ej elementor-section-boxed elementor-section-height-default elementor-section-height-default\" data-id=\"ns9n8ej\" data-element_type=\"section\">\n\t\t\t\t\t\t<div class=\"elementor-container elementor-column-gap-default\">\n\t\t\t\t\t<div class=\"elementor-column elementor-col-100 elementor-top-column elementor-element elementor-element-zuivh28\" data-id=\"zuivh28\" data-element_type=\"column\">\n\t\t\t<div class=\"elementor-widget-wrap elementor-element-populated\">\n\t\t\t\t\t\t<div class=\"elementor-element elementor-element-b9g93pk elementor-widget elementor-widget-heading\" data-id=\"b9g93pk\" data-element_type=\"widget\" data-widget_type=\"heading.default\">\n\t\t\t\t<div class=\"elementor-widget-container\">\n\t\t\t\t\t<h2 class=\"elementor-heading-title elementor-size-default\">\"Dass er so stabil springt, ist eine Riesenfreude\"<\/h2>\t\t\t\t<\/div>\n\t\t\t\t<\/div>\n\t\t\t\t<div class=\"elementor-element elementor-element-rivo1n2 elementor-widget elementor-widget-text-editor\" data-id=\"rivo1n2\" data-element_type=\"widget\" data-widget_type=\"text-editor.default\">\n\t\t\t\t<div class=\"elementor-widget-container\">\n\t\t\t\t\t\t\t\t\t<p><strong><\/strong><\/p><p>Dennoch: Vieles spricht f\u00fcr Richard Freitag, mit dem erstmals seit 17 Jahren wieder ein Deutscher als Weltcup-F\u00fchrender in die Tournee geht. Bei der Tournee-Generalprobe, dem Springen in Engelberg, nahm der 26-j\u00e4hrige DSV-Adler der Konkurrenz satte sechs Meter ab. Bundestrainer Werner Schuster lobte seinen Sch\u00fctzling: \u201eDass er so stabil springt, ist eine Riesenfreude\u201c, erkl\u00e4rte der \u00d6sterreicher der <em>dpa<\/em>.<\/p>\t\t\t\t\t\t\t\t<\/div>\n\t\t\t\t<\/div>\n\t\t\t\t\t<\/div>\n\t\t<\/div>\n\t\t\t\t\t<\/div>\n\t\t<\/section>\n\t\t\t\t<section class=\"elementor-section elementor-top-section elementor-element elementor-element-iuu7ldi elementor-section-boxed elementor-section-height-default elementor-section-height-default\" data-id=\"iuu7ldi\" data-element_type=\"section\">\n\t\t\t\t\t\t<div class=\"elementor-container elementor-column-gap-default\">\n\t\t\t\t\t<div class=\"elementor-column elementor-col-100 elementor-top-column elementor-element elementor-element-r1cjc4e\" data-id=\"r1cjc4e\" data-element_type=\"column\">\n\t\t\t<div class=\"elementor-widget-wrap elementor-element-populated\">\n\t\t\t\t\t\t<div class=\"elementor-element elementor-element-lymex2y elementor-widget elementor-widget-heading\" data-id=\"lymex2y\" data-element_type=\"widget\" data-widget_type=\"heading.default\">\n\t\t\t\t<div class=\"elementor-widget-container\">\n\t\t\t\t\t<h2 class=\"elementor-heading-title elementor-size-default\">Wer gewinnt das erste Springen in Oberstdorf?<\/h2>\t\t\t\t<\/div>\n\t\t\t\t<\/div>\n\t\t\t\t<div class=\"elementor-element elementor-element-i3tt59j elementor-widget elementor-widget-text-editor\" data-id=\"i3tt59j\" data-element_type=\"widget\" data-widget_type=\"text-editor.default\">\n\t\t\t\t<div class=\"elementor-widget-container\">\n\t\t\t\t\t\t\t\t\t<p>Geht es nach der derzeitigen Form aller Springer, hat Richard Freitag die besten Karten: Der Sachse liegt im Weltcup 151 Punkte vor Andreas Wellinger und gewann die Generalprobe in Engelberg. Freitag war in diesem Winter nie schlechter als Sechster. Geht es nach dem Wohlf\u00fchlfaktor auf der Schattenberg-Schanze, dann sind andere besser: 2016 siegte Stefan Kraft vor Tournee-Titelverteidiger Kamil Stoch.<\/p>\t\t\t\t\t\t\t\t<\/div>\n\t\t\t\t<\/div>\n\t\t\t\t\t<\/div>\n\t\t<\/div>\n\t\t\t\t\t<\/div>\n\t\t<\/section>\n\t\t\t\t<section class=\"elementor-section elementor-top-section elementor-element elementor-element-a5j92ej elementor-section-boxed elementor-section-height-default elementor-section-height-default\" data-id=\"a5j92ej\" data-element_type=\"section\">\n\t\t\t\t\t\t<div class=\"elementor-container elementor-column-gap-default\">\n\t\t\t\t\t<div class=\"elementor-column elementor-col-100 elementor-top-column elementor-element elementor-element-n93mb63\" data-id=\"n93mb63\" data-element_type=\"column\">\n\t\t\t<div class=\"elementor-widget-wrap elementor-element-populated\">\n\t\t\t\t\t\t<section class=\"elementor-section elementor-inner-section elementor-element elementor-element-4xsi4iu elementor-section-boxed elementor-section-height-default elementor-section-height-default\" data-id=\"4xsi4iu\" data-element_type=\"section\">\n\t\t\t\t\t\t<div class=\"elementor-container elementor-column-gap-default\">\n\t\t\t\t\t<div class=\"elementor-column elementor-col-50 elementor-inner-column elementor-element elementor-element-064xzm5\" data-id=\"064xzm5\" data-element_type=\"column\">\n\t\t\t<div class=\"elementor-widget-wrap elementor-element-populated\">\n\t\t\t\t\t\t<div class=\"elementor-element elementor-element-ohs0ihd elementor-widget elementor-widget-heading\" data-id=\"ohs0ihd\" data-element_type=\"widget\" data-widget_type=\"heading.default\">\n\t\t\t\t<div class=\"elementor-widget-container\">\n\t\t\t\t\t<h2 class=\"elementor-heading-title elementor-size-default\">Letztes Springen, Engelberg (SUI), 17.12.17:<\/h2>\t\t\t\t<\/div>\n\t\t\t\t<\/div>\n\t\t\t\t<div class=\"elementor-element elementor-element-v8ldbwc elementor-widget elementor-widget-text-editor\" data-id=\"v8ldbwc\" data-element_type=\"widget\" data-widget_type=\"text-editor.default\">\n\t\t\t\t<div class=\"elementor-widget-container\">\n\t\t\t\t\t\t\t\t\t<ol><li>Freitag (GER)<\/li><li>Stoch (POL)<\/li><li>Kraft (AUT)<\/li><\/ol>\t\t\t\t\t\t\t\t<\/div>\n\t\t\t\t<\/div>\n\t\t\t\t\t<\/div>\n\t\t<\/div>\n\t\t\t\t<div class=\"elementor-column elementor-col-50 elementor-inner-column elementor-element elementor-element-nlfrieu\" data-id=\"nlfrieu\" data-element_type=\"column\">\n\t\t\t<div class=\"elementor-widget-wrap elementor-element-populated\">\n\t\t\t\t\t\t<div class=\"elementor-element elementor-element-2puez2i elementor-widget elementor-widget-heading\" data-id=\"2puez2i\" data-element_type=\"widget\" data-widget_type=\"heading.default\">\n\t\t\t\t<div class=\"elementor-widget-container\">\n\t\t\t\t\t<h2 class=\"elementor-heading-title elementor-size-default\">Stand Weltucp-Einzel:<\/h2>\t\t\t\t<\/div>\n\t\t\t\t<\/div>\n\t\t\t\t<div class=\"elementor-element elementor-element-ys6cy9u elementor-widget elementor-widget-text-editor\" data-id=\"ys6cy9u\" data-element_type=\"widget\" data-widget_type=\"text-editor.default\">\n\t\t\t\t<div class=\"elementor-widget-container\">\n\t\t\t\t\t\t\t\t\t<ol><li>Freitag (GER)<\/li><li>Wellinger (GER)<\/li><li>Tande (NOR)<\/li><\/ol>\t\t\t\t\t\t\t\t<\/div>\n\t\t\t\t<\/div>\n\t\t\t\t\t<\/div>\n\t\t<\/div>\n\t\t\t\t\t<\/div>\n\t\t<\/section>\n\t\t\t\t\t<\/div>\n\t\t<\/div>\n\t\t\t\t\t<\/div>\n\t\t<\/section>\n\t\t\t\t<section class=\"elementor-section elementor-top-section elementor-element elementor-element-5vtg79v elementor-section-boxed elementor-section-height-default elementor-section-height-default\" data-id=\"5vtg79v\" data-element_type=\"section\">\n\t\t\t\t\t\t<div class=\"elementor-container elementor-column-gap-default\">\n\t\t\t\t\t<div class=\"elementor-column elementor-col-100 elementor-top-column elementor-element elementor-element-6e7n5bm\" data-id=\"6e7n5bm\" data-element_type=\"column\">\n\t\t\t<div class=\"elementor-widget-wrap elementor-element-populated\">\n\t\t\t\t\t\t<div class=\"elementor-element elementor-element-f25dt9b elementor-widget elementor-widget-heading\" data-id=\"f25dt9b\" data-element_type=\"widget\" data-widget_type=\"heading.default\">\n\t\t\t\t<div class=\"elementor-widget-container\">\n\t\t\t\t\t<h2 class=\"elementor-heading-title elementor-size-default\">Mein Tipp:<\/h2>\t\t\t\t<\/div>\n\t\t\t\t<\/div>\n\t\t\t\t<div class=\"elementor-element elementor-element-bmx5zkf elementor-widget elementor-widget-text-editor\" data-id=\"bmx5zkf\" data-element_type=\"widget\" data-widget_type=\"text-editor.default\">\n\t\t\t\t<div class=\"elementor-widget-container\">\n\t\t\t\t\t\t\t\t\t<p>Freitag, Stoch, Kraft und Wellinger sind favorisiert. Dar\u00fcber hinaus k\u00f6nnten die Norweger Tande und Forfang weite Spr\u00fcnge landen. Richard Freitag hat derzeit aber die richtige Mischung aus Selbstbewusstsein und Lockerheit. Auf der Schattenbergschanze in Oberstdorf genie\u00dft er quasi Hausrecht &#8211; er kann sich also bestens auf das erste Springen vorbereiten. Freitag h\u00e4lt dem Druck stand und gewinnt, daf\u00fcr gibt es eine <strong>Quote von 2,50<\/strong>.<\/p>\t\t\t\t\t\t\t\t<\/div>\n\t\t\t\t<\/div>\n\t\t\t\t\t<\/div>\n\t\t<\/div>\n\t\t\t\t\t<\/div>\n\t\t<\/section>\n\t\t\t\t<section class=\"elementor-section elementor-top-section elementor-element elementor-element-5efjbpx elementor-section-boxed elementor-section-height-default elementor-section-height-default\" data-id=\"5efjbpx\" data-element_type=\"section\">\n\t\t\t\t\t\t<div class=\"elementor-container elementor-column-gap-default\">\n\t\t\t\t\t<div class=\"elementor-column elementor-col-100 elementor-top-column elementor-element elementor-element-gofk7bz\" data-id=\"gofk7bz\" data-element_type=\"column\">\n\t\t\t<div class=\"elementor-widget-wrap\">\n\t\t\t\t\t\t\t<\/div>\n\t\t<\/div>\n\t\t\t\t\t<\/div>\n\t\t<\/section>\n\t\t\t\t<section class=\"elementor-section elementor-top-section elementor-element elementor-element-bt2qeaq elementor-section-boxed elementor-section-height-default elementor-section-height-default\" data-id=\"bt2qeaq\" data-element_type=\"section\">\n\t\t\t\t\t\t<div class=\"elementor-container elementor-column-gap-default\">\n\t\t\t\t\t<div class=\"elementor-column elementor-col-100 elementor-top-column elementor-element elementor-element-0s8pjai\" data-id=\"0s8pjai\" data-element_type=\"column\">\n\t\t\t<div class=\"elementor-widget-wrap\">\n\t\t\t\t\t\t\t<\/div>\n\t\t<\/div>\n\t\t\t\t\t<\/div>\n\t\t<\/section>\n\t\t\t\t<\/div>\n\t\t","protected":false},"excerpt":{"rendered":"<p>Wenn am Samstag die 66. Auflage der Vierschanzentournee mit dem Springen in Oberstdorf (16:30) beginnt, dann ist ein deutscher Athlet hei\u00dfer Kandidat auf den Gesamtsieg: Richard Freitag. Der Sachse feierte in diesem Winter schon drei Weltcup-Einzelsiege, war niemals schlechter als auf Rang sechs platziert und f\u00fchrt mit 151 Punkten Vorsprung souver\u00e4n die Weltcup-Einzelwertung 2017\/18 an. [&hellip;]<\/p>\n","protected":false},"author":3,"featured_media":10158,"comment_status":"closed","ping_status":"closed","sticky":false,"template":"","format":"standard","meta":{"_acf_changed":false,"footnotes":""},"categories":[354,198],"tags":[792,790,791,794,789,788,357,795,355,793],"class_list":["post-10053","post","type-post","status-publish","format-standard","has-post-thumbnail","hentry","category-skispringen","category-wintersport","tag-bischofshofen","tag-garmisch","tag-innsbruck","tag-kraft","tag-oberstdorf","tag-richard-freitag","tag-skispringen","tag-stoch","tag-vierschanzentournee","tag-wellinger"],"acf":[],"yoast_head":"<!-- This site is optimized with the Yoast SEO plugin v26.0 - https:\/\/yoast.com\/wordpress\/plugins\/seo\/ -->\n<title>Vierschanzentournee: Fliegt Freitag allen davon? - ODDSET<\/title>\n<meta name=\"description\" content=\"\u2730 [Heimteam] - \u2730 [Ausw\u00e4rtsteam] (1,5 | 3,1 | 2,5) Skispringen ODDSET Wetten \u2705 Quoten \u2705 Tipps \u2705 H2H \u2705 Vorschau \u2705 JETZT wetten \u27a4\" \/>\n<meta name=\"robots\" content=\"index, follow, max-snippet:-1, max-image-preview:large, max-video-preview:-1\" \/>\n<link rel=\"canonical\" href=\"https:\/\/www.oddset.de\/blog\/wintersport\/skispringen\/vierschanzentournee-fliegt-freitag-allen-davon\/\" \/>\n<meta property=\"og:locale\" content=\"de_DE\" \/>\n<meta property=\"og:type\" content=\"article\" \/>\n<meta property=\"og:title\" content=\"Vierschanzentournee: Fliegt Freitag allen davon? - ODDSET\" \/>\n<meta property=\"og:description\" content=\"\u2730 [Heimteam] - \u2730 [Ausw\u00e4rtsteam] (1,5 | 3,1 | 2,5) Skispringen ODDSET Wetten \u2705 Quoten \u2705 Tipps \u2705 H2H \u2705 Vorschau \u2705 JETZT wetten \u27a4\" \/>\n<meta property=\"og:url\" content=\"https:\/\/www.oddset.de\/blog\/wintersport\/skispringen\/vierschanzentournee-fliegt-freitag-allen-davon\/\" \/>\n<meta property=\"og:site_name\" content=\"ODDSET FANZONE\" \/>\n<meta property=\"article:publisher\" content=\"https:\/\/www.facebook.com\/ODDSETwetten\/\" \/>\n<meta property=\"article:author\" content=\"https:\/\/www.facebook.com\/ODDSETwetten\/\" \/>\n<meta property=\"article:published_time\" content=\"2017-12-28T08:37:12+00:00\" \/>\n<meta property=\"article:modified_time\" content=\"2018-01-04T15:54:36+00:00\" \/>\n<meta property=\"og:image\" content=\"https:\/\/www.oddset.de\/blog\/wp-content\/uploads\/2017\/12\/richardfreitag.jpg\" \/>\n\t<meta property=\"og:image:width\" content=\"1024\" \/>\n\t<meta property=\"og:image:height\" content=\"640\" \/>\n\t<meta property=\"og:image:type\" content=\"image\/jpeg\" \/>\n<meta name=\"author\" content=\"ODDSET Toni\" \/>\n<meta name=\"twitter:card\" content=\"summary_large_image\" \/>\n<meta name=\"twitter:creator\" content=\"@ODDSETsport\" \/>\n<meta name=\"twitter:site\" content=\"@ODDSETsport\" \/>\n<meta name=\"twitter:label1\" content=\"Verfasst von\" \/>\n\t<meta name=\"twitter:data1\" content=\"ODDSET Toni\" \/>\n\t<meta name=\"twitter:label2\" content=\"Gesch\u00e4tzte Lesezeit\" \/>\n\t<meta name=\"twitter:data2\" content=\"2\u00a0Minuten\" \/>\n<!-- \/ Yoast SEO plugin. -->","yoast_head_json":{"title":"Vierschanzentournee: Fliegt Freitag allen davon? - ODDSET","description":"\u2730 [Heimteam] - \u2730 [Ausw\u00e4rtsteam] (1,5 | 3,1 | 2,5) Skispringen ODDSET Wetten \u2705 Quoten \u2705 Tipps \u2705 H2H \u2705 Vorschau \u2705 JETZT wetten \u27a4","robots":{"index":"index","follow":"follow","max-snippet":"max-snippet:-1","max-image-preview":"max-image-preview:large","max-video-preview":"max-video-preview:-1"},"canonical":"https:\/\/www.oddset.de\/blog\/wintersport\/skispringen\/vierschanzentournee-fliegt-freitag-allen-davon\/","og_locale":"de_DE","og_type":"article","og_title":"Vierschanzentournee: Fliegt Freitag allen davon? - ODDSET","og_description":"\u2730 [Heimteam] - \u2730 [Ausw\u00e4rtsteam] (1,5 | 3,1 | 2,5) Skispringen ODDSET Wetten \u2705 Quoten \u2705 Tipps \u2705 H2H \u2705 Vorschau \u2705 JETZT wetten \u27a4","og_url":"https:\/\/www.oddset.de\/blog\/wintersport\/skispringen\/vierschanzentournee-fliegt-freitag-allen-davon\/","og_site_name":"ODDSET FANZONE","article_publisher":"https:\/\/www.facebook.com\/ODDSETwetten\/","article_author":"https:\/\/www.facebook.com\/ODDSETwetten\/","article_published_time":"2017-12-28T08:37:12+00:00","article_modified_time":"2018-01-04T15:54:36+00:00","og_image":[{"width":1024,"height":640,"url":"https:\/\/www.oddset.de\/blog\/wp-content\/uploads\/2017\/12\/richardfreitag.jpg","type":"image\/jpeg"}],"author":"ODDSET Toni","twitter_card":"summary_large_image","twitter_creator":"@ODDSETsport","twitter_site":"@ODDSETsport","twitter_misc":{"Verfasst von":"ODDSET Toni","Gesch\u00e4tzte Lesezeit":"2\u00a0Minuten"},"schema":{"@context":"https:\/\/schema.org","@graph":[{"@type":"Article","@id":"https:\/\/www.oddset.de\/blog\/wintersport\/skispringen\/vierschanzentournee-fliegt-freitag-allen-davon\/#article","isPartOf":{"@id":"https:\/\/www.oddset.de\/blog\/wintersport\/skispringen\/vierschanzentournee-fliegt-freitag-allen-davon\/"},"author":{"name":"ODDSET Toni","@id":"https:\/\/www.oddset.de\/blog\/#\/schema\/person\/1ed279ebc2b2730994c2a1ab545b86b4"},"headline":"Vierschanzentournee: Fliegt Freitag allen davon?","datePublished":"2017-12-28T08:37:12+00:00","dateModified":"2018-01-04T15:54:36+00:00","mainEntityOfPage":{"@id":"https:\/\/www.oddset.de\/blog\/wintersport\/skispringen\/vierschanzentournee-fliegt-freitag-allen-davon\/"},"wordCount":347,"publisher":{"@id":"https:\/\/www.oddset.de\/blog\/#organization"},"image":{"@id":"https:\/\/www.oddset.de\/blog\/wintersport\/skispringen\/vierschanzentournee-fliegt-freitag-allen-davon\/#primaryimage"},"thumbnailUrl":"https:\/\/www.oddset.de\/blog\/wp-content\/uploads\/2017\/12\/richardfreitag.jpg","keywords":["Bischofshofen","Garmisch","Innsbruck","Kraft","Oberstdorf","Richard Freitag","Skispringen","Stoch","Vierschanzentournee","Wellinger"],"articleSection":["Skispringen","Wintersport"],"inLanguage":"de"},{"@type":"WebPage","@id":"https:\/\/www.oddset.de\/blog\/wintersport\/skispringen\/vierschanzentournee-fliegt-freitag-allen-davon\/","url":"https:\/\/www.oddset.de\/blog\/wintersport\/skispringen\/vierschanzentournee-fliegt-freitag-allen-davon\/","name":"Vierschanzentournee: Fliegt Freitag allen davon? - ODDSET","isPartOf":{"@id":"https:\/\/www.oddset.de\/blog\/#website"},"primaryImageOfPage":{"@id":"https:\/\/www.oddset.de\/blog\/wintersport\/skispringen\/vierschanzentournee-fliegt-freitag-allen-davon\/#primaryimage"},"image":{"@id":"https:\/\/www.oddset.de\/blog\/wintersport\/skispringen\/vierschanzentournee-fliegt-freitag-allen-davon\/#primaryimage"},"thumbnailUrl":"https:\/\/www.oddset.de\/blog\/wp-content\/uploads\/2017\/12\/richardfreitag.jpg","datePublished":"2017-12-28T08:37:12+00:00","dateModified":"2018-01-04T15:54:36+00:00","description":"\u2730 [Heimteam] - \u2730 [Ausw\u00e4rtsteam] (1,5 | 3,1 | 2,5) Skispringen ODDSET Wetten \u2705 Quoten \u2705 Tipps \u2705 H2H \u2705 Vorschau \u2705 JETZT wetten \u27a4","breadcrumb":{"@id":"https:\/\/www.oddset.de\/blog\/wintersport\/skispringen\/vierschanzentournee-fliegt-freitag-allen-davon\/#breadcrumb"},"inLanguage":"de","potentialAction":[{"@type":"ReadAction","target":["https:\/\/www.oddset.de\/blog\/wintersport\/skispringen\/vierschanzentournee-fliegt-freitag-allen-davon\/"]}]},{"@type":"ImageObject","inLanguage":"de","@id":"https:\/\/www.oddset.de\/blog\/wintersport\/skispringen\/vierschanzentournee-fliegt-freitag-allen-davon\/#primaryimage","url":"https:\/\/www.oddset.de\/blog\/wp-content\/uploads\/2017\/12\/richardfreitag.jpg","contentUrl":"https:\/\/www.oddset.de\/blog\/wp-content\/uploads\/2017\/12\/richardfreitag.jpg","width":1024,"height":640,"caption":"Titlis Schanze, Engelberg, SUI, FIS Weltcup Skisprung am 17.12.17: Richard Freitag (GER)"},{"@type":"BreadcrumbList","@id":"https:\/\/www.oddset.de\/blog\/wintersport\/skispringen\/vierschanzentournee-fliegt-freitag-allen-davon\/#breadcrumb","itemListElement":[{"@type":"ListItem","position":1,"name":"Startseite","item":"https:\/\/www.oddset.de\/blog\/"},{"@type":"ListItem","position":2,"name":"Vierschanzentournee: Fliegt Freitag allen davon?"}]},{"@type":"WebSite","@id":"https:\/\/www.oddset.de\/blog\/#website","url":"https:\/\/www.oddset.de\/blog\/","name":"ODDSET FANZONE","description":"Der Fu\u00dfball &amp; Sportwetten Blog","publisher":{"@id":"https:\/\/www.oddset.de\/blog\/#organization"},"potentialAction":[{"@type":"SearchAction","target":{"@type":"EntryPoint","urlTemplate":"https:\/\/www.oddset.de\/blog\/?s={search_term_string}"},"query-input":{"@type":"PropertyValueSpecification","valueRequired":true,"valueName":"search_term_string"}}],"inLanguage":"de"},{"@type":"Organization","@id":"https:\/\/www.oddset.de\/blog\/#organization","name":"ODDSET FANZONE","url":"https:\/\/www.oddset.de\/blog\/","logo":{"@type":"ImageObject","inLanguage":"de","@id":"https:\/\/www.oddset.de\/blog\/#\/schema\/logo\/image\/","url":"https:\/\/www.oddset.de\/blog\/wp-content\/uploads\/2020\/05\/tb_logo.png","contentUrl":"https:\/\/www.oddset.de\/blog\/wp-content\/uploads\/2020\/05\/tb_logo.png","width":1171,"height":400,"caption":"ODDSET FANZONE"},"image":{"@id":"https:\/\/www.oddset.de\/blog\/#\/schema\/logo\/image\/"},"sameAs":["https:\/\/www.facebook.com\/ODDSETwetten\/","https:\/\/x.com\/ODDSETsport","https:\/\/www.youtube.com\/channel\/UC_vWGAocu28RqdyhzCPf9ZQ"]},{"@type":"Person","@id":"https:\/\/www.oddset.de\/blog\/#\/schema\/person\/1ed279ebc2b2730994c2a1ab545b86b4","name":"ODDSET Toni","image":{"@type":"ImageObject","inLanguage":"de","@id":"https:\/\/www.oddset.de\/blog\/#\/schema\/person\/image\/","url":"https:\/\/secure.gravatar.com\/avatar\/ec90f36188cf555290343bad6bcfc8855c515ed08d4a481bc6ddad98c9615f74?s=96&d=mm&r=g","contentUrl":"https:\/\/secure.gravatar.com\/avatar\/ec90f36188cf555290343bad6bcfc8855c515ed08d4a481bc6ddad98c9615f74?s=96&d=mm&r=g","caption":"ODDSET Toni"},"description":"ODDSET ist seit 1999 der kompetente und vertrauensw\u00fcrdige Anbieter von Sportwetten in Deutschland. Dank der jahrelangen Erfahrung bietet ODDSET ein verantwortungsvolles und seri\u00f6ses Wettangebot. ODDSET z\u00e4hlt zu den gr\u00f6\u00dften staatlichen Wettanbietern Europas und fungiert als Partner des Sports. ODDSET \u2013 Sportwetten aus Tradition.","sameAs":["https:\/\/www.facebook.com\/ODDSETwetten\/","https:\/\/x.com\/ODDSETsport"],"url":"https:\/\/www.oddset.de\/blog\/blogger\/oddset-toni\/"}]}},"amp_enabled":true,"_links":{"self":[{"href":"https:\/\/www.oddset.de\/blog\/wp-json\/wp\/v2\/posts\/10053","targetHints":{"allow":["GET"]}}],"collection":[{"href":"https:\/\/www.oddset.de\/blog\/wp-json\/wp\/v2\/posts"}],"about":[{"href":"https:\/\/www.oddset.de\/blog\/wp-json\/wp\/v2\/types\/post"}],"author":[{"embeddable":true,"href":"https:\/\/www.oddset.de\/blog\/wp-json\/wp\/v2\/users\/3"}],"replies":[{"embeddable":true,"href":"https:\/\/www.oddset.de\/blog\/wp-json\/wp\/v2\/comments?post=10053"}],"version-history":[{"count":15,"href":"https:\/\/www.oddset.de\/blog\/wp-json\/wp\/v2\/posts\/10053\/revisions"}],"predecessor-version":[{"id":10070,"href":"https:\/\/www.oddset.de\/blog\/wp-json\/wp\/v2\/posts\/10053\/revisions\/10070"}],"wp:featuredmedia":[{"embeddable":true,"href":"https:\/\/www.oddset.de\/blog\/wp-json\/wp\/v2\/media\/10158"}],"wp:attachment":[{"href":"https:\/\/www.oddset.de\/blog\/wp-json\/wp\/v2\/media?parent=10053"}],"wp:term":[{"taxonomy":"category","embeddable":true,"href":"https:\/\/www.oddset.de\/blog\/wp-json\/wp\/v2\/categories?post=10053"},{"taxonomy":"post_tag","embeddable":true,"href":"https:\/\/www.oddset.de\/blog\/wp-json\/wp\/v2\/tags?post=10053"}],"curies":[{"name":"wp","href":"https:\/\/api.w.org\/{rel}","templated":true}]}}