{"id":100347,"date":"2025-08-14T15:07:31","date_gmt":"2025-08-14T13:07:31","guid":{"rendered":"https:\/\/fanzone.oddset.de\/?p=100347"},"modified":"2025-08-14T15:13:39","modified_gmt":"2025-08-14T13:13:39","slug":"bielefeld-bremen-wiedersehen-auf-der-alm","status":"publish","type":"post","link":"https:\/\/www.oddset.de\/blog\/fussball\/dfb-pokal\/bielefeld-bremen-wiedersehen-auf-der-alm\/","title":{"rendered":"Bielefeld \u2013 Bremen: Wiedersehen auf der Alm"},"content":{"rendered":"\t\t<div data-elementor-type=\"wp-post\" data-elementor-id=\"100347\" class=\"elementor elementor-100347\">\n\t\t\t\t\t\t<section class=\"elementor-section elementor-top-section elementor-element elementor-element-4c698bc elementor-section-boxed elementor-section-height-default elementor-section-height-default\" data-id=\"4c698bc\" data-element_type=\"section\">\n\t\t\t\t\t\t<div class=\"elementor-container elementor-column-gap-default\">\n\t\t\t\t\t<div class=\"elementor-column elementor-col-100 elementor-top-column elementor-element elementor-element-0c42248\" data-id=\"0c42248\" data-element_type=\"column\">\n\t\t\t<div class=\"elementor-widget-wrap elementor-element-populated\">\n\t\t\t\t\t\t<div class=\"elementor-element elementor-element-b47447b elementor-widget elementor-widget-text-editor\" data-id=\"b47447b\" data-element_type=\"widget\" data-widget_type=\"text-editor.default\">\n\t\t\t\t<div class=\"elementor-widget-container\">\n\t\t\t\t\t\t\t\t\t<p>Endlich wieder Pokal, wenn die Kleinen auch mal die Gro\u00dfen \u00e4rgern k\u00f6nnen. In Bielefeld kennt man sich damit recht gut aus. Al Drittligist st\u00fcrmte die Arminia in der vergangenen Saison bis ins Finale, unterlag dort jedoch knapp dem VfB Stuttgart. Auf dem Weg nach Berlin schalteten die Arminen unter anderem Union Berlin, den SC Freiburg, Bayer Leverkusen und Werder Bremen aus. Mit den Gr\u00fcn-Wei\u00dfen von der Weser bekommt man es jetzt erneut zu tun. Gibt\u2019s die n\u00e4chste Bielefelder Gala, oder endet der Weg diesmal schon zum Auftakt? Ansto\u00df ist am Freitagabend um <strong>20:45 Uhr<\/strong> in der Sch\u00fcco-Arena.<\/p>\t\t\t\t\t\t\t\t<\/div>\n\t\t\t\t<\/div>\n\t\t\t\t\t<\/div>\n\t\t<\/div>\n\t\t\t\t\t<\/div>\n\t\t<\/section>\n\t\t\t\t<section class=\"elementor-section elementor-top-section elementor-element elementor-element-1c4824e9 elementor-section-boxed elementor-section-height-default elementor-section-height-default\" data-id=\"1c4824e9\" data-element_type=\"section\">\n\t\t\t\t\t\t<div class=\"elementor-container elementor-column-gap-default\">\n\t\t\t\t\t<div class=\"elementor-column elementor-col-100 elementor-top-column elementor-element elementor-element-3f9ddd2c\" data-id=\"3f9ddd2c\" data-element_type=\"column\">\n\t\t\t<div class=\"elementor-widget-wrap elementor-element-populated\">\n\t\t\t\t\t\t<div class=\"elementor-element elementor-element-42ce2cc3 elementor-position-left elementor-view-default elementor-mobile-position-top elementor-widget elementor-widget-icon-box\" data-id=\"42ce2cc3\" data-element_type=\"widget\" data-widget_type=\"icon-box.default\">\n\t\t\t\t<div class=\"elementor-widget-container\">\n\t\t\t\t\t\t\t<div class=\"elementor-icon-box-wrapper\">\n\n\t\t\t\t\t\t<div class=\"elementor-icon-box-icon\">\n\t\t\t\t<span  class=\"elementor-icon\">\n\t\t\t\t<i aria-hidden=\"true\" class=\"fas fa-tv\"><\/i>\t\t\t\t<\/span>\n\t\t\t<\/div>\n\t\t\t\n\t\t\t\t\t\t<div class=\"elementor-icon-box-content\">\n\n\t\t\t\t\t\t\t\t\t<h3 class=\"elementor-icon-box-title\">\n\t\t\t\t\t\t<span  >\n\t\t\t\t\t\t\tBielefeld \u2013 Bremen im TV oder Livestream\t\t\t\t\t\t<\/span>\n\t\t\t\t\t<\/h3>\n\t\t\t\t\n\t\t\t\t\t\t\t\t\t<p class=\"elementor-icon-box-description\">\n\t\t\t\t\t\tZu sehen gibt es das Spiel live ab 20:45 Uhr im <b>ZDF<\/b> und bei <b>Sky<\/b>.\t\t\t\t\t<\/p>\n\t\t\t\t\n\t\t\t<\/div>\n\t\t\t\n\t\t<\/div>\n\t\t\t\t\t\t<\/div>\n\t\t\t\t<\/div>\n\t\t\t\t\t<\/div>\n\t\t<\/div>\n\t\t\t\t\t<\/div>\n\t\t<\/section>\n\t\t\t\t<section class=\"elementor-section elementor-top-section elementor-element elementor-element-408e9b7 elementor-section-boxed elementor-section-height-default elementor-section-height-default\" data-id=\"408e9b7\" data-element_type=\"section\">\n\t\t\t\t\t\t<div class=\"elementor-container elementor-column-gap-default\">\n\t\t\t\t\t<div class=\"elementor-column elementor-col-100 elementor-top-column elementor-element elementor-element-657f740\" data-id=\"657f740\" data-element_type=\"column\">\n\t\t\t<div class=\"elementor-widget-wrap elementor-element-populated\">\n\t\t\t\t\t\t<div class=\"elementor-element elementor-element-8120a9e elementor-widget elementor-widget-text-editor\" data-id=\"8120a9e\" data-element_type=\"widget\" data-widget_type=\"text-editor.default\">\n\t\t\t\t<div class=\"elementor-widget-container\">\n\t\t\t\t\t\t\t\t\t<h2>Bielefeld mit starker Serie <\/h2><p>Die Bielefelder sind so etwas wie das Team der Stunde im deutschen Fu\u00dfball. Nach dem beispiellosen Absturz aus der Bundesliga bis in die 3. Liga sah es zwischenzeitlich gar nicht gut aus f\u00fcr die Ostwestfalen. Nach 29 Spieltagen der Vorsaison lag man auf dem f\u00fcnften Platz und hatte mit dem Aufstieg kaum mehr was zu tun. Anschlie\u00dfend gab man aber nur noch vier Punkte ab und schnappte sich sogar noch die Meisterschaft. Den Schwung konnte man mit in die 2. Bundesliga nehmen, wo man mit sechs Punkten und 7:1 Toren nach zwei Spieltagen erneut ganz nach oben klettern konnte. Bielefeld hat somit seit Anfang M\u00e4rz nur noch ein Pflichtspiel verloren. Das war das Pokalfinale im Vorjahr mit 2:4 gegen den VfB. Die Euphorie und das Selbstvertrauen bei den Gastgebern sind riesig. So gro\u00df, dass man gegen Bremen von manchem Experten sogar als Favorit gesehen wird.<\/p><p>Wenn man wie im Vorjahr gleich vier Bundesligisten ausschalten konnte, kommt das nicht sonderlich \u00fcberraschend. Im Gegensatz zu den Bremern befindet man sich auch schon wieder mitten im Spielbetrieb, was jetzt nicht unbedingt als Nachteil gelten muss. Unter Trainer Mitch Kniat spielen die Bielefelder in der Offensive richtig stark. Das zeigen die sieben Tore aus den ersten beiden Ligaspielen. Genau daran k\u00f6nnte aber auch die Gefahr liegen. Will man jetzt gegen die Bremer zu viel, k\u00f6nnte man im eigenen Stadion durchaus in Konter laufen. Schlie\u00dflich steht auf der anderen Seite immer noch ein Bundesligist auf dem Feld. Zu viel Euphorie k\u00f6nnte daher durchaus ins Auge gehen.<\/p>\t\t\t\t\t\t\t\t<\/div>\n\t\t\t\t<\/div>\n\t\t\t\t\t<\/div>\n\t\t<\/div>\n\t\t\t\t\t<\/div>\n\t\t<\/section>\n\t\t\t\t<section class=\"elementor-section elementor-top-section elementor-element elementor-element-b2f3186 elementor-section-boxed elementor-section-height-default elementor-section-height-default\" data-id=\"b2f3186\" data-element_type=\"section\">\n\t\t\t\t\t\t<div class=\"elementor-container elementor-column-gap-default\">\n\t\t\t\t\t<div class=\"elementor-column elementor-col-100 elementor-top-column elementor-element elementor-element-67e26e8\" data-id=\"67e26e8\" data-element_type=\"column\">\n\t\t\t<div class=\"elementor-widget-wrap elementor-element-populated\">\n\t\t\t\t\t\t<div class=\"elementor-element elementor-element-9e12c14 elementor-widget elementor-widget-text-editor\" data-id=\"9e12c14\" data-element_type=\"widget\" data-widget_type=\"text-editor.default\">\n\t\t\t\t<div class=\"elementor-widget-container\">\n\t\t\t\t\t\t\t\t\t<h2>Fakten zum Spiel<\/h2><ul><li>Bielefeld hat nur 1 der letzten 15 Pflichtspiele verloren (12S, 2U).<\/li><li>Bielefeld hat beide bisherigen Pokal-Duelle gegen den SV Werder gewonnen.<\/li><li>Bielefeld feierte 11 der 12 Siege gegen den SV Werder im eigenen Stadion (3U, 7N).<\/li><li>Werder liegt in der Gesamtbilanz mit 22 Siegen, 5 Unentschieden und 12 Niederlagen vorne.<\/li><li>Werder hat keines der letzten 5 Vorbereitungsspiele gewonnen und nur 1 Tor erzielt (1U, 4N).<\/li><\/ul>\t\t\t\t\t\t\t\t<\/div>\n\t\t\t\t<\/div>\n\t\t\t\t\t<\/div>\n\t\t<\/div>\n\t\t\t\t\t<\/div>\n\t\t<\/section>\n\t\t\t\t<section class=\"elementor-section elementor-top-section elementor-element elementor-element-6b647ec elementor-section-boxed elementor-section-height-default elementor-section-height-default\" data-id=\"6b647ec\" data-element_type=\"section\">\n\t\t\t\t\t\t<div class=\"elementor-container elementor-column-gap-default\">\n\t\t\t\t\t<div class=\"elementor-column elementor-col-100 elementor-top-column elementor-element elementor-element-9004d6d\" data-id=\"9004d6d\" data-element_type=\"column\">\n\t\t\t<div class=\"elementor-widget-wrap elementor-element-populated\">\n\t\t\t\t\t\t<div class=\"elementor-element elementor-element-aeeecdd elementor-widget elementor-widget-ucaddon_sportradar2020\" data-id=\"aeeecdd\" data-element_type=\"widget\" data-widget_type=\"ucaddon_sportradar2020.default\">\n\t\t\t\t<div class=\"elementor-widget-container\">\n\t\t\t\t\t\n\n\n<div class=\"widgets\">\n\t<div class=\"sr-widget sr-widget-1\" id=\"sr-widget-61232375\" data-sr-widget=\"headToHead.standalone\" data-sr-match-id=\"61232375\"><\/div>\n<\/div>\n\t\t\t\t<\/div>\n\t\t\t\t<\/div>\n\t\t\t\t\t<\/div>\n\t\t<\/div>\n\t\t\t\t\t<\/div>\n\t\t<\/section>\n\t\t\t\t<section class=\"elementor-section elementor-top-section elementor-element elementor-element-6151494 elementor-section-boxed elementor-section-height-default elementor-section-height-default\" data-id=\"6151494\" data-element_type=\"section\">\n\t\t\t\t\t\t<div class=\"elementor-container elementor-column-gap-default\">\n\t\t\t\t\t<div class=\"elementor-column elementor-col-100 elementor-top-column elementor-element elementor-element-832f471\" data-id=\"832f471\" data-element_type=\"column\">\n\t\t\t<div class=\"elementor-widget-wrap elementor-element-populated\">\n\t\t\t\t\t\t<div class=\"elementor-element elementor-element-58da91d elementor-widget elementor-widget-text-editor\" data-id=\"58da91d\" data-element_type=\"widget\" data-widget_type=\"text-editor.default\">\n\t\t\t\t<div class=\"elementor-widget-container\">\n\t\t\t\t\t\t\t\t\t<h2>Werder auf der Suche nach der Form <\/h2><p>Beim SV Werder ist die Stimmung weniger ausgelassen wie beim Gegner. Erfolgstrainer Ole Werner hat den Klub verlassen und in der Vorbereitung stolpert man von einer Niederlage zur n\u00e4chsten. Die St\u00fcrmersuche l\u00e4uft nach dem Abgang von Marvin Duksch schleppend und personell schmerzen die Verletzungen von Mitchell Weiser, Jens Stage und Amos Pieper. Vor allem Letzterer w\u00e4re gegen seinen Ex-Klub sicher gerne dabei gewesen.<\/p><p>Aber zur\u00fcck zum Sportlichen: Werder hat je zwei Vorbereitungsspiele gegen Udinese und Hoffenheim absolviert, alle vier verloren und gegen den FC Parma lediglich ein 0:0-Unentschieden herausgeholt. Das ist schon recht mager. Vor allem in der Offensive. In s\u00e4mtlichen Spielen gelang den Bremern nur ein eigener Treffer. In der Offensive mangelt es an Ideen, hinten ist man immer wieder f\u00fcr ein Gegentor gut. Nat\u00fcrlich m\u00fcssen sich die Spieler erst einmal auf die Ideen und das System von Horst Steffen einstellen. Viel Zeit bleibt jedoch nicht mehr. So ein Sieg auf der Alm w\u00e4re vor dem Start in die Bundesliga nat\u00fcrlich Gold wert. Und es w\u00e4re sogleich eine Premiere. In zwei Pokal-Gastspielen mussten sich die Bremer zweimal in Bielefeld geschlagen geben. Da ist also noch eine Rechnung zu begleichen.<\/p>\t\t\t\t\t\t\t\t<\/div>\n\t\t\t\t<\/div>\n\t\t\t\t\t<\/div>\n\t\t<\/div>\n\t\t\t\t\t<\/div>\n\t\t<\/section>\n\t\t\t\t<section class=\"elementor-section elementor-top-section elementor-element elementor-element-2e7a4e7a elementor-section-boxed elementor-section-height-default elementor-section-height-default\" data-id=\"2e7a4e7a\" data-element_type=\"section\">\n\t\t\t\t\t\t<div class=\"elementor-container elementor-column-gap-default\">\n\t\t\t\t\t<div class=\"elementor-column elementor-col-100 elementor-top-column elementor-element elementor-element-2e18018a\" data-id=\"2e18018a\" data-element_type=\"column\">\n\t\t\t<div class=\"elementor-widget-wrap elementor-element-populated\">\n\t\t\t\t\t\t<div class=\"elementor-element elementor-element-4212c5aa elementor-widget elementor-widget-heading\" data-id=\"4212c5aa\" data-element_type=\"widget\" data-widget_type=\"heading.default\">\n\t\t\t\t<div class=\"elementor-widget-container\">\n\t\t\t\t\t<h2 class=\"elementor-heading-title elementor-size-default\">Voraussichtliche Aufstellungen<\/h2>\t\t\t\t<\/div>\n\t\t\t\t<\/div>\n\t\t\t\t<section class=\"elementor-section elementor-inner-section elementor-element elementor-element-604742b elementor-section-boxed elementor-section-height-default elementor-section-height-default\" data-id=\"604742b\" data-element_type=\"section\">\n\t\t\t\t\t\t<div class=\"elementor-container elementor-column-gap-default\">\n\t\t\t\t\t<div class=\"elementor-column elementor-col-50 elementor-inner-column elementor-element elementor-element-55d5810b\" data-id=\"55d5810b\" data-element_type=\"column\">\n\t\t\t<div class=\"elementor-widget-wrap elementor-element-populated\">\n\t\t\t\t\t\t<div class=\"elementor-element elementor-element-6461b097 elementor-widget__width-initial elementor-widget elementor-widget-text-editor\" data-id=\"6461b097\" data-element_type=\"widget\" data-widget_type=\"text-editor.default\">\n\t\t\t\t<div class=\"elementor-widget-container\">\n\t\t\t\t\t\t\t\t\t<h3 style=\"text-align: center;\">Bielefeld<\/h3><p style=\"text-align: center;\">Kersken<\/p><p style=\"text-align: center;\">Lannert, Schneider, Gro\u00dfer, Handwerker<br \/>Russo<br \/>Mehlem, Corboz, Schreck<br \/>Sarenren Bazee, Grodowski<\/p>\t\t\t\t\t\t\t\t<\/div>\n\t\t\t\t<\/div>\n\t\t\t\t\t<\/div>\n\t\t<\/div>\n\t\t\t\t<div class=\"elementor-column elementor-col-50 elementor-inner-column elementor-element elementor-element-26d9fbcf\" data-id=\"26d9fbcf\" data-element_type=\"column\">\n\t\t\t<div class=\"elementor-widget-wrap elementor-element-populated\">\n\t\t\t\t\t\t<div class=\"elementor-element elementor-element-56f46bcf elementor-widget elementor-widget-text-editor\" data-id=\"56f46bcf\" data-element_type=\"widget\" data-widget_type=\"text-editor.default\">\n\t\t\t\t<div class=\"elementor-widget-container\">\n\t\t\t\t\t\t\t\t\t<h3 style=\"text-align: center;\"><strong>Werder<\/strong><\/h3><p style=\"text-align: center;\">Zetterer<br \/>Agu, Stark, Friedl, W\u00f6ber<br \/>Bittencourt, Lynen<br \/>Gr\u00fcll, Schmid, Mbangula<br \/>Njinmah<\/p>\t\t\t\t\t\t\t\t<\/div>\n\t\t\t\t<\/div>\n\t\t\t\t\t<\/div>\n\t\t<\/div>\n\t\t\t\t\t<\/div>\n\t\t<\/section>\n\t\t\t\t\t<\/div>\n\t\t<\/div>\n\t\t\t\t\t<\/div>\n\t\t<\/section>\n\t\t\t\t<section class=\"elementor-section elementor-top-section elementor-element elementor-element-2fecab89 elementor-section-boxed elementor-section-height-default elementor-section-height-default\" data-id=\"2fecab89\" data-element_type=\"section\">\n\t\t\t\t\t\t<div class=\"elementor-container elementor-column-gap-default\">\n\t\t\t\t\t<div class=\"elementor-column elementor-col-100 elementor-top-column elementor-element elementor-element-238225c6\" data-id=\"238225c6\" data-element_type=\"column\">\n\t\t\t<div class=\"elementor-widget-wrap elementor-element-populated\">\n\t\t\t\t\t\t<div class=\"elementor-element elementor-element-4313becf elementor-widget elementor-widget-text-editor\" data-id=\"4313becf\" data-element_type=\"widget\" data-widget_type=\"text-editor.default\">\n\t\t\t\t<div class=\"elementor-widget-container\">\n\t\t\t\t\t\t\t\t\t<h2 style=\"text-align: center;\">Mein Tipp<\/h2>\t\t\t\t\t\t\t\t<\/div>\n\t\t\t\t<\/div>\n\t\t\t\t<div class=\"elementor-element elementor-element-2f7e5e57 elementor-widget elementor-widget-testimonial\" data-id=\"2f7e5e57\" data-element_type=\"widget\" data-widget_type=\"testimonial.default\">\n\t\t\t\t<div class=\"elementor-widget-container\">\n\t\t\t\t\t\t\t<div class=\"elementor-testimonial-wrapper\">\n\t\t\t\t\t\t\t<div class=\"elementor-testimonial-content\"><p><b><a href=\"https:\/\/www.oddset.dehttps\/www.oddset.de\/de\/sports?options=2:7631023-183521188-652390092-2111482920&amp;type=SINGLE&amp;stake=10\" rel=\"nofollow\">Bielefeld gewinnt und mehr als 1,5 Tore im Spiel<\/a><\/b><\/p>Die Arminia schwimmt weiter auf der Erfolgswelle, Bremen sucht nach seiner Form. Trotz Klassenunterschied wird sich Bielefeld durchsetzen und wie schon im Vorjahr (2:1) wird es wieder mehr als 1,5 Tore im Spiel geben. Der PRICE BOOST PLUS sticht!<br>\n<p><b>Unentschieden bei 0:1-Handicap<\/b> <\/p>Die Arminia wird das Ding nach Hause bringen. Allerdings wird\u2019s knapp. Richtig knapp sogar, so dass die Partie mit nur einem Tor Differenz enden k\u00f6nnte. Daher ein Unentschieden bei einem 0:1-Handicap aus Sicht der Gastgeber.<\/div>\n\t\t\t\n\t\t\t\t\t\t<div class=\"elementor-testimonial-meta\">\n\t\t\t\t<div class=\"elementor-testimonial-meta-inner\">\n\t\t\t\t\t\n\t\t\t\t\t\t\t\t\t\t<div class=\"elementor-testimonial-details\">\n\t\t\t\t\t\t\t\t\t\t\t\t\t\t<a class=\"elementor-testimonial-name\" href=\"https:\/\/oddset.de\/blog\/blogger\/christian-zander\/\">Christian Zander<\/a>\n\t\t\t\t\t\t\t\t\t\t\t\t\t\t\t\t\t\t\t<\/div>\n\t\t\t\t\t\t\t\t\t<\/div>\n\t\t\t<\/div>\n\t\t\t\t\t<\/div>\n\t\t\t\t\t\t<\/div>\n\t\t\t\t<\/div>\n\t\t\t\t\t<\/div>\n\t\t<\/div>\n\t\t\t\t\t<\/div>\n\t\t<\/section>\n\t\t\t\t<\/div>\n\t\t","protected":false},"excerpt":{"rendered":"<p>Endlich wieder Pokal, wenn die Kleinen auch mal die Gro\u00dfen \u00e4rgern k\u00f6nnen. In Bielefeld kennt man sich damit recht gut aus. Al Drittligist st\u00fcrmte die Arminia in der vergangenen Saison bis ins Finale, unterlag dort jedoch knapp dem VfB Stuttgart. Auf dem Weg nach Berlin schalteten die Arminen unter anderem Union Berlin, den SC Freiburg, [&hellip;]<\/p>\n","protected":false},"author":5,"featured_media":56296,"comment_status":"closed","ping_status":"closed","sticky":false,"template":"","format":"standard","meta":{"_acf_changed":false,"footnotes":""},"categories":[4],"tags":[419,217,711],"class_list":["post-100347","post","type-post","status-publish","format-standard","has-post-thumbnail","hentry","category-dfb-pokal","tag-arminia-bielefeld","tag-dfb-pokal","tag-werder-bremen"],"acf":[],"yoast_head":"<!-- This site is optimized with the Yoast SEO plugin v26.0 - https:\/\/yoast.com\/wordpress\/plugins\/seo\/ -->\n<title>Bielefeld \u2013 Bremen: Wiedersehen auf der Alm - ODDSET<\/title>\n<meta name=\"description\" content=\"\u2730 Arminia Bielefeld - \u2730 Werder Bremen (2,65 | 3,5 | 2,5) DFB-Pokal ODDSET Wetten \u2705 Quoten \u2705 Tipps \u2705 H2H \u2705 Vorschau \u2705 JETZT wetten \u27a4\" \/>\n<meta name=\"robots\" content=\"index, follow, max-snippet:-1, max-image-preview:large, max-video-preview:-1\" \/>\n<link rel=\"canonical\" href=\"https:\/\/www.oddset.de\/blog\/fussball\/dfb-pokal\/bielefeld-bremen-wiedersehen-auf-der-alm\/\" \/>\n<meta property=\"og:locale\" content=\"de_DE\" \/>\n<meta property=\"og:type\" content=\"article\" \/>\n<meta property=\"og:title\" content=\"Bielefeld \u2013 Bremen: Wiedersehen auf der Alm - ODDSET\" \/>\n<meta property=\"og:description\" content=\"\u2730 Arminia Bielefeld - \u2730 Werder Bremen (2,65 | 3,5 | 2,5) DFB-Pokal ODDSET Wetten \u2705 Quoten \u2705 Tipps \u2705 H2H \u2705 Vorschau \u2705 JETZT wetten \u27a4\" \/>\n<meta property=\"og:url\" content=\"https:\/\/www.oddset.de\/blog\/fussball\/dfb-pokal\/bielefeld-bremen-wiedersehen-auf-der-alm\/\" \/>\n<meta property=\"og:site_name\" content=\"ODDSET FANZONE\" \/>\n<meta property=\"article:publisher\" content=\"https:\/\/www.facebook.com\/ODDSETwetten\/\" \/>\n<meta property=\"article:published_time\" content=\"2025-08-14T13:07:31+00:00\" \/>\n<meta property=\"article:modified_time\" content=\"2025-08-14T13:13:39+00:00\" \/>\n<meta property=\"og:image\" content=\"https:\/\/www.oddset.de\/blog\/wp-content\/uploads\/2022\/04\/bielefeld-stuttgart.jpg\" \/>\n\t<meta property=\"og:image:width\" content=\"1024\" \/>\n\t<meta property=\"og:image:height\" content=\"640\" \/>\n\t<meta property=\"og:image:type\" content=\"image\/jpeg\" \/>\n<meta name=\"author\" content=\"Christian Zander\" \/>\n<meta name=\"twitter:card\" content=\"summary_large_image\" \/>\n<meta name=\"twitter:creator\" content=\"@ODDSETsport\" \/>\n<meta name=\"twitter:site\" content=\"@ODDSETsport\" \/>\n<meta name=\"twitter:label1\" content=\"Verfasst von\" \/>\n\t<meta name=\"twitter:data1\" content=\"Christian Zander\" \/>\n\t<meta name=\"twitter:label2\" content=\"Gesch\u00e4tzte Lesezeit\" \/>\n\t<meta name=\"twitter:data2\" content=\"7\u00a0Minuten\" \/>\n<!-- \/ Yoast SEO plugin. -->","yoast_head_json":{"title":"Bielefeld \u2013 Bremen: Wiedersehen auf der Alm - ODDSET","description":"\u2730 Arminia Bielefeld - \u2730 Werder Bremen (2,65 | 3,5 | 2,5) DFB-Pokal ODDSET Wetten \u2705 Quoten \u2705 Tipps \u2705 H2H \u2705 Vorschau \u2705 JETZT wetten \u27a4","robots":{"index":"index","follow":"follow","max-snippet":"max-snippet:-1","max-image-preview":"max-image-preview:large","max-video-preview":"max-video-preview:-1"},"canonical":"https:\/\/www.oddset.de\/blog\/fussball\/dfb-pokal\/bielefeld-bremen-wiedersehen-auf-der-alm\/","og_locale":"de_DE","og_type":"article","og_title":"Bielefeld \u2013 Bremen: Wiedersehen auf der Alm - ODDSET","og_description":"\u2730 Arminia Bielefeld - \u2730 Werder Bremen (2,65 | 3,5 | 2,5) DFB-Pokal ODDSET Wetten \u2705 Quoten \u2705 Tipps \u2705 H2H \u2705 Vorschau \u2705 JETZT wetten \u27a4","og_url":"https:\/\/www.oddset.de\/blog\/fussball\/dfb-pokal\/bielefeld-bremen-wiedersehen-auf-der-alm\/","og_site_name":"ODDSET FANZONE","article_publisher":"https:\/\/www.facebook.com\/ODDSETwetten\/","article_published_time":"2025-08-14T13:07:31+00:00","article_modified_time":"2025-08-14T13:13:39+00:00","og_image":[{"width":1024,"height":640,"url":"https:\/\/www.oddset.de\/blog\/wp-content\/uploads\/2022\/04\/bielefeld-stuttgart.jpg","type":"image\/jpeg"}],"author":"Christian Zander","twitter_card":"summary_large_image","twitter_creator":"@ODDSETsport","twitter_site":"@ODDSETsport","twitter_misc":{"Verfasst von":"Christian Zander","Gesch\u00e4tzte Lesezeit":"7\u00a0Minuten"},"schema":{"@context":"https:\/\/schema.org","@graph":[{"@type":"Article","@id":"https:\/\/www.oddset.de\/blog\/fussball\/dfb-pokal\/bielefeld-bremen-wiedersehen-auf-der-alm\/#article","isPartOf":{"@id":"https:\/\/www.oddset.de\/blog\/fussball\/dfb-pokal\/bielefeld-bremen-wiedersehen-auf-der-alm\/"},"author":{"name":"Christian Zander","@id":"https:\/\/www.oddset.de\/blog\/#\/schema\/person\/b1f779b5cddaac8358041829fcf053a2"},"headline":"Bielefeld \u2013 Bremen: Wiedersehen auf der Alm","datePublished":"2025-08-14T13:07:31+00:00","dateModified":"2025-08-14T13:13:39+00:00","mainEntityOfPage":{"@id":"https:\/\/www.oddset.de\/blog\/fussball\/dfb-pokal\/bielefeld-bremen-wiedersehen-auf-der-alm\/"},"wordCount":790,"publisher":{"@id":"https:\/\/www.oddset.de\/blog\/#organization"},"image":{"@id":"https:\/\/www.oddset.de\/blog\/fussball\/dfb-pokal\/bielefeld-bremen-wiedersehen-auf-der-alm\/#primaryimage"},"thumbnailUrl":"https:\/\/www.oddset.de\/blog\/wp-content\/uploads\/2022\/04\/bielefeld-stuttgart.jpg","keywords":["Arminia Bielefeld","DFB-Pokal","Werder Bremen"],"articleSection":["DFB-Pokal"],"inLanguage":"de"},{"@type":"WebPage","@id":"https:\/\/www.oddset.de\/blog\/fussball\/dfb-pokal\/bielefeld-bremen-wiedersehen-auf-der-alm\/","url":"https:\/\/www.oddset.de\/blog\/fussball\/dfb-pokal\/bielefeld-bremen-wiedersehen-auf-der-alm\/","name":"Bielefeld \u2013 Bremen: Wiedersehen auf der Alm - ODDSET","isPartOf":{"@id":"https:\/\/www.oddset.de\/blog\/#website"},"primaryImageOfPage":{"@id":"https:\/\/www.oddset.de\/blog\/fussball\/dfb-pokal\/bielefeld-bremen-wiedersehen-auf-der-alm\/#primaryimage"},"image":{"@id":"https:\/\/www.oddset.de\/blog\/fussball\/dfb-pokal\/bielefeld-bremen-wiedersehen-auf-der-alm\/#primaryimage"},"thumbnailUrl":"https:\/\/www.oddset.de\/blog\/wp-content\/uploads\/2022\/04\/bielefeld-stuttgart.jpg","datePublished":"2025-08-14T13:07:31+00:00","dateModified":"2025-08-14T13:13:39+00:00","description":"\u2730 Arminia Bielefeld - \u2730 Werder Bremen (2,65 | 3,5 | 2,5) DFB-Pokal ODDSET Wetten \u2705 Quoten \u2705 Tipps \u2705 H2H \u2705 Vorschau \u2705 JETZT wetten \u27a4","breadcrumb":{"@id":"https:\/\/www.oddset.de\/blog\/fussball\/dfb-pokal\/bielefeld-bremen-wiedersehen-auf-der-alm\/#breadcrumb"},"inLanguage":"de","potentialAction":[{"@type":"ReadAction","target":["https:\/\/www.oddset.de\/blog\/fussball\/dfb-pokal\/bielefeld-bremen-wiedersehen-auf-der-alm\/"]}]},{"@type":"ImageObject","inLanguage":"de","@id":"https:\/\/www.oddset.de\/blog\/fussball\/dfb-pokal\/bielefeld-bremen-wiedersehen-auf-der-alm\/#primaryimage","url":"https:\/\/www.oddset.de\/blog\/wp-content\/uploads\/2022\/04\/bielefeld-stuttgart.jpg","contentUrl":"https:\/\/www.oddset.de\/blog\/wp-content\/uploads\/2022\/04\/bielefeld-stuttgart.jpg","width":1024,"height":640,"caption":"Bielefeld ist einer der Aufsteiger in die 2. Liga"},{"@type":"BreadcrumbList","@id":"https:\/\/www.oddset.de\/blog\/fussball\/dfb-pokal\/bielefeld-bremen-wiedersehen-auf-der-alm\/#breadcrumb","itemListElement":[{"@type":"ListItem","position":1,"name":"Startseite","item":"https:\/\/www.oddset.de\/blog\/"},{"@type":"ListItem","position":2,"name":"Bielefeld \u2013 Bremen: Wiedersehen auf der Alm"}]},{"@type":"WebSite","@id":"https:\/\/www.oddset.de\/blog\/#website","url":"https:\/\/www.oddset.de\/blog\/","name":"ODDSET FANZONE","description":"Der Fu\u00dfball &amp; Sportwetten Blog","publisher":{"@id":"https:\/\/www.oddset.de\/blog\/#organization"},"potentialAction":[{"@type":"SearchAction","target":{"@type":"EntryPoint","urlTemplate":"https:\/\/www.oddset.de\/blog\/?s={search_term_string}"},"query-input":{"@type":"PropertyValueSpecification","valueRequired":true,"valueName":"search_term_string"}}],"inLanguage":"de"},{"@type":"Organization","@id":"https:\/\/www.oddset.de\/blog\/#organization","name":"ODDSET FANZONE","url":"https:\/\/www.oddset.de\/blog\/","logo":{"@type":"ImageObject","inLanguage":"de","@id":"https:\/\/www.oddset.de\/blog\/#\/schema\/logo\/image\/","url":"https:\/\/www.oddset.de\/blog\/wp-content\/uploads\/2020\/05\/tb_logo.png","contentUrl":"https:\/\/www.oddset.de\/blog\/wp-content\/uploads\/2020\/05\/tb_logo.png","width":1171,"height":400,"caption":"ODDSET FANZONE"},"image":{"@id":"https:\/\/www.oddset.de\/blog\/#\/schema\/logo\/image\/"},"sameAs":["https:\/\/www.facebook.com\/ODDSETwetten\/","https:\/\/x.com\/ODDSETsport","https:\/\/www.youtube.com\/channel\/UC_vWGAocu28RqdyhzCPf9ZQ"]},{"@type":"Person","@id":"https:\/\/www.oddset.de\/blog\/#\/schema\/person\/b1f779b5cddaac8358041829fcf053a2","name":"Christian Zander","image":{"@type":"ImageObject","inLanguage":"de","@id":"https:\/\/www.oddset.de\/blog\/#\/schema\/person\/image\/","url":"https:\/\/www.oddset.de\/blog\/wp-content\/uploads\/2021\/06\/imago0047482952h-150x150.jpg","contentUrl":"https:\/\/www.oddset.de\/blog\/wp-content\/uploads\/2021\/06\/imago0047482952h-150x150.jpg","caption":"Christian Zander"},"description":"Fr\u00fcher selbst aktiv am Ball, doch vor dem Sprung zu den Profis durch diverse Aktivit\u00e4ten, die sich nicht mit einem Fu\u00dfballlerleben vereinbaren lassen, die Schuhe vorzeitig an den Nagel geh\u00e4ngt. Seitdem begeisterter Fan der Bundesliga und des FC Bayern. Der erste Kontakt mit dem runden Leder geht bei mir auf die WM 1990 in Italien zur\u00fcck. Das Tor von Andy Brehme im Finale gegen Argentinien ist nach wie vor in bester Erinnerung. Ebenso wie der bittere Abstieg unseres WM-Helden mit Kaiserslautern. Gerne in Nostalgie schwelgend und dennoch voll im Tagesgesch\u00e4ft dabei. Alles f\u00fcr den Fu\u00dfball!","url":"https:\/\/www.oddset.de\/blog\/blogger\/christian-zander\/"}]}},"amp_enabled":true,"_links":{"self":[{"href":"https:\/\/www.oddset.de\/blog\/wp-json\/wp\/v2\/posts\/100347","targetHints":{"allow":["GET"]}}],"collection":[{"href":"https:\/\/www.oddset.de\/blog\/wp-json\/wp\/v2\/posts"}],"about":[{"href":"https:\/\/www.oddset.de\/blog\/wp-json\/wp\/v2\/types\/post"}],"author":[{"embeddable":true,"href":"https:\/\/www.oddset.de\/blog\/wp-json\/wp\/v2\/users\/5"}],"replies":[{"embeddable":true,"href":"https:\/\/www.oddset.de\/blog\/wp-json\/wp\/v2\/comments?post=100347"}],"version-history":[{"count":5,"href":"https:\/\/www.oddset.de\/blog\/wp-json\/wp\/v2\/posts\/100347\/revisions"}],"predecessor-version":[{"id":100352,"href":"https:\/\/www.oddset.de\/blog\/wp-json\/wp\/v2\/posts\/100347\/revisions\/100352"}],"wp:featuredmedia":[{"embeddable":true,"href":"https:\/\/www.oddset.de\/blog\/wp-json\/wp\/v2\/media\/56296"}],"wp:attachment":[{"href":"https:\/\/www.oddset.de\/blog\/wp-json\/wp\/v2\/media?parent=100347"}],"wp:term":[{"taxonomy":"category","embeddable":true,"href":"https:\/\/www.oddset.de\/blog\/wp-json\/wp\/v2\/categories?post=100347"},{"taxonomy":"post_tag","embeddable":true,"href":"https:\/\/www.oddset.de\/blog\/wp-json\/wp\/v2\/tags?post=100347"}],"curies":[{"name":"wp","href":"https:\/\/api.w.org\/{rel}","templated":true}]}}